{"id":3779,"date":"2020-01-31T10:33:15","date_gmt":"2020-01-31T08:33:15","guid":{"rendered":"https:\/\/suomenkuvalehti.fi\/vallan-mahotonta\/?p=3779"},"modified":"2020-01-31T11:19:38","modified_gmt":"2020-01-31T09:19:38","slug":"keltaliivit-pitavat-ranskan-pinnalla-mutta-nostaako-vasemmisto-le-penin-presidentiksi","status":"publish","type":"post","link":"https:\/\/suomenkuvalehti.fi\/vallan-mahotonta\/keltaliivit-pitavat-ranskan-pinnalla-mutta-nostaako-vasemmisto-le-penin-presidentiksi\/","title":{"rendered":"Keltaliivit pit\u00e4v\u00e4t Ranskan pinnalla, mutta nostaako vasemmisto Le Penin presidentiksi?"},"content":{"rendered":"\n<p><strong>Pariisi viime tiistaina.<\/strong> Palkankorotuksia vaatineet palomiehet sytyttiv\u00e4t itsens\u00e4 tuleen, johon <a href=\"https:\/\/www.theguardian.com\/world\/2020\/jan\/28\/french-police-clash-with-firefighters-during-paris-protest\" target=\"_blank\" rel=\"noopener\">poliisit vastasivat<\/a> kyynelkaasulla ja pamputuksella. Palomiehet olivat tietenkin maalanneet itsens\u00e4 <strong>Joaquin Phoenixin<\/strong> Jokereiksi.<\/p>\n\n\n\n<p><strong>Emmanuel Macron<\/strong> nousi Ranskan presidentiksi itselleen perustamalla <em>En Marche!<\/em> -liikkeell\u00e4. Saatuaan enemmist\u00f6n my\u00f6s parlamentissa Macron ryhtyi tekem\u00e4\u00e4n liberaaleja talousuudistuksia, <a href=\"https:\/\/www.politico.eu\/article\/france-germany-foreign-relations-emmanuel-macron-angela-merkel-power-imbalance-eu\/\" target=\"_blank\" rel=\"noopener\">joilla h\u00e4n pyrki saamaan<\/a> Saksan siunauksen Eurooppa-suunnitelmilleen.<\/p>\n\n\n\n<p>Saksa ei kuitenkaan korvaansa lotkauttanut. Sen sijaan Macronin politiikka synnytti keltaliivien kapinan.&nbsp;Poliisien vastausta keltaliivien mellakoihin on pidetty v\u00e4kivaltaisimpana sitten toukokuun 1968 opiskelijamellakoiden. Lis\u00e4ksi Macron on joutunut tekem\u00e4\u00e4n keltaliiveille my\u00f6nnytyksi\u00e4.<\/p>\n\n\n\n<p>V\u00e4h\u00e4varaisille suunnatut veronalennukset kasvattivat viime vuonna Ranskan ostovoimaa yli 10 miljardilla. Keltaliivipaketti kasvatti Ranskan alij\u00e4\u00e4mi\u00e4 0,5 prosentilla. Kysynn\u00e4n lis\u00e4ksi Macronin&nbsp;alkukaudesta tekem\u00e4t veroalet ja EKP:n alhaiset korot ovat lis\u00e4nneet <a href=\"https:\/\/www.marketwatch.com\/story\/why-the-french-economy-is-outperforming-germany---but-can-it-last-2019-11-07\" target=\"_blank\" rel=\"noopener\">ulkomaisia ja kotimaisia investointeja<\/a>.<\/p>\n\n\n\n<p>Tilanne on ep\u00e4intuitiivinen, sill\u00e4 Macronin politiikan ja sen v\u00e4kivaltaisen vastustuksen ansiosta&nbsp;<a href=\"https:\/\/www.aljazeera.com\/ajimpact\/france-outpacing-germany-europe-economic-growth-engine-191106150810005.html\" target=\"_blank\" rel=\"noopener\">Ranskan talous kasvaa nopeammin<\/a> kuin Saksa. Macronin talouspolitiikka on vinksahtanut tarjontareformien ja kysynt\u00e4elvytyksen ykseys.<\/p>\n\n\n\n<p>Jos Macron jatkaa vuoden 2022 presidentinvaalien j\u00e4lkeen, niin jatkavat my\u00f6s keltaliivit. Journalisti <strong>Eric Le Boucher<\/strong> ennakoi, ett\u00e4 Macronin kasvava ep\u00e4suosio voi saada <a href=\"https:\/\/www.lopinion.fr\/edition\/politique\/comment-gauche-prepare-l-election-marine-pen-chronique-d-eric-boucher-209682\" target=\"_blank\" rel=\"noopener\">Ranskan vasemmiston \u00e4\u00e4nest\u00e4m\u00e4\u00e4n toisella kierroksella tyhj\u00e4\u00e4<\/a>, mik\u00e4 nostaisi \u00e4\u00e4rioikeiston <strong>Marine Le Penin<\/strong> <span class=\"st\">\u00c9lys\u00e9e<\/span>-palatsiin. Vasemmisto laskisi kyynisesti, ett\u00e4 Le Pen nostaisi voimattoman ja jakautuneen vasemmiston profiilia.<\/p>\n\n\n\n<p>Ranskan&nbsp;puoluekentt\u00e4 on joka tapauksessa rauniona Macronin j\u00e4ljilt\u00e4. Macron nousi yhteiskunnallisista liikkeist\u00e4 ja synnytti samalla historiallisen vastavoimansa. Joaquin Phoenix voi alkaa valmistautua seuraavaan suureen rooliinsa Macronina, joka k\u00e4\u00e4nt\u00e4\u00e4 Ranskan ensin v\u00e4kivaltaisesti mellakoiviksi ja lopulta rasistisiksi ja muukalaisvihamielisiksi klovneiksi.<\/p>\n\n\n\n<p><blockquote class=\"twitter-tweet\" data-width=\"550\" data-dnt=\"true\"><p lang=\"en\" dir=\"ltr\">French firefighters in the streets of Paris to protest against the Macron government&#39;s neoliberal policies. <a href=\"https:\/\/t.co\/tM1DQMI9wp\">pic.twitter.com\/tM1DQMI9wp<\/a><\/p>&mdash; redfish (@redfishstream) <a href=\"https:\/\/twitter.com\/redfishstream\/status\/1222889704862953472?ref_src=twsrc%5Etfw\">January 30, 2020<\/a><\/blockquote><script async src=\"https:\/\/platform.twitter.com\/widgets.js\" charset=\"utf-8\"><\/script><\/p>\n\n\n","protected":false},"excerpt":{"rendered":"<p>Poliisien vastausta keltaliivien kapinaan on pidetty v\u00e4kivaltaisimpana sitten toukokuun 1968 opiskelijamellakoiden.<\/p>\n","protected":false},"author":37967,"featured_media":0,"comment_status":"open","ping_status":"open","sticky":false,"template":"","format":"standard","meta":{"_acf_changed":false,"asauth_required_access_level":3,"asauth_cansharepaid":"true","om_header_attributes":[],"footnotes":"","om_featured_image_focal_point":[],"om_primary_tag":0,"om_contributors":[],"om_co_authors":[],"beyondwords_generate_audio":"","beyondwords_project_id":"","beyondwords_content_id":"","beyondwords_preview_token":"","beyondwords_player_content":"","beyondwords_player_style":"","beyondwords_language_code":"","beyondwords_language_id":"","beyondwords_title_voice_id":"","beyondwords_body_voice_id":"","beyondwords_summary_voice_id":"","beyondwords_error_message":"","beyondwords_disabled":"","beyondwords_delete_content":"","beyondwords_podcast_id":"","beyondwords_hash":"","publish_post_to_speechkit":"","speechkit_hash":"","speechkit_generate_audio":"","speechkit_project_id":"","speechkit_podcast_id":"","speechkit_error_message":"","speechkit_disabled":"","speechkit_access_key":"","speechkit_error":"","speechkit_info":"","speechkit_response":"","speechkit_retries":"","speechkit_status":"","speechkit_updated_at":"","_speechkit_link":"","_speechkit_text":""},"categories":[1],"tags":[6,196,320,5],"class_list":["post-3779","post","type-post","status-publish","format-standard","hentry","category-vallan-mahotonta","tag-emmanuel-macron","tag-keltaliivit","tag-poliisivakivalta","tag-ranska"],"om_views":null,"acf":{"tuuma_off":false,"tuuma_kysymys":"","tuuma_vastaus":""},"asauth":{"required_access_level":1,"share_token":"","is_paid":false},"yoast_head":"<!-- This site is optimized with the Yoast SEO plugin v26.4 - https:\/\/yoast.com\/wordpress\/plugins\/seo\/ -->\n<title>Keltaliivit pit\u00e4v\u00e4t Ranskan pinnalla, mutta nostaako vasemmisto Le Penin presidentiksi? - Vallan mahotonta!<\/title>\n<meta name=\"robots\" content=\"index, follow, max-snippet:-1, max-image-preview:large, max-video-preview:-1\" \/>\n<link rel=\"canonical\" href=\"https:\/\/suomenkuvalehti.fi\/vallan-mahotonta\/keltaliivit-pitavat-ranskan-pinnalla-mutta-nostaako-vasemmisto-le-penin-presidentiksi\/\" \/>\n<meta property=\"og:locale\" content=\"fi_FI\" \/>\n<meta property=\"og:type\" content=\"article\" \/>\n<meta property=\"og:title\" content=\"Keltaliivit pit\u00e4v\u00e4t Ranskan pinnalla, mutta nostaako vasemmisto Le Penin presidentiksi? - Vallan mahotonta!\" \/>\n<meta property=\"og:description\" content=\"Poliisien vastausta keltaliivien kapinaan on pidetty v\u00e4kivaltaisimpana sitten toukokuun 1968 opiskelijamellakoiden.\" \/>\n<meta property=\"og:url\" content=\"https:\/\/suomenkuvalehti.fi\/vallan-mahotonta\/keltaliivit-pitavat-ranskan-pinnalla-mutta-nostaako-vasemmisto-le-penin-presidentiksi\/\" \/>\n<meta property=\"og:site_name\" content=\"Vallan mahotonta!\" \/>\n<meta property=\"article:author\" content=\"https:\/\/www.facebook.com\/a.ronkainen\" \/>\n<meta property=\"article:published_time\" content=\"2020-01-31T08:33:15+00:00\" \/>\n<meta property=\"article:modified_time\" content=\"2020-01-31T09:19:38+00:00\" \/>\n<meta property=\"og:image\" content=\"https:\/\/suomenkuvalehti.fi\/vallan-mahotonta\/wp-content\/uploads\/sites\/42\/2018\/05\/antti_j_ronkainen_blogi_pieni.jpg\" \/>\n\t<meta property=\"og:image:width\" content=\"600\" \/>\n\t<meta property=\"og:image:height\" content=\"600\" \/>\n\t<meta property=\"og:image:type\" content=\"image\/jpeg\" \/>\n<meta name=\"author\" content=\"Antti Ronkainen\" \/>\n<meta name=\"twitter:card\" content=\"summary_large_image\" \/>\n<meta name=\"twitter:creator\" content=\"@https:\/\/twitter.com\/anttironkainen\" \/>\n<meta name=\"twitter:label1\" content=\"Written by\" \/>\n\t<meta name=\"twitter:data1\" content=\"Antti Ronkainen\" \/>\n\t<meta name=\"twitter:label2\" content=\"Est. reading time\" \/>\n\t<meta name=\"twitter:data2\" content=\"1 minuutti\" \/>\n<script type=\"application\/ld+json\" class=\"yoast-schema-graph\">{\"@context\":\"https:\/\/schema.org\",\"@graph\":[{\"@type\":\"WebPage\",\"@id\":\"https:\/\/suomenkuvalehti.fi\/vallan-mahotonta\/keltaliivit-pitavat-ranskan-pinnalla-mutta-nostaako-vasemmisto-le-penin-presidentiksi\/\",\"url\":\"https:\/\/suomenkuvalehti.fi\/vallan-mahotonta\/keltaliivit-pitavat-ranskan-pinnalla-mutta-nostaako-vasemmisto-le-penin-presidentiksi\/\",\"name\":\"Keltaliivit pit\u00e4v\u00e4t Ranskan pinnalla, mutta nostaako vasemmisto Le Penin presidentiksi? - Vallan mahotonta!\",\"isPartOf\":{\"@id\":\"https:\/\/suomenkuvalehti.fi\/vallan-mahotonta\/#website\"},\"datePublished\":\"2020-01-31T08:33:15+00:00\",\"dateModified\":\"2020-01-31T09:19:38+00:00\",\"author\":{\"@id\":\"https:\/\/suomenkuvalehti.fi\/vallan-mahotonta\/#\/schema\/person\/aa34015af7a4bce21e1cdcf566bb57b0\"},\"breadcrumb\":{\"@id\":\"https:\/\/suomenkuvalehti.fi\/vallan-mahotonta\/keltaliivit-pitavat-ranskan-pinnalla-mutta-nostaako-vasemmisto-le-penin-presidentiksi\/#breadcrumb\"},\"inLanguage\":\"fi\",\"potentialAction\":[{\"@type\":\"ReadAction\",\"target\":[\"https:\/\/suomenkuvalehti.fi\/vallan-mahotonta\/keltaliivit-pitavat-ranskan-pinnalla-mutta-nostaako-vasemmisto-le-penin-presidentiksi\/\"]}]},{\"@type\":\"BreadcrumbList\",\"@id\":\"https:\/\/suomenkuvalehti.fi\/vallan-mahotonta\/keltaliivit-pitavat-ranskan-pinnalla-mutta-nostaako-vasemmisto-le-penin-presidentiksi\/#breadcrumb\",\"itemListElement\":[{\"@type\":\"ListItem\",\"position\":1,\"name\":\"Home\",\"item\":\"https:\/\/suomenkuvalehti.fi\/vallan-mahotonta\/\"},{\"@type\":\"ListItem\",\"position\":2,\"name\":\"Keltaliivit pit\u00e4v\u00e4t Ranskan pinnalla, mutta nostaako vasemmisto Le Penin presidentiksi?\"}]},{\"@type\":\"WebSite\",\"@id\":\"https:\/\/suomenkuvalehti.fi\/vallan-mahotonta\/#website\",\"url\":\"https:\/\/suomenkuvalehti.fi\/vallan-mahotonta\/\",\"name\":\"Vallan mahotonta!\",\"description\":\"Tutkija Antti Ronkainen seuraa maailmantalouden murrosta.\",\"potentialAction\":[{\"@type\":\"SearchAction\",\"target\":{\"@type\":\"EntryPoint\",\"urlTemplate\":\"https:\/\/suomenkuvalehti.fi\/haku\/?q={search_term_string}\"},\"query-input\":{\"@type\":\"PropertyValueSpecification\",\"valueRequired\":true,\"valueName\":\"search_term_string\"}}],\"inLanguage\":\"fi\"},{\"@type\":\"Person\",\"@id\":\"https:\/\/suomenkuvalehti.fi\/vallan-mahotonta\/#\/schema\/person\/aa34015af7a4bce21e1cdcf566bb57b0\",\"name\":\"Antti Ronkainen\",\"image\":{\"@type\":\"ImageObject\",\"inLanguage\":\"fi\",\"@id\":\"https:\/\/suomenkuvalehti.fi\/vallan-mahotonta\/#\/schema\/person\/image\/\",\"url\":\"https:\/\/suomenkuvalehti.fi\/vallan-mahotonta\/wp-content\/uploads\/sites\/42\/2018\/05\/antti_j_ronkainen_blogi_pieni-150x150.jpg\",\"contentUrl\":\"https:\/\/suomenkuvalehti.fi\/vallan-mahotonta\/wp-content\/uploads\/sites\/42\/2018\/05\/antti_j_ronkainen_blogi_pieni-150x150.jpg\",\"caption\":\"Antti Ronkainen\"},\"description\":\"Antti Ronkainen on poliittisen talouden v\u00e4it\u00f6skirjatutkija Helsingin yliopistolla.\",\"sameAs\":[\"http:\/\/anttironkainen.fi\",\"https:\/\/www.facebook.com\/a.ronkainen\",\"https:\/\/www.instagram.com\/antti.ronkainen\/\",\"https:\/\/x.com\/https:\/\/twitter.com\/anttironkainen\"]}]}<\/script>\n<!-- \/ Yoast SEO plugin. -->","yoast_head_json":{"title":"Keltaliivit pit\u00e4v\u00e4t Ranskan pinnalla, mutta nostaako vasemmisto Le Penin presidentiksi? - Vallan mahotonta!","robots":{"index":"index","follow":"follow","max-snippet":"max-snippet:-1","max-image-preview":"max-image-preview:large","max-video-preview":"max-video-preview:-1"},"canonical":"https:\/\/suomenkuvalehti.fi\/vallan-mahotonta\/keltaliivit-pitavat-ranskan-pinnalla-mutta-nostaako-vasemmisto-le-penin-presidentiksi\/","og_locale":"fi_FI","og_type":"article","og_title":"Keltaliivit pit\u00e4v\u00e4t Ranskan pinnalla, mutta nostaako vasemmisto Le Penin presidentiksi? - Vallan mahotonta!","og_description":"Poliisien vastausta keltaliivien kapinaan on pidetty v\u00e4kivaltaisimpana sitten toukokuun 1968 opiskelijamellakoiden.","og_url":"https:\/\/suomenkuvalehti.fi\/vallan-mahotonta\/keltaliivit-pitavat-ranskan-pinnalla-mutta-nostaako-vasemmisto-le-penin-presidentiksi\/","og_site_name":"Vallan mahotonta!","article_author":"https:\/\/www.facebook.com\/a.ronkainen","article_published_time":"2020-01-31T08:33:15+00:00","article_modified_time":"2020-01-31T09:19:38+00:00","og_image":[{"width":600,"height":600,"url":"https:\/\/suomenkuvalehti.fi\/vallan-mahotonta\/wp-content\/uploads\/sites\/42\/2018\/05\/antti_j_ronkainen_blogi_pieni.jpg","type":"image\/jpeg"}],"author":"Antti Ronkainen","twitter_card":"summary_large_image","twitter_creator":"@https:\/\/twitter.com\/anttironkainen","twitter_misc":{"Written by":"Antti Ronkainen","Est. reading time":"1 minuutti"},"schema":{"@context":"https:\/\/schema.org","@graph":[{"@type":"WebPage","@id":"https:\/\/suomenkuvalehti.fi\/vallan-mahotonta\/keltaliivit-pitavat-ranskan-pinnalla-mutta-nostaako-vasemmisto-le-penin-presidentiksi\/","url":"https:\/\/suomenkuvalehti.fi\/vallan-mahotonta\/keltaliivit-pitavat-ranskan-pinnalla-mutta-nostaako-vasemmisto-le-penin-presidentiksi\/","name":"Keltaliivit pit\u00e4v\u00e4t Ranskan pinnalla, mutta nostaako vasemmisto Le Penin presidentiksi? - Vallan mahotonta!","isPartOf":{"@id":"https:\/\/suomenkuvalehti.fi\/vallan-mahotonta\/#website"},"datePublished":"2020-01-31T08:33:15+00:00","dateModified":"2020-01-31T09:19:38+00:00","author":{"@id":"https:\/\/suomenkuvalehti.fi\/vallan-mahotonta\/#\/schema\/person\/aa34015af7a4bce21e1cdcf566bb57b0"},"breadcrumb":{"@id":"https:\/\/suomenkuvalehti.fi\/vallan-mahotonta\/keltaliivit-pitavat-ranskan-pinnalla-mutta-nostaako-vasemmisto-le-penin-presidentiksi\/#breadcrumb"},"inLanguage":"fi","potentialAction":[{"@type":"ReadAction","target":["https:\/\/suomenkuvalehti.fi\/vallan-mahotonta\/keltaliivit-pitavat-ranskan-pinnalla-mutta-nostaako-vasemmisto-le-penin-presidentiksi\/"]}]},{"@type":"BreadcrumbList","@id":"https:\/\/suomenkuvalehti.fi\/vallan-mahotonta\/keltaliivit-pitavat-ranskan-pinnalla-mutta-nostaako-vasemmisto-le-penin-presidentiksi\/#breadcrumb","itemListElement":[{"@type":"ListItem","position":1,"name":"Home","item":"https:\/\/suomenkuvalehti.fi\/vallan-mahotonta\/"},{"@type":"ListItem","position":2,"name":"Keltaliivit pit\u00e4v\u00e4t Ranskan pinnalla, mutta nostaako vasemmisto Le Penin presidentiksi?"}]},{"@type":"WebSite","@id":"https:\/\/suomenkuvalehti.fi\/vallan-mahotonta\/#website","url":"https:\/\/suomenkuvalehti.fi\/vallan-mahotonta\/","name":"Vallan mahotonta!","description":"Tutkija Antti Ronkainen seuraa maailmantalouden murrosta.","potentialAction":[{"@type":"SearchAction","target":{"@type":"EntryPoint","urlTemplate":"https:\/\/suomenkuvalehti.fi\/haku\/?q={search_term_string}"},"query-input":{"@type":"PropertyValueSpecification","valueRequired":true,"valueName":"search_term_string"}}],"inLanguage":"fi"},{"@type":"Person","@id":"https:\/\/suomenkuvalehti.fi\/vallan-mahotonta\/#\/schema\/person\/aa34015af7a4bce21e1cdcf566bb57b0","name":"Antti Ronkainen","image":{"@type":"ImageObject","inLanguage":"fi","@id":"https:\/\/suomenkuvalehti.fi\/vallan-mahotonta\/#\/schema\/person\/image\/","url":"https:\/\/suomenkuvalehti.fi\/vallan-mahotonta\/wp-content\/uploads\/sites\/42\/2018\/05\/antti_j_ronkainen_blogi_pieni-150x150.jpg","contentUrl":"https:\/\/suomenkuvalehti.fi\/vallan-mahotonta\/wp-content\/uploads\/sites\/42\/2018\/05\/antti_j_ronkainen_blogi_pieni-150x150.jpg","caption":"Antti Ronkainen"},"description":"Antti Ronkainen on poliittisen talouden v\u00e4it\u00f6skirjatutkija Helsingin yliopistolla.","sameAs":["http:\/\/anttironkainen.fi","https:\/\/www.facebook.com\/a.ronkainen","https:\/\/www.instagram.com\/antti.ronkainen\/","https:\/\/x.com\/https:\/\/twitter.com\/anttironkainen"]}]}},"_links":{"self":[{"href":"https:\/\/suomenkuvalehti.fi\/vallan-mahotonta\/wp-json\/wp\/v2\/posts\/3779","targetHints":{"allow":["GET"]}}],"collection":[{"href":"https:\/\/suomenkuvalehti.fi\/vallan-mahotonta\/wp-json\/wp\/v2\/posts"}],"about":[{"href":"https:\/\/suomenkuvalehti.fi\/vallan-mahotonta\/wp-json\/wp\/v2\/types\/post"}],"author":[{"embeddable":true,"href":"https:\/\/suomenkuvalehti.fi\/vallan-mahotonta\/wp-json\/wp\/v2\/users\/37967"}],"replies":[{"embeddable":true,"href":"https:\/\/suomenkuvalehti.fi\/vallan-mahotonta\/wp-json\/wp\/v2\/comments?post=3779"}],"version-history":[{"count":27,"href":"https:\/\/suomenkuvalehti.fi\/vallan-mahotonta\/wp-json\/wp\/v2\/posts\/3779\/revisions"}],"predecessor-version":[{"id":3807,"href":"https:\/\/suomenkuvalehti.fi\/vallan-mahotonta\/wp-json\/wp\/v2\/posts\/3779\/revisions\/3807"}],"wp:attachment":[{"href":"https:\/\/suomenkuvalehti.fi\/vallan-mahotonta\/wp-json\/wp\/v2\/media?parent=3779"}],"wp:term":[{"taxonomy":"category","embeddable":true,"href":"https:\/\/suomenkuvalehti.fi\/vallan-mahotonta\/wp-json\/wp\/v2\/categories?post=3779"},{"taxonomy":"post_tag","embeddable":true,"href":"https:\/\/suomenkuvalehti.fi\/vallan-mahotonta\/wp-json\/wp\/v2\/tags?post=3779"}],"curies":[{"name":"wp","href":"https:\/\/api.w.org\/{rel}","templated":true}]}}