{"id":3759,"date":"2020-01-20T10:43:15","date_gmt":"2020-01-20T08:43:15","guid":{"rendered":"https:\/\/suomenkuvalehti.fi\/vallan-mahotonta\/?p=3759"},"modified":"2020-01-20T10:43:15","modified_gmt":"2020-01-20T08:43:15","slug":"trumpin-ei-tulisi-olla-ainoa-poliitikko-joka-kommentoi-keskuspankkeja","status":"publish","type":"post","link":"https:\/\/suomenkuvalehti.fi\/vallan-mahotonta\/trumpin-ei-tulisi-olla-ainoa-poliitikko-joka-kommentoi-keskuspankkeja\/","title":{"rendered":"Trumpin ei tulisi olla ainoa poliitikko, joka kommentoi keskuspankkeja"},"content":{"rendered":"\n<p><span class=\"capitalized\">Donald Trumpin<\/span>&nbsp;virkarikossyyteoikeudenk\u00e4ynti alkaa huomenna tiistaina. Samalla tavoin kuin <strong>Robert&nbsp;Muellerin<\/strong>&nbsp;Ven\u00e4j\u00e4-tutkintojen kanssa &#8211; markkinoita ei paljoa kiinnosta.&nbsp;Yhdysvaltain p\u00f6rssi teki perjantaina j\u00e4lleen <a href=\"https:\/\/www.marketwatch.com\/story\/dow-futures-rise-stocks-will-aim-to-cap-a-record-setting-week-with-a-flourish-higher-2020-01-17\" target=\"_blank\" rel=\"noopener\">uudet enn\u00e4tykset<\/a>, vaikka maan sis\u00e4politiikassa kiehuu ja konflikti Iranin kanssa sen kuin syvenee.<\/p>\n\n\n\n<p>T\u00e4m\u00e4 saa kysym\u00e4\u00e4n, ovatko Yhdysvaltain sis\u00e4politiikka ja sit\u00e4 jallittava mediajulkisuus vieraantuneet lopullisesti maailmantaloudesta? Ei, vaan finanssikriisin j\u00e4lkeen keskuspankkien v\u00e4liaikaisina aloitetut elvytystoimet eiv\u00e4t ole viel\u00e4k\u00e4\u00e4n p\u00e4\u00e4ttyneet.&nbsp;Finanssipalveluita tarjoavan&nbsp;Allianzin p\u00e4\u00e4ekonomisti <strong>Mohamed El-Erian<\/strong> <a href=\"https:\/\/finance.yahoo.com\/news\/el-erian-the-market-will-ignore-whats-going-on-in-dc-164854094.html\" target=\"_blank\" rel=\"noopener\">tiivisti asian<\/a> hyvin:<\/p>\n\n\n\n<p>&#8221;Markkinoille riitt\u00e4\u00e4, kunhan keskuspankit auttavat. Muu on toissijaista.&#8221;<\/p>\n\n\n\n<p>Yhdysvaltain keskuspankki (Fed) lopetti viime vuonna rahapolitiikan kirist\u00e4misen, laski ohjauskorkoa kolme kertaa ja pumppasi loppuvuoden aikana&nbsp;markkinoille yli 600 miljardia dollaria likviditeetti\u00e4. My\u00f6s Euroopan ja Japanin keskuspankit ovat laajentaneet vuoden lopulla elvytyst\u00e4\u00e4n.<\/p>\n\n\n\n<p>T\u00e4st\u00e4 p\u00e4\u00e4st\u00e4\u00e4n ainakin kahteen loppup\u00e4\u00e4telm\u00e4\u00e4n niin sanotusta <a href=\"https:\/\/politiikasta.fi\/kapitalismin-muodot-ja-institutionaalinen-muutos-kohti-keskuspankkikapitalismia\/\" target=\"_blank\" rel=\"noopener\"><em>keskuspankkikapitalismista<\/em><\/a>: keskuspankit ovat vain n\u00e4enn\u00e4isesti itsen\u00e4isi\u00e4 ja poliitikkojen tulisi puhua enemm\u00e4n keskuspankeista.<\/p>\n\n\n\n<p>New York Fedin entinen johtaja <strong>Bill Dudley<\/strong> esitti, ett\u00e4 <a href=\"https:\/\/www.bloomberg.com\/opinion\/articles\/2019-08-27\/the-fed-shouldn-t-enable-donald-trump\" target=\"_blank\" rel=\"noopener\">Fedin ei tulisi<\/a> reagoida l\u00f6ysemm\u00e4ll\u00e4 rahapolitiikalla Trumpin kauppasodan aiheuttamaan ep\u00e4varmuuteen. N\u00e4in se v\u00e4hent\u00e4isi Trumpin uudelleenvalinnan mahdollisuuksia marraskuun vaaleissa. T\u00e4m\u00e4 olisi kuitenkin politikointia, mik\u00e4 kyseenalaistaisi keskuspankkien itsen\u00e4isyyden, joka on oikeutettu oletuksella keskuspankkien riippumattomuudesta.<\/p>\n\n\n\n<p>L\u00f6ys\u00e4st\u00e4 rahapolitiikasta p\u00e4\u00e4tellen Fed pyrkii painamaan taantuman vaalien j\u00e4lkeiseen aikaan ja n\u00e4in ep\u00e4suorasti edist\u00e4m\u00e4\u00e4n Trumpin uudelleenvalintaa. Keskuspankkikapitalismissa&nbsp;keskuspankit ovatkin vain n\u00e4enn\u00e4isesti itsen\u00e4isi\u00e4, sill\u00e4 ne joutuvat pelastamaan (bail out) poliitikot, jos poliitikot p\u00e4\u00e4t\u00f6ksill\u00e4\u00e4n heikent\u00e4v\u00e4t taloudellisia n\u00e4kymi\u00e4.<\/p>\n\n\n\n<p>Poliitikot saavat tekem\u00e4tt\u00f6myydell\u00e4 (kuten euroalueella) tai ep\u00e4varmuuden lietsomisella (kuten Yhdysvalloissa) keskuspankit reagoimaan, mik\u00e4 asettaa demokraattisen p\u00e4\u00e4t\u00f6ksenteon toimivuuden outoon valoon.<\/p>\n\n\n\n<p>Keskuspankeille on luisumassa koko ajan enemm\u00e4n valtaa ja vastuuta, joten Trumpin ei tulisi olla ainoa poliitikko, joka aktiivisesti kommentoi keskuspankkien toimintaa.<\/p>\n\n\n","protected":false},"excerpt":{"rendered":"<p>Keskuspankkikapitalismissa keskuspankit ovat vain n\u00e4enn\u00e4isesti itsen\u00e4isi\u00e4. <\/p>\n","protected":false},"author":37967,"featured_media":0,"comment_status":"open","ping_status":"open","sticky":false,"template":"","format":"standard","meta":{"_acf_changed":false,"asauth_required_access_level":3,"asauth_cansharepaid":"true","om_header_attributes":[],"footnotes":"","om_featured_image_focal_point":[],"om_primary_tag":0,"om_contributors":[],"om_co_authors":[],"beyondwords_generate_audio":"","beyondwords_project_id":"","beyondwords_content_id":"","beyondwords_preview_token":"","beyondwords_player_content":"","beyondwords_player_style":"","beyondwords_language_code":"","beyondwords_language_id":"","beyondwords_title_voice_id":"","beyondwords_body_voice_id":"","beyondwords_summary_voice_id":"","beyondwords_error_message":"","beyondwords_disabled":"","beyondwords_delete_content":"","beyondwords_podcast_id":"","beyondwords_hash":"","publish_post_to_speechkit":"","speechkit_hash":"","speechkit_generate_audio":"","speechkit_project_id":"","speechkit_podcast_id":"","speechkit_error_message":"","speechkit_disabled":"","speechkit_access_key":"","speechkit_error":"","speechkit_info":"","speechkit_response":"","speechkit_retries":"","speechkit_status":"","speechkit_updated_at":"","_speechkit_link":"","_speechkit_text":""},"categories":[1],"tags":[39,37,319,40,172],"class_list":["post-3759","post","type-post","status-publish","format-standard","hentry","category-vallan-mahotonta","tag-donald-trump","tag-fed","tag-keskuspankkikapitalismi","tag-rahapolitiikka","tag-yhdysvaltain-keskuspankki"],"om_views":null,"acf":{"tuuma_off":false,"tuuma_kysymys":"","tuuma_vastaus":""},"asauth":{"required_access_level":1,"share_token":"","is_paid":false},"yoast_head":"<!-- This site is optimized with the Yoast SEO plugin v26.4 - https:\/\/yoast.com\/wordpress\/plugins\/seo\/ -->\n<title>Trumpin ei tulisi olla ainoa poliitikko, joka kommentoi keskuspankkeja - Vallan mahotonta!<\/title>\n<meta name=\"robots\" content=\"index, follow, max-snippet:-1, max-image-preview:large, max-video-preview:-1\" \/>\n<link rel=\"canonical\" href=\"https:\/\/suomenkuvalehti.fi\/vallan-mahotonta\/trumpin-ei-tulisi-olla-ainoa-poliitikko-joka-kommentoi-keskuspankkeja\/\" \/>\n<meta property=\"og:locale\" content=\"fi_FI\" \/>\n<meta property=\"og:type\" content=\"article\" \/>\n<meta property=\"og:title\" content=\"Trumpin ei tulisi olla ainoa poliitikko, joka kommentoi keskuspankkeja - Vallan mahotonta!\" \/>\n<meta property=\"og:description\" content=\"Keskuspankkikapitalismissa keskuspankit ovat vain n\u00e4enn\u00e4isesti itsen\u00e4isi\u00e4.\" \/>\n<meta property=\"og:url\" content=\"https:\/\/suomenkuvalehti.fi\/vallan-mahotonta\/trumpin-ei-tulisi-olla-ainoa-poliitikko-joka-kommentoi-keskuspankkeja\/\" \/>\n<meta property=\"og:site_name\" content=\"Vallan mahotonta!\" \/>\n<meta property=\"article:author\" content=\"https:\/\/www.facebook.com\/a.ronkainen\" \/>\n<meta property=\"article:published_time\" content=\"2020-01-20T08:43:15+00:00\" \/>\n<meta property=\"og:image\" content=\"https:\/\/suomenkuvalehti.fi\/vallan-mahotonta\/wp-content\/uploads\/sites\/42\/2018\/05\/antti_j_ronkainen_blogi_pieni.jpg\" \/>\n\t<meta property=\"og:image:width\" content=\"600\" \/>\n\t<meta property=\"og:image:height\" content=\"600\" \/>\n\t<meta property=\"og:image:type\" content=\"image\/jpeg\" \/>\n<meta name=\"author\" content=\"Antti Ronkainen\" \/>\n<meta name=\"twitter:card\" content=\"summary_large_image\" \/>\n<meta name=\"twitter:creator\" content=\"@https:\/\/twitter.com\/anttironkainen\" \/>\n<meta name=\"twitter:label1\" content=\"Written by\" \/>\n\t<meta name=\"twitter:data1\" content=\"Antti Ronkainen\" \/>\n\t<meta name=\"twitter:label2\" content=\"Est. reading time\" \/>\n\t<meta name=\"twitter:data2\" content=\"2 minuuttia\" \/>\n<script type=\"application\/ld+json\" class=\"yoast-schema-graph\">{\"@context\":\"https:\/\/schema.org\",\"@graph\":[{\"@type\":\"WebPage\",\"@id\":\"https:\/\/suomenkuvalehti.fi\/vallan-mahotonta\/trumpin-ei-tulisi-olla-ainoa-poliitikko-joka-kommentoi-keskuspankkeja\/\",\"url\":\"https:\/\/suomenkuvalehti.fi\/vallan-mahotonta\/trumpin-ei-tulisi-olla-ainoa-poliitikko-joka-kommentoi-keskuspankkeja\/\",\"name\":\"Trumpin ei tulisi olla ainoa poliitikko, joka kommentoi keskuspankkeja - Vallan mahotonta!\",\"isPartOf\":{\"@id\":\"https:\/\/suomenkuvalehti.fi\/vallan-mahotonta\/#website\"},\"datePublished\":\"2020-01-20T08:43:15+00:00\",\"author\":{\"@id\":\"https:\/\/suomenkuvalehti.fi\/vallan-mahotonta\/#\/schema\/person\/aa34015af7a4bce21e1cdcf566bb57b0\"},\"breadcrumb\":{\"@id\":\"https:\/\/suomenkuvalehti.fi\/vallan-mahotonta\/trumpin-ei-tulisi-olla-ainoa-poliitikko-joka-kommentoi-keskuspankkeja\/#breadcrumb\"},\"inLanguage\":\"fi\",\"potentialAction\":[{\"@type\":\"ReadAction\",\"target\":[\"https:\/\/suomenkuvalehti.fi\/vallan-mahotonta\/trumpin-ei-tulisi-olla-ainoa-poliitikko-joka-kommentoi-keskuspankkeja\/\"]}]},{\"@type\":\"BreadcrumbList\",\"@id\":\"https:\/\/suomenkuvalehti.fi\/vallan-mahotonta\/trumpin-ei-tulisi-olla-ainoa-poliitikko-joka-kommentoi-keskuspankkeja\/#breadcrumb\",\"itemListElement\":[{\"@type\":\"ListItem\",\"position\":1,\"name\":\"Home\",\"item\":\"https:\/\/suomenkuvalehti.fi\/vallan-mahotonta\/\"},{\"@type\":\"ListItem\",\"position\":2,\"name\":\"Trumpin ei tulisi olla ainoa poliitikko, joka kommentoi keskuspankkeja\"}]},{\"@type\":\"WebSite\",\"@id\":\"https:\/\/suomenkuvalehti.fi\/vallan-mahotonta\/#website\",\"url\":\"https:\/\/suomenkuvalehti.fi\/vallan-mahotonta\/\",\"name\":\"Vallan mahotonta!\",\"description\":\"Tutkija Antti Ronkainen seuraa maailmantalouden murrosta.\",\"potentialAction\":[{\"@type\":\"SearchAction\",\"target\":{\"@type\":\"EntryPoint\",\"urlTemplate\":\"https:\/\/suomenkuvalehti.fi\/haku\/?q={search_term_string}\"},\"query-input\":{\"@type\":\"PropertyValueSpecification\",\"valueRequired\":true,\"valueName\":\"search_term_string\"}}],\"inLanguage\":\"fi\"},{\"@type\":\"Person\",\"@id\":\"https:\/\/suomenkuvalehti.fi\/vallan-mahotonta\/#\/schema\/person\/aa34015af7a4bce21e1cdcf566bb57b0\",\"name\":\"Antti Ronkainen\",\"image\":{\"@type\":\"ImageObject\",\"inLanguage\":\"fi\",\"@id\":\"https:\/\/suomenkuvalehti.fi\/vallan-mahotonta\/#\/schema\/person\/image\/\",\"url\":\"https:\/\/suomenkuvalehti.fi\/vallan-mahotonta\/wp-content\/uploads\/sites\/42\/2018\/05\/antti_j_ronkainen_blogi_pieni-150x150.jpg\",\"contentUrl\":\"https:\/\/suomenkuvalehti.fi\/vallan-mahotonta\/wp-content\/uploads\/sites\/42\/2018\/05\/antti_j_ronkainen_blogi_pieni-150x150.jpg\",\"caption\":\"Antti Ronkainen\"},\"description\":\"Antti Ronkainen on poliittisen talouden v\u00e4it\u00f6skirjatutkija Helsingin yliopistolla.\",\"sameAs\":[\"http:\/\/anttironkainen.fi\",\"https:\/\/www.facebook.com\/a.ronkainen\",\"https:\/\/www.instagram.com\/antti.ronkainen\/\",\"https:\/\/x.com\/https:\/\/twitter.com\/anttironkainen\"]}]}<\/script>\n<!-- \/ Yoast SEO plugin. -->","yoast_head_json":{"title":"Trumpin ei tulisi olla ainoa poliitikko, joka kommentoi keskuspankkeja - Vallan mahotonta!","robots":{"index":"index","follow":"follow","max-snippet":"max-snippet:-1","max-image-preview":"max-image-preview:large","max-video-preview":"max-video-preview:-1"},"canonical":"https:\/\/suomenkuvalehti.fi\/vallan-mahotonta\/trumpin-ei-tulisi-olla-ainoa-poliitikko-joka-kommentoi-keskuspankkeja\/","og_locale":"fi_FI","og_type":"article","og_title":"Trumpin ei tulisi olla ainoa poliitikko, joka kommentoi keskuspankkeja - Vallan mahotonta!","og_description":"Keskuspankkikapitalismissa keskuspankit ovat vain n\u00e4enn\u00e4isesti itsen\u00e4isi\u00e4.","og_url":"https:\/\/suomenkuvalehti.fi\/vallan-mahotonta\/trumpin-ei-tulisi-olla-ainoa-poliitikko-joka-kommentoi-keskuspankkeja\/","og_site_name":"Vallan mahotonta!","article_author":"https:\/\/www.facebook.com\/a.ronkainen","article_published_time":"2020-01-20T08:43:15+00:00","og_image":[{"width":600,"height":600,"url":"https:\/\/suomenkuvalehti.fi\/vallan-mahotonta\/wp-content\/uploads\/sites\/42\/2018\/05\/antti_j_ronkainen_blogi_pieni.jpg","type":"image\/jpeg"}],"author":"Antti Ronkainen","twitter_card":"summary_large_image","twitter_creator":"@https:\/\/twitter.com\/anttironkainen","twitter_misc":{"Written by":"Antti Ronkainen","Est. reading time":"2 minuuttia"},"schema":{"@context":"https:\/\/schema.org","@graph":[{"@type":"WebPage","@id":"https:\/\/suomenkuvalehti.fi\/vallan-mahotonta\/trumpin-ei-tulisi-olla-ainoa-poliitikko-joka-kommentoi-keskuspankkeja\/","url":"https:\/\/suomenkuvalehti.fi\/vallan-mahotonta\/trumpin-ei-tulisi-olla-ainoa-poliitikko-joka-kommentoi-keskuspankkeja\/","name":"Trumpin ei tulisi olla ainoa poliitikko, joka kommentoi keskuspankkeja - Vallan mahotonta!","isPartOf":{"@id":"https:\/\/suomenkuvalehti.fi\/vallan-mahotonta\/#website"},"datePublished":"2020-01-20T08:43:15+00:00","author":{"@id":"https:\/\/suomenkuvalehti.fi\/vallan-mahotonta\/#\/schema\/person\/aa34015af7a4bce21e1cdcf566bb57b0"},"breadcrumb":{"@id":"https:\/\/suomenkuvalehti.fi\/vallan-mahotonta\/trumpin-ei-tulisi-olla-ainoa-poliitikko-joka-kommentoi-keskuspankkeja\/#breadcrumb"},"inLanguage":"fi","potentialAction":[{"@type":"ReadAction","target":["https:\/\/suomenkuvalehti.fi\/vallan-mahotonta\/trumpin-ei-tulisi-olla-ainoa-poliitikko-joka-kommentoi-keskuspankkeja\/"]}]},{"@type":"BreadcrumbList","@id":"https:\/\/suomenkuvalehti.fi\/vallan-mahotonta\/trumpin-ei-tulisi-olla-ainoa-poliitikko-joka-kommentoi-keskuspankkeja\/#breadcrumb","itemListElement":[{"@type":"ListItem","position":1,"name":"Home","item":"https:\/\/suomenkuvalehti.fi\/vallan-mahotonta\/"},{"@type":"ListItem","position":2,"name":"Trumpin ei tulisi olla ainoa poliitikko, joka kommentoi keskuspankkeja"}]},{"@type":"WebSite","@id":"https:\/\/suomenkuvalehti.fi\/vallan-mahotonta\/#website","url":"https:\/\/suomenkuvalehti.fi\/vallan-mahotonta\/","name":"Vallan mahotonta!","description":"Tutkija Antti Ronkainen seuraa maailmantalouden murrosta.","potentialAction":[{"@type":"SearchAction","target":{"@type":"EntryPoint","urlTemplate":"https:\/\/suomenkuvalehti.fi\/haku\/?q={search_term_string}"},"query-input":{"@type":"PropertyValueSpecification","valueRequired":true,"valueName":"search_term_string"}}],"inLanguage":"fi"},{"@type":"Person","@id":"https:\/\/suomenkuvalehti.fi\/vallan-mahotonta\/#\/schema\/person\/aa34015af7a4bce21e1cdcf566bb57b0","name":"Antti Ronkainen","image":{"@type":"ImageObject","inLanguage":"fi","@id":"https:\/\/suomenkuvalehti.fi\/vallan-mahotonta\/#\/schema\/person\/image\/","url":"https:\/\/suomenkuvalehti.fi\/vallan-mahotonta\/wp-content\/uploads\/sites\/42\/2018\/05\/antti_j_ronkainen_blogi_pieni-150x150.jpg","contentUrl":"https:\/\/suomenkuvalehti.fi\/vallan-mahotonta\/wp-content\/uploads\/sites\/42\/2018\/05\/antti_j_ronkainen_blogi_pieni-150x150.jpg","caption":"Antti Ronkainen"},"description":"Antti Ronkainen on poliittisen talouden v\u00e4it\u00f6skirjatutkija Helsingin yliopistolla.","sameAs":["http:\/\/anttironkainen.fi","https:\/\/www.facebook.com\/a.ronkainen","https:\/\/www.instagram.com\/antti.ronkainen\/","https:\/\/x.com\/https:\/\/twitter.com\/anttironkainen"]}]}},"_links":{"self":[{"href":"https:\/\/suomenkuvalehti.fi\/vallan-mahotonta\/wp-json\/wp\/v2\/posts\/3759","targetHints":{"allow":["GET"]}}],"collection":[{"href":"https:\/\/suomenkuvalehti.fi\/vallan-mahotonta\/wp-json\/wp\/v2\/posts"}],"about":[{"href":"https:\/\/suomenkuvalehti.fi\/vallan-mahotonta\/wp-json\/wp\/v2\/types\/post"}],"author":[{"embeddable":true,"href":"https:\/\/suomenkuvalehti.fi\/vallan-mahotonta\/wp-json\/wp\/v2\/users\/37967"}],"replies":[{"embeddable":true,"href":"https:\/\/suomenkuvalehti.fi\/vallan-mahotonta\/wp-json\/wp\/v2\/comments?post=3759"}],"version-history":[{"count":18,"href":"https:\/\/suomenkuvalehti.fi\/vallan-mahotonta\/wp-json\/wp\/v2\/posts\/3759\/revisions"}],"predecessor-version":[{"id":3777,"href":"https:\/\/suomenkuvalehti.fi\/vallan-mahotonta\/wp-json\/wp\/v2\/posts\/3759\/revisions\/3777"}],"wp:attachment":[{"href":"https:\/\/suomenkuvalehti.fi\/vallan-mahotonta\/wp-json\/wp\/v2\/media?parent=3759"}],"wp:term":[{"taxonomy":"category","embeddable":true,"href":"https:\/\/suomenkuvalehti.fi\/vallan-mahotonta\/wp-json\/wp\/v2\/categories?post=3759"},{"taxonomy":"post_tag","embeddable":true,"href":"https:\/\/suomenkuvalehti.fi\/vallan-mahotonta\/wp-json\/wp\/v2\/tags?post=3759"}],"curies":[{"name":"wp","href":"https:\/\/api.w.org\/{rel}","templated":true}]}}