{"id":3461,"date":"2019-11-07T10:30:35","date_gmt":"2019-11-07T08:30:35","guid":{"rendered":"https:\/\/suomenkuvalehti.fi\/vallan-mahotonta\/?p=3461"},"modified":"2019-11-08T09:30:47","modified_gmt":"2019-11-08T07:30:47","slug":"ilman-keskiluokkaa-lentovero-kiihdyttaa-eriarvoistumista","status":"publish","type":"post","link":"https:\/\/suomenkuvalehti.fi\/vallan-mahotonta\/ilman-keskiluokkaa-lentovero-kiihdyttaa-eriarvoistumista\/","title":{"rendered":"Ilman keskiluokkaa lentovero kiihdytt\u00e4\u00e4 eriarvoistumista"},"content":{"rendered":"\n<p><span class=\"capitalized\">Ihmiset vihaavat muutosta.<\/span>&nbsp;Berliinin muurin murtumisesta tulee lauantaina kuluneeksi 30 vuotta. Siit\u00e4 l\u00e4htien reformit ovat tarkoittaneet heikennyksi\u00e4, ep\u00e4varmuutta ja thatcherismi\u00e4. Nami-nami ja pusi-pusi!<\/p>\n\n\n\n<p>T\u00e4n\u00e4\u00e4n maailma kiehuu pisteess\u00e4, jossa&nbsp;on radikaalia olla konservatiivi. T\u00e4m\u00e4 n\u00e4kyy siten, ett\u00e4 jos vaadit kommunistista vallankumousta, ket\u00e4\u00e4n ei kiinnosta. Mutta jos vaadit oikeutta k\u00e4yd\u00e4 uikkarit p\u00e4\u00e4ll\u00e4 kaupungin uimahallien saunoissa, saat kaksi&nbsp;vuotta tappouhkauksia ja p\u00e4\u00e4set Helsingin kunnanvaltuustoon.<\/p>\n\n\n\n<p>Poliittista keskustelua ei ole ohjannut pitkiin aikoihin muutos vaan jatkuvuus. Juuri t\u00e4st\u00e4 perussuomalaisten <a href=\"https:\/\/yle.fi\/uutiset\/3-11054082\">kannatusnousussa<\/a> on kysymys. Perussuomalaisten ja kokoomuksen ero on jo melkein 6 prosenttiyksikk\u00f6\u00e4 samaan aikaan kun SDP on romahtanut vihreiden taakse, jonka senkin kannatus laski.<\/p>\n\n\n\n<p><strong>Jussi Halla-aho<\/strong> porskuttaa lupaamalla, ett\u00e4 h\u00e4n s\u00e4ilytt\u00e4\u00e4 nykyisen systeemin kaikkine tunkkaisine piirteineen sellaisena ainakin seuraavat 10 vuotta. Saatte sy\u00f6d\u00e4 lihaa, ajaa autolla ja nauraa rasistisille paskavitseille jatkossakin.<\/p>\n\n\n\n<p>Halla-ahon menestyksell\u00e4 on marxilaiset juurensa, sill\u00e4 h\u00e4nen kannatuksensa liittyy eriarvoistumiseen. Kyseess\u00e4 ei ole alaluokkien kokema eriarvoisuus vaan keskiluokkien t\u00e4rin\u00e4. Kuten Taloustutkimuksen <strong>Juho Rahkonen<\/strong> <a href=\"https:\/\/www.iltalehti.fi\/politiikka\/a\/29fb09a7-b89f-42ae-8eb2-401c7654e5e3\">kirjoittaa<\/a>, keskiluokka pelk\u00e4\u00e4 ty\u00f6paikkojensa puolesta ja ett\u00e4 heid\u00e4t verotetaan hengilt\u00e4. Tempaistessaan <strong>Rinteen<\/strong> hallituksen onnettomasta ty\u00f6voimapolitiikasta ja viherpiiperryksest\u00e4 politiikan toimittajat ajavat keskiluokkaa persuihin.<\/p>\n\n\n\n<p>T\u00e4m\u00e4n vuoksi edistysmieliset eiv\u00e4t voi voittaa ymp\u00e4rist\u00f6kysymyst\u00e4 vain kulttuurisotimalla ekologisesta ja moraalisesta el\u00e4m\u00e4ntavasta.&nbsp;Jos haluaa lentoveron, on teht\u00e4v\u00e4 julkisesta liikenteest\u00e4 ilmaista. Jos haluaa lihaveron, sosiaaliturvaa ja palkkoja on nostettava tuntuvasti. Ilman ett\u00e4 keskiluokan odotushorisonttia muutetaan my\u00f6nteiseksi, lento- ja lihaverot ainoastaan kiihdytt\u00e4v\u00e4t eriarvoistumista. Se edist\u00e4\u00e4 keskiluokan t\u00e4rin\u00e4\u00e4 ja pelkoa heid\u00e4n lastensa putoamisesta ryysyk\u00f6yh\u00e4list\u00f6\u00f6n.<\/p>\n\n\n\n<p>Nykyisin historia kulkee pikakelauksella kohti ep\u00e4varmempaa ja huonompaa. Sen, joka pys\u00e4ytt\u00e4\u00e4 ajan ja lopettaa uudistusten jatkuvan vallankumouksen, keskiluokka palkitsee kultaisella kosketuksella ja sankarilauluilla. T\u00e4ll\u00e4 hetkell\u00e4 sen tekee Halla-aho. Kokoomuksen, vihreiden ja vasemmiston kannattaa huomata, ett\u00e4 perussuomalaisten leimaaminen junttirasisteiksi vain kasvattaa innostusta.<\/p>\n\n\n\n<p>Siksi aikamme vallankumouksellinen taistelu k\u00e4yd\u00e4\u00e4n tolkusta.<\/p>\n\n\n\n<p>Vallankumous loppuu, oletko valmis?<\/p>\n\n\n\n<p><blockquote class=\"twitter-tweet\" data-width=\"550\" data-dnt=\"true\"><p lang=\"fi\" dir=\"ltr\">Aikamoista, PS ja kokoomuksen ero jo 5,7 prosenttiyksikk\u00f6\u00e4 ja SDP rommannut vihreiden taakse. Kiinnostavaa sek\u00e4 hallitus-oppositio, mutta my\u00f6s hallituksen ja opposition sis\u00e4isten dynamiikoiden kannalta. <a href=\"https:\/\/t.co\/iCYyLtIfgv\">https:\/\/t.co\/iCYyLtIfgv<\/a><\/p>&mdash; Antti Ronkainen (@anttironkainen) <a href=\"https:\/\/twitter.com\/anttironkainen\/status\/1192320695579090944?ref_src=twsrc%5Etfw\">November 7, 2019<\/a><\/blockquote><script async src=\"https:\/\/platform.twitter.com\/widgets.js\" charset=\"utf-8\"><\/script><\/p>\n\n\n","protected":false},"excerpt":{"rendered":"<p>Vallankumous loppuu, oletko valmis?\u00a0<\/p>\n","protected":false},"author":37967,"featured_media":0,"comment_status":"open","ping_status":"open","sticky":false,"template":"","format":"standard","meta":{"_acf_changed":false,"asauth_required_access_level":3,"asauth_cansharepaid":"true","om_header_attributes":[],"footnotes":"","om_featured_image_focal_point":[],"om_primary_tag":0,"om_contributors":[],"om_co_authors":[],"beyondwords_generate_audio":"","beyondwords_project_id":"","beyondwords_content_id":"","beyondwords_preview_token":"","beyondwords_player_content":"","beyondwords_player_style":"","beyondwords_language_code":"","beyondwords_language_id":"","beyondwords_title_voice_id":"","beyondwords_body_voice_id":"","beyondwords_summary_voice_id":"","beyondwords_error_message":"","beyondwords_disabled":"","beyondwords_delete_content":"","beyondwords_podcast_id":"","beyondwords_hash":"","publish_post_to_speechkit":"","speechkit_hash":"","speechkit_generate_audio":"","speechkit_project_id":"","speechkit_podcast_id":"","speechkit_error_message":"","speechkit_disabled":"","speechkit_access_key":"","speechkit_error":"","speechkit_info":"","speechkit_response":"","speechkit_retries":"","speechkit_status":"","speechkit_updated_at":"","_speechkit_link":"","_speechkit_text":""},"categories":[1],"tags":[302,228,300,224,301],"class_list":["post-3461","post","type-post","status-publish","format-standard","hentry","category-vallan-mahotonta","tag-eriarvoistuminen","tag-jussi-halla-aho","tag-keskiluokka","tag-kulttuurisodat","tag-lentovero"],"om_views":null,"acf":{"tuuma_off":false,"tuuma_kysymys":"","tuuma_vastaus":""},"asauth":{"required_access_level":1,"share_token":"","is_paid":false},"yoast_head":"<!-- This site is optimized with the Yoast SEO plugin v26.4 - https:\/\/yoast.com\/wordpress\/plugins\/seo\/ -->\n<title>Ilman keskiluokkaa lentovero kiihdytt\u00e4\u00e4 eriarvoistumista - Vallan mahotonta!<\/title>\n<meta name=\"robots\" content=\"index, follow, max-snippet:-1, max-image-preview:large, max-video-preview:-1\" \/>\n<link rel=\"canonical\" href=\"https:\/\/suomenkuvalehti.fi\/vallan-mahotonta\/ilman-keskiluokkaa-lentovero-kiihdyttaa-eriarvoistumista\/\" \/>\n<meta property=\"og:locale\" content=\"fi_FI\" \/>\n<meta property=\"og:type\" content=\"article\" \/>\n<meta property=\"og:title\" content=\"Ilman keskiluokkaa lentovero kiihdytt\u00e4\u00e4 eriarvoistumista - Vallan mahotonta!\" \/>\n<meta property=\"og:description\" content=\"Vallankumous loppuu, oletko valmis?\u00a0\" \/>\n<meta property=\"og:url\" content=\"https:\/\/suomenkuvalehti.fi\/vallan-mahotonta\/ilman-keskiluokkaa-lentovero-kiihdyttaa-eriarvoistumista\/\" \/>\n<meta property=\"og:site_name\" content=\"Vallan mahotonta!\" \/>\n<meta property=\"article:author\" content=\"https:\/\/www.facebook.com\/a.ronkainen\" \/>\n<meta property=\"article:published_time\" content=\"2019-11-07T08:30:35+00:00\" \/>\n<meta property=\"article:modified_time\" content=\"2019-11-08T07:30:47+00:00\" \/>\n<meta property=\"og:image\" content=\"https:\/\/suomenkuvalehti.fi\/vallan-mahotonta\/wp-content\/uploads\/sites\/42\/2018\/05\/antti_j_ronkainen_blogi_pieni.jpg\" \/>\n\t<meta property=\"og:image:width\" content=\"600\" \/>\n\t<meta property=\"og:image:height\" content=\"600\" \/>\n\t<meta property=\"og:image:type\" content=\"image\/jpeg\" \/>\n<meta name=\"author\" content=\"Antti Ronkainen\" \/>\n<meta name=\"twitter:card\" content=\"summary_large_image\" \/>\n<meta name=\"twitter:creator\" content=\"@https:\/\/twitter.com\/anttironkainen\" \/>\n<meta name=\"twitter:label1\" content=\"Written by\" \/>\n\t<meta name=\"twitter:data1\" content=\"Antti Ronkainen\" \/>\n\t<meta name=\"twitter:label2\" content=\"Est. reading time\" \/>\n\t<meta name=\"twitter:data2\" content=\"2 minuuttia\" \/>\n<script type=\"application\/ld+json\" class=\"yoast-schema-graph\">{\"@context\":\"https:\/\/schema.org\",\"@graph\":[{\"@type\":\"WebPage\",\"@id\":\"https:\/\/suomenkuvalehti.fi\/vallan-mahotonta\/ilman-keskiluokkaa-lentovero-kiihdyttaa-eriarvoistumista\/\",\"url\":\"https:\/\/suomenkuvalehti.fi\/vallan-mahotonta\/ilman-keskiluokkaa-lentovero-kiihdyttaa-eriarvoistumista\/\",\"name\":\"Ilman keskiluokkaa lentovero kiihdytt\u00e4\u00e4 eriarvoistumista - Vallan mahotonta!\",\"isPartOf\":{\"@id\":\"https:\/\/suomenkuvalehti.fi\/vallan-mahotonta\/#website\"},\"datePublished\":\"2019-11-07T08:30:35+00:00\",\"dateModified\":\"2019-11-08T07:30:47+00:00\",\"author\":{\"@id\":\"https:\/\/suomenkuvalehti.fi\/vallan-mahotonta\/#\/schema\/person\/aa34015af7a4bce21e1cdcf566bb57b0\"},\"breadcrumb\":{\"@id\":\"https:\/\/suomenkuvalehti.fi\/vallan-mahotonta\/ilman-keskiluokkaa-lentovero-kiihdyttaa-eriarvoistumista\/#breadcrumb\"},\"inLanguage\":\"fi\",\"potentialAction\":[{\"@type\":\"ReadAction\",\"target\":[\"https:\/\/suomenkuvalehti.fi\/vallan-mahotonta\/ilman-keskiluokkaa-lentovero-kiihdyttaa-eriarvoistumista\/\"]}]},{\"@type\":\"BreadcrumbList\",\"@id\":\"https:\/\/suomenkuvalehti.fi\/vallan-mahotonta\/ilman-keskiluokkaa-lentovero-kiihdyttaa-eriarvoistumista\/#breadcrumb\",\"itemListElement\":[{\"@type\":\"ListItem\",\"position\":1,\"name\":\"Home\",\"item\":\"https:\/\/suomenkuvalehti.fi\/vallan-mahotonta\/\"},{\"@type\":\"ListItem\",\"position\":2,\"name\":\"Ilman keskiluokkaa lentovero kiihdytt\u00e4\u00e4 eriarvoistumista\"}]},{\"@type\":\"WebSite\",\"@id\":\"https:\/\/suomenkuvalehti.fi\/vallan-mahotonta\/#website\",\"url\":\"https:\/\/suomenkuvalehti.fi\/vallan-mahotonta\/\",\"name\":\"Vallan mahotonta!\",\"description\":\"Tutkija Antti Ronkainen seuraa maailmantalouden murrosta.\",\"potentialAction\":[{\"@type\":\"SearchAction\",\"target\":{\"@type\":\"EntryPoint\",\"urlTemplate\":\"https:\/\/suomenkuvalehti.fi\/haku\/?q={search_term_string}\"},\"query-input\":{\"@type\":\"PropertyValueSpecification\",\"valueRequired\":true,\"valueName\":\"search_term_string\"}}],\"inLanguage\":\"fi\"},{\"@type\":\"Person\",\"@id\":\"https:\/\/suomenkuvalehti.fi\/vallan-mahotonta\/#\/schema\/person\/aa34015af7a4bce21e1cdcf566bb57b0\",\"name\":\"Antti Ronkainen\",\"image\":{\"@type\":\"ImageObject\",\"inLanguage\":\"fi\",\"@id\":\"https:\/\/suomenkuvalehti.fi\/vallan-mahotonta\/#\/schema\/person\/image\/\",\"url\":\"https:\/\/suomenkuvalehti.fi\/vallan-mahotonta\/wp-content\/uploads\/sites\/42\/2018\/05\/antti_j_ronkainen_blogi_pieni-150x150.jpg\",\"contentUrl\":\"https:\/\/suomenkuvalehti.fi\/vallan-mahotonta\/wp-content\/uploads\/sites\/42\/2018\/05\/antti_j_ronkainen_blogi_pieni-150x150.jpg\",\"caption\":\"Antti Ronkainen\"},\"description\":\"Antti Ronkainen on poliittisen talouden v\u00e4it\u00f6skirjatutkija Helsingin yliopistolla.\",\"sameAs\":[\"http:\/\/anttironkainen.fi\",\"https:\/\/www.facebook.com\/a.ronkainen\",\"https:\/\/www.instagram.com\/antti.ronkainen\/\",\"https:\/\/x.com\/https:\/\/twitter.com\/anttironkainen\"]}]}<\/script>\n<!-- \/ Yoast SEO plugin. -->","yoast_head_json":{"title":"Ilman keskiluokkaa lentovero kiihdytt\u00e4\u00e4 eriarvoistumista - Vallan mahotonta!","robots":{"index":"index","follow":"follow","max-snippet":"max-snippet:-1","max-image-preview":"max-image-preview:large","max-video-preview":"max-video-preview:-1"},"canonical":"https:\/\/suomenkuvalehti.fi\/vallan-mahotonta\/ilman-keskiluokkaa-lentovero-kiihdyttaa-eriarvoistumista\/","og_locale":"fi_FI","og_type":"article","og_title":"Ilman keskiluokkaa lentovero kiihdytt\u00e4\u00e4 eriarvoistumista - Vallan mahotonta!","og_description":"Vallankumous loppuu, oletko valmis?\u00a0","og_url":"https:\/\/suomenkuvalehti.fi\/vallan-mahotonta\/ilman-keskiluokkaa-lentovero-kiihdyttaa-eriarvoistumista\/","og_site_name":"Vallan mahotonta!","article_author":"https:\/\/www.facebook.com\/a.ronkainen","article_published_time":"2019-11-07T08:30:35+00:00","article_modified_time":"2019-11-08T07:30:47+00:00","og_image":[{"width":600,"height":600,"url":"https:\/\/suomenkuvalehti.fi\/vallan-mahotonta\/wp-content\/uploads\/sites\/42\/2018\/05\/antti_j_ronkainen_blogi_pieni.jpg","type":"image\/jpeg"}],"author":"Antti Ronkainen","twitter_card":"summary_large_image","twitter_creator":"@https:\/\/twitter.com\/anttironkainen","twitter_misc":{"Written by":"Antti Ronkainen","Est. reading time":"2 minuuttia"},"schema":{"@context":"https:\/\/schema.org","@graph":[{"@type":"WebPage","@id":"https:\/\/suomenkuvalehti.fi\/vallan-mahotonta\/ilman-keskiluokkaa-lentovero-kiihdyttaa-eriarvoistumista\/","url":"https:\/\/suomenkuvalehti.fi\/vallan-mahotonta\/ilman-keskiluokkaa-lentovero-kiihdyttaa-eriarvoistumista\/","name":"Ilman keskiluokkaa lentovero kiihdytt\u00e4\u00e4 eriarvoistumista - Vallan mahotonta!","isPartOf":{"@id":"https:\/\/suomenkuvalehti.fi\/vallan-mahotonta\/#website"},"datePublished":"2019-11-07T08:30:35+00:00","dateModified":"2019-11-08T07:30:47+00:00","author":{"@id":"https:\/\/suomenkuvalehti.fi\/vallan-mahotonta\/#\/schema\/person\/aa34015af7a4bce21e1cdcf566bb57b0"},"breadcrumb":{"@id":"https:\/\/suomenkuvalehti.fi\/vallan-mahotonta\/ilman-keskiluokkaa-lentovero-kiihdyttaa-eriarvoistumista\/#breadcrumb"},"inLanguage":"fi","potentialAction":[{"@type":"ReadAction","target":["https:\/\/suomenkuvalehti.fi\/vallan-mahotonta\/ilman-keskiluokkaa-lentovero-kiihdyttaa-eriarvoistumista\/"]}]},{"@type":"BreadcrumbList","@id":"https:\/\/suomenkuvalehti.fi\/vallan-mahotonta\/ilman-keskiluokkaa-lentovero-kiihdyttaa-eriarvoistumista\/#breadcrumb","itemListElement":[{"@type":"ListItem","position":1,"name":"Home","item":"https:\/\/suomenkuvalehti.fi\/vallan-mahotonta\/"},{"@type":"ListItem","position":2,"name":"Ilman keskiluokkaa lentovero kiihdytt\u00e4\u00e4 eriarvoistumista"}]},{"@type":"WebSite","@id":"https:\/\/suomenkuvalehti.fi\/vallan-mahotonta\/#website","url":"https:\/\/suomenkuvalehti.fi\/vallan-mahotonta\/","name":"Vallan mahotonta!","description":"Tutkija Antti Ronkainen seuraa maailmantalouden murrosta.","potentialAction":[{"@type":"SearchAction","target":{"@type":"EntryPoint","urlTemplate":"https:\/\/suomenkuvalehti.fi\/haku\/?q={search_term_string}"},"query-input":{"@type":"PropertyValueSpecification","valueRequired":true,"valueName":"search_term_string"}}],"inLanguage":"fi"},{"@type":"Person","@id":"https:\/\/suomenkuvalehti.fi\/vallan-mahotonta\/#\/schema\/person\/aa34015af7a4bce21e1cdcf566bb57b0","name":"Antti Ronkainen","image":{"@type":"ImageObject","inLanguage":"fi","@id":"https:\/\/suomenkuvalehti.fi\/vallan-mahotonta\/#\/schema\/person\/image\/","url":"https:\/\/suomenkuvalehti.fi\/vallan-mahotonta\/wp-content\/uploads\/sites\/42\/2018\/05\/antti_j_ronkainen_blogi_pieni-150x150.jpg","contentUrl":"https:\/\/suomenkuvalehti.fi\/vallan-mahotonta\/wp-content\/uploads\/sites\/42\/2018\/05\/antti_j_ronkainen_blogi_pieni-150x150.jpg","caption":"Antti Ronkainen"},"description":"Antti Ronkainen on poliittisen talouden v\u00e4it\u00f6skirjatutkija Helsingin yliopistolla.","sameAs":["http:\/\/anttironkainen.fi","https:\/\/www.facebook.com\/a.ronkainen","https:\/\/www.instagram.com\/antti.ronkainen\/","https:\/\/x.com\/https:\/\/twitter.com\/anttironkainen"]}]}},"_links":{"self":[{"href":"https:\/\/suomenkuvalehti.fi\/vallan-mahotonta\/wp-json\/wp\/v2\/posts\/3461","targetHints":{"allow":["GET"]}}],"collection":[{"href":"https:\/\/suomenkuvalehti.fi\/vallan-mahotonta\/wp-json\/wp\/v2\/posts"}],"about":[{"href":"https:\/\/suomenkuvalehti.fi\/vallan-mahotonta\/wp-json\/wp\/v2\/types\/post"}],"author":[{"embeddable":true,"href":"https:\/\/suomenkuvalehti.fi\/vallan-mahotonta\/wp-json\/wp\/v2\/users\/37967"}],"replies":[{"embeddable":true,"href":"https:\/\/suomenkuvalehti.fi\/vallan-mahotonta\/wp-json\/wp\/v2\/comments?post=3461"}],"version-history":[{"count":27,"href":"https:\/\/suomenkuvalehti.fi\/vallan-mahotonta\/wp-json\/wp\/v2\/posts\/3461\/revisions"}],"predecessor-version":[{"id":3488,"href":"https:\/\/suomenkuvalehti.fi\/vallan-mahotonta\/wp-json\/wp\/v2\/posts\/3461\/revisions\/3488"}],"wp:attachment":[{"href":"https:\/\/suomenkuvalehti.fi\/vallan-mahotonta\/wp-json\/wp\/v2\/media?parent=3461"}],"wp:term":[{"taxonomy":"category","embeddable":true,"href":"https:\/\/suomenkuvalehti.fi\/vallan-mahotonta\/wp-json\/wp\/v2\/categories?post=3461"},{"taxonomy":"post_tag","embeddable":true,"href":"https:\/\/suomenkuvalehti.fi\/vallan-mahotonta\/wp-json\/wp\/v2\/tags?post=3461"}],"curies":[{"name":"wp","href":"https:\/\/api.w.org\/{rel}","templated":true}]}}