{"id":2944,"date":"2019-07-08T07:32:41","date_gmt":"2019-07-08T04:32:41","guid":{"rendered":"https:\/\/suomenkuvalehti.fi\/vallan-mahotonta\/?p=2944"},"modified":"2019-07-08T07:35:31","modified_gmt":"2019-07-08T04:35:31","slug":"loppuiko-kreikan-populismi","status":"publish","type":"post","link":"https:\/\/suomenkuvalehti.fi\/vallan-mahotonta\/loppuiko-kreikan-populismi\/","title":{"rendered":"Loppuiko Kreikan populismi Alexis Tsiprasiin?"},"content":{"rendered":"\n<p><span class=\"capitalized\">Kreikka<\/span> on Euroopan viimeisi\u00e4 kaksipuoluej\u00e4rjestelmi\u00e4.<\/p>\n\n\n\n<p>Vaalit voittaneen Uuden demokratian ja toiseksi j\u00e4\u00e4neen Syrizan <a href=\"https:\/\/ekloges.ypes.gr\/current\/v\/home\/en\/\">kannatus<\/a> on yhteens\u00e4 yli 70 prosenttia.&nbsp;T\u00e4m\u00e4 on h\u00e4kellytt\u00e4v\u00e4\u00e4 ottaen huomioon, ett\u00e4 Kreikka on juuri k\u00e4ynyt l\u00e4pi <a href=\"https:\/\/www.vox.com\/2015\/7\/1\/8871509\/greece-charts\">1930-luvun lamaa <strong>syvemm\u00e4n<\/strong> talouskriisin<\/a>.<\/p>\n\n\n\n<p>Valtapuolueita suojaa dynastinen vaalitapa, jossa suurin puolue saa ylim\u00e4\u00e4r\u00e4iset 50 (!) kansanedustajaa. Eiliset vaalit voittanut&nbsp;<strong>Kyriakos Mitsotakis<\/strong> saa muodostaa hallituksensa siis yksin.<\/p>\n\n\n\n<p>Tulos oli kuitenkin v\u00e4istyv\u00e4lle p\u00e4\u00e4ministeri <strong>Alexis Tsiprasille<\/strong> erinomainen. Syrizan kannatus laski vain 5 prosenttiyksikk\u00f6\u00e4, mik\u00e4 on pieni ihme huomioiden Tsiprasin k\u00e4\u00e4nnetty\u00e4 takkinsa l\u00e4hes kaikkien vaalilupaustensa suhteen. Tsipras haki troikalta tukipaketin, vaikka oli itse j\u00e4rjest\u00e4nyt kansan\u00e4\u00e4nestyksen sen kumoamisesta. H\u00e4n runnoi paketin parlamentissa l\u00e4pi valtaan nousevan Uuden demokratian tuella ja erotti puolueesta vastaan \u00e4\u00e4nest\u00e4neet kansanedustajat.<\/p>\n\n\n\n<p>Kreikan tukipakettien my\u00f6t\u00e4 Kreikka on sitoutunut&nbsp;tekem\u00e4\u00e4n ylij\u00e4\u00e4m\u00e4isi\u00e4 budjetteja seuraavat 40 vuotta (!!)&nbsp;vuoteen 2059 asti, jolloin sen pit\u00e4isi olla maksanut <a href=\"https:\/\/graphics.wsj.com\/greece-debt-timeline\/\">tukipakettivelkansa pois<\/a>. Siihen asti my\u00f6s velkojat syyn\u00e4\u00e4v\u00e4t Kreikan tekemisi\u00e4 (enemm\u00e4n tai v\u00e4hemm\u00e4n huonolla menestyksell\u00e4), joten Kreikassa vaalit tulevat olemaan viel\u00e4 pitk\u00e4\u00e4n varsin suhteellinen asia.<\/p>\n\n\n\n<p>Eiliset vaalit osoittavat, ett\u00e4&nbsp;Tsipras on nostanut kaikesta huolimatta Syrizan maan toiseksi suureksi puolueeksi sosiaalidemokraattien romahdettua. Tsipras on k\u00e4velev\u00e4 poliittinen oxymoroni, jonka poliittinen perint\u00f6 on ideologinen tyhjyys ja kameleonttisuus, kuten alla olevassa viestiketjussa summataan:<\/p>\n\n\n\n<p><blockquote class=\"twitter-tweet\" data-width=\"550\" data-dnt=\"true\"><p lang=\"en\" dir=\"ltr\">1\/ Tsipras\u2019s era in Greece, an obituary: political scientists in the future will be studying the Syriza phenomenon as one of the rare cases of an \u201cempty signifier\u201d party. Contrary to common misunderstandings, Tsipras isn\u2019t partisan. In fact, ideological emptiness is his key trait<\/p>&mdash; Nikos Chrysoloras (@nchrysoloras) <a href=\"https:\/\/twitter.com\/nchrysoloras\/status\/1147928886321303552?ref_src=twsrc%5Etfw\">July 7, 2019<\/a><\/blockquote><script async src=\"https:\/\/platform.twitter.com\/widgets.js\" charset=\"utf-8\"><\/script><\/p>\n\n\n\n<p>Toinen merkitt\u00e4v\u00e4 tulos eilisiss\u00e4 vaaleissa oli, ett\u00e4 Kultainen aamunkoitto putosi Kreikan parlamentista. Neonatsipuolue nousi parlamenttiin 2012, mutta sen kannatus ei vaaleissa noussut koskaan 7 prosenttia korkeammalle.<\/p>\n\n\n\n<p>Kolmas mielenkiintoinen tulos on, ett\u00e4&nbsp;Tsiprasin valtiovarainministerin\u00e4 toiminut <strong>Yanis Varoufakis<\/strong> nousi parlamenttiin omalla pan-eurooppalaisella Mera25-liikkeell\u00e4\u00e4n. <a href=\"https:\/\/jacobinmag.com\/2019\/06\/yanis-varoufakis-interview-greece-european-elections\">Varoufakisin mukaan<\/a>&nbsp;Mera25 tulee olemaan Kreikan todellinen talouskurin ja velkaorjuuden vastainen oppositio. Tsiprasin ja Varoufakisin taistelu Kreikan oppositiojohtajan asemasta tuleekin olemaan kutkuttavaa seurattavaa.<\/p>\n\n\n\n<p>Loppuiko Kreikan populismi siis Alexis Tsiprasiin?<\/p>\n\n\n\n<p>T\u00e4h\u00e4n vaikuttaa oleellisesti,&nbsp;s\u00e4ilytet\u00e4\u00e4nk\u00f6 maan dynastinen vaalitapa.<\/p>\n\n\n\n<p>Jos winner takes it all -vaalij\u00e4rjestelm\u00e4st\u00e4 luovutaan, yhteiskunnallinen protesti kumpuaa poliittisen polarisaation, identiteettipolitiikan ja riitelevien koalitiohallitusten muodossa.&nbsp;Jos dynastiat s\u00e4ilytet\u00e4\u00e4n, seuraava protesti voi kummuta jommankumman valtapuolueen sis\u00e4lt\u00e4.&nbsp;Yhdysvalloissa se on esimerkiksi ollut <strong>Donald Trump <\/strong>ja&nbsp;Iso-Britanniassa <strong>Boris Johnson<\/strong>.<\/p>\n\n\n\n<p>Vai nouseeko Tsipras kuitenkin valtaan taas nelj\u00e4n vuoden kuluttua?<\/p>\n\n\n","protected":false},"excerpt":{"rendered":"<p>Kreikka on Euroopan viimeinen kaksipuoluej\u00e4rjestelm\u00e4. <\/p>\n","protected":false},"author":37967,"featured_media":0,"comment_status":"open","ping_status":"open","sticky":false,"template":"","format":"standard","meta":{"_acf_changed":false,"asauth_required_access_level":3,"asauth_cansharepaid":"true","om_header_attributes":[],"footnotes":"","om_featured_image_focal_point":[],"om_primary_tag":0,"om_contributors":[],"om_co_authors":[],"beyondwords_generate_audio":"","beyondwords_project_id":"","beyondwords_content_id":"","beyondwords_preview_token":"","beyondwords_player_content":"","beyondwords_player_style":"","beyondwords_language_code":"","beyondwords_language_id":"","beyondwords_title_voice_id":"","beyondwords_body_voice_id":"","beyondwords_summary_voice_id":"","beyondwords_error_message":"","beyondwords_disabled":"","beyondwords_delete_content":"","beyondwords_podcast_id":"","beyondwords_hash":"","publish_post_to_speechkit":"","speechkit_hash":"","speechkit_generate_audio":"","speechkit_project_id":"","speechkit_podcast_id":"","speechkit_error_message":"","speechkit_disabled":"","speechkit_access_key":"","speechkit_error":"","speechkit_info":"","speechkit_response":"","speechkit_retries":"","speechkit_status":"","speechkit_updated_at":"","_speechkit_link":"","_speechkit_text":""},"categories":[1],"tags":[203,131,257,117],"class_list":["post-2944","post","type-post","status-publish","format-standard","hentry","category-vallan-mahotonta","tag-alexis-tsipras","tag-kreikka","tag-kyriakos-mitsotakis","tag-yanis-varoufakis"],"om_views":null,"acf":{"tuuma_off":false,"tuuma_kysymys":"","tuuma_vastaus":""},"asauth":{"required_access_level":1,"share_token":"","is_paid":false},"yoast_head":"<!-- This site is optimized with the Yoast SEO plugin v26.4 - https:\/\/yoast.com\/wordpress\/plugins\/seo\/ -->\n<title>Loppuiko Kreikan populismi Alexis Tsiprasiin? - Vallan mahotonta!<\/title>\n<meta name=\"robots\" content=\"index, follow, max-snippet:-1, max-image-preview:large, max-video-preview:-1\" \/>\n<link rel=\"canonical\" href=\"https:\/\/suomenkuvalehti.fi\/vallan-mahotonta\/loppuiko-kreikan-populismi\/\" \/>\n<meta property=\"og:locale\" content=\"fi_FI\" \/>\n<meta property=\"og:type\" content=\"article\" \/>\n<meta property=\"og:title\" content=\"Loppuiko Kreikan populismi Alexis Tsiprasiin? - Vallan mahotonta!\" \/>\n<meta property=\"og:description\" content=\"Kreikka on Euroopan viimeinen kaksipuoluej\u00e4rjestelm\u00e4.\" \/>\n<meta property=\"og:url\" content=\"https:\/\/suomenkuvalehti.fi\/vallan-mahotonta\/loppuiko-kreikan-populismi\/\" \/>\n<meta property=\"og:site_name\" content=\"Vallan mahotonta!\" \/>\n<meta property=\"article:author\" content=\"https:\/\/www.facebook.com\/a.ronkainen\" \/>\n<meta property=\"article:published_time\" content=\"2019-07-08T04:32:41+00:00\" \/>\n<meta property=\"article:modified_time\" content=\"2019-07-08T04:35:31+00:00\" \/>\n<meta property=\"og:image\" content=\"https:\/\/suomenkuvalehti.fi\/vallan-mahotonta\/wp-content\/uploads\/sites\/42\/2018\/05\/antti_j_ronkainen_blogi_pieni.jpg\" \/>\n\t<meta property=\"og:image:width\" content=\"600\" \/>\n\t<meta property=\"og:image:height\" content=\"600\" \/>\n\t<meta property=\"og:image:type\" content=\"image\/jpeg\" \/>\n<meta name=\"author\" content=\"Antti Ronkainen\" \/>\n<meta name=\"twitter:card\" content=\"summary_large_image\" \/>\n<meta name=\"twitter:creator\" content=\"@https:\/\/twitter.com\/anttironkainen\" \/>\n<meta name=\"twitter:label1\" content=\"Written by\" \/>\n\t<meta name=\"twitter:data1\" content=\"Antti Ronkainen\" \/>\n\t<meta name=\"twitter:label2\" content=\"Est. reading time\" \/>\n\t<meta name=\"twitter:data2\" content=\"2 minuuttia\" \/>\n<script type=\"application\/ld+json\" class=\"yoast-schema-graph\">{\"@context\":\"https:\/\/schema.org\",\"@graph\":[{\"@type\":\"WebPage\",\"@id\":\"https:\/\/suomenkuvalehti.fi\/vallan-mahotonta\/loppuiko-kreikan-populismi\/\",\"url\":\"https:\/\/suomenkuvalehti.fi\/vallan-mahotonta\/loppuiko-kreikan-populismi\/\",\"name\":\"Loppuiko Kreikan populismi Alexis Tsiprasiin? - Vallan mahotonta!\",\"isPartOf\":{\"@id\":\"https:\/\/suomenkuvalehti.fi\/vallan-mahotonta\/#website\"},\"datePublished\":\"2019-07-08T04:32:41+00:00\",\"dateModified\":\"2019-07-08T04:35:31+00:00\",\"author\":{\"@id\":\"https:\/\/suomenkuvalehti.fi\/vallan-mahotonta\/#\/schema\/person\/aa34015af7a4bce21e1cdcf566bb57b0\"},\"breadcrumb\":{\"@id\":\"https:\/\/suomenkuvalehti.fi\/vallan-mahotonta\/loppuiko-kreikan-populismi\/#breadcrumb\"},\"inLanguage\":\"fi\",\"potentialAction\":[{\"@type\":\"ReadAction\",\"target\":[\"https:\/\/suomenkuvalehti.fi\/vallan-mahotonta\/loppuiko-kreikan-populismi\/\"]}]},{\"@type\":\"BreadcrumbList\",\"@id\":\"https:\/\/suomenkuvalehti.fi\/vallan-mahotonta\/loppuiko-kreikan-populismi\/#breadcrumb\",\"itemListElement\":[{\"@type\":\"ListItem\",\"position\":1,\"name\":\"Home\",\"item\":\"https:\/\/suomenkuvalehti.fi\/vallan-mahotonta\/\"},{\"@type\":\"ListItem\",\"position\":2,\"name\":\"Loppuiko Kreikan populismi Alexis Tsiprasiin?\"}]},{\"@type\":\"WebSite\",\"@id\":\"https:\/\/suomenkuvalehti.fi\/vallan-mahotonta\/#website\",\"url\":\"https:\/\/suomenkuvalehti.fi\/vallan-mahotonta\/\",\"name\":\"Vallan mahotonta!\",\"description\":\"Tutkija Antti Ronkainen seuraa maailmantalouden murrosta.\",\"potentialAction\":[{\"@type\":\"SearchAction\",\"target\":{\"@type\":\"EntryPoint\",\"urlTemplate\":\"https:\/\/suomenkuvalehti.fi\/haku\/?q={search_term_string}\"},\"query-input\":{\"@type\":\"PropertyValueSpecification\",\"valueRequired\":true,\"valueName\":\"search_term_string\"}}],\"inLanguage\":\"fi\"},{\"@type\":\"Person\",\"@id\":\"https:\/\/suomenkuvalehti.fi\/vallan-mahotonta\/#\/schema\/person\/aa34015af7a4bce21e1cdcf566bb57b0\",\"name\":\"Antti Ronkainen\",\"image\":{\"@type\":\"ImageObject\",\"inLanguage\":\"fi\",\"@id\":\"https:\/\/suomenkuvalehti.fi\/vallan-mahotonta\/#\/schema\/person\/image\/\",\"url\":\"https:\/\/suomenkuvalehti.fi\/vallan-mahotonta\/wp-content\/uploads\/sites\/42\/2018\/05\/antti_j_ronkainen_blogi_pieni-150x150.jpg\",\"contentUrl\":\"https:\/\/suomenkuvalehti.fi\/vallan-mahotonta\/wp-content\/uploads\/sites\/42\/2018\/05\/antti_j_ronkainen_blogi_pieni-150x150.jpg\",\"caption\":\"Antti Ronkainen\"},\"description\":\"Antti Ronkainen on poliittisen talouden v\u00e4it\u00f6skirjatutkija Helsingin yliopistolla.\",\"sameAs\":[\"http:\/\/anttironkainen.fi\",\"https:\/\/www.facebook.com\/a.ronkainen\",\"https:\/\/www.instagram.com\/antti.ronkainen\/\",\"https:\/\/x.com\/https:\/\/twitter.com\/anttironkainen\"]}]}<\/script>\n<!-- \/ Yoast SEO plugin. -->","yoast_head_json":{"title":"Loppuiko Kreikan populismi Alexis Tsiprasiin? - Vallan mahotonta!","robots":{"index":"index","follow":"follow","max-snippet":"max-snippet:-1","max-image-preview":"max-image-preview:large","max-video-preview":"max-video-preview:-1"},"canonical":"https:\/\/suomenkuvalehti.fi\/vallan-mahotonta\/loppuiko-kreikan-populismi\/","og_locale":"fi_FI","og_type":"article","og_title":"Loppuiko Kreikan populismi Alexis Tsiprasiin? - Vallan mahotonta!","og_description":"Kreikka on Euroopan viimeinen kaksipuoluej\u00e4rjestelm\u00e4.","og_url":"https:\/\/suomenkuvalehti.fi\/vallan-mahotonta\/loppuiko-kreikan-populismi\/","og_site_name":"Vallan mahotonta!","article_author":"https:\/\/www.facebook.com\/a.ronkainen","article_published_time":"2019-07-08T04:32:41+00:00","article_modified_time":"2019-07-08T04:35:31+00:00","og_image":[{"width":600,"height":600,"url":"https:\/\/suomenkuvalehti.fi\/vallan-mahotonta\/wp-content\/uploads\/sites\/42\/2018\/05\/antti_j_ronkainen_blogi_pieni.jpg","type":"image\/jpeg"}],"author":"Antti Ronkainen","twitter_card":"summary_large_image","twitter_creator":"@https:\/\/twitter.com\/anttironkainen","twitter_misc":{"Written by":"Antti Ronkainen","Est. reading time":"2 minuuttia"},"schema":{"@context":"https:\/\/schema.org","@graph":[{"@type":"WebPage","@id":"https:\/\/suomenkuvalehti.fi\/vallan-mahotonta\/loppuiko-kreikan-populismi\/","url":"https:\/\/suomenkuvalehti.fi\/vallan-mahotonta\/loppuiko-kreikan-populismi\/","name":"Loppuiko Kreikan populismi Alexis Tsiprasiin? - Vallan mahotonta!","isPartOf":{"@id":"https:\/\/suomenkuvalehti.fi\/vallan-mahotonta\/#website"},"datePublished":"2019-07-08T04:32:41+00:00","dateModified":"2019-07-08T04:35:31+00:00","author":{"@id":"https:\/\/suomenkuvalehti.fi\/vallan-mahotonta\/#\/schema\/person\/aa34015af7a4bce21e1cdcf566bb57b0"},"breadcrumb":{"@id":"https:\/\/suomenkuvalehti.fi\/vallan-mahotonta\/loppuiko-kreikan-populismi\/#breadcrumb"},"inLanguage":"fi","potentialAction":[{"@type":"ReadAction","target":["https:\/\/suomenkuvalehti.fi\/vallan-mahotonta\/loppuiko-kreikan-populismi\/"]}]},{"@type":"BreadcrumbList","@id":"https:\/\/suomenkuvalehti.fi\/vallan-mahotonta\/loppuiko-kreikan-populismi\/#breadcrumb","itemListElement":[{"@type":"ListItem","position":1,"name":"Home","item":"https:\/\/suomenkuvalehti.fi\/vallan-mahotonta\/"},{"@type":"ListItem","position":2,"name":"Loppuiko Kreikan populismi Alexis Tsiprasiin?"}]},{"@type":"WebSite","@id":"https:\/\/suomenkuvalehti.fi\/vallan-mahotonta\/#website","url":"https:\/\/suomenkuvalehti.fi\/vallan-mahotonta\/","name":"Vallan mahotonta!","description":"Tutkija Antti Ronkainen seuraa maailmantalouden murrosta.","potentialAction":[{"@type":"SearchAction","target":{"@type":"EntryPoint","urlTemplate":"https:\/\/suomenkuvalehti.fi\/haku\/?q={search_term_string}"},"query-input":{"@type":"PropertyValueSpecification","valueRequired":true,"valueName":"search_term_string"}}],"inLanguage":"fi"},{"@type":"Person","@id":"https:\/\/suomenkuvalehti.fi\/vallan-mahotonta\/#\/schema\/person\/aa34015af7a4bce21e1cdcf566bb57b0","name":"Antti Ronkainen","image":{"@type":"ImageObject","inLanguage":"fi","@id":"https:\/\/suomenkuvalehti.fi\/vallan-mahotonta\/#\/schema\/person\/image\/","url":"https:\/\/suomenkuvalehti.fi\/vallan-mahotonta\/wp-content\/uploads\/sites\/42\/2018\/05\/antti_j_ronkainen_blogi_pieni-150x150.jpg","contentUrl":"https:\/\/suomenkuvalehti.fi\/vallan-mahotonta\/wp-content\/uploads\/sites\/42\/2018\/05\/antti_j_ronkainen_blogi_pieni-150x150.jpg","caption":"Antti Ronkainen"},"description":"Antti Ronkainen on poliittisen talouden v\u00e4it\u00f6skirjatutkija Helsingin yliopistolla.","sameAs":["http:\/\/anttironkainen.fi","https:\/\/www.facebook.com\/a.ronkainen","https:\/\/www.instagram.com\/antti.ronkainen\/","https:\/\/x.com\/https:\/\/twitter.com\/anttironkainen"]}]}},"_links":{"self":[{"href":"https:\/\/suomenkuvalehti.fi\/vallan-mahotonta\/wp-json\/wp\/v2\/posts\/2944","targetHints":{"allow":["GET"]}}],"collection":[{"href":"https:\/\/suomenkuvalehti.fi\/vallan-mahotonta\/wp-json\/wp\/v2\/posts"}],"about":[{"href":"https:\/\/suomenkuvalehti.fi\/vallan-mahotonta\/wp-json\/wp\/v2\/types\/post"}],"author":[{"embeddable":true,"href":"https:\/\/suomenkuvalehti.fi\/vallan-mahotonta\/wp-json\/wp\/v2\/users\/37967"}],"replies":[{"embeddable":true,"href":"https:\/\/suomenkuvalehti.fi\/vallan-mahotonta\/wp-json\/wp\/v2\/comments?post=2944"}],"version-history":[{"count":18,"href":"https:\/\/suomenkuvalehti.fi\/vallan-mahotonta\/wp-json\/wp\/v2\/posts\/2944\/revisions"}],"predecessor-version":[{"id":2963,"href":"https:\/\/suomenkuvalehti.fi\/vallan-mahotonta\/wp-json\/wp\/v2\/posts\/2944\/revisions\/2963"}],"wp:attachment":[{"href":"https:\/\/suomenkuvalehti.fi\/vallan-mahotonta\/wp-json\/wp\/v2\/media?parent=2944"}],"wp:term":[{"taxonomy":"category","embeddable":true,"href":"https:\/\/suomenkuvalehti.fi\/vallan-mahotonta\/wp-json\/wp\/v2\/categories?post=2944"},{"taxonomy":"post_tag","embeddable":true,"href":"https:\/\/suomenkuvalehti.fi\/vallan-mahotonta\/wp-json\/wp\/v2\/tags?post=2944"}],"curies":[{"name":"wp","href":"https:\/\/api.w.org\/{rel}","templated":true}]}}