{"id":262,"date":"2017-11-13T14:55:15","date_gmt":"2017-11-13T12:55:15","guid":{"rendered":"https:\/\/suomenkuvalehti.fi\/vallan-mahotonta\/?p=262"},"modified":"2017-11-13T14:55:15","modified_gmt":"2017-11-13T12:55:15","slug":"arvio-onko-alex-itse-asiassa-vaalikirja","status":"publish","type":"post","link":"https:\/\/suomenkuvalehti.fi\/vallan-mahotonta\/arvio-onko-alex-itse-asiassa-vaalikirja\/","title":{"rendered":"Arvio: Onko Alex itse asiassa vaalikirja?"},"content":{"rendered":"\n<p><span style=\"font-weight: 400;\">Kirja-arvio: Karo H\u00e4m\u00e4l\u00e4inen ja Alexander Stubb: <em>Alex<\/em>. Otava 2017, 312 sivua. * * *&nbsp;<\/span><\/p>\n\n\n\n<p><b>Alexander Stubbin<\/b><span style=\"font-weight: 400;\"> muistelmien nostaminen Tieto-Finlandia-ehdokkaaksi on aiheuttanut <\/span><a href=\"https:\/\/www.is.fi\/kotimaa\/art-2000005439695.html\"><span style=\"font-weight: 400;\">n\u00e4r\u00e4\u00e4<\/span><\/a><span style=\"font-weight: 400;\"> &#8211; kuten melkein kaikki Stubbin tekemiset. Valinta h\u00e4rn\u00e4nnee siksi, ett\u00e4 <\/span><i><span style=\"font-weight: 400;\">Alexin<\/span><\/i><span style=\"font-weight: 400;\"> tarjoama tieto koskee enimm\u00e4kseen Stubbin tunteita ja energiatasoja. <\/span><\/p>\n\n\n\n<p><a href=\"http:\/\/politiikasta.fi\/hamalainen-stubb-hyvalla-mutta-pinnallisella-sykkeella\/\"><span style=\"font-weight: 400;\">Pinnallisuudestaan<\/span><\/a><span style=\"font-weight: 400;\"> huolimatta teos on merkitt\u00e4v\u00e4, sill\u00e4 se kertoo yhden Suomen menestyneimm\u00e4n poliitikon toimintatavoista. Stubb on uudistanut diplomatiaa Saarisel\u00e4n retriiteill\u00e4 ja vienninedist\u00e4mist\u00e4 Team Finlandilla sek\u00e4 avannut suurl\u00e4hettil\u00e4sp\u00e4iv\u00e4t yleis\u00f6lle. Ennen kaikkea Stubb on uudistanut poliitikon muotokuvaa energisell\u00e4 asenteella sek\u00e4 lis\u00e4nnyt avoimuutta blogilla ja Twitterill\u00e4. <\/span><\/p>\n\n\n\n<blockquote class=\"wp-block-quote\">\n<p><em><span style=\"font-weight: 400;\">&#8221;Tulen aina puolustamaan median oikeutta kritisoida, analysoida ja haastaa poliitikkoja. Ilman vapaata ja kriittist\u00e4 mediaa ei ole demokratiaa.<\/span>&#8221;<\/em><\/p>\n<\/blockquote>\n\n\n\n<p><span style=\"font-weight: 400;\"><span class=\"capitalized\">Stubbin mukaan<\/span> suomalaisen demokratian l\u00e4ht\u00f6kohta on, ett\u00e4 kaikki toivovat p\u00e4\u00e4ministerin ep\u00e4onnistuvan. H\u00e4n seuraa ensin s\u00e4\u00e4lien vierest\u00e4, miten <\/span><b>Jyrki Kataista<\/b><span style=\"font-weight: 400;\"> hakataan kuin vierasta sikaa ja kuvaa sen j\u00e4lkeen, milt\u00e4 tuntuu olla milloin mink\u00e4kin kohun keskell\u00e4 ilke\u00e4mielisten maalitauluna. <\/span><\/p>\n\n\n\n<p><span style=\"font-weight: 400;\">Teoksen mielenkiintoisin avaus onkin Stubbin esitys, ett\u00e4 puoluejohtajat lakkaisivat ottamasta painavimmat ministerisalkut. <\/span><\/p>\n\n\n\n<p><span style=\"font-weight: 400;\">T\u00e4m\u00e4 voisi jouhevoittaa Suomen politiikkaa, jossa hallitukset ovat laajoja koalitiohallituksia. Puoluejohtajat <\/span><span style=\"font-weight: 400;\">joutuvat v\u00e4\u00e4nt\u00e4m\u00e4\u00e4n paitsi kesken\u00e4\u00e4n, mutta my\u00f6s opposition, median ja omien puolueidensa oppositioiden kanssa.<\/span><\/p>\n\n\n\n<p><span style=\"font-weight: 400;\">Stubb olisi voinut luopua t\u00e4st\u00e4 perinteest\u00e4 vuoden 2015 eduskuntavaalien j\u00e4lkeen. H\u00e4n olisi voinut luvata raskaimman salkun esimerkiksi <\/span><b>Jan Vapaavuorelle<\/b><span style=\"font-weight: 400;\">, joka oli asettanut valtiovarainministerin salkun ehdoksi eduskuntavaaleihin l\u00e4hd\u00f6lle. <\/span><\/p>\n\n\n\n<p><span style=\"font-weight: 400;\">S\u00e4\u00e4li, ettei teoksessa reflektoida tarkemmin, miksi Stubb p\u00e4\u00e4tyi lopulta ottamaan painavimman salkun, joka k\u00e4vi lopulta h\u00e4nen kohtalokseen. Teoksesta j\u00e4\u00e4 vaikutelma, ett\u00e4 vaikka Stubbin filosofia perustuu korkeaan joukkuehenkeen ja urheilueetokseen, puolueen johtaminen ei lopulta ollut Stubbin juttu. <\/span><\/p>\n\n\n\n<blockquote class=\"wp-block-quote\">\n<p><em><span style=\"font-weight: 400;\">\u201cAnnoin Petterille kolme neuvoa: ole tarkka prosenttilukujen kanssa, k\u00e4yt\u00e4 shortseja s\u00e4\u00e4stellen, ja jos lapsi pyyt\u00e4\u00e4, mene aina tikkatauluksi.\u201d<\/span><\/em><\/p>\n<\/blockquote>\n\n\n\n<p><span style=\"font-weight: 400;\"><span class=\"capitalized\">Muistelmien perusteella<\/span> Stubb on ollut onnellisimmillaan, kun h\u00e4n on saanut edustaa Suomea ulkoministerin\u00e4 ja edist\u00e4\u00e4 Suomen vienti\u00e4 ulkomaankauppaministerin\u00e4.<\/span><\/p>\n\n\n\n<p><span style=\"font-weight: 400;\">Kiinnostavaa onkin, miten usein&nbsp;<em>Alexissa<\/em>&nbsp;alleviivataan Stubbin is\u00e4nmaallisuutta. Stubb sanoo palvelleensa ministerin\u00e4 3000 p\u00e4iv\u00e4\u00e4 (ja 300 miljoonaa syd\u00e4menly\u00f6nti\u00e4) ensisijaisesti is\u00e4nmaata ja olleensa vasta toissijaisesti is\u00e4, puoliso ja yst\u00e4v\u00e4. <\/span><\/p>\n\n\n\n<p><span style=\"font-weight: 400;\">T\u00e4m\u00e4 on selke\u00e4 profiilin muutos nuoresta EU-her\u00e4tyksen kokeneesta federalistista.<\/span><\/p>\n\n\n\n<p>Presidentti <strong>Sauli Niinist\u00f6n<\/strong> tavoin Stubb on l\u00e4htenyt Euroopan investointipankin varajohtajaksi.&nbsp;<span style=\"font-weight: 400;\">Stubb on toistaiseksi j\u00e4tt\u00e4nyt kotimaan politiikan, mutta teoksen perusteella ei olisi ihme, jos Stubb palaisi jonain p\u00e4iv\u00e4n\u00e4 kokoomuksen presidenttiehdokkaaksi. <\/span><\/p>\n\n\n\n<p><span style=\"font-weight: 400;\">Presidenttin\u00e4 Stubb olisi j\u00e4lleen unelmaduunissa, jossa h\u00e4n saisi antaa kasvot Suomelle. <\/span><span style=\"font-weight: 400;\">Teos p\u00e4\u00e4ttyy vihjailevasti: <\/span><\/p>\n\n\n\n<blockquote class=\"wp-block-quote\">\n<p><em><span style=\"font-weight: 400;\">\u201cKun is\u00e4nmaa kutsuu, silloin menn\u00e4\u00e4n.\u201d<\/span><\/em><\/p>\n<\/blockquote>\n\n\n\n<p><span style=\"font-weight: 400;\">Vaikka teos ei sis\u00e4ll\u00e4 uutta tietoa Suomen politiikasta, <\/span><i><span style=\"font-weight: 400;\">Alex<\/span><\/i><span style=\"font-weight: 400;\"> on suositeltavaa luettavaa my\u00f6s politiikan suurkuluttajille. <\/span><span style=\"font-weight: 400;\">Stubbilla on ollut koko uransa aikana vahva vainu siit\u00e4, miten poliittista julkisivua hallitaan.&nbsp;<i>Alex<\/i> on pyrkimys poistua arvokkaasti n\u00e4ytt\u00e4m\u00f6lt\u00e4 viimeisten vuosien ep\u00e4onnistumisten ja kohujen j\u00e4lkeen. <\/span><\/p>\n\n\n\n<p><span style=\"font-weight: 400;\"><em>Alex<\/em> onnistuu tavoitteessaan ja on taidonn\u00e4yte&nbsp;<\/span>mediahallinnasta.<\/p>\n\n\n\n<p>Samalla <em>Alex<\/em> uudistaa poliittisen muistamisen tapoja.&nbsp;<\/p>\n\n\n","protected":false},"excerpt":{"rendered":"<p>Alexander Stubb on politiikan tekemisen uudistaja ja Alex uudistaa my\u00f6s poliittisia muistelmia.<\/p>\n","protected":false},"author":37967,"featured_media":0,"comment_status":"open","ping_status":"open","sticky":false,"template":"","format":"standard","meta":{"_acf_changed":false,"asauth_required_access_level":3,"asauth_cansharepaid":"true","om_header_attributes":[],"footnotes":"","om_featured_image_focal_point":[],"om_primary_tag":0,"om_contributors":[],"om_co_authors":[],"beyondwords_generate_audio":"","beyondwords_project_id":"","beyondwords_content_id":"","beyondwords_preview_token":"","beyondwords_player_content":"","beyondwords_player_style":"","beyondwords_language_code":"","beyondwords_language_id":"","beyondwords_title_voice_id":"","beyondwords_body_voice_id":"","beyondwords_summary_voice_id":"","beyondwords_error_message":"","beyondwords_disabled":"","beyondwords_delete_content":"","beyondwords_podcast_id":"","beyondwords_hash":"","publish_post_to_speechkit":"","speechkit_hash":"","speechkit_generate_audio":"","speechkit_project_id":"","speechkit_podcast_id":"","speechkit_error_message":"","speechkit_disabled":"","speechkit_access_key":"","speechkit_error":"","speechkit_info":"","speechkit_response":"","speechkit_retries":"","speechkit_status":"","speechkit_updated_at":"","_speechkit_link":"","_speechkit_text":""},"categories":[1],"tags":[46,7,48,50,47,49,17],"class_list":["post-262","post","type-post","status-publish","format-standard","hentry","category-vallan-mahotonta","tag-alexander-stubb","tag-eu","tag-jan-vapaavuori","tag-kokoomus","tag-muistelmat","tag-sauli-niinisto","tag-suomi"],"om_views":null,"acf":{"tuuma_off":false,"tuuma_kysymys":"","tuuma_vastaus":""},"asauth":{"required_access_level":1,"share_token":"","is_paid":false},"yoast_head":"<!-- This site is optimized with the Yoast SEO plugin v26.4 - https:\/\/yoast.com\/wordpress\/plugins\/seo\/ -->\n<title>Arvio: Onko Alex itse asiassa vaalikirja? - Vallan mahotonta!<\/title>\n<meta name=\"robots\" content=\"index, follow, max-snippet:-1, max-image-preview:large, max-video-preview:-1\" \/>\n<link rel=\"canonical\" href=\"https:\/\/suomenkuvalehti.fi\/vallan-mahotonta\/arvio-onko-alex-itse-asiassa-vaalikirja\/\" \/>\n<meta property=\"og:locale\" content=\"fi_FI\" \/>\n<meta property=\"og:type\" content=\"article\" \/>\n<meta property=\"og:title\" content=\"Arvio: Onko Alex itse asiassa vaalikirja? - Vallan mahotonta!\" \/>\n<meta property=\"og:description\" content=\"Alexander Stubb on politiikan tekemisen uudistaja ja Alex uudistaa my\u00f6s poliittisia muistelmia.\" \/>\n<meta property=\"og:url\" content=\"https:\/\/suomenkuvalehti.fi\/vallan-mahotonta\/arvio-onko-alex-itse-asiassa-vaalikirja\/\" \/>\n<meta property=\"og:site_name\" content=\"Vallan mahotonta!\" \/>\n<meta property=\"article:author\" content=\"https:\/\/www.facebook.com\/a.ronkainen\" \/>\n<meta property=\"article:published_time\" content=\"2017-11-13T12:55:15+00:00\" \/>\n<meta property=\"og:image\" content=\"https:\/\/suomenkuvalehti.fi\/vallan-mahotonta\/wp-content\/uploads\/sites\/42\/2018\/05\/antti_j_ronkainen_blogi_pieni.jpg\" \/>\n\t<meta property=\"og:image:width\" content=\"600\" \/>\n\t<meta property=\"og:image:height\" content=\"600\" \/>\n\t<meta property=\"og:image:type\" content=\"image\/jpeg\" \/>\n<meta name=\"author\" content=\"Antti Ronkainen\" \/>\n<meta name=\"twitter:card\" content=\"summary_large_image\" \/>\n<meta name=\"twitter:creator\" content=\"@https:\/\/twitter.com\/anttironkainen\" \/>\n<meta name=\"twitter:label1\" content=\"Written by\" \/>\n\t<meta name=\"twitter:data1\" content=\"Antti Ronkainen\" \/>\n\t<meta name=\"twitter:label2\" content=\"Est. reading time\" \/>\n\t<meta name=\"twitter:data2\" content=\"2 minuuttia\" \/>\n<script type=\"application\/ld+json\" class=\"yoast-schema-graph\">{\"@context\":\"https:\/\/schema.org\",\"@graph\":[{\"@type\":\"WebPage\",\"@id\":\"https:\/\/suomenkuvalehti.fi\/vallan-mahotonta\/arvio-onko-alex-itse-asiassa-vaalikirja\/\",\"url\":\"https:\/\/suomenkuvalehti.fi\/vallan-mahotonta\/arvio-onko-alex-itse-asiassa-vaalikirja\/\",\"name\":\"Arvio: Onko Alex itse asiassa vaalikirja? - Vallan mahotonta!\",\"isPartOf\":{\"@id\":\"https:\/\/suomenkuvalehti.fi\/vallan-mahotonta\/#website\"},\"datePublished\":\"2017-11-13T12:55:15+00:00\",\"author\":{\"@id\":\"https:\/\/suomenkuvalehti.fi\/vallan-mahotonta\/#\/schema\/person\/aa34015af7a4bce21e1cdcf566bb57b0\"},\"breadcrumb\":{\"@id\":\"https:\/\/suomenkuvalehti.fi\/vallan-mahotonta\/arvio-onko-alex-itse-asiassa-vaalikirja\/#breadcrumb\"},\"inLanguage\":\"fi\",\"potentialAction\":[{\"@type\":\"ReadAction\",\"target\":[\"https:\/\/suomenkuvalehti.fi\/vallan-mahotonta\/arvio-onko-alex-itse-asiassa-vaalikirja\/\"]}]},{\"@type\":\"BreadcrumbList\",\"@id\":\"https:\/\/suomenkuvalehti.fi\/vallan-mahotonta\/arvio-onko-alex-itse-asiassa-vaalikirja\/#breadcrumb\",\"itemListElement\":[{\"@type\":\"ListItem\",\"position\":1,\"name\":\"Home\",\"item\":\"https:\/\/suomenkuvalehti.fi\/vallan-mahotonta\/\"},{\"@type\":\"ListItem\",\"position\":2,\"name\":\"Arvio: Onko Alex itse asiassa vaalikirja?\"}]},{\"@type\":\"WebSite\",\"@id\":\"https:\/\/suomenkuvalehti.fi\/vallan-mahotonta\/#website\",\"url\":\"https:\/\/suomenkuvalehti.fi\/vallan-mahotonta\/\",\"name\":\"Vallan mahotonta!\",\"description\":\"Tutkija Antti Ronkainen seuraa maailmantalouden murrosta.\",\"potentialAction\":[{\"@type\":\"SearchAction\",\"target\":{\"@type\":\"EntryPoint\",\"urlTemplate\":\"https:\/\/suomenkuvalehti.fi\/haku\/?q={search_term_string}\"},\"query-input\":{\"@type\":\"PropertyValueSpecification\",\"valueRequired\":true,\"valueName\":\"search_term_string\"}}],\"inLanguage\":\"fi\"},{\"@type\":\"Person\",\"@id\":\"https:\/\/suomenkuvalehti.fi\/vallan-mahotonta\/#\/schema\/person\/aa34015af7a4bce21e1cdcf566bb57b0\",\"name\":\"Antti Ronkainen\",\"image\":{\"@type\":\"ImageObject\",\"inLanguage\":\"fi\",\"@id\":\"https:\/\/suomenkuvalehti.fi\/vallan-mahotonta\/#\/schema\/person\/image\/\",\"url\":\"https:\/\/suomenkuvalehti.fi\/vallan-mahotonta\/wp-content\/uploads\/sites\/42\/2018\/05\/antti_j_ronkainen_blogi_pieni-150x150.jpg\",\"contentUrl\":\"https:\/\/suomenkuvalehti.fi\/vallan-mahotonta\/wp-content\/uploads\/sites\/42\/2018\/05\/antti_j_ronkainen_blogi_pieni-150x150.jpg\",\"caption\":\"Antti Ronkainen\"},\"description\":\"Antti Ronkainen on poliittisen talouden v\u00e4it\u00f6skirjatutkija Helsingin yliopistolla.\",\"sameAs\":[\"http:\/\/anttironkainen.fi\",\"https:\/\/www.facebook.com\/a.ronkainen\",\"https:\/\/www.instagram.com\/antti.ronkainen\/\",\"https:\/\/x.com\/https:\/\/twitter.com\/anttironkainen\"]}]}<\/script>\n<!-- \/ Yoast SEO plugin. -->","yoast_head_json":{"title":"Arvio: Onko Alex itse asiassa vaalikirja? - Vallan mahotonta!","robots":{"index":"index","follow":"follow","max-snippet":"max-snippet:-1","max-image-preview":"max-image-preview:large","max-video-preview":"max-video-preview:-1"},"canonical":"https:\/\/suomenkuvalehti.fi\/vallan-mahotonta\/arvio-onko-alex-itse-asiassa-vaalikirja\/","og_locale":"fi_FI","og_type":"article","og_title":"Arvio: Onko Alex itse asiassa vaalikirja? - Vallan mahotonta!","og_description":"Alexander Stubb on politiikan tekemisen uudistaja ja Alex uudistaa my\u00f6s poliittisia muistelmia.","og_url":"https:\/\/suomenkuvalehti.fi\/vallan-mahotonta\/arvio-onko-alex-itse-asiassa-vaalikirja\/","og_site_name":"Vallan mahotonta!","article_author":"https:\/\/www.facebook.com\/a.ronkainen","article_published_time":"2017-11-13T12:55:15+00:00","og_image":[{"width":600,"height":600,"url":"https:\/\/suomenkuvalehti.fi\/vallan-mahotonta\/wp-content\/uploads\/sites\/42\/2018\/05\/antti_j_ronkainen_blogi_pieni.jpg","type":"image\/jpeg"}],"author":"Antti Ronkainen","twitter_card":"summary_large_image","twitter_creator":"@https:\/\/twitter.com\/anttironkainen","twitter_misc":{"Written by":"Antti Ronkainen","Est. reading time":"2 minuuttia"},"schema":{"@context":"https:\/\/schema.org","@graph":[{"@type":"WebPage","@id":"https:\/\/suomenkuvalehti.fi\/vallan-mahotonta\/arvio-onko-alex-itse-asiassa-vaalikirja\/","url":"https:\/\/suomenkuvalehti.fi\/vallan-mahotonta\/arvio-onko-alex-itse-asiassa-vaalikirja\/","name":"Arvio: Onko Alex itse asiassa vaalikirja? - Vallan mahotonta!","isPartOf":{"@id":"https:\/\/suomenkuvalehti.fi\/vallan-mahotonta\/#website"},"datePublished":"2017-11-13T12:55:15+00:00","author":{"@id":"https:\/\/suomenkuvalehti.fi\/vallan-mahotonta\/#\/schema\/person\/aa34015af7a4bce21e1cdcf566bb57b0"},"breadcrumb":{"@id":"https:\/\/suomenkuvalehti.fi\/vallan-mahotonta\/arvio-onko-alex-itse-asiassa-vaalikirja\/#breadcrumb"},"inLanguage":"fi","potentialAction":[{"@type":"ReadAction","target":["https:\/\/suomenkuvalehti.fi\/vallan-mahotonta\/arvio-onko-alex-itse-asiassa-vaalikirja\/"]}]},{"@type":"BreadcrumbList","@id":"https:\/\/suomenkuvalehti.fi\/vallan-mahotonta\/arvio-onko-alex-itse-asiassa-vaalikirja\/#breadcrumb","itemListElement":[{"@type":"ListItem","position":1,"name":"Home","item":"https:\/\/suomenkuvalehti.fi\/vallan-mahotonta\/"},{"@type":"ListItem","position":2,"name":"Arvio: Onko Alex itse asiassa vaalikirja?"}]},{"@type":"WebSite","@id":"https:\/\/suomenkuvalehti.fi\/vallan-mahotonta\/#website","url":"https:\/\/suomenkuvalehti.fi\/vallan-mahotonta\/","name":"Vallan mahotonta!","description":"Tutkija Antti Ronkainen seuraa maailmantalouden murrosta.","potentialAction":[{"@type":"SearchAction","target":{"@type":"EntryPoint","urlTemplate":"https:\/\/suomenkuvalehti.fi\/haku\/?q={search_term_string}"},"query-input":{"@type":"PropertyValueSpecification","valueRequired":true,"valueName":"search_term_string"}}],"inLanguage":"fi"},{"@type":"Person","@id":"https:\/\/suomenkuvalehti.fi\/vallan-mahotonta\/#\/schema\/person\/aa34015af7a4bce21e1cdcf566bb57b0","name":"Antti Ronkainen","image":{"@type":"ImageObject","inLanguage":"fi","@id":"https:\/\/suomenkuvalehti.fi\/vallan-mahotonta\/#\/schema\/person\/image\/","url":"https:\/\/suomenkuvalehti.fi\/vallan-mahotonta\/wp-content\/uploads\/sites\/42\/2018\/05\/antti_j_ronkainen_blogi_pieni-150x150.jpg","contentUrl":"https:\/\/suomenkuvalehti.fi\/vallan-mahotonta\/wp-content\/uploads\/sites\/42\/2018\/05\/antti_j_ronkainen_blogi_pieni-150x150.jpg","caption":"Antti Ronkainen"},"description":"Antti Ronkainen on poliittisen talouden v\u00e4it\u00f6skirjatutkija Helsingin yliopistolla.","sameAs":["http:\/\/anttironkainen.fi","https:\/\/www.facebook.com\/a.ronkainen","https:\/\/www.instagram.com\/antti.ronkainen\/","https:\/\/x.com\/https:\/\/twitter.com\/anttironkainen"]}]}},"_links":{"self":[{"href":"https:\/\/suomenkuvalehti.fi\/vallan-mahotonta\/wp-json\/wp\/v2\/posts\/262","targetHints":{"allow":["GET"]}}],"collection":[{"href":"https:\/\/suomenkuvalehti.fi\/vallan-mahotonta\/wp-json\/wp\/v2\/posts"}],"about":[{"href":"https:\/\/suomenkuvalehti.fi\/vallan-mahotonta\/wp-json\/wp\/v2\/types\/post"}],"author":[{"embeddable":true,"href":"https:\/\/suomenkuvalehti.fi\/vallan-mahotonta\/wp-json\/wp\/v2\/users\/37967"}],"replies":[{"embeddable":true,"href":"https:\/\/suomenkuvalehti.fi\/vallan-mahotonta\/wp-json\/wp\/v2\/comments?post=262"}],"version-history":[{"count":14,"href":"https:\/\/suomenkuvalehti.fi\/vallan-mahotonta\/wp-json\/wp\/v2\/posts\/262\/revisions"}],"predecessor-version":[{"id":276,"href":"https:\/\/suomenkuvalehti.fi\/vallan-mahotonta\/wp-json\/wp\/v2\/posts\/262\/revisions\/276"}],"wp:attachment":[{"href":"https:\/\/suomenkuvalehti.fi\/vallan-mahotonta\/wp-json\/wp\/v2\/media?parent=262"}],"wp:term":[{"taxonomy":"category","embeddable":true,"href":"https:\/\/suomenkuvalehti.fi\/vallan-mahotonta\/wp-json\/wp\/v2\/categories?post=262"},{"taxonomy":"post_tag","embeddable":true,"href":"https:\/\/suomenkuvalehti.fi\/vallan-mahotonta\/wp-json\/wp\/v2\/tags?post=262"}],"curies":[{"name":"wp","href":"https:\/\/api.w.org\/{rel}","templated":true}]}}