{"id":2210,"date":"2019-02-01T09:40:23","date_gmt":"2019-02-01T07:40:23","guid":{"rendered":"https:\/\/suomenkuvalehti.fi\/vallan-mahotonta\/?p=2210"},"modified":"2019-02-01T09:55:59","modified_gmt":"2019-02-01T07:55:59","slug":"liberaali-valmistaudu-identiteettikriisin-olet-keskuspankkikommunisti","status":"publish","type":"post","link":"https:\/\/suomenkuvalehti.fi\/vallan-mahotonta\/liberaali-valmistaudu-identiteettikriisin-olet-keskuspankkikommunisti\/","title":{"rendered":"Liberaali, valmistaudu identiteettikriisiin, olet keskuspankkikommunisti!"},"content":{"rendered":"\n<p><span class=\"capitalized\">Italia<\/span> ajautui vuoden 2018 lopulla kolmanteen taantumaan vuosikymmenen aikana.&nbsp;My\u00f6s Saksa oli ajautua taantumaan, mik\u00e4 oli kaikille yll\u00e4tys. Vaikka Saksa v\u00e4ltti taantuman <a href=\"https:\/\/www.reuters.com\/article\/us-germany-economy\/german-economy-likely-grew-by-01-percent-in-fourth-quarter-avoiding-recession-ifw-idUSKCN1PP236\" target=\"_blank\" rel=\"noopener\">0,1 prosentin kasvulla<\/a>, maan <a href=\"https:\/\/www.marketwatch.com\/story\/germany-is-a-diminished-giant-and-that-spells-trouble-for-europe-2019-01-28\" target=\"_blank\" rel=\"noopener\">autoteollisuus<\/a>&nbsp;on ongelmissa.<\/p>\n\n\n\n<p>Sek\u00e4 Italia ett\u00e4 Saksa tarvitsisivat elvytyst\u00e4. Komissio kuitenkin est\u00e4\u00e4 Italian elvytyksen ja Saksassa hallituskumppanit&nbsp;riitelev\u00e4t lillukanvarsista. Saksan talousministeri <strong>Peter Altmaier<\/strong> (CDU) <a href=\"https:\/\/www.faz.net\/aktuell\/wirtschaft\/f-a-z-exklusiv-union-fordert-deckelung-von-ertragssteuer-16016428.html\" target=\"_blank\" rel=\"noopener\">ehdotti pient\u00e4 10 miljardin<\/a>&nbsp;veroelvytyst\u00e4, mutta valtiovarainministeri <strong>Olaf Scholz<\/strong>&nbsp;(SPD) hankaa vastaan.<\/p>\n\n\n\n<p>Toisin on Kiinassa.<\/p>\n\n\n\n<p>Heti sen j\u00e4lkeen kun maan kasvu laski 6,6 prosenttiin, Kiina on ilmoittanut uusista elvytystoimista.&nbsp;Joulukuun alun j\u00e4lkeen Kiina on p\u00e4\u00e4tt\u00e4nyt rakentaa melkein <a href=\"https:\/\/www.ft.com\/content\/c272c1fc-0fee-11e9-a3aa-118c761d2745\" target=\"_blank\" rel=\"noopener\">7 000 kilometri\u00e4 ratakiskoa<\/a> ja maan odotetaan p\u00e4\u00e4tt\u00e4v\u00e4n viel\u00e4 t\u00e4n\u00e4 vuonna vajaan 600 miljardin suuruisesta lis\u00e4elvytyksest\u00e4.<\/p>\n\n\n\n<p>Euroopan keskuspankin (EKP) johtaja&nbsp;<strong>Mario Draghi<\/strong> sanoikin euroalueen ongelmien j\u00e4\u00e4v\u00e4n lyhytaikaisiksi juuri <a href=\"https:\/\/www.ft.com\/content\/6c1f9b54-2317-11e9-8ce6-5db4543da632\" target=\"_blank\" rel=\"noopener\">Kiinan elvytystoimien ansiosta<\/a>. Saksa on muun Euroopan veturi ainoastaan silloin, kun maailmantaloudella menee hyvin. Ja finanssikriisin j\u00e4lkeen maailmantalous on tullut riippuvaiseksi Kiinan kasvusta.<\/p>\n\n\n\n<p><strong>Kiinan lis\u00e4ksi keskuspankit<\/strong> joutuvat tekem\u00e4\u00e4n kaiken aikaa enemm\u00e4n.<\/p>\n\n\n\n<p>Vaikka EKP lopetti velkakirjojen tukiostot vuoden vaihteessa, silt\u00e4 odotetaan jo uutta elvytysruisketta europankeille. Yhdysvaltain keskuspankki ilmoitti, ett\u00e4 koronnostot ovat v\u00e4h\u00e4ksi aikaa ohi, mink\u00e4 lis\u00e4ksi se miettii tarkemmin taseensa pienent\u00e4misen tahtia.<\/p>\n\n\n\n<p>Likviditeetti alkaakin todenn\u00e4k\u00f6isesti kasvaa taas vuoden 2019 aikana. Pari vuotta jatkunut keskuspankkien rahapolitiikan maltillisen kirist\u00e4misen aika on ohi.<\/p>\n\n\n\n<p><strong>Kapitalismi on siis riippuvainen<\/strong> Kiinan kommunistisesta puolueesta. Finanssimarkkinat ovat riippuvaisia keskuspankkien aktivismista.<\/p>\n\n\n\n<p>T\u00e4m\u00e4 riippuvaisuus tiet\u00e4\u00e4&nbsp;pysyv\u00e4sti heikkoa talouskasvua Eurooppaan. Heikko talouskasvu lietsoo nationalismia ja eliitinvastaisuutta. Kansallismielisyyden ja protestiliikkeiden noustessa Euroopan poliitikot kykenev\u00e4t entist\u00e4 v\u00e4hemm\u00e4n suuriin yhteiskunnallisiin reformeihin. Seurauksena on poliitikkojen aktiivista kielt\u00e4ymyst\u00e4 ja nihilismi\u00e4.<\/p>\n\n\n\n<p>Itse\u00e4\u00e4n liberaaliksi kutsuvat voisivat kysy\u00e4, miten vuosikymmeni\u00e4 jatkuneesta valtion aktiivisesta alasajosta, s\u00e4\u00e4ntelyn purkamisesta ja sosiaalidemokratian kriisist\u00e4 huolimatta t\u00e4ss\u00e4 n\u00e4in p\u00e4\u00e4si k\u00e4ym\u00e4\u00e4n?<\/p>\n\n\n\n<p>Liberaaleja uhkaa identiteettikriisi, sill\u00e4 nykyajan liberaaleista on tullut vaivihkaa keskuspankkikommunisteja.<\/p>\n\n\n\n<p>Ratkeaako ongelma, jos EKP nimitet\u00e4\u00e4n Euroopan kommunistiseksi puolueeksi?<\/p>\n\n\n","protected":false},"excerpt":{"rendered":"<p>Kapitalismi on riippuvainen Kiinan kommunistisesta puolueesta. <\/p>\n","protected":false},"author":37967,"featured_media":0,"comment_status":"open","ping_status":"open","sticky":false,"template":"","format":"standard","meta":{"_acf_changed":false,"asauth_required_access_level":3,"asauth_cansharepaid":"true","om_header_attributes":[],"footnotes":"","om_featured_image_focal_point":[],"om_primary_tag":0,"om_contributors":[],"om_co_authors":[],"beyondwords_generate_audio":"","beyondwords_project_id":"","beyondwords_content_id":"","beyondwords_preview_token":"","beyondwords_player_content":"","beyondwords_player_style":"","beyondwords_language_code":"","beyondwords_language_id":"","beyondwords_title_voice_id":"","beyondwords_body_voice_id":"","beyondwords_summary_voice_id":"","beyondwords_error_message":"","beyondwords_disabled":"","beyondwords_delete_content":"","beyondwords_podcast_id":"","beyondwords_hash":"","publish_post_to_speechkit":"","speechkit_hash":"","speechkit_generate_audio":"","speechkit_project_id":"","speechkit_podcast_id":"","speechkit_error_message":"","speechkit_disabled":"","speechkit_access_key":"","speechkit_error":"","speechkit_info":"","speechkit_response":"","speechkit_retries":"","speechkit_status":"","speechkit_updated_at":"","_speechkit_link":"","_speechkit_text":""},"categories":[1],"tags":[209,176,210,75],"class_list":["post-2210","post","type-post","status-publish","format-standard","hentry","category-vallan-mahotonta","tag-kapitalismi","tag-keskuspankit","tag-kiinan-kommunistinen-puolue","tag-liberalismi"],"om_views":null,"acf":{"tuuma_off":false,"tuuma_kysymys":"","tuuma_vastaus":""},"asauth":{"required_access_level":1,"share_token":"","is_paid":false},"yoast_head":"<!-- This site is optimized with the Yoast SEO plugin v26.4 - https:\/\/yoast.com\/wordpress\/plugins\/seo\/ -->\n<title>Liberaali, valmistaudu identiteettikriisiin, olet keskuspankkikommunisti! - Vallan mahotonta!<\/title>\n<meta name=\"robots\" content=\"index, follow, max-snippet:-1, max-image-preview:large, max-video-preview:-1\" \/>\n<link rel=\"canonical\" href=\"https:\/\/suomenkuvalehti.fi\/vallan-mahotonta\/liberaali-valmistaudu-identiteettikriisin-olet-keskuspankkikommunisti\/\" \/>\n<meta property=\"og:locale\" content=\"fi_FI\" \/>\n<meta property=\"og:type\" content=\"article\" \/>\n<meta property=\"og:title\" content=\"Liberaali, valmistaudu identiteettikriisiin, olet keskuspankkikommunisti! - Vallan mahotonta!\" \/>\n<meta property=\"og:description\" content=\"Kapitalismi on riippuvainen Kiinan kommunistisesta puolueesta.\" \/>\n<meta property=\"og:url\" content=\"https:\/\/suomenkuvalehti.fi\/vallan-mahotonta\/liberaali-valmistaudu-identiteettikriisin-olet-keskuspankkikommunisti\/\" \/>\n<meta property=\"og:site_name\" content=\"Vallan mahotonta!\" \/>\n<meta property=\"article:author\" content=\"https:\/\/www.facebook.com\/a.ronkainen\" \/>\n<meta property=\"article:published_time\" content=\"2019-02-01T07:40:23+00:00\" \/>\n<meta property=\"article:modified_time\" content=\"2019-02-01T07:55:59+00:00\" \/>\n<meta property=\"og:image\" content=\"https:\/\/suomenkuvalehti.fi\/vallan-mahotonta\/wp-content\/uploads\/sites\/42\/2018\/05\/antti_j_ronkainen_blogi_pieni.jpg\" \/>\n\t<meta property=\"og:image:width\" content=\"600\" \/>\n\t<meta property=\"og:image:height\" content=\"600\" \/>\n\t<meta property=\"og:image:type\" content=\"image\/jpeg\" \/>\n<meta name=\"author\" content=\"Antti Ronkainen\" \/>\n<meta name=\"twitter:card\" content=\"summary_large_image\" \/>\n<meta name=\"twitter:creator\" content=\"@https:\/\/twitter.com\/anttironkainen\" \/>\n<meta name=\"twitter:label1\" content=\"Written by\" \/>\n\t<meta name=\"twitter:data1\" content=\"Antti Ronkainen\" \/>\n\t<meta name=\"twitter:label2\" content=\"Est. reading time\" \/>\n\t<meta name=\"twitter:data2\" content=\"2 minuuttia\" \/>\n<script type=\"application\/ld+json\" class=\"yoast-schema-graph\">{\"@context\":\"https:\/\/schema.org\",\"@graph\":[{\"@type\":\"WebPage\",\"@id\":\"https:\/\/suomenkuvalehti.fi\/vallan-mahotonta\/liberaali-valmistaudu-identiteettikriisin-olet-keskuspankkikommunisti\/\",\"url\":\"https:\/\/suomenkuvalehti.fi\/vallan-mahotonta\/liberaali-valmistaudu-identiteettikriisin-olet-keskuspankkikommunisti\/\",\"name\":\"Liberaali, valmistaudu identiteettikriisiin, olet keskuspankkikommunisti! - Vallan mahotonta!\",\"isPartOf\":{\"@id\":\"https:\/\/suomenkuvalehti.fi\/vallan-mahotonta\/#website\"},\"datePublished\":\"2019-02-01T07:40:23+00:00\",\"dateModified\":\"2019-02-01T07:55:59+00:00\",\"author\":{\"@id\":\"https:\/\/suomenkuvalehti.fi\/vallan-mahotonta\/#\/schema\/person\/aa34015af7a4bce21e1cdcf566bb57b0\"},\"breadcrumb\":{\"@id\":\"https:\/\/suomenkuvalehti.fi\/vallan-mahotonta\/liberaali-valmistaudu-identiteettikriisin-olet-keskuspankkikommunisti\/#breadcrumb\"},\"inLanguage\":\"fi\",\"potentialAction\":[{\"@type\":\"ReadAction\",\"target\":[\"https:\/\/suomenkuvalehti.fi\/vallan-mahotonta\/liberaali-valmistaudu-identiteettikriisin-olet-keskuspankkikommunisti\/\"]}]},{\"@type\":\"BreadcrumbList\",\"@id\":\"https:\/\/suomenkuvalehti.fi\/vallan-mahotonta\/liberaali-valmistaudu-identiteettikriisin-olet-keskuspankkikommunisti\/#breadcrumb\",\"itemListElement\":[{\"@type\":\"ListItem\",\"position\":1,\"name\":\"Home\",\"item\":\"https:\/\/suomenkuvalehti.fi\/vallan-mahotonta\/\"},{\"@type\":\"ListItem\",\"position\":2,\"name\":\"Liberaali, valmistaudu identiteettikriisiin, olet keskuspankkikommunisti!\"}]},{\"@type\":\"WebSite\",\"@id\":\"https:\/\/suomenkuvalehti.fi\/vallan-mahotonta\/#website\",\"url\":\"https:\/\/suomenkuvalehti.fi\/vallan-mahotonta\/\",\"name\":\"Vallan mahotonta!\",\"description\":\"Tutkija Antti Ronkainen seuraa maailmantalouden murrosta.\",\"potentialAction\":[{\"@type\":\"SearchAction\",\"target\":{\"@type\":\"EntryPoint\",\"urlTemplate\":\"https:\/\/suomenkuvalehti.fi\/haku\/?q={search_term_string}\"},\"query-input\":{\"@type\":\"PropertyValueSpecification\",\"valueRequired\":true,\"valueName\":\"search_term_string\"}}],\"inLanguage\":\"fi\"},{\"@type\":\"Person\",\"@id\":\"https:\/\/suomenkuvalehti.fi\/vallan-mahotonta\/#\/schema\/person\/aa34015af7a4bce21e1cdcf566bb57b0\",\"name\":\"Antti Ronkainen\",\"image\":{\"@type\":\"ImageObject\",\"inLanguage\":\"fi\",\"@id\":\"https:\/\/suomenkuvalehti.fi\/vallan-mahotonta\/#\/schema\/person\/image\/\",\"url\":\"https:\/\/suomenkuvalehti.fi\/vallan-mahotonta\/wp-content\/uploads\/sites\/42\/2018\/05\/antti_j_ronkainen_blogi_pieni-150x150.jpg\",\"contentUrl\":\"https:\/\/suomenkuvalehti.fi\/vallan-mahotonta\/wp-content\/uploads\/sites\/42\/2018\/05\/antti_j_ronkainen_blogi_pieni-150x150.jpg\",\"caption\":\"Antti Ronkainen\"},\"description\":\"Antti Ronkainen on poliittisen talouden v\u00e4it\u00f6skirjatutkija Helsingin yliopistolla.\",\"sameAs\":[\"http:\/\/anttironkainen.fi\",\"https:\/\/www.facebook.com\/a.ronkainen\",\"https:\/\/www.instagram.com\/antti.ronkainen\/\",\"https:\/\/x.com\/https:\/\/twitter.com\/anttironkainen\"]}]}<\/script>\n<!-- \/ Yoast SEO plugin. -->","yoast_head_json":{"title":"Liberaali, valmistaudu identiteettikriisiin, olet keskuspankkikommunisti! - Vallan mahotonta!","robots":{"index":"index","follow":"follow","max-snippet":"max-snippet:-1","max-image-preview":"max-image-preview:large","max-video-preview":"max-video-preview:-1"},"canonical":"https:\/\/suomenkuvalehti.fi\/vallan-mahotonta\/liberaali-valmistaudu-identiteettikriisin-olet-keskuspankkikommunisti\/","og_locale":"fi_FI","og_type":"article","og_title":"Liberaali, valmistaudu identiteettikriisiin, olet keskuspankkikommunisti! - Vallan mahotonta!","og_description":"Kapitalismi on riippuvainen Kiinan kommunistisesta puolueesta.","og_url":"https:\/\/suomenkuvalehti.fi\/vallan-mahotonta\/liberaali-valmistaudu-identiteettikriisin-olet-keskuspankkikommunisti\/","og_site_name":"Vallan mahotonta!","article_author":"https:\/\/www.facebook.com\/a.ronkainen","article_published_time":"2019-02-01T07:40:23+00:00","article_modified_time":"2019-02-01T07:55:59+00:00","og_image":[{"width":600,"height":600,"url":"https:\/\/suomenkuvalehti.fi\/vallan-mahotonta\/wp-content\/uploads\/sites\/42\/2018\/05\/antti_j_ronkainen_blogi_pieni.jpg","type":"image\/jpeg"}],"author":"Antti Ronkainen","twitter_card":"summary_large_image","twitter_creator":"@https:\/\/twitter.com\/anttironkainen","twitter_misc":{"Written by":"Antti Ronkainen","Est. reading time":"2 minuuttia"},"schema":{"@context":"https:\/\/schema.org","@graph":[{"@type":"WebPage","@id":"https:\/\/suomenkuvalehti.fi\/vallan-mahotonta\/liberaali-valmistaudu-identiteettikriisin-olet-keskuspankkikommunisti\/","url":"https:\/\/suomenkuvalehti.fi\/vallan-mahotonta\/liberaali-valmistaudu-identiteettikriisin-olet-keskuspankkikommunisti\/","name":"Liberaali, valmistaudu identiteettikriisiin, olet keskuspankkikommunisti! - Vallan mahotonta!","isPartOf":{"@id":"https:\/\/suomenkuvalehti.fi\/vallan-mahotonta\/#website"},"datePublished":"2019-02-01T07:40:23+00:00","dateModified":"2019-02-01T07:55:59+00:00","author":{"@id":"https:\/\/suomenkuvalehti.fi\/vallan-mahotonta\/#\/schema\/person\/aa34015af7a4bce21e1cdcf566bb57b0"},"breadcrumb":{"@id":"https:\/\/suomenkuvalehti.fi\/vallan-mahotonta\/liberaali-valmistaudu-identiteettikriisin-olet-keskuspankkikommunisti\/#breadcrumb"},"inLanguage":"fi","potentialAction":[{"@type":"ReadAction","target":["https:\/\/suomenkuvalehti.fi\/vallan-mahotonta\/liberaali-valmistaudu-identiteettikriisin-olet-keskuspankkikommunisti\/"]}]},{"@type":"BreadcrumbList","@id":"https:\/\/suomenkuvalehti.fi\/vallan-mahotonta\/liberaali-valmistaudu-identiteettikriisin-olet-keskuspankkikommunisti\/#breadcrumb","itemListElement":[{"@type":"ListItem","position":1,"name":"Home","item":"https:\/\/suomenkuvalehti.fi\/vallan-mahotonta\/"},{"@type":"ListItem","position":2,"name":"Liberaali, valmistaudu identiteettikriisiin, olet keskuspankkikommunisti!"}]},{"@type":"WebSite","@id":"https:\/\/suomenkuvalehti.fi\/vallan-mahotonta\/#website","url":"https:\/\/suomenkuvalehti.fi\/vallan-mahotonta\/","name":"Vallan mahotonta!","description":"Tutkija Antti Ronkainen seuraa maailmantalouden murrosta.","potentialAction":[{"@type":"SearchAction","target":{"@type":"EntryPoint","urlTemplate":"https:\/\/suomenkuvalehti.fi\/haku\/?q={search_term_string}"},"query-input":{"@type":"PropertyValueSpecification","valueRequired":true,"valueName":"search_term_string"}}],"inLanguage":"fi"},{"@type":"Person","@id":"https:\/\/suomenkuvalehti.fi\/vallan-mahotonta\/#\/schema\/person\/aa34015af7a4bce21e1cdcf566bb57b0","name":"Antti Ronkainen","image":{"@type":"ImageObject","inLanguage":"fi","@id":"https:\/\/suomenkuvalehti.fi\/vallan-mahotonta\/#\/schema\/person\/image\/","url":"https:\/\/suomenkuvalehti.fi\/vallan-mahotonta\/wp-content\/uploads\/sites\/42\/2018\/05\/antti_j_ronkainen_blogi_pieni-150x150.jpg","contentUrl":"https:\/\/suomenkuvalehti.fi\/vallan-mahotonta\/wp-content\/uploads\/sites\/42\/2018\/05\/antti_j_ronkainen_blogi_pieni-150x150.jpg","caption":"Antti Ronkainen"},"description":"Antti Ronkainen on poliittisen talouden v\u00e4it\u00f6skirjatutkija Helsingin yliopistolla.","sameAs":["http:\/\/anttironkainen.fi","https:\/\/www.facebook.com\/a.ronkainen","https:\/\/www.instagram.com\/antti.ronkainen\/","https:\/\/x.com\/https:\/\/twitter.com\/anttironkainen"]}]}},"_links":{"self":[{"href":"https:\/\/suomenkuvalehti.fi\/vallan-mahotonta\/wp-json\/wp\/v2\/posts\/2210","targetHints":{"allow":["GET"]}}],"collection":[{"href":"https:\/\/suomenkuvalehti.fi\/vallan-mahotonta\/wp-json\/wp\/v2\/posts"}],"about":[{"href":"https:\/\/suomenkuvalehti.fi\/vallan-mahotonta\/wp-json\/wp\/v2\/types\/post"}],"author":[{"embeddable":true,"href":"https:\/\/suomenkuvalehti.fi\/vallan-mahotonta\/wp-json\/wp\/v2\/users\/37967"}],"replies":[{"embeddable":true,"href":"https:\/\/suomenkuvalehti.fi\/vallan-mahotonta\/wp-json\/wp\/v2\/comments?post=2210"}],"version-history":[{"count":45,"href":"https:\/\/suomenkuvalehti.fi\/vallan-mahotonta\/wp-json\/wp\/v2\/posts\/2210\/revisions"}],"predecessor-version":[{"id":2255,"href":"https:\/\/suomenkuvalehti.fi\/vallan-mahotonta\/wp-json\/wp\/v2\/posts\/2210\/revisions\/2255"}],"wp:attachment":[{"href":"https:\/\/suomenkuvalehti.fi\/vallan-mahotonta\/wp-json\/wp\/v2\/media?parent=2210"}],"wp:term":[{"taxonomy":"category","embeddable":true,"href":"https:\/\/suomenkuvalehti.fi\/vallan-mahotonta\/wp-json\/wp\/v2\/categories?post=2210"},{"taxonomy":"post_tag","embeddable":true,"href":"https:\/\/suomenkuvalehti.fi\/vallan-mahotonta\/wp-json\/wp\/v2\/tags?post=2210"}],"curies":[{"name":"wp","href":"https:\/\/api.w.org\/{rel}","templated":true}]}}