{"id":2121,"date":"2019-01-09T11:29:56","date_gmt":"2019-01-09T09:29:56","guid":{"rendered":"https:\/\/suomenkuvalehti.fi\/vallan-mahotonta\/?p=2121"},"modified":"2019-01-09T11:29:56","modified_gmt":"2019-01-09T09:29:56","slug":"exit-neuvotteluissa-aika-on-aina-jasenmaata-vastaan-brexit-ja-grexit","status":"publish","type":"post","link":"https:\/\/suomenkuvalehti.fi\/vallan-mahotonta\/exit-neuvotteluissa-aika-on-aina-jasenmaata-vastaan-brexit-ja-grexit\/","title":{"rendered":"Exit-neuvotteluissa aika on aina j\u00e4senmaata vastaan (Brexit ja Grexit)"},"content":{"rendered":"\n<p>Lyhyt kommentti liittyen exit-neuvotteluihin EU:n kanssa. Aika on aina EU-instituutioiden liittolainen ja EU:n kanssa neuvottelevan maan vihollinen.<\/p>\n\n\n\n<p><span class=\"capitalized\">Brexit-neuvotteluissa<\/span> EU:n voima tulee&nbsp;<a href=\"https:\/\/twitter.com\/CER_Grant\/status\/1082349135209160706\" target=\"_blank\" rel=\"noopener\">artiklasta 50<\/a>. Artikla 50 k\u00e4ynnist\u00e4\u00e4 eroneuvottelut EU:sta ja ne kest\u00e4v\u00e4t 2 vuotta. T\u00e4m\u00e4n j\u00e4lkeen sen aktivoinut maa eroaa joko sopimuksen kanssa tai ilman sopimusta EU:sta.<\/p>\n\n\n\n<p>EU:n on helppo linjata itselleen t\u00e4rke\u00e4t asiat, jotka j\u00e4senmaa joko hyv\u00e4ksyy tai j\u00e4tt\u00e4\u00e4 hyv\u00e4ksym\u00e4tt\u00e4. Neuvotteluita k\u00e4yd\u00e4\u00e4n vain yksityiskohdista.<\/p>\n\n\n\n<p><strong>Theresa Mayn<\/strong>&nbsp;virhe oli aktivoida artikla 50 ennen kuin h\u00e4n tiesi, mink\u00e4laista EU-eroa h\u00e4n itse edes kannattaa. 2 vuodesta suurin osa meni Iso-Britannian kannan muodostukseen ja kun Chequers-linjaus lopulta syntyi, oli jo liian my\u00f6h\u00e4ist\u00e4.<\/p>\n\n\n\n<p>EU on ilmoittanut, ett\u00e4 <a href=\"https:\/\/www.politico.eu\/article\/eu-theresa-may-no-more-help-brexit-vote\/\" target=\"_blank\" rel=\"noopener\">diili\u00e4 ei en\u00e4\u00e4 avata<\/a>.&nbsp;Vaikka Iso-Britannian parlamentin enemmist\u00f6 ei kannata Mayn neuvottelemaa diili\u00e4, diili\u00e4 vastustavien Mayn puoluetoverien ja poliittisten vihollisten&nbsp;tulee kysy\u00e4 itselt\u00e4\u00e4n, onko no deal parempi kuin EU:n erosopimus. Brexitin perumiseen on viel\u00e4 pitk\u00e4 matka, sill\u00e4 May tai <strong>Jeremy Corbyn<\/strong>&nbsp;eiv\u00e4t kannata uuden kansan\u00e4\u00e4nestyksen j\u00e4rjest\u00e4mist\u00e4.<\/p>\n\n\n\n<p>Vinkki tuleville exiteereille:&nbsp;\u00e4l\u00e4 aktivoi artiklaa 50 ennen kuin tied\u00e4t millaista eroa haluat.<\/p>\n\n\n\n<p>&nbsp;<\/p>\n\n\n\n<p><span class=\"capitalized\">Toinen huomio koskee Grexiti\u00e4<\/span>&nbsp;eli Kreikan mahdollista euroeroa.<\/p>\n\n\n\n<p>Kreikan velkaneuvotteluista syntyi kiinnostava keskustelu&nbsp;<a href=\"https:\/\/web.facebook.com\/veikko.eranti\/posts\/10157211726490572\" target=\"_blank\" rel=\"noopener\"><strong>Veikko Erannin<\/strong> tekem\u00e4n <strong>Yanis Varoufakiksen<\/strong> kirja-arvion my\u00f6t\u00e4<\/a>.<\/p>\n\n\n\n<p>Syriza voitti Kreikan ennenaikaiset vaalit tammikuussa 2015 ja Varoufakiksesta tuli maan valtiovarainministeri aikana, jolloin kaikki jumalat olivat h\u00e4nt\u00e4 vastaan. H\u00e4nell\u00e4 oli nelj\u00e4 viikkoa (!) aikaa p\u00e4\u00e4st\u00e4 sopuun maan rahoituksesta, sill\u00e4 Kreikan II tukipaketti oli p\u00e4\u00e4ttym\u00e4ss\u00e4. Kreikalla er\u00e4\u00e4ntyi vuoden 2015 aikana 16 miljardin (!!) edest\u00e4 velkoja EKP:lle ja IMF:lle, eik\u00e4 maa saanut markkinoilta rahaa (!!!).<\/p>\n\n\n\n<p>Lopulta &#8221;Instituutioiksi&#8221; uudelleennimetyn troikan teht\u00e4v\u00e4 oli helppo. Troikka antoi maan valita ottaako se edellisi\u00e4kin tukipaketteja ankaramman III tukipaketin vai laiminly\u00f6k\u00f6 se velkansa ja eroaa kaoottisesti euroalueelta.<\/p>\n\n\n\n<p>Toisin sanoen&nbsp;instituutiot k\u00e4yttiv\u00e4t euroeroa poliittisena aseena Kreikkaa vastaan samalla tavoin kuin EU ja May koittavat t\u00e4ll\u00e4 hetkell\u00e4 k\u00e4ytt\u00e4\u00e4 no dealia Iso-Britannian parlamenttia vastaan.<\/p>\n\n\n\n<p>Kreikalla olisi tullut olla neuvotteluissa vastaavanlainen poliittinen ase, jonka se olisi voinut nostaa p\u00f6yd\u00e4lle. Yksi t\u00e4llainen olisi ollut Varoufakisin rinnakkausvaluutta, jolla oltaisiin voitu lievitt\u00e4\u00e4 EKP:n aiheuttamaa pankkisulkua ja taloudellisen toimeliaisuuden pys\u00e4htymist\u00e4.<\/p>\n\n\n\n<p>Toinen olisi ollut varasuunnitelma euroeron varalle. T\u00e4t\u00e4 olisi tullut suunnitella viimeist\u00e4\u00e4n Syrizan vaalivoitosta l\u00e4htien, sill\u00e4 my\u00f6s troikka oli t\u00e4t\u00e4 suunnitellut. Koska mink\u00e4\u00e4nlaista varasuunnitelmaa ei ollut, p\u00e4\u00e4ministeri <strong>Alexis Tsipras<\/strong> ei voinut kuin hyv\u00e4ksy\u00e4 III paketin kansan\u00e4\u00e4nestyksest\u00e4 huolimatta.<\/p>\n\n\n\n<p>T\u00e4m\u00e4n j\u00e4lkeen h\u00e4n joutui erottamaan puoluestaan III tukipakettia vastustaneet ja j\u00e4rjest\u00e4m\u00e4\u00e4n ennenaikaiset vaalit. Samalla tavoin Iso-Britannia ei ole valmistautunut riitt\u00e4v\u00e4sti no dealiin ja se lienee todenn\u00e4k\u00f6isin syy, miksi kansanedustajat tulevat viel\u00e4 hyv\u00e4ksym\u00e4\u00e4n Mayn diilin.<\/p>\n\n\n","protected":false},"excerpt":{"rendered":"<p>Vinkki tuleville exiteereille:\u00a0\u00e4l\u00e4 aloita neuvotteluita ennen kuin tied\u00e4t mit\u00e4 haluat. <\/p>\n","protected":false},"author":37967,"featured_media":0,"comment_status":"open","ping_status":"open","sticky":false,"template":"","format":"standard","meta":{"_acf_changed":false,"asauth_required_access_level":3,"asauth_cansharepaid":"true","om_header_attributes":[],"footnotes":"","om_featured_image_focal_point":[],"om_primary_tag":0,"om_contributors":[],"om_co_authors":[],"beyondwords_generate_audio":"","beyondwords_project_id":"","beyondwords_content_id":"","beyondwords_preview_token":"","beyondwords_player_content":"","beyondwords_player_style":"","beyondwords_language_code":"","beyondwords_language_id":"","beyondwords_title_voice_id":"","beyondwords_body_voice_id":"","beyondwords_summary_voice_id":"","beyondwords_error_message":"","beyondwords_disabled":"","beyondwords_delete_content":"","beyondwords_podcast_id":"","beyondwords_hash":"","publish_post_to_speechkit":"","speechkit_hash":"","speechkit_generate_audio":"","speechkit_project_id":"","speechkit_podcast_id":"","speechkit_error_message":"","speechkit_disabled":"","speechkit_access_key":"","speechkit_error":"","speechkit_info":"","speechkit_response":"","speechkit_retries":"","speechkit_status":"","speechkit_updated_at":"","_speechkit_link":"","_speechkit_text":""},"categories":[1],"tags":[31,142,202,117],"class_list":["post-2121","post","type-post","status-publish","format-standard","hentry","category-vallan-mahotonta","tag-brexit","tag-euroero","tag-grexit","tag-yanis-varoufakis"],"om_views":null,"acf":{"tuuma_off":false,"tuuma_kysymys":"","tuuma_vastaus":""},"asauth":{"required_access_level":1,"share_token":"","is_paid":false},"yoast_head":"<!-- This site is optimized with the Yoast SEO plugin v26.4 - https:\/\/yoast.com\/wordpress\/plugins\/seo\/ -->\n<title>Exit-neuvotteluissa aika on aina j\u00e4senmaata vastaan (Brexit ja Grexit) - Vallan mahotonta!<\/title>\n<meta name=\"robots\" content=\"index, follow, max-snippet:-1, max-image-preview:large, max-video-preview:-1\" \/>\n<link rel=\"canonical\" href=\"https:\/\/suomenkuvalehti.fi\/vallan-mahotonta\/exit-neuvotteluissa-aika-on-aina-jasenmaata-vastaan-brexit-ja-grexit\/\" \/>\n<meta property=\"og:locale\" content=\"fi_FI\" \/>\n<meta property=\"og:type\" content=\"article\" \/>\n<meta property=\"og:title\" content=\"Exit-neuvotteluissa aika on aina j\u00e4senmaata vastaan (Brexit ja Grexit) - Vallan mahotonta!\" \/>\n<meta property=\"og:description\" content=\"Vinkki tuleville exiteereille:\u00a0\u00e4l\u00e4 aloita neuvotteluita ennen kuin tied\u00e4t mit\u00e4 haluat.\" \/>\n<meta property=\"og:url\" content=\"https:\/\/suomenkuvalehti.fi\/vallan-mahotonta\/exit-neuvotteluissa-aika-on-aina-jasenmaata-vastaan-brexit-ja-grexit\/\" \/>\n<meta property=\"og:site_name\" content=\"Vallan mahotonta!\" \/>\n<meta property=\"article:author\" content=\"https:\/\/www.facebook.com\/a.ronkainen\" \/>\n<meta property=\"article:published_time\" content=\"2019-01-09T09:29:56+00:00\" \/>\n<meta property=\"og:image\" content=\"https:\/\/suomenkuvalehti.fi\/vallan-mahotonta\/wp-content\/uploads\/sites\/42\/2018\/05\/antti_j_ronkainen_blogi_pieni.jpg\" \/>\n\t<meta property=\"og:image:width\" content=\"600\" \/>\n\t<meta property=\"og:image:height\" content=\"600\" \/>\n\t<meta property=\"og:image:type\" content=\"image\/jpeg\" \/>\n<meta name=\"author\" content=\"Antti Ronkainen\" \/>\n<meta name=\"twitter:card\" content=\"summary_large_image\" \/>\n<meta name=\"twitter:creator\" content=\"@https:\/\/twitter.com\/anttironkainen\" \/>\n<meta name=\"twitter:label1\" content=\"Written by\" \/>\n\t<meta name=\"twitter:data1\" content=\"Antti Ronkainen\" \/>\n\t<meta name=\"twitter:label2\" content=\"Est. reading time\" \/>\n\t<meta name=\"twitter:data2\" content=\"2 minuuttia\" \/>\n<script type=\"application\/ld+json\" class=\"yoast-schema-graph\">{\"@context\":\"https:\/\/schema.org\",\"@graph\":[{\"@type\":\"WebPage\",\"@id\":\"https:\/\/suomenkuvalehti.fi\/vallan-mahotonta\/exit-neuvotteluissa-aika-on-aina-jasenmaata-vastaan-brexit-ja-grexit\/\",\"url\":\"https:\/\/suomenkuvalehti.fi\/vallan-mahotonta\/exit-neuvotteluissa-aika-on-aina-jasenmaata-vastaan-brexit-ja-grexit\/\",\"name\":\"Exit-neuvotteluissa aika on aina j\u00e4senmaata vastaan (Brexit ja Grexit) - Vallan mahotonta!\",\"isPartOf\":{\"@id\":\"https:\/\/suomenkuvalehti.fi\/vallan-mahotonta\/#website\"},\"datePublished\":\"2019-01-09T09:29:56+00:00\",\"author\":{\"@id\":\"https:\/\/suomenkuvalehti.fi\/vallan-mahotonta\/#\/schema\/person\/aa34015af7a4bce21e1cdcf566bb57b0\"},\"breadcrumb\":{\"@id\":\"https:\/\/suomenkuvalehti.fi\/vallan-mahotonta\/exit-neuvotteluissa-aika-on-aina-jasenmaata-vastaan-brexit-ja-grexit\/#breadcrumb\"},\"inLanguage\":\"fi\",\"potentialAction\":[{\"@type\":\"ReadAction\",\"target\":[\"https:\/\/suomenkuvalehti.fi\/vallan-mahotonta\/exit-neuvotteluissa-aika-on-aina-jasenmaata-vastaan-brexit-ja-grexit\/\"]}]},{\"@type\":\"BreadcrumbList\",\"@id\":\"https:\/\/suomenkuvalehti.fi\/vallan-mahotonta\/exit-neuvotteluissa-aika-on-aina-jasenmaata-vastaan-brexit-ja-grexit\/#breadcrumb\",\"itemListElement\":[{\"@type\":\"ListItem\",\"position\":1,\"name\":\"Home\",\"item\":\"https:\/\/suomenkuvalehti.fi\/vallan-mahotonta\/\"},{\"@type\":\"ListItem\",\"position\":2,\"name\":\"Exit-neuvotteluissa aika on aina j\u00e4senmaata vastaan (Brexit ja Grexit)\"}]},{\"@type\":\"WebSite\",\"@id\":\"https:\/\/suomenkuvalehti.fi\/vallan-mahotonta\/#website\",\"url\":\"https:\/\/suomenkuvalehti.fi\/vallan-mahotonta\/\",\"name\":\"Vallan mahotonta!\",\"description\":\"Tutkija Antti Ronkainen seuraa maailmantalouden murrosta.\",\"potentialAction\":[{\"@type\":\"SearchAction\",\"target\":{\"@type\":\"EntryPoint\",\"urlTemplate\":\"https:\/\/suomenkuvalehti.fi\/haku\/?q={search_term_string}\"},\"query-input\":{\"@type\":\"PropertyValueSpecification\",\"valueRequired\":true,\"valueName\":\"search_term_string\"}}],\"inLanguage\":\"fi\"},{\"@type\":\"Person\",\"@id\":\"https:\/\/suomenkuvalehti.fi\/vallan-mahotonta\/#\/schema\/person\/aa34015af7a4bce21e1cdcf566bb57b0\",\"name\":\"Antti Ronkainen\",\"image\":{\"@type\":\"ImageObject\",\"inLanguage\":\"fi\",\"@id\":\"https:\/\/suomenkuvalehti.fi\/vallan-mahotonta\/#\/schema\/person\/image\/\",\"url\":\"https:\/\/suomenkuvalehti.fi\/vallan-mahotonta\/wp-content\/uploads\/sites\/42\/2018\/05\/antti_j_ronkainen_blogi_pieni-150x150.jpg\",\"contentUrl\":\"https:\/\/suomenkuvalehti.fi\/vallan-mahotonta\/wp-content\/uploads\/sites\/42\/2018\/05\/antti_j_ronkainen_blogi_pieni-150x150.jpg\",\"caption\":\"Antti Ronkainen\"},\"description\":\"Antti Ronkainen on poliittisen talouden v\u00e4it\u00f6skirjatutkija Helsingin yliopistolla.\",\"sameAs\":[\"http:\/\/anttironkainen.fi\",\"https:\/\/www.facebook.com\/a.ronkainen\",\"https:\/\/www.instagram.com\/antti.ronkainen\/\",\"https:\/\/x.com\/https:\/\/twitter.com\/anttironkainen\"]}]}<\/script>\n<!-- \/ Yoast SEO plugin. -->","yoast_head_json":{"title":"Exit-neuvotteluissa aika on aina j\u00e4senmaata vastaan (Brexit ja Grexit) - Vallan mahotonta!","robots":{"index":"index","follow":"follow","max-snippet":"max-snippet:-1","max-image-preview":"max-image-preview:large","max-video-preview":"max-video-preview:-1"},"canonical":"https:\/\/suomenkuvalehti.fi\/vallan-mahotonta\/exit-neuvotteluissa-aika-on-aina-jasenmaata-vastaan-brexit-ja-grexit\/","og_locale":"fi_FI","og_type":"article","og_title":"Exit-neuvotteluissa aika on aina j\u00e4senmaata vastaan (Brexit ja Grexit) - Vallan mahotonta!","og_description":"Vinkki tuleville exiteereille:\u00a0\u00e4l\u00e4 aloita neuvotteluita ennen kuin tied\u00e4t mit\u00e4 haluat.","og_url":"https:\/\/suomenkuvalehti.fi\/vallan-mahotonta\/exit-neuvotteluissa-aika-on-aina-jasenmaata-vastaan-brexit-ja-grexit\/","og_site_name":"Vallan mahotonta!","article_author":"https:\/\/www.facebook.com\/a.ronkainen","article_published_time":"2019-01-09T09:29:56+00:00","og_image":[{"width":600,"height":600,"url":"https:\/\/suomenkuvalehti.fi\/vallan-mahotonta\/wp-content\/uploads\/sites\/42\/2018\/05\/antti_j_ronkainen_blogi_pieni.jpg","type":"image\/jpeg"}],"author":"Antti Ronkainen","twitter_card":"summary_large_image","twitter_creator":"@https:\/\/twitter.com\/anttironkainen","twitter_misc":{"Written by":"Antti Ronkainen","Est. reading time":"2 minuuttia"},"schema":{"@context":"https:\/\/schema.org","@graph":[{"@type":"WebPage","@id":"https:\/\/suomenkuvalehti.fi\/vallan-mahotonta\/exit-neuvotteluissa-aika-on-aina-jasenmaata-vastaan-brexit-ja-grexit\/","url":"https:\/\/suomenkuvalehti.fi\/vallan-mahotonta\/exit-neuvotteluissa-aika-on-aina-jasenmaata-vastaan-brexit-ja-grexit\/","name":"Exit-neuvotteluissa aika on aina j\u00e4senmaata vastaan (Brexit ja Grexit) - Vallan mahotonta!","isPartOf":{"@id":"https:\/\/suomenkuvalehti.fi\/vallan-mahotonta\/#website"},"datePublished":"2019-01-09T09:29:56+00:00","author":{"@id":"https:\/\/suomenkuvalehti.fi\/vallan-mahotonta\/#\/schema\/person\/aa34015af7a4bce21e1cdcf566bb57b0"},"breadcrumb":{"@id":"https:\/\/suomenkuvalehti.fi\/vallan-mahotonta\/exit-neuvotteluissa-aika-on-aina-jasenmaata-vastaan-brexit-ja-grexit\/#breadcrumb"},"inLanguage":"fi","potentialAction":[{"@type":"ReadAction","target":["https:\/\/suomenkuvalehti.fi\/vallan-mahotonta\/exit-neuvotteluissa-aika-on-aina-jasenmaata-vastaan-brexit-ja-grexit\/"]}]},{"@type":"BreadcrumbList","@id":"https:\/\/suomenkuvalehti.fi\/vallan-mahotonta\/exit-neuvotteluissa-aika-on-aina-jasenmaata-vastaan-brexit-ja-grexit\/#breadcrumb","itemListElement":[{"@type":"ListItem","position":1,"name":"Home","item":"https:\/\/suomenkuvalehti.fi\/vallan-mahotonta\/"},{"@type":"ListItem","position":2,"name":"Exit-neuvotteluissa aika on aina j\u00e4senmaata vastaan (Brexit ja Grexit)"}]},{"@type":"WebSite","@id":"https:\/\/suomenkuvalehti.fi\/vallan-mahotonta\/#website","url":"https:\/\/suomenkuvalehti.fi\/vallan-mahotonta\/","name":"Vallan mahotonta!","description":"Tutkija Antti Ronkainen seuraa maailmantalouden murrosta.","potentialAction":[{"@type":"SearchAction","target":{"@type":"EntryPoint","urlTemplate":"https:\/\/suomenkuvalehti.fi\/haku\/?q={search_term_string}"},"query-input":{"@type":"PropertyValueSpecification","valueRequired":true,"valueName":"search_term_string"}}],"inLanguage":"fi"},{"@type":"Person","@id":"https:\/\/suomenkuvalehti.fi\/vallan-mahotonta\/#\/schema\/person\/aa34015af7a4bce21e1cdcf566bb57b0","name":"Antti Ronkainen","image":{"@type":"ImageObject","inLanguage":"fi","@id":"https:\/\/suomenkuvalehti.fi\/vallan-mahotonta\/#\/schema\/person\/image\/","url":"https:\/\/suomenkuvalehti.fi\/vallan-mahotonta\/wp-content\/uploads\/sites\/42\/2018\/05\/antti_j_ronkainen_blogi_pieni-150x150.jpg","contentUrl":"https:\/\/suomenkuvalehti.fi\/vallan-mahotonta\/wp-content\/uploads\/sites\/42\/2018\/05\/antti_j_ronkainen_blogi_pieni-150x150.jpg","caption":"Antti Ronkainen"},"description":"Antti Ronkainen on poliittisen talouden v\u00e4it\u00f6skirjatutkija Helsingin yliopistolla.","sameAs":["http:\/\/anttironkainen.fi","https:\/\/www.facebook.com\/a.ronkainen","https:\/\/www.instagram.com\/antti.ronkainen\/","https:\/\/x.com\/https:\/\/twitter.com\/anttironkainen"]}]}},"_links":{"self":[{"href":"https:\/\/suomenkuvalehti.fi\/vallan-mahotonta\/wp-json\/wp\/v2\/posts\/2121","targetHints":{"allow":["GET"]}}],"collection":[{"href":"https:\/\/suomenkuvalehti.fi\/vallan-mahotonta\/wp-json\/wp\/v2\/posts"}],"about":[{"href":"https:\/\/suomenkuvalehti.fi\/vallan-mahotonta\/wp-json\/wp\/v2\/types\/post"}],"author":[{"embeddable":true,"href":"https:\/\/suomenkuvalehti.fi\/vallan-mahotonta\/wp-json\/wp\/v2\/users\/37967"}],"replies":[{"embeddable":true,"href":"https:\/\/suomenkuvalehti.fi\/vallan-mahotonta\/wp-json\/wp\/v2\/comments?post=2121"}],"version-history":[{"count":20,"href":"https:\/\/suomenkuvalehti.fi\/vallan-mahotonta\/wp-json\/wp\/v2\/posts\/2121\/revisions"}],"predecessor-version":[{"id":2141,"href":"https:\/\/suomenkuvalehti.fi\/vallan-mahotonta\/wp-json\/wp\/v2\/posts\/2121\/revisions\/2141"}],"wp:attachment":[{"href":"https:\/\/suomenkuvalehti.fi\/vallan-mahotonta\/wp-json\/wp\/v2\/media?parent=2121"}],"wp:term":[{"taxonomy":"category","embeddable":true,"href":"https:\/\/suomenkuvalehti.fi\/vallan-mahotonta\/wp-json\/wp\/v2\/categories?post=2121"},{"taxonomy":"post_tag","embeddable":true,"href":"https:\/\/suomenkuvalehti.fi\/vallan-mahotonta\/wp-json\/wp\/v2\/tags?post=2121"}],"curies":[{"name":"wp","href":"https:\/\/api.w.org\/{rel}","templated":true}]}}