{"id":1916,"date":"2018-12-03T12:30:33","date_gmt":"2018-12-03T10:30:33","guid":{"rendered":"https:\/\/suomenkuvalehti.fi\/vallan-mahotonta\/?p=1916"},"modified":"2018-12-03T12:30:33","modified_gmt":"2018-12-03T10:30:33","slug":"protektionismi-alkoi-kauan-ennen-trumpia","status":"publish","type":"post","link":"https:\/\/suomenkuvalehti.fi\/vallan-mahotonta\/protektionismi-alkoi-kauan-ennen-trumpia\/","title":{"rendered":"Protektionismi alkoi kauan ennen Trumpia, v\u00e4litt\u00f6m\u00e4sti finanssikriisin j\u00e4lkeen"},"content":{"rendered":"\n<p><span class=\"capitalized\">Argentiinan G20-kokous<\/span> oli maailman johtajien <a href=\"https:\/\/www.independent.co.uk\/voices\/g20-summit-argentina-trump-us-china-saudi-arabia-trade-buenos-aires-economy-diplomacy-a8663661.html\" target=\"_blank\" rel=\"noopener\">antautuminen trumpismille<\/a>.<\/p>\n\n\n\n<p><a href=\"https:\/\/g20.org\/sites\/default\/files\/buenos_aires_leaders_declaration.pdf\" target=\"_blank\" rel=\"noopener\">G20-julistuksessa<\/a>&nbsp;erimielisyydet on haudattu sekavaan kieleen ja siit\u00e4 on poistettu taistelu protektionismia vastaan. Muut maat saivat seurata sivusta Yhdysvaltain ja Kiinan delegaatioiden illallista ja pel\u00e4t\u00e4 kauppasotien eskaloitumista.<\/p>\n\n\n\n<p>Vaikka <strong>Donald Trump&nbsp;<\/strong>on antanut kasvot vapaakaupan vastustamiselle, protektionismi on alkanut jo vajaat 10 vuotta ennen Trumpia.&nbsp;Finanssikriisin j\u00e4lkeen&nbsp;<a href=\"https:\/\/www.reuters.com\/article\/us-global-economy-protectionism\/world-has-racked-up-7000-protectionist-measures-since-crisis-study-idUSKBN1DF005\" target=\"_blank\" rel=\"noopener\">maailman 60 suurinta taloutta<\/a>&nbsp;on p\u00e4\u00e4tt\u00e4nyt yli 7000 kaupan esteest\u00e4. Maailman maat sopivat jo ennen Trumpia suuremmasta m\u00e4\u00e4r\u00e4st\u00e4 kaupan esteit\u00e4 kuin parina <a href=\"https:\/\/twitter.com\/dlacalle_IA\/status\/1068969670491979777\" target=\"_blank\" rel=\"noopener\">edellisen\u00e4 vuosikymmenen\u00e4 yhteens\u00e4<\/a>.<\/p>\n\n\n\n<p>Suurimmat vaikutukset on ollut Yhdysvaltain, Kiinan ja Ven\u00e4j\u00e4n protektionistisilla toimilla. Yll\u00e4tt\u00e4v\u00e4\u00e4 kyll\u00e4, kaupan esteiden m\u00e4\u00e4r\u00e4 on edelleen suurinta Euroopassa, mik\u00e4 n\u00e4kyy kirjoituksen lopussa olevasta kartasta.<\/p>\n\n\n\n<p>Maailmanpankin, Heritage indexin ja Global Trade Alertin aineistojen perusteella ainoastaan&nbsp;Brasilia, Tunisia ja Saudi-Arabia ovat edist\u00e4neet enemm\u00e4n vapaakauppaa kuin protektionismia viimeisen 10 vuoden aikana.<\/p>\n\n\n<figure class=\"wp-block-image size-full alignnone\">\n  <div class=\"wp-block-image__inner-container\">\n    <a href=\"https:\/\/suomenkuvalehti.fi\/vallan-mahotonta\/wp-content\/uploads\/sites\/42\/2018\/12\/screen-shot-2018-12-02-at-1.21.00.png\"><img loading=\"lazy\" decoding=\"async\" src=\"https:\/\/suomenkuvalehti.fi\/vallan-mahotonta\/wp-content\/uploads\/sites\/42\/2018\/12\/screen-shot-2018-12-02-at-1.21.00.png\" alt=\"\" class=\"wp-image-1918\" width=\"721\" height=\"444\" style=\"--aspect-ratio: 1.62\" srcset=\"https:\/\/suomenkuvalehti.fi\/vallan-mahotonta\/wp-content\/uploads\/sites\/42\/2018\/12\/screen-shot-2018-12-02-at-1.21.00.png 721w, https:\/\/suomenkuvalehti.fi\/vallan-mahotonta\/wp-content\/uploads\/sites\/42\/2018\/12\/screen-shot-2018-12-02-at-1.21.00-300x185.png 300w, https:\/\/suomenkuvalehti.fi\/vallan-mahotonta\/wp-content\/uploads\/sites\/42\/2018\/12\/screen-shot-2018-12-02-at-1.21.00-630x388.png 630w\" sizes=\"auto, (max-width: 721px) 100vw, 721px\" \/><\/a>  <\/div>\n<\/figure>\n\n\n\n<p><span class=\"capitalized\">Trump on kiihdytt\u00e4j\u00e4<\/span>, joka vie \u00e4\u00e4rimmilleen jo alkaneen kehityksen.<\/p>\n\n\n\n<p>Trump poikkeaa aikaisemmista johtajista siin\u00e4, ett\u00e4 h\u00e4n k\u00e4ytt\u00e4\u00e4 raippatulleja neuvottelustrategiana. Kiihdytt\u00e4misen ideana on vied\u00e4 kauppasotien uhka niin pitk\u00e4lle, ett\u00e4 systeemiss\u00e4 tapahtuu laadullinen muutos Yhdysvaltain eduksi.<\/p>\n\n\n\n<p>Trumpin kauppapoliittisen neuvonantaja <strong>Peter Navarron<\/strong> mukaan tarkoituksena on muodostaa vapaakauppa-alueita keskeisten kauppakumppanien kanssa. Tarkoitus on siis v\u00e4hent\u00e4\u00e4 kaupan esteit\u00e4 eik\u00e4 lis\u00e4t\u00e4 niit\u00e4.&nbsp;Nafta ja Etel\u00e4-Korean kauppasopimus on jo neuvoteltu uusiksi, mink\u00e4 lis\u00e4ksi Trump aikoo saada uudet sopimukset viel\u00e4 Japanin, Euroopan unionin ja Kiinan kanssa.<\/p>\n\n\n\n<p>On selv\u00e4\u00e4, ett\u00e4 Trumpin kiihdytyksest\u00e4 seuraa laadullinen muutos maailmantaloudelle. Muutoksen luonne riippuu siit\u00e4, onnistuvatko Yhdysvaltain ja Kiinan neuvottelut. Maat julistivat Argentiinassa 90 p\u00e4iv\u00e4n tulitauon, mutta jo aiotut raippatullit iskev\u00e4t voimaan entist\u00e4 suurempina, mik\u00e4li sopua ei synny.<\/p>\n\n\n<figure class=\"wp-block-image size-full alignnone\">\n  <div class=\"wp-block-image__inner-container\">\n    <a href=\"https:\/\/suomenkuvalehti.fi\/vallan-mahotonta\/wp-content\/uploads\/sites\/42\/2018\/12\/screen-shot-2018-12-02-at-1.29.42.png\"><img loading=\"lazy\" decoding=\"async\" src=\"https:\/\/suomenkuvalehti.fi\/vallan-mahotonta\/wp-content\/uploads\/sites\/42\/2018\/12\/screen-shot-2018-12-02-at-1.29.42.png\" alt=\"\" class=\"wp-image-1920\" width=\"741\" height=\"383\" style=\"--aspect-ratio: 1.93\" srcset=\"https:\/\/suomenkuvalehti.fi\/vallan-mahotonta\/wp-content\/uploads\/sites\/42\/2018\/12\/screen-shot-2018-12-02-at-1.29.42.png 741w, https:\/\/suomenkuvalehti.fi\/vallan-mahotonta\/wp-content\/uploads\/sites\/42\/2018\/12\/screen-shot-2018-12-02-at-1.29.42-300x155.png 300w, https:\/\/suomenkuvalehti.fi\/vallan-mahotonta\/wp-content\/uploads\/sites\/42\/2018\/12\/screen-shot-2018-12-02-at-1.29.42-630x326.png 630w\" sizes=\"auto, (max-width: 741px) 100vw, 741px\" \/><\/a>  <\/div>\n<\/figure>\n\n\n\n<p>&nbsp;<\/p>\n\n\n","protected":false},"excerpt":{"rendered":"<p>Trumpin idea on vied\u00e4 kauppasotien uhka niin pitk\u00e4lle, ett\u00e4 systeemiss\u00e4 tapahtuu laadullinen muutos Yhdysvaltain eduksi.<\/p>\n","protected":false},"author":37967,"featured_media":0,"comment_status":"open","ping_status":"open","sticky":false,"template":"","format":"standard","meta":{"_acf_changed":false,"asauth_required_access_level":3,"asauth_cansharepaid":"true","om_header_attributes":[],"footnotes":"","om_featured_image_focal_point":[],"om_primary_tag":0,"om_contributors":[],"om_co_authors":[],"beyondwords_generate_audio":"","beyondwords_project_id":"","beyondwords_content_id":"","beyondwords_preview_token":"","beyondwords_player_content":"","beyondwords_player_style":"","beyondwords_language_code":"","beyondwords_language_id":"","beyondwords_title_voice_id":"","beyondwords_body_voice_id":"","beyondwords_summary_voice_id":"","beyondwords_error_message":"","beyondwords_disabled":"","beyondwords_delete_content":"","beyondwords_podcast_id":"","beyondwords_hash":"","publish_post_to_speechkit":"","speechkit_hash":"","speechkit_generate_audio":"","speechkit_project_id":"","speechkit_podcast_id":"","speechkit_error_message":"","speechkit_disabled":"","speechkit_access_key":"","speechkit_error":"","speechkit_info":"","speechkit_response":"","speechkit_retries":"","speechkit_status":"","speechkit_updated_at":"","_speechkit_link":"","_speechkit_text":""},"categories":[1],"tags":[39,195,193,194],"class_list":["post-1916","post","type-post","status-publish","format-standard","hentry","category-vallan-mahotonta","tag-donald-trump","tag-g20","tag-kauppasodat","tag-kiihdytys"],"om_views":null,"acf":{"tuuma_off":false,"tuuma_kysymys":"","tuuma_vastaus":""},"asauth":{"required_access_level":1,"share_token":"","is_paid":false},"yoast_head":"<!-- This site is optimized with the Yoast SEO plugin v26.4 - https:\/\/yoast.com\/wordpress\/plugins\/seo\/ -->\n<title>Protektionismi alkoi kauan ennen Trumpia, v\u00e4litt\u00f6m\u00e4sti finanssikriisin j\u00e4lkeen - Vallan mahotonta!<\/title>\n<meta name=\"robots\" content=\"index, follow, max-snippet:-1, max-image-preview:large, max-video-preview:-1\" \/>\n<link rel=\"canonical\" href=\"https:\/\/suomenkuvalehti.fi\/vallan-mahotonta\/protektionismi-alkoi-kauan-ennen-trumpia\/\" \/>\n<meta property=\"og:locale\" content=\"fi_FI\" \/>\n<meta property=\"og:type\" content=\"article\" \/>\n<meta property=\"og:title\" content=\"Protektionismi alkoi kauan ennen Trumpia, v\u00e4litt\u00f6m\u00e4sti finanssikriisin j\u00e4lkeen - Vallan mahotonta!\" \/>\n<meta property=\"og:description\" content=\"Trumpin idea on vied\u00e4 kauppasotien uhka niin pitk\u00e4lle, ett\u00e4 systeemiss\u00e4 tapahtuu laadullinen muutos Yhdysvaltain eduksi.\" \/>\n<meta property=\"og:url\" content=\"https:\/\/suomenkuvalehti.fi\/vallan-mahotonta\/protektionismi-alkoi-kauan-ennen-trumpia\/\" \/>\n<meta property=\"og:site_name\" content=\"Vallan mahotonta!\" \/>\n<meta property=\"article:author\" content=\"https:\/\/www.facebook.com\/a.ronkainen\" \/>\n<meta property=\"article:published_time\" content=\"2018-12-03T10:30:33+00:00\" \/>\n<meta property=\"og:image\" content=\"https:\/\/suomenkuvalehti.fi\/vallan-mahotonta\/wp-content\/uploads\/sites\/42\/2018\/12\/screen-shot-2018-12-02-at-1.21.00.png\" \/>\n<meta name=\"author\" content=\"Antti Ronkainen\" \/>\n<meta name=\"twitter:card\" content=\"summary_large_image\" \/>\n<meta name=\"twitter:creator\" content=\"@https:\/\/twitter.com\/anttironkainen\" \/>\n<meta name=\"twitter:label1\" content=\"Written by\" \/>\n\t<meta name=\"twitter:data1\" content=\"Antti Ronkainen\" \/>\n\t<meta name=\"twitter:label2\" content=\"Est. reading time\" \/>\n\t<meta name=\"twitter:data2\" content=\"1 minuutti\" \/>\n<script type=\"application\/ld+json\" class=\"yoast-schema-graph\">{\"@context\":\"https:\/\/schema.org\",\"@graph\":[{\"@type\":\"WebPage\",\"@id\":\"https:\/\/suomenkuvalehti.fi\/vallan-mahotonta\/protektionismi-alkoi-kauan-ennen-trumpia\/\",\"url\":\"https:\/\/suomenkuvalehti.fi\/vallan-mahotonta\/protektionismi-alkoi-kauan-ennen-trumpia\/\",\"name\":\"Protektionismi alkoi kauan ennen Trumpia, v\u00e4litt\u00f6m\u00e4sti finanssikriisin j\u00e4lkeen - Vallan mahotonta!\",\"isPartOf\":{\"@id\":\"https:\/\/suomenkuvalehti.fi\/vallan-mahotonta\/#website\"},\"primaryImageOfPage\":{\"@id\":\"https:\/\/suomenkuvalehti.fi\/vallan-mahotonta\/protektionismi-alkoi-kauan-ennen-trumpia\/#primaryimage\"},\"image\":{\"@id\":\"https:\/\/suomenkuvalehti.fi\/vallan-mahotonta\/protektionismi-alkoi-kauan-ennen-trumpia\/#primaryimage\"},\"thumbnailUrl\":\"https:\/\/suomenkuvalehti.fi\/vallan-mahotonta\/wp-content\/uploads\/sites\/42\/2018\/12\/screen-shot-2018-12-02-at-1.21.00.png\",\"datePublished\":\"2018-12-03T10:30:33+00:00\",\"author\":{\"@id\":\"https:\/\/suomenkuvalehti.fi\/vallan-mahotonta\/#\/schema\/person\/aa34015af7a4bce21e1cdcf566bb57b0\"},\"breadcrumb\":{\"@id\":\"https:\/\/suomenkuvalehti.fi\/vallan-mahotonta\/protektionismi-alkoi-kauan-ennen-trumpia\/#breadcrumb\"},\"inLanguage\":\"fi\",\"potentialAction\":[{\"@type\":\"ReadAction\",\"target\":[\"https:\/\/suomenkuvalehti.fi\/vallan-mahotonta\/protektionismi-alkoi-kauan-ennen-trumpia\/\"]}]},{\"@type\":\"ImageObject\",\"inLanguage\":\"fi\",\"@id\":\"https:\/\/suomenkuvalehti.fi\/vallan-mahotonta\/protektionismi-alkoi-kauan-ennen-trumpia\/#primaryimage\",\"url\":\"https:\/\/suomenkuvalehti.fi\/vallan-mahotonta\/wp-content\/uploads\/sites\/42\/2018\/12\/screen-shot-2018-12-02-at-1.21.00.png\",\"contentUrl\":\"https:\/\/suomenkuvalehti.fi\/vallan-mahotonta\/wp-content\/uploads\/sites\/42\/2018\/12\/screen-shot-2018-12-02-at-1.21.00.png\",\"width\":721,\"height\":444},{\"@type\":\"BreadcrumbList\",\"@id\":\"https:\/\/suomenkuvalehti.fi\/vallan-mahotonta\/protektionismi-alkoi-kauan-ennen-trumpia\/#breadcrumb\",\"itemListElement\":[{\"@type\":\"ListItem\",\"position\":1,\"name\":\"Home\",\"item\":\"https:\/\/suomenkuvalehti.fi\/vallan-mahotonta\/\"},{\"@type\":\"ListItem\",\"position\":2,\"name\":\"Protektionismi alkoi kauan ennen Trumpia, v\u00e4litt\u00f6m\u00e4sti finanssikriisin j\u00e4lkeen\"}]},{\"@type\":\"WebSite\",\"@id\":\"https:\/\/suomenkuvalehti.fi\/vallan-mahotonta\/#website\",\"url\":\"https:\/\/suomenkuvalehti.fi\/vallan-mahotonta\/\",\"name\":\"Vallan mahotonta!\",\"description\":\"Tutkija Antti Ronkainen seuraa maailmantalouden murrosta.\",\"potentialAction\":[{\"@type\":\"SearchAction\",\"target\":{\"@type\":\"EntryPoint\",\"urlTemplate\":\"https:\/\/suomenkuvalehti.fi\/haku\/?q={search_term_string}\"},\"query-input\":{\"@type\":\"PropertyValueSpecification\",\"valueRequired\":true,\"valueName\":\"search_term_string\"}}],\"inLanguage\":\"fi\"},{\"@type\":\"Person\",\"@id\":\"https:\/\/suomenkuvalehti.fi\/vallan-mahotonta\/#\/schema\/person\/aa34015af7a4bce21e1cdcf566bb57b0\",\"name\":\"Antti Ronkainen\",\"image\":{\"@type\":\"ImageObject\",\"inLanguage\":\"fi\",\"@id\":\"https:\/\/suomenkuvalehti.fi\/vallan-mahotonta\/#\/schema\/person\/image\/\",\"url\":\"https:\/\/suomenkuvalehti.fi\/vallan-mahotonta\/wp-content\/uploads\/sites\/42\/2018\/05\/antti_j_ronkainen_blogi_pieni-150x150.jpg\",\"contentUrl\":\"https:\/\/suomenkuvalehti.fi\/vallan-mahotonta\/wp-content\/uploads\/sites\/42\/2018\/05\/antti_j_ronkainen_blogi_pieni-150x150.jpg\",\"caption\":\"Antti Ronkainen\"},\"description\":\"Antti Ronkainen on poliittisen talouden v\u00e4it\u00f6skirjatutkija Helsingin yliopistolla.\",\"sameAs\":[\"http:\/\/anttironkainen.fi\",\"https:\/\/www.facebook.com\/a.ronkainen\",\"https:\/\/www.instagram.com\/antti.ronkainen\/\",\"https:\/\/x.com\/https:\/\/twitter.com\/anttironkainen\"]}]}<\/script>\n<!-- \/ Yoast SEO plugin. -->","yoast_head_json":{"title":"Protektionismi alkoi kauan ennen Trumpia, v\u00e4litt\u00f6m\u00e4sti finanssikriisin j\u00e4lkeen - Vallan mahotonta!","robots":{"index":"index","follow":"follow","max-snippet":"max-snippet:-1","max-image-preview":"max-image-preview:large","max-video-preview":"max-video-preview:-1"},"canonical":"https:\/\/suomenkuvalehti.fi\/vallan-mahotonta\/protektionismi-alkoi-kauan-ennen-trumpia\/","og_locale":"fi_FI","og_type":"article","og_title":"Protektionismi alkoi kauan ennen Trumpia, v\u00e4litt\u00f6m\u00e4sti finanssikriisin j\u00e4lkeen - Vallan mahotonta!","og_description":"Trumpin idea on vied\u00e4 kauppasotien uhka niin pitk\u00e4lle, ett\u00e4 systeemiss\u00e4 tapahtuu laadullinen muutos Yhdysvaltain eduksi.","og_url":"https:\/\/suomenkuvalehti.fi\/vallan-mahotonta\/protektionismi-alkoi-kauan-ennen-trumpia\/","og_site_name":"Vallan mahotonta!","article_author":"https:\/\/www.facebook.com\/a.ronkainen","article_published_time":"2018-12-03T10:30:33+00:00","og_image":[{"url":"https:\/\/suomenkuvalehti.fi\/vallan-mahotonta\/wp-content\/uploads\/sites\/42\/2018\/12\/screen-shot-2018-12-02-at-1.21.00.png","type":"","width":"","height":""}],"author":"Antti Ronkainen","twitter_card":"summary_large_image","twitter_creator":"@https:\/\/twitter.com\/anttironkainen","twitter_misc":{"Written by":"Antti Ronkainen","Est. reading time":"1 minuutti"},"schema":{"@context":"https:\/\/schema.org","@graph":[{"@type":"WebPage","@id":"https:\/\/suomenkuvalehti.fi\/vallan-mahotonta\/protektionismi-alkoi-kauan-ennen-trumpia\/","url":"https:\/\/suomenkuvalehti.fi\/vallan-mahotonta\/protektionismi-alkoi-kauan-ennen-trumpia\/","name":"Protektionismi alkoi kauan ennen Trumpia, v\u00e4litt\u00f6m\u00e4sti finanssikriisin j\u00e4lkeen - Vallan mahotonta!","isPartOf":{"@id":"https:\/\/suomenkuvalehti.fi\/vallan-mahotonta\/#website"},"primaryImageOfPage":{"@id":"https:\/\/suomenkuvalehti.fi\/vallan-mahotonta\/protektionismi-alkoi-kauan-ennen-trumpia\/#primaryimage"},"image":{"@id":"https:\/\/suomenkuvalehti.fi\/vallan-mahotonta\/protektionismi-alkoi-kauan-ennen-trumpia\/#primaryimage"},"thumbnailUrl":"https:\/\/suomenkuvalehti.fi\/vallan-mahotonta\/wp-content\/uploads\/sites\/42\/2018\/12\/screen-shot-2018-12-02-at-1.21.00.png","datePublished":"2018-12-03T10:30:33+00:00","author":{"@id":"https:\/\/suomenkuvalehti.fi\/vallan-mahotonta\/#\/schema\/person\/aa34015af7a4bce21e1cdcf566bb57b0"},"breadcrumb":{"@id":"https:\/\/suomenkuvalehti.fi\/vallan-mahotonta\/protektionismi-alkoi-kauan-ennen-trumpia\/#breadcrumb"},"inLanguage":"fi","potentialAction":[{"@type":"ReadAction","target":["https:\/\/suomenkuvalehti.fi\/vallan-mahotonta\/protektionismi-alkoi-kauan-ennen-trumpia\/"]}]},{"@type":"ImageObject","inLanguage":"fi","@id":"https:\/\/suomenkuvalehti.fi\/vallan-mahotonta\/protektionismi-alkoi-kauan-ennen-trumpia\/#primaryimage","url":"https:\/\/suomenkuvalehti.fi\/vallan-mahotonta\/wp-content\/uploads\/sites\/42\/2018\/12\/screen-shot-2018-12-02-at-1.21.00.png","contentUrl":"https:\/\/suomenkuvalehti.fi\/vallan-mahotonta\/wp-content\/uploads\/sites\/42\/2018\/12\/screen-shot-2018-12-02-at-1.21.00.png","width":721,"height":444},{"@type":"BreadcrumbList","@id":"https:\/\/suomenkuvalehti.fi\/vallan-mahotonta\/protektionismi-alkoi-kauan-ennen-trumpia\/#breadcrumb","itemListElement":[{"@type":"ListItem","position":1,"name":"Home","item":"https:\/\/suomenkuvalehti.fi\/vallan-mahotonta\/"},{"@type":"ListItem","position":2,"name":"Protektionismi alkoi kauan ennen Trumpia, v\u00e4litt\u00f6m\u00e4sti finanssikriisin j\u00e4lkeen"}]},{"@type":"WebSite","@id":"https:\/\/suomenkuvalehti.fi\/vallan-mahotonta\/#website","url":"https:\/\/suomenkuvalehti.fi\/vallan-mahotonta\/","name":"Vallan mahotonta!","description":"Tutkija Antti Ronkainen seuraa maailmantalouden murrosta.","potentialAction":[{"@type":"SearchAction","target":{"@type":"EntryPoint","urlTemplate":"https:\/\/suomenkuvalehti.fi\/haku\/?q={search_term_string}"},"query-input":{"@type":"PropertyValueSpecification","valueRequired":true,"valueName":"search_term_string"}}],"inLanguage":"fi"},{"@type":"Person","@id":"https:\/\/suomenkuvalehti.fi\/vallan-mahotonta\/#\/schema\/person\/aa34015af7a4bce21e1cdcf566bb57b0","name":"Antti Ronkainen","image":{"@type":"ImageObject","inLanguage":"fi","@id":"https:\/\/suomenkuvalehti.fi\/vallan-mahotonta\/#\/schema\/person\/image\/","url":"https:\/\/suomenkuvalehti.fi\/vallan-mahotonta\/wp-content\/uploads\/sites\/42\/2018\/05\/antti_j_ronkainen_blogi_pieni-150x150.jpg","contentUrl":"https:\/\/suomenkuvalehti.fi\/vallan-mahotonta\/wp-content\/uploads\/sites\/42\/2018\/05\/antti_j_ronkainen_blogi_pieni-150x150.jpg","caption":"Antti Ronkainen"},"description":"Antti Ronkainen on poliittisen talouden v\u00e4it\u00f6skirjatutkija Helsingin yliopistolla.","sameAs":["http:\/\/anttironkainen.fi","https:\/\/www.facebook.com\/a.ronkainen","https:\/\/www.instagram.com\/antti.ronkainen\/","https:\/\/x.com\/https:\/\/twitter.com\/anttironkainen"]}]}},"_links":{"self":[{"href":"https:\/\/suomenkuvalehti.fi\/vallan-mahotonta\/wp-json\/wp\/v2\/posts\/1916","targetHints":{"allow":["GET"]}}],"collection":[{"href":"https:\/\/suomenkuvalehti.fi\/vallan-mahotonta\/wp-json\/wp\/v2\/posts"}],"about":[{"href":"https:\/\/suomenkuvalehti.fi\/vallan-mahotonta\/wp-json\/wp\/v2\/types\/post"}],"author":[{"embeddable":true,"href":"https:\/\/suomenkuvalehti.fi\/vallan-mahotonta\/wp-json\/wp\/v2\/users\/37967"}],"replies":[{"embeddable":true,"href":"https:\/\/suomenkuvalehti.fi\/vallan-mahotonta\/wp-json\/wp\/v2\/comments?post=1916"}],"version-history":[{"count":35,"href":"https:\/\/suomenkuvalehti.fi\/vallan-mahotonta\/wp-json\/wp\/v2\/posts\/1916\/revisions"}],"predecessor-version":[{"id":1953,"href":"https:\/\/suomenkuvalehti.fi\/vallan-mahotonta\/wp-json\/wp\/v2\/posts\/1916\/revisions\/1953"}],"wp:attachment":[{"href":"https:\/\/suomenkuvalehti.fi\/vallan-mahotonta\/wp-json\/wp\/v2\/media?parent=1916"}],"wp:term":[{"taxonomy":"category","embeddable":true,"href":"https:\/\/suomenkuvalehti.fi\/vallan-mahotonta\/wp-json\/wp\/v2\/categories?post=1916"},{"taxonomy":"post_tag","embeddable":true,"href":"https:\/\/suomenkuvalehti.fi\/vallan-mahotonta\/wp-json\/wp\/v2\/tags?post=1916"}],"curies":[{"name":"wp","href":"https:\/\/api.w.org\/{rel}","templated":true}]}}