{"id":1798,"date":"2018-10-30T15:44:02","date_gmt":"2018-10-30T13:44:02","guid":{"rendered":"https:\/\/suomenkuvalehti.fi\/vallan-mahotonta\/?p=1798"},"modified":"2018-10-30T15:44:02","modified_gmt":"2018-10-30T13:44:02","slug":"angela-merkelin-perinto-ja-testamentti","status":"publish","type":"post","link":"https:\/\/suomenkuvalehti.fi\/vallan-mahotonta\/angela-merkelin-perinto-ja-testamentti\/","title":{"rendered":"Angela Merkelin perint\u00f6 ja testamentti"},"content":{"rendered":"\n<p>Niin siin\u00e4 k\u00e4vi, ett\u00e4&nbsp;<strong>Angela Merkel<\/strong> ilmoitti j\u00e4tt\u00e4v\u00e4ns\u00e4 Saksan kristillisdemokraattien (CDU) puheenjohtajuuden joulukuussa.<\/p>\n\n\n\n<p>Merkel on johtanut CDU:ta koko 2000-luvun ajan ja Saksaa vuodesta 2005 l\u00e4htien.<\/p>\n\n\n\n<p>Vaikka Merkel on yhdistetty poliittiseen vakauteen, t\u00e4m\u00e4 vakaus on tarkoittanut tietynlaista pys\u00e4htyneisyytt\u00e4. Merkel hy\u00f6tyi edelt\u00e4j\u00e4ns\u00e4 <strong>Gerhard Schr\u00f6derin<\/strong>&nbsp;rakenteellisista uudistuksista, eik\u00e4 Merkeli\u00e4 itse\u00e4\u00e4n tulla muistamaan Saksan tai Euroopan uudistamisesta.<\/p>\n\n\n\n<p><strong>Merkelin metodi<\/strong> tarkoittaa p\u00e4\u00e4t\u00f6sten venytt\u00e4mist\u00e4 11 hetkelle, jonka j\u00e4lkeen kukaan ei oikein tied\u00e4 mist\u00e4 lopulta p\u00e4\u00e4tettiin.&nbsp;Vaikka Merkel piti rajat auki pakolaiskriisin alkaessa,&nbsp;h\u00e4n oli jo kylv\u00e4nyt eurokriisiss\u00e4 oman tuhonsa ja avoimen muukalaisvihan siemenet.<\/p>\n\n\n\n<p>Eurokriisin alettua Merkel nousi Euroopan tosiasialliseksi johtajaksi.&nbsp;Koska tukipaketit olivat eritt\u00e4in ep\u00e4suosittuja Saksassa, kaikki j\u00e4senvaltioiden tekem\u00e4t kriisimaiden tukitoimet ehdollistettiin ankaralle talouskurille ja jokainen sentti korvamerkittiin. Lis\u00e4ksi tukipaketeilla vaalittiin juuri Saksan ja Ranskan etua, koska niill\u00e4 estettiin saksalaisten ja ranskalaisten pankkien tappiot kriisimaista.<\/p>\n\n\n\n<p>Itse asiassa eurokriisin hoito Merkelin metodilla&nbsp;loi pohjan vuoden 2015 pakolaiskriisin k\u00e4ynnist\u00e4m\u00e4lle avoimelle muukalaisvihalle ja rasismille.&nbsp;Kun vuodesta 2010 l\u00e4htien oli korostettu, ett\u00e4 Euroopan sis\u00e4ll\u00e4k\u00e4\u00e4n ei ole kuin ehdollistettua solidaarisuutta ja jokainen maa on vastuussa omasta kohtalostaan, t\u00e4m\u00e4 oikeutti pakolaiskriisin alkaessa avoimen vihamielisyyden Euroopan ulkopuolelta tulevia pakolaisia kohtaan.<\/p>\n\n\n\n<p><strong>Merkel haluaa jatkaa kanslerina<\/strong>, koska h\u00e4n haluaa koulia itselleen poliittisen seuraajan. CDU:n tulee valita nopeasti, jatkaako ne Merkelin keskustalaisella linjalla vai k\u00e4\u00e4nty\u00e4k\u00f6 keskustasta kohti konservatiivisempia arvoja.<\/p>\n\n\n\n<p>Molemmissa on riskins\u00e4.<\/p>\n\n\n\n<p>Merkelin linjan jatkaminen ainoastaan uudella johtajalla voi tarkoittaa CDU:lle entist\u00e4 suurempia tappioita jatkossa, mik\u00e4 ajaa puolueen entist\u00e4 suurempaan sekasortoon. Toisaalta nuivemmat kannat Eurooppaan ja maahanmuuttoon voivat ajaa puolueesta kannattajia vihreisiin, jotka ovat parkkeeranneet taitavasti poliittiseen keskustaan. Baijerin ja Hessenin vaalit ovat osoittaneet, ett\u00e4 vihre\u00e4t hy\u00f6tyv\u00e4t Merkelin suuren koalition uskottavuusongelmista.<\/p>\n\n\n\n<p><strong>Ensi vuosi<\/strong> on joka tapauksessa Euroopalle t\u00e4rke\u00e4.<\/p>\n\n\n\n<p>Eurovaalien lis\u00e4ksi silloin tapahtuu brexit, sovitaan seuraavasta EU:n 7-vuotisbudjetista ja valitaan uudet johtajat Euroopan komissioon, Eurooppa-neuvostoon ja Euroopan keskuspankkiin. Toisin sanoen ensi vuonna haetaan uusi brexitin j\u00e4lkeinen voimatasapaino, joka vaikuttaa Euroopan identiteettiin.<\/p>\n\n\n\n<p>Merkel on sanonut, ettei h\u00e4n ole kiinnostunut&nbsp;siirtym\u00e4\u00e4n EU-virkaan ja varmaankin hyv\u00e4 niin. Lis\u00e4ksi Merkelin ilmoitus luopua CDU:n puheenjohtajuudesta jo t\u00e4ss\u00e4 vaiheessa v\u00e4hent\u00e4\u00e4 h\u00e4nen poliittista vaikutusvaltaansa Euroopassa ja EU:n ulkopuolella.<\/p>\n\n\n\n<p>Saksan perustuslaki suojaa kuitenkin kansleria ja h\u00e4net voidaan erottaa ainoastaan siin\u00e4 tapauksessa, ett\u00e4 parlamentin enemmist\u00f6 k\u00e4\u00e4ntyy h\u00e4nt\u00e4 vastaan.&nbsp;Vaikka Merkelin siivet on jo katkottu, h\u00e4nen saappaisiinsa astuminen voi edelleen olla hyvin vaikeaa ja kuumottavaa.<\/p>\n\n\n\n<p>Merkelin uralle on ollut ominaista, ett\u00e4 h\u00e4nen poliittiset vastustajat ovat aliarvioineet h\u00e4net. Kaikesta vastustuksesta huolimatta Merkel voi hyvin ehti\u00e4 kirjoittaa oman poliittisen testamenttinsa Saksan lis\u00e4ksi my\u00f6s Euroopan unionin politiikkaan.<\/p>\n\n\n","protected":false},"excerpt":{"rendered":"<p>Vaikka Merkelin siivet on jo katkottu, h\u00e4nen saappaisiinsa astuminen on hyvin kuumottavaa.<\/p>\n","protected":false},"author":37967,"featured_media":0,"comment_status":"open","ping_status":"open","sticky":false,"template":"","format":"standard","meta":{"_acf_changed":false,"asauth_required_access_level":3,"asauth_cansharepaid":"true","om_header_attributes":[],"footnotes":"","om_featured_image_focal_point":[],"om_primary_tag":0,"om_contributors":[],"om_co_authors":[],"beyondwords_generate_audio":"","beyondwords_project_id":"","beyondwords_content_id":"","beyondwords_preview_token":"","beyondwords_player_content":"","beyondwords_player_style":"","beyondwords_language_code":"","beyondwords_language_id":"","beyondwords_title_voice_id":"","beyondwords_body_voice_id":"","beyondwords_summary_voice_id":"","beyondwords_error_message":"","beyondwords_disabled":"","beyondwords_delete_content":"","beyondwords_podcast_id":"","beyondwords_hash":"","publish_post_to_speechkit":"","speechkit_hash":"","speechkit_generate_audio":"","speechkit_project_id":"","speechkit_podcast_id":"","speechkit_error_message":"","speechkit_disabled":"","speechkit_access_key":"","speechkit_error":"","speechkit_info":"","speechkit_response":"","speechkit_retries":"","speechkit_status":"","speechkit_updated_at":"","_speechkit_link":"","_speechkit_text":""},"categories":[1],"tags":[2,94,7,187],"class_list":["post-1798","post","type-post","status-publish","format-standard","hentry","category-vallan-mahotonta","tag-angela-merkel","tag-cdu","tag-eu","tag-post-merkel"],"om_views":null,"acf":{"tuuma_off":false,"tuuma_kysymys":"","tuuma_vastaus":""},"asauth":{"required_access_level":1,"share_token":"","is_paid":false},"yoast_head":"<!-- This site is optimized with the Yoast SEO plugin v26.4 - https:\/\/yoast.com\/wordpress\/plugins\/seo\/ -->\n<title>Angela Merkelin perint\u00f6 ja testamentti - Vallan mahotonta!<\/title>\n<meta name=\"robots\" content=\"index, follow, max-snippet:-1, max-image-preview:large, max-video-preview:-1\" \/>\n<link rel=\"canonical\" href=\"https:\/\/suomenkuvalehti.fi\/vallan-mahotonta\/angela-merkelin-perinto-ja-testamentti\/\" \/>\n<meta property=\"og:locale\" content=\"fi_FI\" \/>\n<meta property=\"og:type\" content=\"article\" \/>\n<meta property=\"og:title\" content=\"Angela Merkelin perint\u00f6 ja testamentti - Vallan mahotonta!\" \/>\n<meta property=\"og:description\" content=\"Vaikka Merkelin siivet on jo katkottu, h\u00e4nen saappaisiinsa astuminen on hyvin kuumottavaa.\" \/>\n<meta property=\"og:url\" content=\"https:\/\/suomenkuvalehti.fi\/vallan-mahotonta\/angela-merkelin-perinto-ja-testamentti\/\" \/>\n<meta property=\"og:site_name\" content=\"Vallan mahotonta!\" \/>\n<meta property=\"article:author\" content=\"https:\/\/www.facebook.com\/a.ronkainen\" \/>\n<meta property=\"article:published_time\" content=\"2018-10-30T13:44:02+00:00\" \/>\n<meta property=\"og:image\" content=\"https:\/\/suomenkuvalehti.fi\/vallan-mahotonta\/wp-content\/uploads\/sites\/42\/2018\/05\/antti_j_ronkainen_blogi_pieni.jpg\" \/>\n\t<meta property=\"og:image:width\" content=\"600\" \/>\n\t<meta property=\"og:image:height\" content=\"600\" \/>\n\t<meta property=\"og:image:type\" content=\"image\/jpeg\" \/>\n<meta name=\"author\" content=\"Antti Ronkainen\" \/>\n<meta name=\"twitter:card\" content=\"summary_large_image\" \/>\n<meta name=\"twitter:creator\" content=\"@https:\/\/twitter.com\/anttironkainen\" \/>\n<meta name=\"twitter:label1\" content=\"Written by\" \/>\n\t<meta name=\"twitter:data1\" content=\"Antti Ronkainen\" \/>\n\t<meta name=\"twitter:label2\" content=\"Est. reading time\" \/>\n\t<meta name=\"twitter:data2\" content=\"2 minuuttia\" \/>\n<script type=\"application\/ld+json\" class=\"yoast-schema-graph\">{\"@context\":\"https:\/\/schema.org\",\"@graph\":[{\"@type\":\"WebPage\",\"@id\":\"https:\/\/suomenkuvalehti.fi\/vallan-mahotonta\/angela-merkelin-perinto-ja-testamentti\/\",\"url\":\"https:\/\/suomenkuvalehti.fi\/vallan-mahotonta\/angela-merkelin-perinto-ja-testamentti\/\",\"name\":\"Angela Merkelin perint\u00f6 ja testamentti - Vallan mahotonta!\",\"isPartOf\":{\"@id\":\"https:\/\/suomenkuvalehti.fi\/vallan-mahotonta\/#website\"},\"datePublished\":\"2018-10-30T13:44:02+00:00\",\"author\":{\"@id\":\"https:\/\/suomenkuvalehti.fi\/vallan-mahotonta\/#\/schema\/person\/aa34015af7a4bce21e1cdcf566bb57b0\"},\"breadcrumb\":{\"@id\":\"https:\/\/suomenkuvalehti.fi\/vallan-mahotonta\/angela-merkelin-perinto-ja-testamentti\/#breadcrumb\"},\"inLanguage\":\"fi\",\"potentialAction\":[{\"@type\":\"ReadAction\",\"target\":[\"https:\/\/suomenkuvalehti.fi\/vallan-mahotonta\/angela-merkelin-perinto-ja-testamentti\/\"]}]},{\"@type\":\"BreadcrumbList\",\"@id\":\"https:\/\/suomenkuvalehti.fi\/vallan-mahotonta\/angela-merkelin-perinto-ja-testamentti\/#breadcrumb\",\"itemListElement\":[{\"@type\":\"ListItem\",\"position\":1,\"name\":\"Home\",\"item\":\"https:\/\/suomenkuvalehti.fi\/vallan-mahotonta\/\"},{\"@type\":\"ListItem\",\"position\":2,\"name\":\"Angela Merkelin perint\u00f6 ja testamentti\"}]},{\"@type\":\"WebSite\",\"@id\":\"https:\/\/suomenkuvalehti.fi\/vallan-mahotonta\/#website\",\"url\":\"https:\/\/suomenkuvalehti.fi\/vallan-mahotonta\/\",\"name\":\"Vallan mahotonta!\",\"description\":\"Tutkija Antti Ronkainen seuraa maailmantalouden murrosta.\",\"potentialAction\":[{\"@type\":\"SearchAction\",\"target\":{\"@type\":\"EntryPoint\",\"urlTemplate\":\"https:\/\/suomenkuvalehti.fi\/haku\/?q={search_term_string}\"},\"query-input\":{\"@type\":\"PropertyValueSpecification\",\"valueRequired\":true,\"valueName\":\"search_term_string\"}}],\"inLanguage\":\"fi\"},{\"@type\":\"Person\",\"@id\":\"https:\/\/suomenkuvalehti.fi\/vallan-mahotonta\/#\/schema\/person\/aa34015af7a4bce21e1cdcf566bb57b0\",\"name\":\"Antti Ronkainen\",\"image\":{\"@type\":\"ImageObject\",\"inLanguage\":\"fi\",\"@id\":\"https:\/\/suomenkuvalehti.fi\/vallan-mahotonta\/#\/schema\/person\/image\/\",\"url\":\"https:\/\/suomenkuvalehti.fi\/vallan-mahotonta\/wp-content\/uploads\/sites\/42\/2018\/05\/antti_j_ronkainen_blogi_pieni-150x150.jpg\",\"contentUrl\":\"https:\/\/suomenkuvalehti.fi\/vallan-mahotonta\/wp-content\/uploads\/sites\/42\/2018\/05\/antti_j_ronkainen_blogi_pieni-150x150.jpg\",\"caption\":\"Antti Ronkainen\"},\"description\":\"Antti Ronkainen on poliittisen talouden v\u00e4it\u00f6skirjatutkija Helsingin yliopistolla.\",\"sameAs\":[\"http:\/\/anttironkainen.fi\",\"https:\/\/www.facebook.com\/a.ronkainen\",\"https:\/\/www.instagram.com\/antti.ronkainen\/\",\"https:\/\/x.com\/https:\/\/twitter.com\/anttironkainen\"]}]}<\/script>\n<!-- \/ Yoast SEO plugin. -->","yoast_head_json":{"title":"Angela Merkelin perint\u00f6 ja testamentti - Vallan mahotonta!","robots":{"index":"index","follow":"follow","max-snippet":"max-snippet:-1","max-image-preview":"max-image-preview:large","max-video-preview":"max-video-preview:-1"},"canonical":"https:\/\/suomenkuvalehti.fi\/vallan-mahotonta\/angela-merkelin-perinto-ja-testamentti\/","og_locale":"fi_FI","og_type":"article","og_title":"Angela Merkelin perint\u00f6 ja testamentti - Vallan mahotonta!","og_description":"Vaikka Merkelin siivet on jo katkottu, h\u00e4nen saappaisiinsa astuminen on hyvin kuumottavaa.","og_url":"https:\/\/suomenkuvalehti.fi\/vallan-mahotonta\/angela-merkelin-perinto-ja-testamentti\/","og_site_name":"Vallan mahotonta!","article_author":"https:\/\/www.facebook.com\/a.ronkainen","article_published_time":"2018-10-30T13:44:02+00:00","og_image":[{"width":600,"height":600,"url":"https:\/\/suomenkuvalehti.fi\/vallan-mahotonta\/wp-content\/uploads\/sites\/42\/2018\/05\/antti_j_ronkainen_blogi_pieni.jpg","type":"image\/jpeg"}],"author":"Antti Ronkainen","twitter_card":"summary_large_image","twitter_creator":"@https:\/\/twitter.com\/anttironkainen","twitter_misc":{"Written by":"Antti Ronkainen","Est. reading time":"2 minuuttia"},"schema":{"@context":"https:\/\/schema.org","@graph":[{"@type":"WebPage","@id":"https:\/\/suomenkuvalehti.fi\/vallan-mahotonta\/angela-merkelin-perinto-ja-testamentti\/","url":"https:\/\/suomenkuvalehti.fi\/vallan-mahotonta\/angela-merkelin-perinto-ja-testamentti\/","name":"Angela Merkelin perint\u00f6 ja testamentti - Vallan mahotonta!","isPartOf":{"@id":"https:\/\/suomenkuvalehti.fi\/vallan-mahotonta\/#website"},"datePublished":"2018-10-30T13:44:02+00:00","author":{"@id":"https:\/\/suomenkuvalehti.fi\/vallan-mahotonta\/#\/schema\/person\/aa34015af7a4bce21e1cdcf566bb57b0"},"breadcrumb":{"@id":"https:\/\/suomenkuvalehti.fi\/vallan-mahotonta\/angela-merkelin-perinto-ja-testamentti\/#breadcrumb"},"inLanguage":"fi","potentialAction":[{"@type":"ReadAction","target":["https:\/\/suomenkuvalehti.fi\/vallan-mahotonta\/angela-merkelin-perinto-ja-testamentti\/"]}]},{"@type":"BreadcrumbList","@id":"https:\/\/suomenkuvalehti.fi\/vallan-mahotonta\/angela-merkelin-perinto-ja-testamentti\/#breadcrumb","itemListElement":[{"@type":"ListItem","position":1,"name":"Home","item":"https:\/\/suomenkuvalehti.fi\/vallan-mahotonta\/"},{"@type":"ListItem","position":2,"name":"Angela Merkelin perint\u00f6 ja testamentti"}]},{"@type":"WebSite","@id":"https:\/\/suomenkuvalehti.fi\/vallan-mahotonta\/#website","url":"https:\/\/suomenkuvalehti.fi\/vallan-mahotonta\/","name":"Vallan mahotonta!","description":"Tutkija Antti Ronkainen seuraa maailmantalouden murrosta.","potentialAction":[{"@type":"SearchAction","target":{"@type":"EntryPoint","urlTemplate":"https:\/\/suomenkuvalehti.fi\/haku\/?q={search_term_string}"},"query-input":{"@type":"PropertyValueSpecification","valueRequired":true,"valueName":"search_term_string"}}],"inLanguage":"fi"},{"@type":"Person","@id":"https:\/\/suomenkuvalehti.fi\/vallan-mahotonta\/#\/schema\/person\/aa34015af7a4bce21e1cdcf566bb57b0","name":"Antti Ronkainen","image":{"@type":"ImageObject","inLanguage":"fi","@id":"https:\/\/suomenkuvalehti.fi\/vallan-mahotonta\/#\/schema\/person\/image\/","url":"https:\/\/suomenkuvalehti.fi\/vallan-mahotonta\/wp-content\/uploads\/sites\/42\/2018\/05\/antti_j_ronkainen_blogi_pieni-150x150.jpg","contentUrl":"https:\/\/suomenkuvalehti.fi\/vallan-mahotonta\/wp-content\/uploads\/sites\/42\/2018\/05\/antti_j_ronkainen_blogi_pieni-150x150.jpg","caption":"Antti Ronkainen"},"description":"Antti Ronkainen on poliittisen talouden v\u00e4it\u00f6skirjatutkija Helsingin yliopistolla.","sameAs":["http:\/\/anttironkainen.fi","https:\/\/www.facebook.com\/a.ronkainen","https:\/\/www.instagram.com\/antti.ronkainen\/","https:\/\/x.com\/https:\/\/twitter.com\/anttironkainen"]}]}},"_links":{"self":[{"href":"https:\/\/suomenkuvalehti.fi\/vallan-mahotonta\/wp-json\/wp\/v2\/posts\/1798","targetHints":{"allow":["GET"]}}],"collection":[{"href":"https:\/\/suomenkuvalehti.fi\/vallan-mahotonta\/wp-json\/wp\/v2\/posts"}],"about":[{"href":"https:\/\/suomenkuvalehti.fi\/vallan-mahotonta\/wp-json\/wp\/v2\/types\/post"}],"author":[{"embeddable":true,"href":"https:\/\/suomenkuvalehti.fi\/vallan-mahotonta\/wp-json\/wp\/v2\/users\/37967"}],"replies":[{"embeddable":true,"href":"https:\/\/suomenkuvalehti.fi\/vallan-mahotonta\/wp-json\/wp\/v2\/comments?post=1798"}],"version-history":[{"count":23,"href":"https:\/\/suomenkuvalehti.fi\/vallan-mahotonta\/wp-json\/wp\/v2\/posts\/1798\/revisions"}],"predecessor-version":[{"id":1821,"href":"https:\/\/suomenkuvalehti.fi\/vallan-mahotonta\/wp-json\/wp\/v2\/posts\/1798\/revisions\/1821"}],"wp:attachment":[{"href":"https:\/\/suomenkuvalehti.fi\/vallan-mahotonta\/wp-json\/wp\/v2\/media?parent=1798"}],"wp:term":[{"taxonomy":"category","embeddable":true,"href":"https:\/\/suomenkuvalehti.fi\/vallan-mahotonta\/wp-json\/wp\/v2\/categories?post=1798"},{"taxonomy":"post_tag","embeddable":true,"href":"https:\/\/suomenkuvalehti.fi\/vallan-mahotonta\/wp-json\/wp\/v2\/tags?post=1798"}],"curies":[{"name":"wp","href":"https:\/\/api.w.org\/{rel}","templated":true}]}}