{"id":1643,"date":"2018-09-06T16:17:51","date_gmt":"2018-09-06T13:17:51","guid":{"rendered":"https:\/\/suomenkuvalehti.fi\/vallan-mahotonta\/?p=1643"},"modified":"2018-09-06T16:17:51","modified_gmt":"2018-09-06T13:17:51","slug":"finanssikriisi-ja-tekematta-jattamisen-jattimaiset-seuraukset","status":"publish","type":"post","link":"https:\/\/suomenkuvalehti.fi\/vallan-mahotonta\/finanssikriisi-ja-tekematta-jattamisen-jattimaiset-seuraukset\/","title":{"rendered":"Finanssikriisi ja tekem\u00e4tt\u00e4 j\u00e4tt\u00e4misen j\u00e4ttim\u00e4iset seuraukset"},"content":{"rendered":"\n<p><span style=\"font-weight: 400;\"><span class=\"capitalized\">Lehman Brothersin<\/span> konkurssista tulee ensi viikon lauantaina kuluneeksi 10 vuotta.<\/span><\/p>\n\n\n\n<p><span style=\"font-weight: 400;\">Vaikka finanssikriisi oli vakavin sitten 1929 p\u00f6rssiromahduksen, <\/span><a href=\"https:\/\/amp.ft.com\/content\/c85b9792-aad1-11e8-94bd-cba20d67390c\"><span style=\"font-weight: 400;\">finanssikriisi ei johtanut<\/span><\/a><span style=\"font-weight: 400;\"> 1930- tai 1980-lukujen kaltaisiin suunnanmuutoksiin talouspolitiikassa. <\/span><\/p>\n\n\n\n<p><span style=\"font-weight: 400;\">Itse asiassa kovinkaan paljon ei muuttunut. <\/span><\/p>\n\n\n\n<p><span style=\"font-weight: 400;\">Finanssimarkkinoiden s\u00e4\u00e4ntely\u00e4 ei lis\u00e4tty merkitt\u00e4v\u00e4sti ja hallitukset lopettivat elvytt\u00e4misen nopeasti kriisin j\u00e4lkeen. Institutionaalisten muutosten sijaan on korostettu talouskuria ja ty\u00f6markkinoiden rakennemuutoksia. <\/span><\/p>\n\n\n\n<p><span style=\"font-weight: 400;\">Talousnobelisti <\/span><b>Joseph Stiglitzin<\/b><span style=\"font-weight: 400;\"> mukaan <\/span><b>Barack Obaman<\/b><span style=\"font-weight: 400;\"> keskeinen <\/span><a href=\"https:\/\/www.project-syndicate.org\/bigpicture\/debate-stiglitz-and-summers-face-off-on-secular-stagnation\"><span style=\"font-weight: 400;\">virhe oli j\u00e4tt\u00e4\u00e4 elvytys maltilliseksi<\/span><\/a><span style=\"font-weight: 400;\">. Mik\u00e4 pahempaa, euromaiden keskin\u00e4isen ep\u00e4luottamuksen takia kriisimaat laitettiin ankarille hevoskuureille.&nbsp;<\/span><\/p>\n\n\n\n<p><span style=\"font-weight: 400;\">Talouskuri onkin&nbsp;<\/span><a href=\"https:\/\/mainlymacro.blogspot.com\/2018\/08\/the-biggest-economic-policy-mistake-of.html\"><span style=\"font-weight: 400;\">kuluneen vuosikymmenen suurin politiikkavirhe<\/span><\/a><span style=\"font-weight: 400;\">, joka pitkitti taloudellista taantumaa ja inhimillist\u00e4 k\u00e4rsimyst\u00e4. <\/span><\/p>\n\n\n\n<p><span style=\"font-weight: 400;\">Pitempi taantuma oli poliittinen p\u00e4\u00e4t\u00f6s.&nbsp;<\/span><\/p>\n\n\n\n<p>&nbsp;<\/p>\n\n\n\n<p><span style=\"font-weight: 400;\"><strong>Koska hallitukset eiv\u00e4t toimineet<\/strong>, keskuspankit joutuivat tekem\u00e4\u00e4n sit\u00e4kin enemm\u00e4n. Ne laskivat lyhyet korot nollaan, mink\u00e4 lis\u00e4ksi ne aloittivat valtavat arvopapereiden osto-ohjelmat. <\/span><\/p>\n\n\n\n<p><span style=\"font-weight: 400;\">Keskuspankit estiv\u00e4t rahoitusj\u00e4rjestelm\u00e4n romahtamisen ja Euroopassa rahaliiton hajoamisen. <\/span><span style=\"font-weight: 400;\">Samalla kylvettiin kuitenkin uuden ep\u00e4vakauden siemenet. <\/span><\/p>\n\n\n\n<p><span style=\"font-weight: 400;\">Yhdysvaltain p\u00f6rssit ovat nousseet tasaisesti vuodesta 2009 l\u00e4htien ja moninkertaistuneet suhteessa vuoden 2008 ja IT-kuplan huippuihin. Kehittyv\u00e4t taloudet ovat ottaneet valtavat m\u00e4\u00e4r\u00e4t <\/span><a href=\"https:\/\/www.sijoitustieto.fi\/sijoitusartikkelit\/turkki-varoitusmerkki-mutta-viela-ei-ole-kiire\"><span style=\"font-weight: 400;\">dollarivelkaa<\/span><\/a><span style=\"font-weight: 400;\">&nbsp;ja k\u00e4rsiv\u00e4t nyt korkojen noususta. Turkki ja Argentiina ovat ensimm\u00e4iset kehittyvien talouksien ensimm\u00e4iset ongelmamaat.&nbsp;<\/span><span style=\"font-weight: 400;\">Lis\u00e4ksi halpa raha on kasvattanut <\/span><a href=\"https:\/\/www.nytimes.com\/2018\/09\/01\/opinion\/the-next-financial-crisis-lurks-underground.html\"><span style=\"font-weight: 400;\">tuottamatonta liuske\u00f6ljyteollisuutta<\/span><\/a><span style=\"font-weight: 400;\">, jolla on geopoliittisia vaikutuksia.<\/span><\/p>\n\n\n\n<p>Keskuspankkien aktivismin seuraukset alkavat pulpahdella esiin vasta 10 vuotta finanssikriisin j\u00e4lkeen.<\/p>\n\n\n\n<p>&nbsp;<\/p>\n\n\n\n<p><span style=\"font-weight: 400;\"><strong>Vaikka taloudellinen ajattelu<\/strong> ei muuttunut finanssikriisin j\u00e4lkeen, poliittinen ajattelu on muuttunut valtavasti. <\/span><\/p>\n\n\n\n<p><span style=\"font-weight: 400;\">Tieteell\u00e4 ja asiantuntijuudella on yh\u00e4 v\u00e4hemm\u00e4n merkityst\u00e4. <\/span><span style=\"font-weight: 400;\">Protektionismi ja talousnationalismi ovat haastaneet kriisi\u00e4 edelt\u00e4neet totuudet globalisaatiosta ja vapaasta markkinataloudesta. <\/span><\/p>\n\n\n\n<p><span style=\"font-weight: 400;\">Lehdist\u00f6 ei en\u00e4\u00e4 hallitse julkisen keskustelun kysymyksenasettelua.&nbsp;<\/span><span style=\"font-weight: 400;\">Totuuden j\u00e4lkeisess\u00e4 ajassa totuudella on v\u00e4lineellinen arvo ihmisten identiteettiprojekteissa.&nbsp;&nbsp;<\/span><\/p>\n\n\n\n<p><span style=\"font-weight: 400;\">Ihmiset \u00e4\u00e4nest\u00e4v\u00e4t mieluummin ep\u00e4varman muutoksen kuin jatkuvan ep\u00e4varmuuden puolesta.&nbsp;<\/span><span style=\"font-weight: 400;\">Brexit ja <strong>Donald Trump<\/strong> ovat haiseva keskisormi eliiteille, jotka eiv\u00e4t olleet valmiita muutokseen. Radikaalioikeisto on alkanut n\u00e4ytt\u00e4yty\u00e4 ainoana vaihtoehtona ja muutosvoimana.&nbsp;<\/span><\/p>\n\n\n\n<p>Finanssikriisi osoittaa, kuinka j\u00e4ttim\u00e4iset seuraukset tekem\u00e4tt\u00e4 j\u00e4tt\u00e4misell\u00e4 on. Opetus on, ett\u00e4 poliitikot eiv\u00e4t saa vihellell\u00e4 pime\u00e4ss\u00e4 seuraavan kriisin iskiess\u00e4.<\/p>\n\n\n","protected":false},"excerpt":{"rendered":"<p>Ihmiset \u00e4\u00e4nest\u00e4v\u00e4t mieluummin ep\u00e4varman muutoksen kuin jatkuvan ep\u00e4varmuuden puolesta.\u00a0<\/p>\n","protected":false},"author":37967,"featured_media":0,"comment_status":"open","ping_status":"open","sticky":false,"template":"","format":"standard","meta":{"_acf_changed":false,"asauth_required_access_level":3,"asauth_cansharepaid":"true","om_header_attributes":[],"footnotes":"","om_featured_image_focal_point":[],"om_primary_tag":0,"om_contributors":[],"om_co_authors":[],"beyondwords_generate_audio":"","beyondwords_project_id":"","beyondwords_content_id":"","beyondwords_preview_token":"","beyondwords_player_content":"","beyondwords_player_style":"","beyondwords_language_code":"","beyondwords_language_id":"","beyondwords_title_voice_id":"","beyondwords_body_voice_id":"","beyondwords_summary_voice_id":"","beyondwords_error_message":"","beyondwords_disabled":"","beyondwords_delete_content":"","beyondwords_podcast_id":"","beyondwords_hash":"","publish_post_to_speechkit":"","speechkit_hash":"","speechkit_generate_audio":"","speechkit_project_id":"","speechkit_podcast_id":"","speechkit_error_message":"","speechkit_disabled":"","speechkit_access_key":"","speechkit_error":"","speechkit_info":"","speechkit_response":"","speechkit_retries":"","speechkit_status":"","speechkit_updated_at":"","_speechkit_link":"","_speechkit_text":""},"categories":[1],"tags":[174,176,145,175,177],"class_list":["post-1643","post","type-post","status-publish","format-standard","hentry","category-vallan-mahotonta","tag-finanssikriisi","tag-keskuspankit","tag-radikaalioikeisto","tag-talouskuri","tag-totuuden-jalkeisyys"],"om_views":null,"acf":{"tuuma_off":false,"tuuma_kysymys":"","tuuma_vastaus":""},"asauth":{"required_access_level":1,"share_token":"","is_paid":false},"yoast_head":"<!-- This site is optimized with the Yoast SEO plugin v26.4 - https:\/\/yoast.com\/wordpress\/plugins\/seo\/ -->\n<title>Finanssikriisi ja tekem\u00e4tt\u00e4 j\u00e4tt\u00e4misen j\u00e4ttim\u00e4iset seuraukset - Vallan mahotonta!<\/title>\n<meta name=\"robots\" content=\"index, follow, max-snippet:-1, max-image-preview:large, max-video-preview:-1\" \/>\n<link rel=\"canonical\" href=\"https:\/\/suomenkuvalehti.fi\/vallan-mahotonta\/finanssikriisi-ja-tekematta-jattamisen-jattimaiset-seuraukset\/\" \/>\n<meta property=\"og:locale\" content=\"fi_FI\" \/>\n<meta property=\"og:type\" content=\"article\" \/>\n<meta property=\"og:title\" content=\"Finanssikriisi ja tekem\u00e4tt\u00e4 j\u00e4tt\u00e4misen j\u00e4ttim\u00e4iset seuraukset - Vallan mahotonta!\" \/>\n<meta property=\"og:description\" content=\"Ihmiset \u00e4\u00e4nest\u00e4v\u00e4t mieluummin ep\u00e4varman muutoksen kuin jatkuvan ep\u00e4varmuuden puolesta.\u00a0\" \/>\n<meta property=\"og:url\" content=\"https:\/\/suomenkuvalehti.fi\/vallan-mahotonta\/finanssikriisi-ja-tekematta-jattamisen-jattimaiset-seuraukset\/\" \/>\n<meta property=\"og:site_name\" content=\"Vallan mahotonta!\" \/>\n<meta property=\"article:author\" content=\"https:\/\/www.facebook.com\/a.ronkainen\" \/>\n<meta property=\"article:published_time\" content=\"2018-09-06T13:17:51+00:00\" \/>\n<meta property=\"og:image\" content=\"https:\/\/suomenkuvalehti.fi\/vallan-mahotonta\/wp-content\/uploads\/sites\/42\/2018\/05\/antti_j_ronkainen_blogi_pieni.jpg\" \/>\n\t<meta property=\"og:image:width\" content=\"600\" \/>\n\t<meta property=\"og:image:height\" content=\"600\" \/>\n\t<meta property=\"og:image:type\" content=\"image\/jpeg\" \/>\n<meta name=\"author\" content=\"Antti Ronkainen\" \/>\n<meta name=\"twitter:card\" content=\"summary_large_image\" \/>\n<meta name=\"twitter:creator\" content=\"@https:\/\/twitter.com\/anttironkainen\" \/>\n<meta name=\"twitter:label1\" content=\"Written by\" \/>\n\t<meta name=\"twitter:data1\" content=\"Antti Ronkainen\" \/>\n\t<meta name=\"twitter:label2\" content=\"Est. reading time\" \/>\n\t<meta name=\"twitter:data2\" content=\"2 minuuttia\" \/>\n<script type=\"application\/ld+json\" class=\"yoast-schema-graph\">{\"@context\":\"https:\/\/schema.org\",\"@graph\":[{\"@type\":\"WebPage\",\"@id\":\"https:\/\/suomenkuvalehti.fi\/vallan-mahotonta\/finanssikriisi-ja-tekematta-jattamisen-jattimaiset-seuraukset\/\",\"url\":\"https:\/\/suomenkuvalehti.fi\/vallan-mahotonta\/finanssikriisi-ja-tekematta-jattamisen-jattimaiset-seuraukset\/\",\"name\":\"Finanssikriisi ja tekem\u00e4tt\u00e4 j\u00e4tt\u00e4misen j\u00e4ttim\u00e4iset seuraukset - Vallan mahotonta!\",\"isPartOf\":{\"@id\":\"https:\/\/suomenkuvalehti.fi\/vallan-mahotonta\/#website\"},\"datePublished\":\"2018-09-06T13:17:51+00:00\",\"author\":{\"@id\":\"https:\/\/suomenkuvalehti.fi\/vallan-mahotonta\/#\/schema\/person\/aa34015af7a4bce21e1cdcf566bb57b0\"},\"breadcrumb\":{\"@id\":\"https:\/\/suomenkuvalehti.fi\/vallan-mahotonta\/finanssikriisi-ja-tekematta-jattamisen-jattimaiset-seuraukset\/#breadcrumb\"},\"inLanguage\":\"fi\",\"potentialAction\":[{\"@type\":\"ReadAction\",\"target\":[\"https:\/\/suomenkuvalehti.fi\/vallan-mahotonta\/finanssikriisi-ja-tekematta-jattamisen-jattimaiset-seuraukset\/\"]}]},{\"@type\":\"BreadcrumbList\",\"@id\":\"https:\/\/suomenkuvalehti.fi\/vallan-mahotonta\/finanssikriisi-ja-tekematta-jattamisen-jattimaiset-seuraukset\/#breadcrumb\",\"itemListElement\":[{\"@type\":\"ListItem\",\"position\":1,\"name\":\"Home\",\"item\":\"https:\/\/suomenkuvalehti.fi\/vallan-mahotonta\/\"},{\"@type\":\"ListItem\",\"position\":2,\"name\":\"Finanssikriisi ja tekem\u00e4tt\u00e4 j\u00e4tt\u00e4misen j\u00e4ttim\u00e4iset seuraukset\"}]},{\"@type\":\"WebSite\",\"@id\":\"https:\/\/suomenkuvalehti.fi\/vallan-mahotonta\/#website\",\"url\":\"https:\/\/suomenkuvalehti.fi\/vallan-mahotonta\/\",\"name\":\"Vallan mahotonta!\",\"description\":\"Tutkija Antti Ronkainen seuraa maailmantalouden murrosta.\",\"potentialAction\":[{\"@type\":\"SearchAction\",\"target\":{\"@type\":\"EntryPoint\",\"urlTemplate\":\"https:\/\/suomenkuvalehti.fi\/haku\/?q={search_term_string}\"},\"query-input\":{\"@type\":\"PropertyValueSpecification\",\"valueRequired\":true,\"valueName\":\"search_term_string\"}}],\"inLanguage\":\"fi\"},{\"@type\":\"Person\",\"@id\":\"https:\/\/suomenkuvalehti.fi\/vallan-mahotonta\/#\/schema\/person\/aa34015af7a4bce21e1cdcf566bb57b0\",\"name\":\"Antti Ronkainen\",\"image\":{\"@type\":\"ImageObject\",\"inLanguage\":\"fi\",\"@id\":\"https:\/\/suomenkuvalehti.fi\/vallan-mahotonta\/#\/schema\/person\/image\/\",\"url\":\"https:\/\/suomenkuvalehti.fi\/vallan-mahotonta\/wp-content\/uploads\/sites\/42\/2018\/05\/antti_j_ronkainen_blogi_pieni-150x150.jpg\",\"contentUrl\":\"https:\/\/suomenkuvalehti.fi\/vallan-mahotonta\/wp-content\/uploads\/sites\/42\/2018\/05\/antti_j_ronkainen_blogi_pieni-150x150.jpg\",\"caption\":\"Antti Ronkainen\"},\"description\":\"Antti Ronkainen on poliittisen talouden v\u00e4it\u00f6skirjatutkija Helsingin yliopistolla.\",\"sameAs\":[\"http:\/\/anttironkainen.fi\",\"https:\/\/www.facebook.com\/a.ronkainen\",\"https:\/\/www.instagram.com\/antti.ronkainen\/\",\"https:\/\/x.com\/https:\/\/twitter.com\/anttironkainen\"]}]}<\/script>\n<!-- \/ Yoast SEO plugin. -->","yoast_head_json":{"title":"Finanssikriisi ja tekem\u00e4tt\u00e4 j\u00e4tt\u00e4misen j\u00e4ttim\u00e4iset seuraukset - Vallan mahotonta!","robots":{"index":"index","follow":"follow","max-snippet":"max-snippet:-1","max-image-preview":"max-image-preview:large","max-video-preview":"max-video-preview:-1"},"canonical":"https:\/\/suomenkuvalehti.fi\/vallan-mahotonta\/finanssikriisi-ja-tekematta-jattamisen-jattimaiset-seuraukset\/","og_locale":"fi_FI","og_type":"article","og_title":"Finanssikriisi ja tekem\u00e4tt\u00e4 j\u00e4tt\u00e4misen j\u00e4ttim\u00e4iset seuraukset - Vallan mahotonta!","og_description":"Ihmiset \u00e4\u00e4nest\u00e4v\u00e4t mieluummin ep\u00e4varman muutoksen kuin jatkuvan ep\u00e4varmuuden puolesta.\u00a0","og_url":"https:\/\/suomenkuvalehti.fi\/vallan-mahotonta\/finanssikriisi-ja-tekematta-jattamisen-jattimaiset-seuraukset\/","og_site_name":"Vallan mahotonta!","article_author":"https:\/\/www.facebook.com\/a.ronkainen","article_published_time":"2018-09-06T13:17:51+00:00","og_image":[{"width":600,"height":600,"url":"https:\/\/suomenkuvalehti.fi\/vallan-mahotonta\/wp-content\/uploads\/sites\/42\/2018\/05\/antti_j_ronkainen_blogi_pieni.jpg","type":"image\/jpeg"}],"author":"Antti Ronkainen","twitter_card":"summary_large_image","twitter_creator":"@https:\/\/twitter.com\/anttironkainen","twitter_misc":{"Written by":"Antti Ronkainen","Est. reading time":"2 minuuttia"},"schema":{"@context":"https:\/\/schema.org","@graph":[{"@type":"WebPage","@id":"https:\/\/suomenkuvalehti.fi\/vallan-mahotonta\/finanssikriisi-ja-tekematta-jattamisen-jattimaiset-seuraukset\/","url":"https:\/\/suomenkuvalehti.fi\/vallan-mahotonta\/finanssikriisi-ja-tekematta-jattamisen-jattimaiset-seuraukset\/","name":"Finanssikriisi ja tekem\u00e4tt\u00e4 j\u00e4tt\u00e4misen j\u00e4ttim\u00e4iset seuraukset - Vallan mahotonta!","isPartOf":{"@id":"https:\/\/suomenkuvalehti.fi\/vallan-mahotonta\/#website"},"datePublished":"2018-09-06T13:17:51+00:00","author":{"@id":"https:\/\/suomenkuvalehti.fi\/vallan-mahotonta\/#\/schema\/person\/aa34015af7a4bce21e1cdcf566bb57b0"},"breadcrumb":{"@id":"https:\/\/suomenkuvalehti.fi\/vallan-mahotonta\/finanssikriisi-ja-tekematta-jattamisen-jattimaiset-seuraukset\/#breadcrumb"},"inLanguage":"fi","potentialAction":[{"@type":"ReadAction","target":["https:\/\/suomenkuvalehti.fi\/vallan-mahotonta\/finanssikriisi-ja-tekematta-jattamisen-jattimaiset-seuraukset\/"]}]},{"@type":"BreadcrumbList","@id":"https:\/\/suomenkuvalehti.fi\/vallan-mahotonta\/finanssikriisi-ja-tekematta-jattamisen-jattimaiset-seuraukset\/#breadcrumb","itemListElement":[{"@type":"ListItem","position":1,"name":"Home","item":"https:\/\/suomenkuvalehti.fi\/vallan-mahotonta\/"},{"@type":"ListItem","position":2,"name":"Finanssikriisi ja tekem\u00e4tt\u00e4 j\u00e4tt\u00e4misen j\u00e4ttim\u00e4iset seuraukset"}]},{"@type":"WebSite","@id":"https:\/\/suomenkuvalehti.fi\/vallan-mahotonta\/#website","url":"https:\/\/suomenkuvalehti.fi\/vallan-mahotonta\/","name":"Vallan mahotonta!","description":"Tutkija Antti Ronkainen seuraa maailmantalouden murrosta.","potentialAction":[{"@type":"SearchAction","target":{"@type":"EntryPoint","urlTemplate":"https:\/\/suomenkuvalehti.fi\/haku\/?q={search_term_string}"},"query-input":{"@type":"PropertyValueSpecification","valueRequired":true,"valueName":"search_term_string"}}],"inLanguage":"fi"},{"@type":"Person","@id":"https:\/\/suomenkuvalehti.fi\/vallan-mahotonta\/#\/schema\/person\/aa34015af7a4bce21e1cdcf566bb57b0","name":"Antti Ronkainen","image":{"@type":"ImageObject","inLanguage":"fi","@id":"https:\/\/suomenkuvalehti.fi\/vallan-mahotonta\/#\/schema\/person\/image\/","url":"https:\/\/suomenkuvalehti.fi\/vallan-mahotonta\/wp-content\/uploads\/sites\/42\/2018\/05\/antti_j_ronkainen_blogi_pieni-150x150.jpg","contentUrl":"https:\/\/suomenkuvalehti.fi\/vallan-mahotonta\/wp-content\/uploads\/sites\/42\/2018\/05\/antti_j_ronkainen_blogi_pieni-150x150.jpg","caption":"Antti Ronkainen"},"description":"Antti Ronkainen on poliittisen talouden v\u00e4it\u00f6skirjatutkija Helsingin yliopistolla.","sameAs":["http:\/\/anttironkainen.fi","https:\/\/www.facebook.com\/a.ronkainen","https:\/\/www.instagram.com\/antti.ronkainen\/","https:\/\/x.com\/https:\/\/twitter.com\/anttironkainen"]}]}},"_links":{"self":[{"href":"https:\/\/suomenkuvalehti.fi\/vallan-mahotonta\/wp-json\/wp\/v2\/posts\/1643","targetHints":{"allow":["GET"]}}],"collection":[{"href":"https:\/\/suomenkuvalehti.fi\/vallan-mahotonta\/wp-json\/wp\/v2\/posts"}],"about":[{"href":"https:\/\/suomenkuvalehti.fi\/vallan-mahotonta\/wp-json\/wp\/v2\/types\/post"}],"author":[{"embeddable":true,"href":"https:\/\/suomenkuvalehti.fi\/vallan-mahotonta\/wp-json\/wp\/v2\/users\/37967"}],"replies":[{"embeddable":true,"href":"https:\/\/suomenkuvalehti.fi\/vallan-mahotonta\/wp-json\/wp\/v2\/comments?post=1643"}],"version-history":[{"count":13,"href":"https:\/\/suomenkuvalehti.fi\/vallan-mahotonta\/wp-json\/wp\/v2\/posts\/1643\/revisions"}],"predecessor-version":[{"id":1656,"href":"https:\/\/suomenkuvalehti.fi\/vallan-mahotonta\/wp-json\/wp\/v2\/posts\/1643\/revisions\/1656"}],"wp:attachment":[{"href":"https:\/\/suomenkuvalehti.fi\/vallan-mahotonta\/wp-json\/wp\/v2\/media?parent=1643"}],"wp:term":[{"taxonomy":"category","embeddable":true,"href":"https:\/\/suomenkuvalehti.fi\/vallan-mahotonta\/wp-json\/wp\/v2\/categories?post=1643"},{"taxonomy":"post_tag","embeddable":true,"href":"https:\/\/suomenkuvalehti.fi\/vallan-mahotonta\/wp-json\/wp\/v2\/tags?post=1643"}],"curies":[{"name":"wp","href":"https:\/\/api.w.org\/{rel}","templated":true}]}}