{"id":1612,"date":"2018-08-27T10:45:19","date_gmt":"2018-08-27T07:45:19","guid":{"rendered":"https:\/\/suomenkuvalehti.fi\/vallan-mahotonta\/?p=1612"},"modified":"2018-08-27T10:40:18","modified_gmt":"2018-08-27T07:40:18","slug":"arvio-hauskat-muistelmat-eduskunnan-huolettomasta-rahankaytosta-ja-kokoomuksen-sisaisesta-valtakamppailusta","status":"publish","type":"post","link":"https:\/\/suomenkuvalehti.fi\/vallan-mahotonta\/arvio-hauskat-muistelmat-eduskunnan-huolettomasta-rahankaytosta-ja-kokoomuksen-sisaisesta-valtakamppailusta\/","title":{"rendered":"Arvio: Hauskat muistelmat eduskunnan huolettomasta rahank\u00e4yt\u00f6st\u00e4 ja kokoomuksen sis\u00e4isest\u00e4 valtakamppailusta"},"content":{"rendered":"<figure class=\"alignleft size-article-img wp-block-image\">\n  <div class=\"wp-block-image__inner-container\">\n    <a href='https:\/\/suomenkuvalehti.fi\/vallan-mahotonta\/wp-content\/uploads\/sites\/42\/2018\/08\/rosila1.png'><img loading=\"lazy\" decoding=\"async\" src=\"https:\/\/suomenkuvalehti.fi\/vallan-mahotonta\/wp-content\/uploads\/sites\/42\/2018\/08\/rosila1-1200x800-630x420.png\" alt=\"\" class=\"wp-image-1613\" width=\"1200\" height=\"800\" style=\"--aspect-ratio: 1.5\" srcset=\"https:\/\/suomenkuvalehti.fi\/vallan-mahotonta\/wp-content\/uploads\/sites\/42\/2018\/08\/rosila1-1200x800-630x420.png 630w, https:\/\/suomenkuvalehti.fi\/vallan-mahotonta\/wp-content\/uploads\/sites\/42\/2018\/08\/rosila1-1200x800-300x200.png 300w, https:\/\/suomenkuvalehti.fi\/vallan-mahotonta\/wp-content\/uploads\/sites\/42\/2018\/08\/rosila1-1200x800-768x512.png 768w, https:\/\/suomenkuvalehti.fi\/vallan-mahotonta\/wp-content\/uploads\/sites\/42\/2018\/08\/rosila1-1200x800-1024x683.png 1024w, https:\/\/suomenkuvalehti.fi\/vallan-mahotonta\/wp-content\/uploads\/sites\/42\/2018\/08\/rosila1-1200x800.png 1200w\" sizes=\"auto, (max-width: 1200px) 100vw, 1200px\" \/><\/a>  <\/div>\n<\/figure>\n\n\n<p>Kirja-arvio:&nbsp;<span style=\"font-weight: 400;\">Pertti J. Rosila &#8211; <\/span><i><span style=\"font-weight: 400;\">Arkadianm\u00e4en kirstunvartija. <\/span><\/i><span style=\"font-weight: 400;\">Kustannusosakeyhti\u00f6 Tammi 2018, 384 sivua.<\/span><\/p>\n\n\n\n<p><b>Pertti J. Rosila<\/b><span style=\"font-weight: 400;\"> oli eduskunnan seitsem\u00e4s ja samalla viimeinen taloudenhoitaja. <\/span><\/p>\n\n\n\n<p><span style=\"font-weight: 400;\">Rosila valittiin alunperin kokoomuksen mandaatilla eduskuntaan, jossa h\u00e4n ty\u00f6skenteli vuosina 1988-2017.&nbsp;<\/span><span style=\"font-weight: 400;\">&nbsp;<\/span><span style=\"font-weight: 400;\">Rosila oli itse lakkauttamassa osana vuoden 2016 hallintouudistusta 110 vuotta eduskunnassa ollutta taloudenhoitajien virkakuntaa. <\/span><\/p>\n\n\n\n<p><span style=\"font-weight: 400;\">Kyseess\u00e4 on vastaavaa runollisuutta kuin siin\u00e4, ett\u00e4 valtiovarainministeri\u00f6 lakkautti tiett\u00e4v\u00e4sti s\u00e4\u00e4st\u00f6syist\u00e4 oman lehtens\u00e4 <\/span><i><span style=\"font-weight: 400;\">Tiukka linja<\/span><\/i><span style=\"font-weight: 400;\">.<\/span><\/p>\n\n\n\n<p>&nbsp;<\/p>\n\n\n\n<p><span class=\"capitalized\">Rosila on tiukan linjan vet\u00e4j\u00e4<\/span>&nbsp;ja muistelmat ovatkin hauska kaskukimara kansanedustajien h\u00e4m\u00e4rist\u00e4 asumisj\u00e4rjestelyist\u00e4, valiokuntien kosteista ulkomaanmatkoista, puoluetukien k\u00e4ytt\u00e4misest\u00e4 kampanjointiin, sopeutumisel\u00e4kkeist\u00e4, eduskunnan 100-vuotisjuhlien oopperatilauksista ja muusta&nbsp;huolettomasta varaink\u00e4yt\u00f6st\u00e4.<\/p>\n\n\n\n<p><span style=\"font-weight: 400;\">Rosila kuvaa esimerkiksi kansanedustajien vastuunpakoilua, kun selvisi, ett\u00e4 vuosina 1940-1967 taloudenhoitajana toiminut <\/span><b>Bj\u00f6rn Feiring<\/b><span style=\"font-weight: 400;\"> oli piilotellut maksamattomia sosiaaliturvamaksuja eduskunnan kassaholvissa 20 vuotta.&nbsp;<\/span><\/p>\n\n\n\n<p>Rosila vertaa my\u00f6s h\u00e4nen aikanaan toimineiden puhemiesten persoonallisuuksia puhemiehist\u00e4 maalattuihin muotokuviin. Esimerkiksi <strong>Paavo Lipposen<\/strong> <a href=\"https:\/\/www.mtv.fi\/viihde\/muut\/artikkeli\/tassa-on-25-000-euron-paavo-lipponen-katso-kuva\/2985284\" target=\"_blank\" rel=\"noopener\">muotokuvasta<\/a> ei voi olla varma, esitt\u00e4\u00e4k\u00f6 se todella Lipposta.<\/p>\n\n\n\n<p>Lis\u00e4ksi Rosila kertoilee juttuja eduskunnan saunavaliokunnasta (miesten puolelta) ja k\u00e4y l\u00e4pi&nbsp;<b>Sulo Aittoniemen<\/b><span style=\"font-weight: 400;\"> alkiolaisen eduskuntaryhm\u00e4n p\u00f6yt\u00e4kirjat (joissa Suti toimi usein my\u00f6s asiantuntijana).<\/span><\/p>\n\n\n\n<p>Muistelmat sis\u00e4lt\u00e4v\u00e4tkin paljon mielenkiintoista knoppitietoa politiikan suurkuluttajille.<\/p>\n\n\n\n<p>&nbsp;<\/p>\n\n\n\n<p><span class=\"capitalized\">Nykypolitiikkaa&nbsp;<\/span>vasten muistelmien mielenkiintoisinta antia&nbsp;<span style=\"font-weight: 400;\">ovat kohdat, jossa Rosila kommentoi kokoomuksen sis\u00e4isi\u00e4 asioita. <\/span><\/p>\n\n\n\n<p><span style=\"font-weight: 400;\">Rosilan mukaan <\/span><b>Jyrki Katainen<\/b><span style=\"font-weight: 400;\"> pelk\u00e4si <strong>Sauli Niinist\u00f6\u00e4<\/strong> ja j\u00e4tti vuoden 2007 eduskuntavaalien ylivoimaisen \u00e4\u00e4niharavan hallitusneuvotteluiden ja ministeriaition ulkopuolelle. Huonot tai olemattomat v\u00e4lit jatkuivat siten, ett\u00e4 kun vuoden 2012 j\u00e4lkeen Suomessa oli kokoomuslainen presidentti ja kokoomuslainen p\u00e4\u00e4ministeri, Katainen ja Niinist\u00f6 eiv\u00e4t johtaneet Suomea yhdess\u00e4.<\/span><\/p>\n\n\n\n<p><span style=\"font-weight: 400;\">Huonot v\u00e4lit kokoomusjohtoon lienee yksi keskeinen syy presidentin ep\u00e4muodollisen vallank\u00e4yt\u00f6n lis\u00e4\u00e4ntymiseen, jota Niinist\u00f6 itse kommentoi toissap\u00e4iv\u00e4n\u00e4&nbsp;<a href=\"https:\/\/www.hs.fi\/politiikka\/art-2000005803512.html\" target=\"_blank\" rel=\"noopener\">70-vuotishaastattelussaan<\/a>&nbsp;n\u00e4in: &#8221;<em>Olen monta kertaa sanonut, ett\u00e4 ei valtaa ole miss\u00e4\u00e4n, jota noin vain napsitaan, mutta vastuuta liikkuu, irrallista vastuuta liikkuu.<\/em>&#8221;<\/span><\/p>\n\n\n\n<p><span style=\"font-weight: 400;\">Vuoden 2015 hallitusneuvottelut olivat Rosilan mukaan helpot, koska keskustalla ja perussuomalaisilla ei lopulta ollut suuria erimielisyyksi\u00e4. Kokoomuksella ei ollut yht\u00e4\u00e4n kynnyskysymyst\u00e4 hallitusneuvotteluissa, sill\u00e4 Rosilan mukaan <\/span><b>Alexander Stubb<\/b><span style=\"font-weight: 400;\"> halusi hallitukseen keinolla mill\u00e4 hyv\u00e4ns\u00e4. <\/span><\/p>\n\n\n\n<p><span style=\"font-weight: 400;\">Stubbin sote-bluffin ja hallintarekisterisekoilun j\u00e4lkeen puheenjohtajan vaihtoa vaadittiin kokoomuksen lis\u00e4ksi hallituskumppaneiden mutta my\u00f6s opposition taholta. Rosila vihjaa my\u00f6s, ett\u00e4 Niinist\u00f6 oli vaikuttamassa Stubbin vaihtoon.<\/span><\/p>\n\n\n\n<p>Kun <a href=\"https:\/\/www.iltalehti.fi\/politiikka\/201808192201145268_pi.shtml\" target=\"_blank\" rel=\"noopener\">Niinist\u00f6 sanoi viime viikolla<\/a>, ett\u00e4 <strong>Juha Sipil\u00e4<\/strong> on ollut &#8221;<em>aktiivisempi kuin yksik\u00e4\u00e4n muu p\u00e4\u00e4ministeri aikanani<\/em>&#8221;, kyseess\u00e4 lieneekin piikit Kataiselle ja Stubbille.<\/p>\n\n\n\n<p><span style=\"font-weight: 400;\">Keskusteluun presidentin valtaoikeuksista voisikin lis\u00e4t\u00e4 kysymyksen, k<\/span><span style=\"font-weight: 400;\">uinka moni vastustaa presidentin vallan kasvua, jos se on seurausta siit\u00e4, ett\u00e4 ulkoministeri <strong>Timo Soini<\/strong> kampanjoi aborttioikeutta vastaan ja puolustusministeri <strong>Jussi Niinist\u00f6<\/strong> k\u00e4y sotaa kasvisruoan kanssa?&nbsp;<\/span><\/p>\n\n\n\n<p>&nbsp;<\/p>\n\n\n\n<p><span class=\"capitalized\">Vaikka Rosila<\/span> on seurannut Suomen politiikkaa aitiopaikalta, kyseess\u00e4 ei ole poliittiset muistelmat.<\/p>\n\n\n\n<p>Muistelmat ovat enimm\u00e4kseen hauskat, eik\u00e4 niiss\u00e4 ole shokkipaljastuksia. Rosila mainitsee j\u00e4tt\u00e4neens\u00e4 paljon p\u00e4iv\u00e4kirjoihinsa kirjaamiaan saunavaliokunnassa kuulemiaan roiseja juttuja muistelmien ulkopuolelle.<\/p>\n\n\n\n<p>Rosila on kuitenkin ilmeisesti pit\u00e4nyt aktiivisesti p\u00e4iv\u00e4kirjaa kaikesta muustakin ja toivottavasti nekin aikanaan saatetaan tutkijoiden k\u00e4ytt\u00f6\u00f6n.<\/p>\n\n\n","protected":false},"excerpt":{"rendered":"<p>Kun Niinist\u00f6 kehui Sipil\u00e4\u00e4 aikaisempia p\u00e4\u00e4ministereit\u00e4 aktiivisemmaksi, kyseess\u00e4 lieni piikit Kataiselle ja Stubbille.<\/p>\n","protected":false},"author":37967,"featured_media":0,"comment_status":"open","ping_status":"open","sticky":false,"template":"","format":"standard","meta":{"_acf_changed":false,"asauth_required_access_level":3,"asauth_cansharepaid":"true","om_header_attributes":[],"footnotes":"","om_featured_image_focal_point":[],"om_primary_tag":0,"om_contributors":[],"om_co_authors":[],"beyondwords_generate_audio":"","beyondwords_project_id":"","beyondwords_content_id":"","beyondwords_preview_token":"","beyondwords_player_content":"","beyondwords_player_style":"","beyondwords_language_code":"","beyondwords_language_id":"","beyondwords_title_voice_id":"","beyondwords_body_voice_id":"","beyondwords_summary_voice_id":"","beyondwords_error_message":"","beyondwords_disabled":"","beyondwords_delete_content":"","beyondwords_podcast_id":"","beyondwords_hash":"","publish_post_to_speechkit":"","speechkit_hash":"","speechkit_generate_audio":"","speechkit_project_id":"","speechkit_podcast_id":"","speechkit_error_message":"","speechkit_disabled":"","speechkit_access_key":"","speechkit_error":"","speechkit_info":"","speechkit_response":"","speechkit_retries":"","speechkit_status":"","speechkit_updated_at":"","_speechkit_link":"","_speechkit_text":""},"categories":[1],"tags":[46,170,171,169,49],"class_list":["post-1612","post","type-post","status-publish","format-standard","hentry","category-vallan-mahotonta","tag-alexander-stubb","tag-eduskunta","tag-jyrki-katainen","tag-pertti-j-rosila","tag-sauli-niinisto"],"om_views":null,"acf":{"tuuma_off":false,"tuuma_kysymys":"","tuuma_vastaus":""},"asauth":{"required_access_level":1,"share_token":"","is_paid":false},"yoast_head":"<!-- This site is optimized with the Yoast SEO plugin v26.4 - https:\/\/yoast.com\/wordpress\/plugins\/seo\/ -->\n<title>Arvio: Hauskat muistelmat eduskunnan huolettomasta rahank\u00e4yt\u00f6st\u00e4 ja kokoomuksen sis\u00e4isest\u00e4 valtakamppailusta - Vallan mahotonta!<\/title>\n<meta name=\"description\" content=\"Kun Niinist\u00f6 kehui Sipil\u00e4\u00e4 aikaisempia p\u00e4\u00e4ministereit\u00e4 aktiivisemmaksi, kyseess\u00e4 lieni piikit Kataiselle ja Stubbille.\" \/>\n<meta name=\"robots\" content=\"index, follow, max-snippet:-1, max-image-preview:large, max-video-preview:-1\" \/>\n<link rel=\"canonical\" href=\"https:\/\/suomenkuvalehti.fi\/vallan-mahotonta\/arvio-hauskat-muistelmat-eduskunnan-huolettomasta-rahankaytosta-ja-kokoomuksen-sisaisesta-valtakamppailusta\/\" \/>\n<meta property=\"og:locale\" content=\"fi_FI\" \/>\n<meta property=\"og:type\" content=\"article\" \/>\n<meta property=\"og:title\" content=\"Arvio: Hauskat muistelmat eduskunnan huolettomasta rahank\u00e4yt\u00f6st\u00e4 ja kokoomuksen sis\u00e4isest\u00e4 valtakamppailusta - Vallan mahotonta!\" \/>\n<meta property=\"og:description\" content=\"Kun Niinist\u00f6 kehui Sipil\u00e4\u00e4 aikaisempia p\u00e4\u00e4ministereit\u00e4 aktiivisemmaksi, kyseess\u00e4 lieni piikit Kataiselle ja Stubbille.\" \/>\n<meta property=\"og:url\" content=\"https:\/\/suomenkuvalehti.fi\/vallan-mahotonta\/arvio-hauskat-muistelmat-eduskunnan-huolettomasta-rahankaytosta-ja-kokoomuksen-sisaisesta-valtakamppailusta\/\" \/>\n<meta property=\"og:site_name\" content=\"Vallan mahotonta!\" \/>\n<meta property=\"article:author\" content=\"https:\/\/www.facebook.com\/a.ronkainen\" \/>\n<meta property=\"article:published_time\" content=\"2018-08-27T07:45:19+00:00\" \/>\n<meta property=\"og:image\" content=\"https:\/\/suomenkuvalehti.fi\/vallan-mahotonta\/wp-content\/uploads\/sites\/42\/2018\/08\/rosila1-1200x800-630x420.png\" \/>\n<meta name=\"author\" content=\"Antti Ronkainen\" \/>\n<meta name=\"twitter:card\" content=\"summary_large_image\" \/>\n<meta name=\"twitter:creator\" content=\"@https:\/\/twitter.com\/anttironkainen\" \/>\n<meta name=\"twitter:label1\" content=\"Written by\" \/>\n\t<meta name=\"twitter:data1\" content=\"Antti Ronkainen\" \/>\n\t<meta name=\"twitter:label2\" content=\"Est. reading time\" \/>\n\t<meta name=\"twitter:data2\" content=\"2 minuuttia\" \/>\n<script type=\"application\/ld+json\" class=\"yoast-schema-graph\">{\"@context\":\"https:\/\/schema.org\",\"@graph\":[{\"@type\":\"WebPage\",\"@id\":\"https:\/\/suomenkuvalehti.fi\/vallan-mahotonta\/arvio-hauskat-muistelmat-eduskunnan-huolettomasta-rahankaytosta-ja-kokoomuksen-sisaisesta-valtakamppailusta\/\",\"url\":\"https:\/\/suomenkuvalehti.fi\/vallan-mahotonta\/arvio-hauskat-muistelmat-eduskunnan-huolettomasta-rahankaytosta-ja-kokoomuksen-sisaisesta-valtakamppailusta\/\",\"name\":\"Arvio: Hauskat muistelmat eduskunnan huolettomasta rahank\u00e4yt\u00f6st\u00e4 ja kokoomuksen sis\u00e4isest\u00e4 valtakamppailusta - Vallan mahotonta!\",\"isPartOf\":{\"@id\":\"https:\/\/suomenkuvalehti.fi\/vallan-mahotonta\/#website\"},\"primaryImageOfPage\":{\"@id\":\"https:\/\/suomenkuvalehti.fi\/vallan-mahotonta\/arvio-hauskat-muistelmat-eduskunnan-huolettomasta-rahankaytosta-ja-kokoomuksen-sisaisesta-valtakamppailusta\/#primaryimage\"},\"image\":{\"@id\":\"https:\/\/suomenkuvalehti.fi\/vallan-mahotonta\/arvio-hauskat-muistelmat-eduskunnan-huolettomasta-rahankaytosta-ja-kokoomuksen-sisaisesta-valtakamppailusta\/#primaryimage\"},\"thumbnailUrl\":\"https:\/\/suomenkuvalehti.fi\/vallan-mahotonta\/wp-content\/uploads\/sites\/42\/2018\/08\/rosila1-1200x800-630x420.png\",\"datePublished\":\"2018-08-27T07:45:19+00:00\",\"author\":{\"@id\":\"https:\/\/suomenkuvalehti.fi\/vallan-mahotonta\/#\/schema\/person\/aa34015af7a4bce21e1cdcf566bb57b0\"},\"description\":\"Kun Niinist\u00f6 kehui Sipil\u00e4\u00e4 aikaisempia p\u00e4\u00e4ministereit\u00e4 aktiivisemmaksi, kyseess\u00e4 lieni piikit Kataiselle ja Stubbille.\",\"breadcrumb\":{\"@id\":\"https:\/\/suomenkuvalehti.fi\/vallan-mahotonta\/arvio-hauskat-muistelmat-eduskunnan-huolettomasta-rahankaytosta-ja-kokoomuksen-sisaisesta-valtakamppailusta\/#breadcrumb\"},\"inLanguage\":\"fi\",\"potentialAction\":[{\"@type\":\"ReadAction\",\"target\":[\"https:\/\/suomenkuvalehti.fi\/vallan-mahotonta\/arvio-hauskat-muistelmat-eduskunnan-huolettomasta-rahankaytosta-ja-kokoomuksen-sisaisesta-valtakamppailusta\/\"]}]},{\"@type\":\"ImageObject\",\"inLanguage\":\"fi\",\"@id\":\"https:\/\/suomenkuvalehti.fi\/vallan-mahotonta\/arvio-hauskat-muistelmat-eduskunnan-huolettomasta-rahankaytosta-ja-kokoomuksen-sisaisesta-valtakamppailusta\/#primaryimage\",\"url\":\"https:\/\/suomenkuvalehti.fi\/vallan-mahotonta\/wp-content\/uploads\/sites\/42\/2018\/08\/rosila1-1200x800.png\",\"contentUrl\":\"https:\/\/suomenkuvalehti.fi\/vallan-mahotonta\/wp-content\/uploads\/sites\/42\/2018\/08\/rosila1-1200x800.png\",\"width\":1200,\"height\":800},{\"@type\":\"BreadcrumbList\",\"@id\":\"https:\/\/suomenkuvalehti.fi\/vallan-mahotonta\/arvio-hauskat-muistelmat-eduskunnan-huolettomasta-rahankaytosta-ja-kokoomuksen-sisaisesta-valtakamppailusta\/#breadcrumb\",\"itemListElement\":[{\"@type\":\"ListItem\",\"position\":1,\"name\":\"Home\",\"item\":\"https:\/\/suomenkuvalehti.fi\/vallan-mahotonta\/\"},{\"@type\":\"ListItem\",\"position\":2,\"name\":\"Arvio: Hauskat muistelmat eduskunnan huolettomasta rahank\u00e4yt\u00f6st\u00e4 ja kokoomuksen sis\u00e4isest\u00e4 valtakamppailusta\"}]},{\"@type\":\"WebSite\",\"@id\":\"https:\/\/suomenkuvalehti.fi\/vallan-mahotonta\/#website\",\"url\":\"https:\/\/suomenkuvalehti.fi\/vallan-mahotonta\/\",\"name\":\"Vallan mahotonta!\",\"description\":\"Tutkija Antti Ronkainen seuraa maailmantalouden murrosta.\",\"potentialAction\":[{\"@type\":\"SearchAction\",\"target\":{\"@type\":\"EntryPoint\",\"urlTemplate\":\"https:\/\/suomenkuvalehti.fi\/haku\/?q={search_term_string}\"},\"query-input\":{\"@type\":\"PropertyValueSpecification\",\"valueRequired\":true,\"valueName\":\"search_term_string\"}}],\"inLanguage\":\"fi\"},{\"@type\":\"Person\",\"@id\":\"https:\/\/suomenkuvalehti.fi\/vallan-mahotonta\/#\/schema\/person\/aa34015af7a4bce21e1cdcf566bb57b0\",\"name\":\"Antti Ronkainen\",\"image\":{\"@type\":\"ImageObject\",\"inLanguage\":\"fi\",\"@id\":\"https:\/\/suomenkuvalehti.fi\/vallan-mahotonta\/#\/schema\/person\/image\/\",\"url\":\"https:\/\/suomenkuvalehti.fi\/vallan-mahotonta\/wp-content\/uploads\/sites\/42\/2018\/05\/antti_j_ronkainen_blogi_pieni-150x150.jpg\",\"contentUrl\":\"https:\/\/suomenkuvalehti.fi\/vallan-mahotonta\/wp-content\/uploads\/sites\/42\/2018\/05\/antti_j_ronkainen_blogi_pieni-150x150.jpg\",\"caption\":\"Antti Ronkainen\"},\"description\":\"Antti Ronkainen on poliittisen talouden v\u00e4it\u00f6skirjatutkija Helsingin yliopistolla.\",\"sameAs\":[\"http:\/\/anttironkainen.fi\",\"https:\/\/www.facebook.com\/a.ronkainen\",\"https:\/\/www.instagram.com\/antti.ronkainen\/\",\"https:\/\/x.com\/https:\/\/twitter.com\/anttironkainen\"]}]}<\/script>\n<!-- \/ Yoast SEO plugin. -->","yoast_head_json":{"title":"Arvio: Hauskat muistelmat eduskunnan huolettomasta rahank\u00e4yt\u00f6st\u00e4 ja kokoomuksen sis\u00e4isest\u00e4 valtakamppailusta - Vallan mahotonta!","description":"Kun Niinist\u00f6 kehui Sipil\u00e4\u00e4 aikaisempia p\u00e4\u00e4ministereit\u00e4 aktiivisemmaksi, kyseess\u00e4 lieni piikit Kataiselle ja Stubbille.","robots":{"index":"index","follow":"follow","max-snippet":"max-snippet:-1","max-image-preview":"max-image-preview:large","max-video-preview":"max-video-preview:-1"},"canonical":"https:\/\/suomenkuvalehti.fi\/vallan-mahotonta\/arvio-hauskat-muistelmat-eduskunnan-huolettomasta-rahankaytosta-ja-kokoomuksen-sisaisesta-valtakamppailusta\/","og_locale":"fi_FI","og_type":"article","og_title":"Arvio: Hauskat muistelmat eduskunnan huolettomasta rahank\u00e4yt\u00f6st\u00e4 ja kokoomuksen sis\u00e4isest\u00e4 valtakamppailusta - Vallan mahotonta!","og_description":"Kun Niinist\u00f6 kehui Sipil\u00e4\u00e4 aikaisempia p\u00e4\u00e4ministereit\u00e4 aktiivisemmaksi, kyseess\u00e4 lieni piikit Kataiselle ja Stubbille.","og_url":"https:\/\/suomenkuvalehti.fi\/vallan-mahotonta\/arvio-hauskat-muistelmat-eduskunnan-huolettomasta-rahankaytosta-ja-kokoomuksen-sisaisesta-valtakamppailusta\/","og_site_name":"Vallan mahotonta!","article_author":"https:\/\/www.facebook.com\/a.ronkainen","article_published_time":"2018-08-27T07:45:19+00:00","og_image":[{"url":"https:\/\/suomenkuvalehti.fi\/vallan-mahotonta\/wp-content\/uploads\/sites\/42\/2018\/08\/rosila1-1200x800-630x420.png","type":"","width":"","height":""}],"author":"Antti Ronkainen","twitter_card":"summary_large_image","twitter_creator":"@https:\/\/twitter.com\/anttironkainen","twitter_misc":{"Written by":"Antti Ronkainen","Est. reading time":"2 minuuttia"},"schema":{"@context":"https:\/\/schema.org","@graph":[{"@type":"WebPage","@id":"https:\/\/suomenkuvalehti.fi\/vallan-mahotonta\/arvio-hauskat-muistelmat-eduskunnan-huolettomasta-rahankaytosta-ja-kokoomuksen-sisaisesta-valtakamppailusta\/","url":"https:\/\/suomenkuvalehti.fi\/vallan-mahotonta\/arvio-hauskat-muistelmat-eduskunnan-huolettomasta-rahankaytosta-ja-kokoomuksen-sisaisesta-valtakamppailusta\/","name":"Arvio: Hauskat muistelmat eduskunnan huolettomasta rahank\u00e4yt\u00f6st\u00e4 ja kokoomuksen sis\u00e4isest\u00e4 valtakamppailusta - Vallan mahotonta!","isPartOf":{"@id":"https:\/\/suomenkuvalehti.fi\/vallan-mahotonta\/#website"},"primaryImageOfPage":{"@id":"https:\/\/suomenkuvalehti.fi\/vallan-mahotonta\/arvio-hauskat-muistelmat-eduskunnan-huolettomasta-rahankaytosta-ja-kokoomuksen-sisaisesta-valtakamppailusta\/#primaryimage"},"image":{"@id":"https:\/\/suomenkuvalehti.fi\/vallan-mahotonta\/arvio-hauskat-muistelmat-eduskunnan-huolettomasta-rahankaytosta-ja-kokoomuksen-sisaisesta-valtakamppailusta\/#primaryimage"},"thumbnailUrl":"https:\/\/suomenkuvalehti.fi\/vallan-mahotonta\/wp-content\/uploads\/sites\/42\/2018\/08\/rosila1-1200x800-630x420.png","datePublished":"2018-08-27T07:45:19+00:00","author":{"@id":"https:\/\/suomenkuvalehti.fi\/vallan-mahotonta\/#\/schema\/person\/aa34015af7a4bce21e1cdcf566bb57b0"},"description":"Kun Niinist\u00f6 kehui Sipil\u00e4\u00e4 aikaisempia p\u00e4\u00e4ministereit\u00e4 aktiivisemmaksi, kyseess\u00e4 lieni piikit Kataiselle ja Stubbille.","breadcrumb":{"@id":"https:\/\/suomenkuvalehti.fi\/vallan-mahotonta\/arvio-hauskat-muistelmat-eduskunnan-huolettomasta-rahankaytosta-ja-kokoomuksen-sisaisesta-valtakamppailusta\/#breadcrumb"},"inLanguage":"fi","potentialAction":[{"@type":"ReadAction","target":["https:\/\/suomenkuvalehti.fi\/vallan-mahotonta\/arvio-hauskat-muistelmat-eduskunnan-huolettomasta-rahankaytosta-ja-kokoomuksen-sisaisesta-valtakamppailusta\/"]}]},{"@type":"ImageObject","inLanguage":"fi","@id":"https:\/\/suomenkuvalehti.fi\/vallan-mahotonta\/arvio-hauskat-muistelmat-eduskunnan-huolettomasta-rahankaytosta-ja-kokoomuksen-sisaisesta-valtakamppailusta\/#primaryimage","url":"https:\/\/suomenkuvalehti.fi\/vallan-mahotonta\/wp-content\/uploads\/sites\/42\/2018\/08\/rosila1-1200x800.png","contentUrl":"https:\/\/suomenkuvalehti.fi\/vallan-mahotonta\/wp-content\/uploads\/sites\/42\/2018\/08\/rosila1-1200x800.png","width":1200,"height":800},{"@type":"BreadcrumbList","@id":"https:\/\/suomenkuvalehti.fi\/vallan-mahotonta\/arvio-hauskat-muistelmat-eduskunnan-huolettomasta-rahankaytosta-ja-kokoomuksen-sisaisesta-valtakamppailusta\/#breadcrumb","itemListElement":[{"@type":"ListItem","position":1,"name":"Home","item":"https:\/\/suomenkuvalehti.fi\/vallan-mahotonta\/"},{"@type":"ListItem","position":2,"name":"Arvio: Hauskat muistelmat eduskunnan huolettomasta rahank\u00e4yt\u00f6st\u00e4 ja kokoomuksen sis\u00e4isest\u00e4 valtakamppailusta"}]},{"@type":"WebSite","@id":"https:\/\/suomenkuvalehti.fi\/vallan-mahotonta\/#website","url":"https:\/\/suomenkuvalehti.fi\/vallan-mahotonta\/","name":"Vallan mahotonta!","description":"Tutkija Antti Ronkainen seuraa maailmantalouden murrosta.","potentialAction":[{"@type":"SearchAction","target":{"@type":"EntryPoint","urlTemplate":"https:\/\/suomenkuvalehti.fi\/haku\/?q={search_term_string}"},"query-input":{"@type":"PropertyValueSpecification","valueRequired":true,"valueName":"search_term_string"}}],"inLanguage":"fi"},{"@type":"Person","@id":"https:\/\/suomenkuvalehti.fi\/vallan-mahotonta\/#\/schema\/person\/aa34015af7a4bce21e1cdcf566bb57b0","name":"Antti Ronkainen","image":{"@type":"ImageObject","inLanguage":"fi","@id":"https:\/\/suomenkuvalehti.fi\/vallan-mahotonta\/#\/schema\/person\/image\/","url":"https:\/\/suomenkuvalehti.fi\/vallan-mahotonta\/wp-content\/uploads\/sites\/42\/2018\/05\/antti_j_ronkainen_blogi_pieni-150x150.jpg","contentUrl":"https:\/\/suomenkuvalehti.fi\/vallan-mahotonta\/wp-content\/uploads\/sites\/42\/2018\/05\/antti_j_ronkainen_blogi_pieni-150x150.jpg","caption":"Antti Ronkainen"},"description":"Antti Ronkainen on poliittisen talouden v\u00e4it\u00f6skirjatutkija Helsingin yliopistolla.","sameAs":["http:\/\/anttironkainen.fi","https:\/\/www.facebook.com\/a.ronkainen","https:\/\/www.instagram.com\/antti.ronkainen\/","https:\/\/x.com\/https:\/\/twitter.com\/anttironkainen"]}]}},"_links":{"self":[{"href":"https:\/\/suomenkuvalehti.fi\/vallan-mahotonta\/wp-json\/wp\/v2\/posts\/1612","targetHints":{"allow":["GET"]}}],"collection":[{"href":"https:\/\/suomenkuvalehti.fi\/vallan-mahotonta\/wp-json\/wp\/v2\/posts"}],"about":[{"href":"https:\/\/suomenkuvalehti.fi\/vallan-mahotonta\/wp-json\/wp\/v2\/types\/post"}],"author":[{"embeddable":true,"href":"https:\/\/suomenkuvalehti.fi\/vallan-mahotonta\/wp-json\/wp\/v2\/users\/37967"}],"replies":[{"embeddable":true,"href":"https:\/\/suomenkuvalehti.fi\/vallan-mahotonta\/wp-json\/wp\/v2\/comments?post=1612"}],"version-history":[{"count":13,"href":"https:\/\/suomenkuvalehti.fi\/vallan-mahotonta\/wp-json\/wp\/v2\/posts\/1612\/revisions"}],"predecessor-version":[{"id":1625,"href":"https:\/\/suomenkuvalehti.fi\/vallan-mahotonta\/wp-json\/wp\/v2\/posts\/1612\/revisions\/1625"}],"wp:attachment":[{"href":"https:\/\/suomenkuvalehti.fi\/vallan-mahotonta\/wp-json\/wp\/v2\/media?parent=1612"}],"wp:term":[{"taxonomy":"category","embeddable":true,"href":"https:\/\/suomenkuvalehti.fi\/vallan-mahotonta\/wp-json\/wp\/v2\/categories?post=1612"},{"taxonomy":"post_tag","embeddable":true,"href":"https:\/\/suomenkuvalehti.fi\/vallan-mahotonta\/wp-json\/wp\/v2\/tags?post=1612"}],"curies":[{"name":"wp","href":"https:\/\/api.w.org\/{rel}","templated":true}]}}