{"id":1321,"date":"2018-07-03T08:24:51","date_gmt":"2018-07-03T05:24:51","guid":{"rendered":"https:\/\/suomenkuvalehti.fi\/vallan-mahotonta\/?p=1321"},"modified":"2018-07-03T08:24:51","modified_gmt":"2018-07-03T05:24:51","slug":"saksan-hallituskriisi-peruttu-valkoiset-eurooppalaisten-nakoiset-saavat-jatkossakin-kulkea-vapaasti-euroopassa","status":"publish","type":"post","link":"https:\/\/suomenkuvalehti.fi\/vallan-mahotonta\/saksan-hallituskriisi-peruttu-valkoiset-eurooppalaisten-nakoiset-saavat-jatkossakin-kulkea-vapaasti-euroopassa\/","title":{"rendered":"Saksan hallituskriisi peruttu &#8211; valkoiset &#8221;eurooppalaisten&#8221; n\u00e4k\u00f6iset saavat jatkossakin kulkea vapaasti Euroopassa"},"content":{"rendered":"\n<p><strong>Angela Merkel<\/strong> ja <strong>Horst Seehofer<\/strong> p\u00e4\u00e4siv\u00e4t sopuun Saksan pakolaispolitiikasta.<\/p>\n\n\n\n<p><a href=\"https:\/\/www.ft.com\/content\/126ab2d6-7e0f-11e8-bc55-50daf11b720d\" target=\"_blank\" rel=\"noopener\">CDU ja CSU sopivat<\/a>, ett\u00e4 Baijerin ja It\u00e4vallan rajalle perustetaan&nbsp;pakolaiskeskus, jossa on m\u00e4\u00e4r\u00e4 selvitt\u00e4\u00e4, ovatko pakolaiset hakeneet turvapaikkaa jo muista EU-maista. Pakolaiset l\u00e4hetet\u00e4\u00e4n takaisin niihin maihin, joiden kanssa Saksalla on palautussopimus. Muussa tapauksessa pakolaiset l\u00e4hetet\u00e4\u00e4n It\u00e4valtaan.<\/p>\n\n\n\n<p>Asiassa on viel\u00e4 monta avointa kysymyst\u00e4.<\/p>\n\n\n\n<p>Toinen hallituskumppani SPD tyrm\u00e4si pari vuotta sitten CDU:n ja CSU:n sopimat pakolaiskeskukset, eik\u00e4 demarit ole viel\u00e4 siunanneet kompromissia. Suuren koalition johtajat n\u00e4kev\u00e4t my\u00f6hemmin t\u00e4n\u00e4\u00e4n p\u00e4iv\u00e4ll\u00e4.<\/p>\n\n\n\n<p>Saksalla on palautussopimukset Espanjan ja Kreikan kanssa, mutta ei esimerkiksi Italian ja Ranskan kanssa. Puola ja Unkari eiv\u00e4t mit\u00e4\u00e4n sopimusta haluakaan.&nbsp;Ei ole my\u00f6sk\u00e4\u00e4n selv\u00e4\u00e4, miten kovalla maahanmuuttopolitiikalla It\u00e4vallan p\u00e4\u00e4ministeriksi noussut <strong>Sebastian Kurz<\/strong> suhtautuu Saksan uuteen &#8221;pakolaisregiimiin&#8221;.<\/p>\n\n\n\n<p>Sopimus&nbsp;muuttanee Euroopan vapaan liikkuvuuden luonnetta.<\/p>\n\n\n\n<p>Kun Saksa on p\u00e4\u00e4tt\u00e4nyt perustaa rajoilleen pakolaisleirej\u00e4, niit\u00e4 on helppo perustaa muuallekin. Kun Saksa on sopinut erillisi\u00e4 palautussopimuksia, voivat niit\u00e4 alkaa sopia pienemm\u00e4tkin EU-maat.<\/p>\n\n\n\n<p>Saksan hallituskriisin seuraus voikin olla unilateralismin lis\u00e4\u00e4ntyminen. Toisin sanoen valtiot etsiv\u00e4t yh\u00e4 enemm\u00e4n hallitustenv\u00e4lisi\u00e4 ratkaisuja itselleen t\u00e4rkeimpiin sis\u00e4poliittisiin kysymyksiin &#8211; EU ja sen universaalit arvot saavat v\u00e4isty\u00e4.<\/p>\n\n\n\n<p>Todenn\u00e4k\u00f6isesti Merkel joutuu antamaan lis\u00e4\u00e4 my\u00f6nnytyksi\u00e4 demareille ja muille EU-maille. Merkel on heikko ja pysy\u00e4kseen vallassa h\u00e4n joutuu tekem\u00e4\u00e4n <a href=\"https:\/\/suomenkuvalehti.fi\/vallan-mahotonta\/euroopan-orbanisaatio-eli-miten-merkel-haviaa-voittaessaan\/?shared=1262-46adbe51-999\">jatkuvasti my\u00f6nnytyksi\u00e4 ja poikkeuksia omasta politiikastaan<\/a>.&nbsp;Saksan demarit ja Ranskan <strong>Emmanuel Macron<\/strong> vaativat t\u00e4ysin erilaisia asioita kuin Italian uusi radikaali sis\u00e4ministeri <strong>Matteo Salvini<\/strong>, mik\u00e4 tekee politiikasta poukkoilevaa.<\/p>\n\n\n\n<p>Merkelin viimeinen kanslerikausi on vakauspolitiikan irvikuva, jonka viimeisin vaihe on Euroopan orbanisaatio, pakolaisleirit ja palautussopimukset. Pakolaiskysymyksen lis\u00e4ksi tulisi nopeasti p\u00e4\u00e4tt\u00e4\u00e4 esimerkiksi euron reformeista, Brexitist\u00e4, EU:n tulevasta 7-vuotisbudjetista, turvallisuuspolitiikasta ja vastauksesta kauppasotaan.&nbsp;Merkelin hallituksen kaatuminen v\u00e4ltettiin, mutta kauanko sopu kest\u00e4\u00e4?<\/p>\n\n\n\n<p>Silt\u00e4 osin Euroopan vapaa liikkuvuus kuitenkin s\u00e4ilyy, ett\u00e4 valkoiset &#8221;eurooppalaisten&#8221; n\u00e4k\u00f6iset saavat jatkossakin kulkea vapaasti.<\/p>\n\n\n","protected":false},"excerpt":{"rendered":"<p>Merkelin nykyinen kanslerikausi on vakauspolitiikan irvikuva, jonka viimeisin vaihe on palautussopimukset, pakolaisleirit ja Euroopan orbanisaatio. <\/p>\n","protected":false},"author":37967,"featured_media":0,"comment_status":"open","ping_status":"open","sticky":false,"template":"","format":"standard","meta":{"_acf_changed":false,"asauth_required_access_level":3,"asauth_cansharepaid":"true","om_header_attributes":[],"footnotes":"","om_featured_image_focal_point":[],"om_primary_tag":0,"om_contributors":[],"om_co_authors":[],"beyondwords_generate_audio":"","beyondwords_project_id":"","beyondwords_content_id":"","beyondwords_preview_token":"","beyondwords_player_content":"","beyondwords_player_style":"","beyondwords_language_code":"","beyondwords_language_id":"","beyondwords_title_voice_id":"","beyondwords_body_voice_id":"","beyondwords_summary_voice_id":"","beyondwords_error_message":"","beyondwords_disabled":"","beyondwords_delete_content":"","beyondwords_podcast_id":"","beyondwords_hash":"","publish_post_to_speechkit":"","speechkit_hash":"","speechkit_generate_audio":"","speechkit_project_id":"","speechkit_podcast_id":"","speechkit_error_message":"","speechkit_disabled":"","speechkit_access_key":"","speechkit_error":"","speechkit_info":"","speechkit_response":"","speechkit_retries":"","speechkit_status":"","speechkit_updated_at":"","_speechkit_link":"","_speechkit_text":""},"categories":[1],"tags":[2,150,151,69,3,152],"class_list":["post-1321","post","type-post","status-publish","format-standard","hentry","category-vallan-mahotonta","tag-angela-merkel","tag-horst-seehofer","tag-orbanisaatio","tag-pakolaispolitiikka","tag-saksa","tag-unilateralismi"],"om_views":null,"acf":{"tuuma_off":false,"tuuma_kysymys":"","tuuma_vastaus":""},"asauth":{"required_access_level":1,"share_token":"","is_paid":false},"yoast_head":"<!-- This site is optimized with the Yoast SEO plugin v26.4 - https:\/\/yoast.com\/wordpress\/plugins\/seo\/ -->\n<title>Saksan hallituskriisi peruttu - valkoiset &quot;eurooppalaisten&quot; n\u00e4k\u00f6iset saavat jatkossakin kulkea vapaasti Euroopassa - Vallan mahotonta!<\/title>\n<meta name=\"robots\" content=\"index, follow, max-snippet:-1, max-image-preview:large, max-video-preview:-1\" \/>\n<link rel=\"canonical\" href=\"https:\/\/suomenkuvalehti.fi\/vallan-mahotonta\/saksan-hallituskriisi-peruttu-valkoiset-eurooppalaisten-nakoiset-saavat-jatkossakin-kulkea-vapaasti-euroopassa\/\" \/>\n<meta property=\"og:locale\" content=\"fi_FI\" \/>\n<meta property=\"og:type\" content=\"article\" \/>\n<meta property=\"og:title\" content=\"Saksan hallituskriisi peruttu - valkoiset &quot;eurooppalaisten&quot; n\u00e4k\u00f6iset saavat jatkossakin kulkea vapaasti Euroopassa - Vallan mahotonta!\" \/>\n<meta property=\"og:description\" content=\"Merkelin nykyinen kanslerikausi on vakauspolitiikan irvikuva, jonka viimeisin vaihe on palautussopimukset, pakolaisleirit ja Euroopan orbanisaatio.\" \/>\n<meta property=\"og:url\" content=\"https:\/\/suomenkuvalehti.fi\/vallan-mahotonta\/saksan-hallituskriisi-peruttu-valkoiset-eurooppalaisten-nakoiset-saavat-jatkossakin-kulkea-vapaasti-euroopassa\/\" \/>\n<meta property=\"og:site_name\" content=\"Vallan mahotonta!\" \/>\n<meta property=\"article:author\" content=\"https:\/\/www.facebook.com\/a.ronkainen\" \/>\n<meta property=\"article:published_time\" content=\"2018-07-03T05:24:51+00:00\" \/>\n<meta property=\"og:image\" content=\"https:\/\/suomenkuvalehti.fi\/vallan-mahotonta\/wp-content\/uploads\/sites\/42\/2018\/05\/antti_j_ronkainen_blogi_pieni.jpg\" \/>\n\t<meta property=\"og:image:width\" content=\"600\" \/>\n\t<meta property=\"og:image:height\" content=\"600\" \/>\n\t<meta property=\"og:image:type\" content=\"image\/jpeg\" \/>\n<meta name=\"author\" content=\"Antti Ronkainen\" \/>\n<meta name=\"twitter:card\" content=\"summary_large_image\" \/>\n<meta name=\"twitter:creator\" content=\"@https:\/\/twitter.com\/anttironkainen\" \/>\n<meta name=\"twitter:label1\" content=\"Written by\" \/>\n\t<meta name=\"twitter:data1\" content=\"Antti Ronkainen\" \/>\n\t<meta name=\"twitter:label2\" content=\"Est. reading time\" \/>\n\t<meta name=\"twitter:data2\" content=\"2 minuuttia\" \/>\n<script type=\"application\/ld+json\" class=\"yoast-schema-graph\">{\"@context\":\"https:\/\/schema.org\",\"@graph\":[{\"@type\":\"WebPage\",\"@id\":\"https:\/\/suomenkuvalehti.fi\/vallan-mahotonta\/saksan-hallituskriisi-peruttu-valkoiset-eurooppalaisten-nakoiset-saavat-jatkossakin-kulkea-vapaasti-euroopassa\/\",\"url\":\"https:\/\/suomenkuvalehti.fi\/vallan-mahotonta\/saksan-hallituskriisi-peruttu-valkoiset-eurooppalaisten-nakoiset-saavat-jatkossakin-kulkea-vapaasti-euroopassa\/\",\"name\":\"Saksan hallituskriisi peruttu - valkoiset \\\"eurooppalaisten\\\" n\u00e4k\u00f6iset saavat jatkossakin kulkea vapaasti Euroopassa - Vallan mahotonta!\",\"isPartOf\":{\"@id\":\"https:\/\/suomenkuvalehti.fi\/vallan-mahotonta\/#website\"},\"datePublished\":\"2018-07-03T05:24:51+00:00\",\"author\":{\"@id\":\"https:\/\/suomenkuvalehti.fi\/vallan-mahotonta\/#\/schema\/person\/aa34015af7a4bce21e1cdcf566bb57b0\"},\"breadcrumb\":{\"@id\":\"https:\/\/suomenkuvalehti.fi\/vallan-mahotonta\/saksan-hallituskriisi-peruttu-valkoiset-eurooppalaisten-nakoiset-saavat-jatkossakin-kulkea-vapaasti-euroopassa\/#breadcrumb\"},\"inLanguage\":\"fi\",\"potentialAction\":[{\"@type\":\"ReadAction\",\"target\":[\"https:\/\/suomenkuvalehti.fi\/vallan-mahotonta\/saksan-hallituskriisi-peruttu-valkoiset-eurooppalaisten-nakoiset-saavat-jatkossakin-kulkea-vapaasti-euroopassa\/\"]}]},{\"@type\":\"BreadcrumbList\",\"@id\":\"https:\/\/suomenkuvalehti.fi\/vallan-mahotonta\/saksan-hallituskriisi-peruttu-valkoiset-eurooppalaisten-nakoiset-saavat-jatkossakin-kulkea-vapaasti-euroopassa\/#breadcrumb\",\"itemListElement\":[{\"@type\":\"ListItem\",\"position\":1,\"name\":\"Home\",\"item\":\"https:\/\/suomenkuvalehti.fi\/vallan-mahotonta\/\"},{\"@type\":\"ListItem\",\"position\":2,\"name\":\"Saksan hallituskriisi peruttu &#8211; valkoiset &#8221;eurooppalaisten&#8221; n\u00e4k\u00f6iset saavat jatkossakin kulkea vapaasti Euroopassa\"}]},{\"@type\":\"WebSite\",\"@id\":\"https:\/\/suomenkuvalehti.fi\/vallan-mahotonta\/#website\",\"url\":\"https:\/\/suomenkuvalehti.fi\/vallan-mahotonta\/\",\"name\":\"Vallan mahotonta!\",\"description\":\"Tutkija Antti Ronkainen seuraa maailmantalouden murrosta.\",\"potentialAction\":[{\"@type\":\"SearchAction\",\"target\":{\"@type\":\"EntryPoint\",\"urlTemplate\":\"https:\/\/suomenkuvalehti.fi\/haku\/?q={search_term_string}\"},\"query-input\":{\"@type\":\"PropertyValueSpecification\",\"valueRequired\":true,\"valueName\":\"search_term_string\"}}],\"inLanguage\":\"fi\"},{\"@type\":\"Person\",\"@id\":\"https:\/\/suomenkuvalehti.fi\/vallan-mahotonta\/#\/schema\/person\/aa34015af7a4bce21e1cdcf566bb57b0\",\"name\":\"Antti Ronkainen\",\"image\":{\"@type\":\"ImageObject\",\"inLanguage\":\"fi\",\"@id\":\"https:\/\/suomenkuvalehti.fi\/vallan-mahotonta\/#\/schema\/person\/image\/\",\"url\":\"https:\/\/suomenkuvalehti.fi\/vallan-mahotonta\/wp-content\/uploads\/sites\/42\/2018\/05\/antti_j_ronkainen_blogi_pieni-150x150.jpg\",\"contentUrl\":\"https:\/\/suomenkuvalehti.fi\/vallan-mahotonta\/wp-content\/uploads\/sites\/42\/2018\/05\/antti_j_ronkainen_blogi_pieni-150x150.jpg\",\"caption\":\"Antti Ronkainen\"},\"description\":\"Antti Ronkainen on poliittisen talouden v\u00e4it\u00f6skirjatutkija Helsingin yliopistolla.\",\"sameAs\":[\"http:\/\/anttironkainen.fi\",\"https:\/\/www.facebook.com\/a.ronkainen\",\"https:\/\/www.instagram.com\/antti.ronkainen\/\",\"https:\/\/x.com\/https:\/\/twitter.com\/anttironkainen\"]}]}<\/script>\n<!-- \/ Yoast SEO plugin. -->","yoast_head_json":{"title":"Saksan hallituskriisi peruttu - valkoiset \"eurooppalaisten\" n\u00e4k\u00f6iset saavat jatkossakin kulkea vapaasti Euroopassa - Vallan mahotonta!","robots":{"index":"index","follow":"follow","max-snippet":"max-snippet:-1","max-image-preview":"max-image-preview:large","max-video-preview":"max-video-preview:-1"},"canonical":"https:\/\/suomenkuvalehti.fi\/vallan-mahotonta\/saksan-hallituskriisi-peruttu-valkoiset-eurooppalaisten-nakoiset-saavat-jatkossakin-kulkea-vapaasti-euroopassa\/","og_locale":"fi_FI","og_type":"article","og_title":"Saksan hallituskriisi peruttu - valkoiset \"eurooppalaisten\" n\u00e4k\u00f6iset saavat jatkossakin kulkea vapaasti Euroopassa - Vallan mahotonta!","og_description":"Merkelin nykyinen kanslerikausi on vakauspolitiikan irvikuva, jonka viimeisin vaihe on palautussopimukset, pakolaisleirit ja Euroopan orbanisaatio.","og_url":"https:\/\/suomenkuvalehti.fi\/vallan-mahotonta\/saksan-hallituskriisi-peruttu-valkoiset-eurooppalaisten-nakoiset-saavat-jatkossakin-kulkea-vapaasti-euroopassa\/","og_site_name":"Vallan mahotonta!","article_author":"https:\/\/www.facebook.com\/a.ronkainen","article_published_time":"2018-07-03T05:24:51+00:00","og_image":[{"width":600,"height":600,"url":"https:\/\/suomenkuvalehti.fi\/vallan-mahotonta\/wp-content\/uploads\/sites\/42\/2018\/05\/antti_j_ronkainen_blogi_pieni.jpg","type":"image\/jpeg"}],"author":"Antti Ronkainen","twitter_card":"summary_large_image","twitter_creator":"@https:\/\/twitter.com\/anttironkainen","twitter_misc":{"Written by":"Antti Ronkainen","Est. reading time":"2 minuuttia"},"schema":{"@context":"https:\/\/schema.org","@graph":[{"@type":"WebPage","@id":"https:\/\/suomenkuvalehti.fi\/vallan-mahotonta\/saksan-hallituskriisi-peruttu-valkoiset-eurooppalaisten-nakoiset-saavat-jatkossakin-kulkea-vapaasti-euroopassa\/","url":"https:\/\/suomenkuvalehti.fi\/vallan-mahotonta\/saksan-hallituskriisi-peruttu-valkoiset-eurooppalaisten-nakoiset-saavat-jatkossakin-kulkea-vapaasti-euroopassa\/","name":"Saksan hallituskriisi peruttu - valkoiset \"eurooppalaisten\" n\u00e4k\u00f6iset saavat jatkossakin kulkea vapaasti Euroopassa - Vallan mahotonta!","isPartOf":{"@id":"https:\/\/suomenkuvalehti.fi\/vallan-mahotonta\/#website"},"datePublished":"2018-07-03T05:24:51+00:00","author":{"@id":"https:\/\/suomenkuvalehti.fi\/vallan-mahotonta\/#\/schema\/person\/aa34015af7a4bce21e1cdcf566bb57b0"},"breadcrumb":{"@id":"https:\/\/suomenkuvalehti.fi\/vallan-mahotonta\/saksan-hallituskriisi-peruttu-valkoiset-eurooppalaisten-nakoiset-saavat-jatkossakin-kulkea-vapaasti-euroopassa\/#breadcrumb"},"inLanguage":"fi","potentialAction":[{"@type":"ReadAction","target":["https:\/\/suomenkuvalehti.fi\/vallan-mahotonta\/saksan-hallituskriisi-peruttu-valkoiset-eurooppalaisten-nakoiset-saavat-jatkossakin-kulkea-vapaasti-euroopassa\/"]}]},{"@type":"BreadcrumbList","@id":"https:\/\/suomenkuvalehti.fi\/vallan-mahotonta\/saksan-hallituskriisi-peruttu-valkoiset-eurooppalaisten-nakoiset-saavat-jatkossakin-kulkea-vapaasti-euroopassa\/#breadcrumb","itemListElement":[{"@type":"ListItem","position":1,"name":"Home","item":"https:\/\/suomenkuvalehti.fi\/vallan-mahotonta\/"},{"@type":"ListItem","position":2,"name":"Saksan hallituskriisi peruttu &#8211; valkoiset &#8221;eurooppalaisten&#8221; n\u00e4k\u00f6iset saavat jatkossakin kulkea vapaasti Euroopassa"}]},{"@type":"WebSite","@id":"https:\/\/suomenkuvalehti.fi\/vallan-mahotonta\/#website","url":"https:\/\/suomenkuvalehti.fi\/vallan-mahotonta\/","name":"Vallan mahotonta!","description":"Tutkija Antti Ronkainen seuraa maailmantalouden murrosta.","potentialAction":[{"@type":"SearchAction","target":{"@type":"EntryPoint","urlTemplate":"https:\/\/suomenkuvalehti.fi\/haku\/?q={search_term_string}"},"query-input":{"@type":"PropertyValueSpecification","valueRequired":true,"valueName":"search_term_string"}}],"inLanguage":"fi"},{"@type":"Person","@id":"https:\/\/suomenkuvalehti.fi\/vallan-mahotonta\/#\/schema\/person\/aa34015af7a4bce21e1cdcf566bb57b0","name":"Antti Ronkainen","image":{"@type":"ImageObject","inLanguage":"fi","@id":"https:\/\/suomenkuvalehti.fi\/vallan-mahotonta\/#\/schema\/person\/image\/","url":"https:\/\/suomenkuvalehti.fi\/vallan-mahotonta\/wp-content\/uploads\/sites\/42\/2018\/05\/antti_j_ronkainen_blogi_pieni-150x150.jpg","contentUrl":"https:\/\/suomenkuvalehti.fi\/vallan-mahotonta\/wp-content\/uploads\/sites\/42\/2018\/05\/antti_j_ronkainen_blogi_pieni-150x150.jpg","caption":"Antti Ronkainen"},"description":"Antti Ronkainen on poliittisen talouden v\u00e4it\u00f6skirjatutkija Helsingin yliopistolla.","sameAs":["http:\/\/anttironkainen.fi","https:\/\/www.facebook.com\/a.ronkainen","https:\/\/www.instagram.com\/antti.ronkainen\/","https:\/\/x.com\/https:\/\/twitter.com\/anttironkainen"]}]}},"_links":{"self":[{"href":"https:\/\/suomenkuvalehti.fi\/vallan-mahotonta\/wp-json\/wp\/v2\/posts\/1321","targetHints":{"allow":["GET"]}}],"collection":[{"href":"https:\/\/suomenkuvalehti.fi\/vallan-mahotonta\/wp-json\/wp\/v2\/posts"}],"about":[{"href":"https:\/\/suomenkuvalehti.fi\/vallan-mahotonta\/wp-json\/wp\/v2\/types\/post"}],"author":[{"embeddable":true,"href":"https:\/\/suomenkuvalehti.fi\/vallan-mahotonta\/wp-json\/wp\/v2\/users\/37967"}],"replies":[{"embeddable":true,"href":"https:\/\/suomenkuvalehti.fi\/vallan-mahotonta\/wp-json\/wp\/v2\/comments?post=1321"}],"version-history":[{"count":34,"href":"https:\/\/suomenkuvalehti.fi\/vallan-mahotonta\/wp-json\/wp\/v2\/posts\/1321\/revisions"}],"predecessor-version":[{"id":1355,"href":"https:\/\/suomenkuvalehti.fi\/vallan-mahotonta\/wp-json\/wp\/v2\/posts\/1321\/revisions\/1355"}],"wp:attachment":[{"href":"https:\/\/suomenkuvalehti.fi\/vallan-mahotonta\/wp-json\/wp\/v2\/media?parent=1321"}],"wp:term":[{"taxonomy":"category","embeddable":true,"href":"https:\/\/suomenkuvalehti.fi\/vallan-mahotonta\/wp-json\/wp\/v2\/categories?post=1321"},{"taxonomy":"post_tag","embeddable":true,"href":"https:\/\/suomenkuvalehti.fi\/vallan-mahotonta\/wp-json\/wp\/v2\/tags?post=1321"}],"curies":[{"name":"wp","href":"https:\/\/api.w.org\/{rel}","templated":true}]}}