{"id":1262,"date":"2018-07-02T10:42:36","date_gmt":"2018-07-02T07:42:36","guid":{"rendered":"https:\/\/suomenkuvalehti.fi\/vallan-mahotonta\/?p=1262"},"modified":"2018-07-02T10:42:36","modified_gmt":"2018-07-02T07:42:36","slug":"euroopan-orbanisaatio-eli-miten-merkel-haviaa-voittaessaan","status":"publish","type":"post","link":"https:\/\/suomenkuvalehti.fi\/vallan-mahotonta\/euroopan-orbanisaatio-eli-miten-merkel-haviaa-voittaessaan\/","title":{"rendered":"Euroopan orbanisaatio eli miten Merkel h\u00e4vi\u00e4\u00e4 voittaessaan"},"content":{"rendered":"\n<p><span class=\"capitalized\">Angela Merkel<\/span> on ratkaissut Saksan hallituskriisin tavalla, jossa h\u00e4n saa jatkaa kanslerina sill\u00e4 ehdolla, ett\u00e4 h\u00e4n <a href=\"https:\/\/suomenkuvalehti.fi\/vallan-mahotonta\/eurooppa-neuvoston-henkilogalleria\/?shared=1245-9bcfbcae-999\">luopuu omasta politiikastaan<\/a>.<\/p>\n\n\n\n<p>Saksan sis\u00e4ministeri&nbsp;<strong>Horst Seehofer<\/strong> uhkasi aloittaa rajatarkastukset ja omavaltaiset k\u00e4\u00e4nnytykset, jos Saksan pakolaispolitiikka ei kiristy. Merkel vastasi hankkimalla&nbsp;Eurooppa-neuvostolta <a href=\"https:\/\/openeurope.org.uk\/today\/blog\/migration-centre-brexit-side-lined-eurozone-back-what-happened-at-the-eu-summit\/\" target=\"_blank\" rel=\"noopener\">hyv\u00e4ksynn\u00e4n pakolaisleireille<\/a>, mink\u00e4 lis\u00e4ksi h\u00e4n neuvotteli kahdenv\u00e4lisi\u00e4 <a href=\"https:\/\/www.dw.com\/en\/chancellor-merkel-confirms-bilateral-migrant-agreements-with-spain-and-greece\/a-44463424\" target=\"_blank\" rel=\"noopener\">pakolaissopimuksia EU-maiden kanssa<\/a>.<\/p>\n\n\n\n<p>CSU:n on p\u00e4\u00e4tett\u00e4v\u00e4 nopeasti, per\u00e4\u00e4ntyyk\u00f6&nbsp;se Seehoferin linjasta uskottavuutensa kustannuksella vai riskeeraako se yhteisty\u00f6n Merkelin johtamien kristillisdemokraattien (CDU) kanssa. Molemmat ovat huonoja vaihtoehtoja ajatellen lokakuun Baijerin osavaltiovaaleja.&nbsp;Merkel onkin ajanut Seehoferin johtaman Baijerin kristillissosiaalinen unioni (CSU) kriisiin.<\/p>\n\n\n\n<p>&nbsp;<\/p>\n\n\n\n<p><span class=\"capitalized\">Vaikka Seehofer<\/span> on tarjoutunut eroamaan sis\u00e4ministerin ja CSU:n johtajan teht\u00e4vist\u00e4, my\u00f6s Merkel on Saksan hallituskriisin h\u00e4vi\u00e4j\u00e4.<\/p>\n\n\n\n<p>CSU:n eksistentiaalinen kriisi voi johtaa kaaokseen, joka kaataa my\u00f6s Merkelin hallituksen. Vaikka Seehofer eroaisi, Merkelin hallituksen yhten\u00e4isyys, toimintakyky ja jatkuvuus ovat kaikkea muuta kuin taattu. Pakolaiskriisi\u00e4 ei olla ratkaistu.<\/p>\n\n\n\n<p>Toiseksi kahdenkeskiset palautussopimukset eiv\u00e4t olleet ilmaisia. <a href=\"https:\/\/twitter.com\/MehreenKhn\/status\/1012714275146731521\" target=\"_blank\" rel=\"noopener\">Financial Timesin kirjeenvaihtajan<\/a> mukaan Merkel lupasi esimerkiksi <strong>Alexis Tsiprakselle<\/strong>, ett\u00e4 Kreikka saa viivytt\u00e4\u00e4 III tukipakettiin sis\u00e4ltyneit\u00e4 arvonlis\u00e4veron korotuksia niin kauan kun pakolaiskriisi jatkuu. <a href=\"https:\/\/www.bild.de\/wa\/ll\/bild-de\/unangemeldet-42925516.bild.html#redirectFromBackWall\" target=\"_blank\" rel=\"noopener\">Sopimuksia on t\u00e4h\u00e4n menness\u00e4 ainakin 12<\/a> ja Kreikan esimerkki osoittaa, kuinka Merkel joutuu ulkopoliittisiin my\u00f6nnytyksiin vastatakseen CSU:n aiheuttamaan sis\u00e4poliittiseen paineeseen.<\/p>\n\n\n\n<p>Viimeiseksi Eurooppa-neuvoston p\u00e4\u00e4t\u00f6s pakolaisleirien perustamisesta on suuri takaisku Merkelin avoimelle pakolaispolitiikalle. Leirej\u00e4 ehdotti ensimm\u00e4isen\u00e4 Unkarin p\u00e4\u00e4ministeri <strong>Viktor Orban&nbsp;<\/strong>ja <a href=\"https:\/\/www.suomenuutiset.fi\/halla-aho-turvapaikanhakijat-lahi-itaan-ja-afrikkaan-hakemukset-kasiteltava-euroopan-ulkopuolella\/\" target=\"_blank\" rel=\"noopener\">Suomessa <strong>Jussi Halla-aho<\/strong><\/a>. Negatiivisten mielikuvien v\u00e4ltt\u00e4miseksi <a href=\"http:\/\/www.consilium.europa.eu\/en\/press\/press-releases\/2018\/06\/29\/20180628-euco-conclusions-final\/\" target=\"_blank\" rel=\"noopener\">leirej\u00e4 p\u00e4\u00e4tettiin kutsua<\/a>&nbsp;&#8221;rantautumisalustoiksi&#8221; (disembarkation platforms, sic).&nbsp;Orban piti kokousta&nbsp;<a href=\"https:\/\/www.irishtimes.com\/news\/world\/europe\/orban-calls-eu-migration-deal-great-victory-for-central-europe-1.3548541?mode=amp\" target=\"_blank\" rel=\"noopener\">suurena menestyksen\u00e4<\/a>&nbsp;ja erityisen\u00e4 saavutuksena Merkeli\u00e4 arvostelleille Unkarille, Puolalle, Tshekille ja Slovakialle, ett\u00e4 kaikki pakolaisten jakamiset ovat jatkossakin vapaaehtoisia.<\/p>\n\n\n\n<p>&nbsp;<\/p>\n\n\n\n<p><span class=\"capitalized\">Merkel ja Seehofer<\/span> ovat molemmat Saksan hallituskriisin h\u00e4vi\u00e4ji\u00e4.&nbsp;Voittaja on&nbsp;<em>Alternative f\u00fcr Deutschland<\/em>, jonka kannatuksen aiheuttama paine on saanut Merkelin luopumaan omasta linjastaan.<\/p>\n\n\n\n<p>Seehofer ylipelasi k\u00e4tens\u00e4 ja CSU on kaaoksessa. Merkel teki faustilaisen sopimuksen ja CDU:n on alettava kiireellisesti mietti\u00e4,&nbsp;minne puolue menee Merkelin j\u00e4lkeen. Berliinin muurin murtumisen j\u00e4lkeinen muuriton politiikka saanee tehd\u00e4 tilaa Seehoferin ja AfD:n jyrk\u00e4lle linjalle.<\/p>\n\n\n\n<p>Monella vasemmistolaisellakin tulee ik\u00e4v\u00e4 Merkeli\u00e4 siit\u00e4kin huolimatta, ett\u00e4 h\u00e4n on jo siunannut Euroopan orbanisaation.<\/p>\n\n\n","protected":false},"excerpt":{"rendered":"<p>Merkel ja Seehofer ovat molemmat Saksan hallituskriisin h\u00e4vi\u00e4ji\u00e4.\u00a0<\/p>\n","protected":false},"author":37967,"featured_media":0,"comment_status":"open","ping_status":"open","sticky":false,"template":"","format":"standard","meta":{"_acf_changed":false,"asauth_required_access_level":3,"asauth_cansharepaid":"true","om_header_attributes":[],"footnotes":"","om_featured_image_focal_point":[],"om_primary_tag":0,"om_contributors":[],"om_co_authors":[],"beyondwords_generate_audio":"","beyondwords_project_id":"","beyondwords_content_id":"","beyondwords_preview_token":"","beyondwords_player_content":"","beyondwords_player_style":"","beyondwords_language_code":"","beyondwords_language_id":"","beyondwords_title_voice_id":"","beyondwords_body_voice_id":"","beyondwords_summary_voice_id":"","beyondwords_error_message":"","beyondwords_disabled":"","beyondwords_delete_content":"","beyondwords_podcast_id":"","beyondwords_hash":"","publish_post_to_speechkit":"","speechkit_hash":"","speechkit_generate_audio":"","speechkit_project_id":"","speechkit_podcast_id":"","speechkit_error_message":"","speechkit_disabled":"","speechkit_access_key":"","speechkit_error":"","speechkit_info":"","speechkit_response":"","speechkit_retries":"","speechkit_status":"","speechkit_updated_at":"","_speechkit_link":"","_speechkit_text":""},"categories":[1],"tags":[2,150,151,26],"class_list":["post-1262","post","type-post","status-publish","format-standard","hentry","category-vallan-mahotonta","tag-angela-merkel","tag-horst-seehofer","tag-orbanisaatio","tag-pakolaiskriisi"],"om_views":null,"acf":{"tuuma_off":false,"tuuma_kysymys":"","tuuma_vastaus":""},"asauth":{"required_access_level":1,"share_token":"","is_paid":false},"yoast_head":"<!-- This site is optimized with the Yoast SEO plugin v26.4 - https:\/\/yoast.com\/wordpress\/plugins\/seo\/ -->\n<title>Euroopan orbanisaatio eli miten Merkel h\u00e4vi\u00e4\u00e4 voittaessaan - Vallan mahotonta!<\/title>\n<meta name=\"robots\" content=\"index, follow, max-snippet:-1, max-image-preview:large, max-video-preview:-1\" \/>\n<link rel=\"canonical\" href=\"https:\/\/suomenkuvalehti.fi\/vallan-mahotonta\/euroopan-orbanisaatio-eli-miten-merkel-haviaa-voittaessaan\/\" \/>\n<meta property=\"og:locale\" content=\"fi_FI\" \/>\n<meta property=\"og:type\" content=\"article\" \/>\n<meta property=\"og:title\" content=\"Euroopan orbanisaatio eli miten Merkel h\u00e4vi\u00e4\u00e4 voittaessaan - Vallan mahotonta!\" \/>\n<meta property=\"og:description\" content=\"Merkel ja Seehofer ovat molemmat Saksan hallituskriisin h\u00e4vi\u00e4ji\u00e4.\u00a0\" \/>\n<meta property=\"og:url\" content=\"https:\/\/suomenkuvalehti.fi\/vallan-mahotonta\/euroopan-orbanisaatio-eli-miten-merkel-haviaa-voittaessaan\/\" \/>\n<meta property=\"og:site_name\" content=\"Vallan mahotonta!\" \/>\n<meta property=\"article:author\" content=\"https:\/\/www.facebook.com\/a.ronkainen\" \/>\n<meta property=\"article:published_time\" content=\"2018-07-02T07:42:36+00:00\" \/>\n<meta property=\"og:image\" content=\"https:\/\/suomenkuvalehti.fi\/vallan-mahotonta\/wp-content\/uploads\/sites\/42\/2018\/05\/antti_j_ronkainen_blogi_pieni.jpg\" \/>\n\t<meta property=\"og:image:width\" content=\"600\" \/>\n\t<meta property=\"og:image:height\" content=\"600\" \/>\n\t<meta property=\"og:image:type\" content=\"image\/jpeg\" \/>\n<meta name=\"author\" content=\"Antti Ronkainen\" \/>\n<meta name=\"twitter:card\" content=\"summary_large_image\" \/>\n<meta name=\"twitter:creator\" content=\"@https:\/\/twitter.com\/anttironkainen\" \/>\n<meta name=\"twitter:label1\" content=\"Written by\" \/>\n\t<meta name=\"twitter:data1\" content=\"Antti Ronkainen\" \/>\n\t<meta name=\"twitter:label2\" content=\"Est. reading time\" \/>\n\t<meta name=\"twitter:data2\" content=\"2 minuuttia\" \/>\n<script type=\"application\/ld+json\" class=\"yoast-schema-graph\">{\"@context\":\"https:\/\/schema.org\",\"@graph\":[{\"@type\":\"WebPage\",\"@id\":\"https:\/\/suomenkuvalehti.fi\/vallan-mahotonta\/euroopan-orbanisaatio-eli-miten-merkel-haviaa-voittaessaan\/\",\"url\":\"https:\/\/suomenkuvalehti.fi\/vallan-mahotonta\/euroopan-orbanisaatio-eli-miten-merkel-haviaa-voittaessaan\/\",\"name\":\"Euroopan orbanisaatio eli miten Merkel h\u00e4vi\u00e4\u00e4 voittaessaan - Vallan mahotonta!\",\"isPartOf\":{\"@id\":\"https:\/\/suomenkuvalehti.fi\/vallan-mahotonta\/#website\"},\"datePublished\":\"2018-07-02T07:42:36+00:00\",\"author\":{\"@id\":\"https:\/\/suomenkuvalehti.fi\/vallan-mahotonta\/#\/schema\/person\/aa34015af7a4bce21e1cdcf566bb57b0\"},\"breadcrumb\":{\"@id\":\"https:\/\/suomenkuvalehti.fi\/vallan-mahotonta\/euroopan-orbanisaatio-eli-miten-merkel-haviaa-voittaessaan\/#breadcrumb\"},\"inLanguage\":\"fi\",\"potentialAction\":[{\"@type\":\"ReadAction\",\"target\":[\"https:\/\/suomenkuvalehti.fi\/vallan-mahotonta\/euroopan-orbanisaatio-eli-miten-merkel-haviaa-voittaessaan\/\"]}]},{\"@type\":\"BreadcrumbList\",\"@id\":\"https:\/\/suomenkuvalehti.fi\/vallan-mahotonta\/euroopan-orbanisaatio-eli-miten-merkel-haviaa-voittaessaan\/#breadcrumb\",\"itemListElement\":[{\"@type\":\"ListItem\",\"position\":1,\"name\":\"Home\",\"item\":\"https:\/\/suomenkuvalehti.fi\/vallan-mahotonta\/\"},{\"@type\":\"ListItem\",\"position\":2,\"name\":\"Euroopan orbanisaatio eli miten Merkel h\u00e4vi\u00e4\u00e4 voittaessaan\"}]},{\"@type\":\"WebSite\",\"@id\":\"https:\/\/suomenkuvalehti.fi\/vallan-mahotonta\/#website\",\"url\":\"https:\/\/suomenkuvalehti.fi\/vallan-mahotonta\/\",\"name\":\"Vallan mahotonta!\",\"description\":\"Tutkija Antti Ronkainen seuraa maailmantalouden murrosta.\",\"potentialAction\":[{\"@type\":\"SearchAction\",\"target\":{\"@type\":\"EntryPoint\",\"urlTemplate\":\"https:\/\/suomenkuvalehti.fi\/haku\/?q={search_term_string}\"},\"query-input\":{\"@type\":\"PropertyValueSpecification\",\"valueRequired\":true,\"valueName\":\"search_term_string\"}}],\"inLanguage\":\"fi\"},{\"@type\":\"Person\",\"@id\":\"https:\/\/suomenkuvalehti.fi\/vallan-mahotonta\/#\/schema\/person\/aa34015af7a4bce21e1cdcf566bb57b0\",\"name\":\"Antti Ronkainen\",\"image\":{\"@type\":\"ImageObject\",\"inLanguage\":\"fi\",\"@id\":\"https:\/\/suomenkuvalehti.fi\/vallan-mahotonta\/#\/schema\/person\/image\/\",\"url\":\"https:\/\/suomenkuvalehti.fi\/vallan-mahotonta\/wp-content\/uploads\/sites\/42\/2018\/05\/antti_j_ronkainen_blogi_pieni-150x150.jpg\",\"contentUrl\":\"https:\/\/suomenkuvalehti.fi\/vallan-mahotonta\/wp-content\/uploads\/sites\/42\/2018\/05\/antti_j_ronkainen_blogi_pieni-150x150.jpg\",\"caption\":\"Antti Ronkainen\"},\"description\":\"Antti Ronkainen on poliittisen talouden v\u00e4it\u00f6skirjatutkija Helsingin yliopistolla.\",\"sameAs\":[\"http:\/\/anttironkainen.fi\",\"https:\/\/www.facebook.com\/a.ronkainen\",\"https:\/\/www.instagram.com\/antti.ronkainen\/\",\"https:\/\/x.com\/https:\/\/twitter.com\/anttironkainen\"]}]}<\/script>\n<!-- \/ Yoast SEO plugin. -->","yoast_head_json":{"title":"Euroopan orbanisaatio eli miten Merkel h\u00e4vi\u00e4\u00e4 voittaessaan - Vallan mahotonta!","robots":{"index":"index","follow":"follow","max-snippet":"max-snippet:-1","max-image-preview":"max-image-preview:large","max-video-preview":"max-video-preview:-1"},"canonical":"https:\/\/suomenkuvalehti.fi\/vallan-mahotonta\/euroopan-orbanisaatio-eli-miten-merkel-haviaa-voittaessaan\/","og_locale":"fi_FI","og_type":"article","og_title":"Euroopan orbanisaatio eli miten Merkel h\u00e4vi\u00e4\u00e4 voittaessaan - Vallan mahotonta!","og_description":"Merkel ja Seehofer ovat molemmat Saksan hallituskriisin h\u00e4vi\u00e4ji\u00e4.\u00a0","og_url":"https:\/\/suomenkuvalehti.fi\/vallan-mahotonta\/euroopan-orbanisaatio-eli-miten-merkel-haviaa-voittaessaan\/","og_site_name":"Vallan mahotonta!","article_author":"https:\/\/www.facebook.com\/a.ronkainen","article_published_time":"2018-07-02T07:42:36+00:00","og_image":[{"width":600,"height":600,"url":"https:\/\/suomenkuvalehti.fi\/vallan-mahotonta\/wp-content\/uploads\/sites\/42\/2018\/05\/antti_j_ronkainen_blogi_pieni.jpg","type":"image\/jpeg"}],"author":"Antti Ronkainen","twitter_card":"summary_large_image","twitter_creator":"@https:\/\/twitter.com\/anttironkainen","twitter_misc":{"Written by":"Antti Ronkainen","Est. reading time":"2 minuuttia"},"schema":{"@context":"https:\/\/schema.org","@graph":[{"@type":"WebPage","@id":"https:\/\/suomenkuvalehti.fi\/vallan-mahotonta\/euroopan-orbanisaatio-eli-miten-merkel-haviaa-voittaessaan\/","url":"https:\/\/suomenkuvalehti.fi\/vallan-mahotonta\/euroopan-orbanisaatio-eli-miten-merkel-haviaa-voittaessaan\/","name":"Euroopan orbanisaatio eli miten Merkel h\u00e4vi\u00e4\u00e4 voittaessaan - Vallan mahotonta!","isPartOf":{"@id":"https:\/\/suomenkuvalehti.fi\/vallan-mahotonta\/#website"},"datePublished":"2018-07-02T07:42:36+00:00","author":{"@id":"https:\/\/suomenkuvalehti.fi\/vallan-mahotonta\/#\/schema\/person\/aa34015af7a4bce21e1cdcf566bb57b0"},"breadcrumb":{"@id":"https:\/\/suomenkuvalehti.fi\/vallan-mahotonta\/euroopan-orbanisaatio-eli-miten-merkel-haviaa-voittaessaan\/#breadcrumb"},"inLanguage":"fi","potentialAction":[{"@type":"ReadAction","target":["https:\/\/suomenkuvalehti.fi\/vallan-mahotonta\/euroopan-orbanisaatio-eli-miten-merkel-haviaa-voittaessaan\/"]}]},{"@type":"BreadcrumbList","@id":"https:\/\/suomenkuvalehti.fi\/vallan-mahotonta\/euroopan-orbanisaatio-eli-miten-merkel-haviaa-voittaessaan\/#breadcrumb","itemListElement":[{"@type":"ListItem","position":1,"name":"Home","item":"https:\/\/suomenkuvalehti.fi\/vallan-mahotonta\/"},{"@type":"ListItem","position":2,"name":"Euroopan orbanisaatio eli miten Merkel h\u00e4vi\u00e4\u00e4 voittaessaan"}]},{"@type":"WebSite","@id":"https:\/\/suomenkuvalehti.fi\/vallan-mahotonta\/#website","url":"https:\/\/suomenkuvalehti.fi\/vallan-mahotonta\/","name":"Vallan mahotonta!","description":"Tutkija Antti Ronkainen seuraa maailmantalouden murrosta.","potentialAction":[{"@type":"SearchAction","target":{"@type":"EntryPoint","urlTemplate":"https:\/\/suomenkuvalehti.fi\/haku\/?q={search_term_string}"},"query-input":{"@type":"PropertyValueSpecification","valueRequired":true,"valueName":"search_term_string"}}],"inLanguage":"fi"},{"@type":"Person","@id":"https:\/\/suomenkuvalehti.fi\/vallan-mahotonta\/#\/schema\/person\/aa34015af7a4bce21e1cdcf566bb57b0","name":"Antti Ronkainen","image":{"@type":"ImageObject","inLanguage":"fi","@id":"https:\/\/suomenkuvalehti.fi\/vallan-mahotonta\/#\/schema\/person\/image\/","url":"https:\/\/suomenkuvalehti.fi\/vallan-mahotonta\/wp-content\/uploads\/sites\/42\/2018\/05\/antti_j_ronkainen_blogi_pieni-150x150.jpg","contentUrl":"https:\/\/suomenkuvalehti.fi\/vallan-mahotonta\/wp-content\/uploads\/sites\/42\/2018\/05\/antti_j_ronkainen_blogi_pieni-150x150.jpg","caption":"Antti Ronkainen"},"description":"Antti Ronkainen on poliittisen talouden v\u00e4it\u00f6skirjatutkija Helsingin yliopistolla.","sameAs":["http:\/\/anttironkainen.fi","https:\/\/www.facebook.com\/a.ronkainen","https:\/\/www.instagram.com\/antti.ronkainen\/","https:\/\/x.com\/https:\/\/twitter.com\/anttironkainen"]}]}},"_links":{"self":[{"href":"https:\/\/suomenkuvalehti.fi\/vallan-mahotonta\/wp-json\/wp\/v2\/posts\/1262","targetHints":{"allow":["GET"]}}],"collection":[{"href":"https:\/\/suomenkuvalehti.fi\/vallan-mahotonta\/wp-json\/wp\/v2\/posts"}],"about":[{"href":"https:\/\/suomenkuvalehti.fi\/vallan-mahotonta\/wp-json\/wp\/v2\/types\/post"}],"author":[{"embeddable":true,"href":"https:\/\/suomenkuvalehti.fi\/vallan-mahotonta\/wp-json\/wp\/v2\/users\/37967"}],"replies":[{"embeddable":true,"href":"https:\/\/suomenkuvalehti.fi\/vallan-mahotonta\/wp-json\/wp\/v2\/comments?post=1262"}],"version-history":[{"count":57,"href":"https:\/\/suomenkuvalehti.fi\/vallan-mahotonta\/wp-json\/wp\/v2\/posts\/1262\/revisions"}],"predecessor-version":[{"id":1320,"href":"https:\/\/suomenkuvalehti.fi\/vallan-mahotonta\/wp-json\/wp\/v2\/posts\/1262\/revisions\/1320"}],"wp:attachment":[{"href":"https:\/\/suomenkuvalehti.fi\/vallan-mahotonta\/wp-json\/wp\/v2\/media?parent=1262"}],"wp:term":[{"taxonomy":"category","embeddable":true,"href":"https:\/\/suomenkuvalehti.fi\/vallan-mahotonta\/wp-json\/wp\/v2\/categories?post=1262"},{"taxonomy":"post_tag","embeddable":true,"href":"https:\/\/suomenkuvalehti.fi\/vallan-mahotonta\/wp-json\/wp\/v2\/tags?post=1262"}],"curies":[{"name":"wp","href":"https:\/\/api.w.org\/{rel}","templated":true}]}}