{"id":1245,"date":"2018-06-24T10:40:54","date_gmt":"2018-06-24T07:40:54","guid":{"rendered":"https:\/\/suomenkuvalehti.fi\/vallan-mahotonta\/?p=1245"},"modified":"2018-06-24T10:42:08","modified_gmt":"2018-06-24T07:42:08","slug":"eurooppa-neuvoston-henkilogalleria","status":"publish","type":"post","link":"https:\/\/suomenkuvalehti.fi\/vallan-mahotonta\/eurooppa-neuvoston-henkilogalleria\/","title":{"rendered":"Merkel pysyy vallassa hylk\u00e4\u00e4m\u00e4ll\u00e4 oman politiikkansa &#8211; EU kulkee kohti pakolaisleirej\u00e4"},"content":{"rendered":"\n<p><em>EU-maiden johtajat kokoontuvat t\u00e4n\u00e4\u00e4n sunnuntaina Brysseliin keskustelemaan pakolaispolitiikan uudistamisesta.&nbsp;<\/em><em>Kokous valmistelee torstaina alkavaa Eurooppa-neuvoston kokousta, jonka ep\u00e4onnistuminen voi johtaa&nbsp;<strong>Angela Merkelin<\/strong> hallituksen kaatumiseen. T\u00e4ss\u00e4&nbsp;<a href=\"https:\/\/www.reuters.com\/article\/us-europe-migrants-summit\/divided-eu-leaders-convene-for-emergency-talks-on-migration-idUSKBN1JJ176\" target=\"_blank\" rel=\"noopener\">kesken\u00e4\u00e4n erimielisten EU-johtajien<\/a> kannat maahanmuuttoon:&nbsp;<\/em><\/p>\n\n\n\n<p><b>Horst Seehofer <\/b><span style=\"font-weight: 400;\">&#8211; Baijerin presidentti ja Saksan sis\u00e4ministeri. Jos Eurooppa-neuvoston kokouksessa ei sovita j\u00e4re\u00e4mmist\u00e4 toimista pakolaispolitiikan kirist\u00e4miseksi, Seehofer on uhannut aloittaa rajatarkastukset ja k\u00e4\u00e4nnytykset<\/span><span style=\"font-weight: 400;\">. T\u00e4m\u00e4 kannustaisi muitakin maita lis\u00e4\u00e4m\u00e4\u00e4n rajavalvontaa ja k\u00e4\u00e4nnytyksi\u00e4.&nbsp;<\/span><\/p>\n\n\n\n<p><b>Sebastian Kurz<\/b><span style=\"font-weight: 400;\"> &#8211; It\u00e4vallan p\u00e4\u00e4ministeri. Kurz on vaatinut tiukempaa EU:n ulkorajojen valvontaa.&nbsp;<\/span><span style=\"font-weight: 400;\">Lis\u00e4ksi It\u00e4valta on ollut suunnittelemassa <\/span><a href=\"https:\/\/suomenkuvalehti.fi\/vallan-mahotonta\/angela-merkelin-game-of-thrones\/?shared=1216-0abcbf54-999\"><span style=\"font-weight: 400;\">EU:n ulkopuolisia karkotusleirej\u00e4<\/span><\/a><span style=\"font-weight: 400;\">, jonne kielteisen turvapaikkap\u00e4\u00e4t\u00f6ksen saaneet l\u00e4hetett\u00e4isiin. It\u00e4vallan EU-puheenjohtajuus alkaa Eurooppa-neuvoston kokouksen j\u00e4lkeen hein\u00e4kuun 1. p\u00e4iv\u00e4.<\/span><\/p>\n\n\n\n<p><b>Matteo Salvini <\/b><span style=\"font-weight: 400;\">&#8211; Italian sis\u00e4ministeri. Salvini on alkanut k\u00e4\u00e4nnytt\u00e4\u00e4 ei-italialaisia laivoja, jotka tuovat V\u00e4limerelt\u00e4 pelastettuja pakolaisia Eurooppaan. Italian uusi hallitus <a href=\"http:\/\/www.eurointelligence.com\/public\/briefings\/2018-06-22.html\" target=\"_blank\" rel=\"noopener\">ei pelk\u00e4\u00e4 poliittista erist\u00e4mist\u00e4<\/a><\/span>, mink\u00e4 vuoksi Salvini on Seehoferia suurempi uhka Merkelille.&nbsp;<span style=\"font-weight: 400;\">Italia vaatii&nbsp;<\/span><span style=\"font-weight: 400;\">Dublin-j\u00e4rjestelm\u00e4n uusimista ja pakolaisten tasaisempaa jakoa EU-maiden kesken, mink\u00e4 lis\u00e4ksi se on&nbsp;<\/span>uhannut Ven\u00e4j\u00e4n sanktioiden ja Kanadan vapaakauppasopimuksen kaatamista.&nbsp;<span style=\"font-weight: 400;\">Salvini on vaatinut my\u00f6s romaniv\u00e4est\u00f6n laskentaa ja ei-italialaisten romanien karkottamista. <\/span><\/p>\n\n\n\n<p><b>Visegrad-ryhm\u00e4<\/b><span style=\"font-weight: 400;\"> &#8211; Unkarin, Puolan, Tshekin ja Slovakian muodostama ryhm\u00e4, jotka ovat kritisoineet n\u00e4kyv\u00e4sti EU:n ja Merkelin pakolaispolitiikkaa. <\/span><a href=\"http:\/\/www.euronews.com\/2018\/06\/21\/visegrad-group-boycotts-eu-mini-summit-on-migration\" target=\"_blank\" rel=\"noopener\"><span style=\"font-weight: 400;\">Maat boikotoivat<\/span><\/a><span style=\"font-weight: 400;\"> sunnuntain ep\u00e4virallista kokousta, mink\u00e4 lis\u00e4ksi ne ovat est\u00e4neet pyrkimykset pakolaisten tasaisesta jaosta EU-maiden v\u00e4lill\u00e4. Visegrad-maat<\/span>&nbsp;ovat vaatineet tiukempaa ulkorajojen valvontaa sek\u00e4 EU:n ulkopuolisten leirien perustamista.<\/p>\n\n\n\n<p><b>Donald Tusk<\/b><span style=\"font-weight: 400;\"> &#8211; Eurooppa-neuvoston presidentti ja Merkelin liittolainen. <\/span><a href=\"https:\/\/www.politico.eu\/article\/regional-disembarkation-platforms-eu-leaders-consider-camps-outside-bloc-to-process-refugees\/\" target=\"_blank\" rel=\"noopener\"><span style=\"font-weight: 400;\">Vuodon perusteella<\/span><\/a><span style=\"font-weight: 400;\">&nbsp;EU esitt\u00e4\u00e4 Eurooppa-neuvoston kokouksessa rajavalvonnan tiukentamista ja vastaanottokeskuksen perustamista Pohjois-Afrikkaan, jonne V\u00e4limerelt\u00e4 poimitut pakolaiset palautettaisiin EU-maiden sijaan.&nbsp;<\/span><\/p>\n\n\n\n<p><b>Emmanuel Macron<\/b><span style=\"font-weight: 400;\"> &#8211; Ranskan presidentti ja Merkelin toinen t\u00e4rke\u00e4 liittolainen. Macron ja Merkel&nbsp;<\/span><a href=\"https:\/\/euobserver.com\/migration\/142140\" target=\"_blank\" rel=\"noopener\"><span style=\"font-weight: 400;\">sopivat jo kesken\u00e4\u00e4n<\/span><\/a><span style=\"font-weight: 400;\"> Euroopan turvallisuusneuvoston perustamisesta, 10 000 lis\u00e4vartijasta EU:n ulkorajoille sek\u00e4 euroalueen budjetista. Saksan ja Ranskan keskin\u00e4iset kompromissit ovat kuitenkin \u00e4rsytt\u00e4neet muita EU-maita ja eurobudjetti on suututtanut jo valmiiksi k\u00e4rttyisen sis\u00e4ministeri Seehoferin, jota ei kuulemma informoitu asiasta mitenk\u00e4\u00e4n.&nbsp;<\/span><\/p>\n\n\n\n<p><b>Uusi Hansaliitto<\/b><span style=\"font-weight: 400;\"> &#8211; Hollannin johtama pohjoisten EU- ja euromaiden haukkaryhm\u00e4, joka on Visegradin ohella muodostumassa vastapainoksi Saksan ja Ranskan konsensukselle. Hollannin lis\u00e4ksi Belgia, Luxemburg, It\u00e4valta, Irlanti, Suomi, Ruotsi, Tanska, Viro, Latvia, Liettua ja Malta l\u00e4hettiv\u00e4t torstaina <a href=\"https:\/\/nos.nl\/artikel\/2237790-hoekstra-leidt-verzet-van-twaalf-eu-landen-tegen-eurozone-begroting.html\" target=\"_blank\" rel=\"noopener\">kirjelm\u00e4n euroryhm\u00e4lle<\/a>, jossa <\/span><span style=\"font-weight: 400;\">maat vastustivat <em>Macrokkelin<\/em> eurobudjettia<\/span><span style=\"font-weight: 400;\">.<\/span><\/p>\n\n\n\n<p>&nbsp;<\/p>\n\n\n\n<p><span class=\"capitalized\">Merkel<\/span> on siis tilanteessa,&nbsp;jossa h\u00e4nt\u00e4 hiillostavat omien hallituskumppaneiden lis\u00e4ksi etel\u00e4isten, it\u00e4isten ja pohjoisten EU-maiden johtajat. Merkelin kriitikot ovat kuitenkin erimielisi\u00e4 ja t\u00e4m\u00e4 hajaannus saattaa olla Merkelin suurin toivo.<\/p>\n\n\n\n<p>Eurooppa-neuvostossa tuskin tehd\u00e4\u00e4n lopullisia p\u00e4\u00e4t\u00f6ksi\u00e4 Dublin-j\u00e4rjestelm\u00e4st\u00e4 tai kiinti\u00f6pakolaisista. Siell\u00e4 todenn\u00e4k\u00f6isesti sovitaan pakolaispolitiikan uudistamisen aloittamisesta, mik\u00e4 sitoo sis\u00e4ministeri Seehoferin k\u00e4det joksikin aikaa eteenp\u00e4in.<\/p>\n\n\n\n<p>Vaikka Eurooppa-neuvosto tuskin johtaa Merkelin ennenaikaiseen eroon, h\u00e4nen on vaikea k\u00e4vell\u00e4 kokouksesta pois voittajana.&nbsp;N\u00e4ytt\u00e4\u00e4kin, ett\u00e4 Merkel voi s\u00e4ilytt\u00e4\u00e4 valtaistuimensa ainoastaan hylk\u00e4\u00e4m\u00e4ll\u00e4 oman politiikkansa.<\/p>\n\n\n\n<p>Koska Visegrad-ryhm\u00e4 est\u00e4\u00e4 pakolaisten tasaisemman jaon EU-maiden v\u00e4lill\u00e4, ainoaksi vaihtoehdoksi j\u00e4\u00e4 rajavalvonnan lis\u00e4\u00e4minen ja EU:n ulkopuoliset pakolaisleirit. T\u00e4m\u00e4 kaikki tapahtuu samaan aikaan kun Euroopassa kritisoidaan&nbsp;<strong>Donald Trumpin<\/strong>&nbsp;kauppasotia, pakolaispolitiikkaa ja muureja.<\/p>\n\n\n\n<p>Ensimm\u00e4isen\u00e4 EU:n ulkopuolisia pakolaisleirej\u00e4 esitti&nbsp;EU:n pakolaispolitiikan suurin kriitikko, Unkarin p\u00e4\u00e4ministeri <strong>Viktor Orb\u00e1n<\/strong>.<\/p>\n\n\n","protected":false},"excerpt":{"rendered":"<p>EU:n ulkopuolisia pakolaisleirej\u00e4 ehdotti ensimm\u00e4isemm\u00e4n kerran Unkarin p\u00e4\u00e4ministeri Viktor Orb\u00e1n.\u00a0<\/p>\n","protected":false},"author":37967,"featured_media":0,"comment_status":"open","ping_status":"open","sticky":false,"template":"","format":"standard","meta":{"_acf_changed":false,"asauth_required_access_level":3,"asauth_cansharepaid":"true","om_header_attributes":[],"footnotes":"","om_featured_image_focal_point":[],"om_primary_tag":0,"om_contributors":[],"om_co_authors":[],"beyondwords_generate_audio":"","beyondwords_project_id":"","beyondwords_content_id":"","beyondwords_preview_token":"","beyondwords_player_content":"","beyondwords_player_style":"","beyondwords_language_code":"","beyondwords_language_id":"","beyondwords_title_voice_id":"","beyondwords_body_voice_id":"","beyondwords_summary_voice_id":"","beyondwords_error_message":"","beyondwords_disabled":"","beyondwords_delete_content":"","beyondwords_podcast_id":"","beyondwords_hash":"","publish_post_to_speechkit":"","speechkit_hash":"","speechkit_generate_audio":"","speechkit_project_id":"","speechkit_podcast_id":"","speechkit_error_message":"","speechkit_disabled":"","speechkit_access_key":"","speechkit_error":"","speechkit_info":"","speechkit_response":"","speechkit_retries":"","speechkit_status":"","speechkit_updated_at":"","_speechkit_link":"","_speechkit_text":""},"categories":[1],"tags":[2,148,147,26,149],"class_list":["post-1245","post","type-post","status-publish","format-standard","hentry","category-vallan-mahotonta","tag-angela-merkel","tag-eurooppa-neuvosto","tag-maahanmuuttopolitiikka","tag-pakolaiskriisi","tag-viktor-orban"],"om_views":null,"acf":{"tuuma_off":false,"tuuma_kysymys":"","tuuma_vastaus":""},"asauth":{"required_access_level":1,"share_token":"","is_paid":false},"yoast_head":"<!-- This site is optimized with the Yoast SEO plugin v26.4 - https:\/\/yoast.com\/wordpress\/plugins\/seo\/ -->\n<title>Merkel pysyy vallassa hylk\u00e4\u00e4m\u00e4ll\u00e4 oman politiikkansa - EU kulkee kohti pakolaisleirej\u00e4 - Vallan mahotonta!<\/title>\n<meta name=\"robots\" content=\"index, follow, max-snippet:-1, max-image-preview:large, max-video-preview:-1\" \/>\n<link rel=\"canonical\" href=\"https:\/\/suomenkuvalehti.fi\/vallan-mahotonta\/eurooppa-neuvoston-henkilogalleria\/\" \/>\n<meta property=\"og:locale\" content=\"fi_FI\" \/>\n<meta property=\"og:type\" content=\"article\" \/>\n<meta property=\"og:title\" content=\"Merkel pysyy vallassa hylk\u00e4\u00e4m\u00e4ll\u00e4 oman politiikkansa - EU kulkee kohti pakolaisleirej\u00e4 - Vallan mahotonta!\" \/>\n<meta property=\"og:description\" content=\"EU:n ulkopuolisia pakolaisleirej\u00e4 ehdotti ensimm\u00e4isemm\u00e4n kerran Unkarin p\u00e4\u00e4ministeri Viktor Orb\u00e1n.\u00a0\" \/>\n<meta property=\"og:url\" content=\"https:\/\/suomenkuvalehti.fi\/vallan-mahotonta\/eurooppa-neuvoston-henkilogalleria\/\" \/>\n<meta property=\"og:site_name\" content=\"Vallan mahotonta!\" \/>\n<meta property=\"article:author\" content=\"https:\/\/www.facebook.com\/a.ronkainen\" \/>\n<meta property=\"article:published_time\" content=\"2018-06-24T07:40:54+00:00\" \/>\n<meta property=\"article:modified_time\" content=\"2018-06-24T07:42:08+00:00\" \/>\n<meta property=\"og:image\" content=\"https:\/\/suomenkuvalehti.fi\/vallan-mahotonta\/wp-content\/uploads\/sites\/42\/2018\/05\/antti_j_ronkainen_blogi_pieni.jpg\" \/>\n\t<meta property=\"og:image:width\" content=\"600\" \/>\n\t<meta property=\"og:image:height\" content=\"600\" \/>\n\t<meta property=\"og:image:type\" content=\"image\/jpeg\" \/>\n<meta name=\"author\" content=\"Antti Ronkainen\" \/>\n<meta name=\"twitter:card\" content=\"summary_large_image\" \/>\n<meta name=\"twitter:creator\" content=\"@https:\/\/twitter.com\/anttironkainen\" \/>\n<meta name=\"twitter:label1\" content=\"Written by\" \/>\n\t<meta name=\"twitter:data1\" content=\"Antti Ronkainen\" \/>\n\t<meta name=\"twitter:label2\" content=\"Est. reading time\" \/>\n\t<meta name=\"twitter:data2\" content=\"3 minuuttia\" \/>\n<script type=\"application\/ld+json\" class=\"yoast-schema-graph\">{\"@context\":\"https:\/\/schema.org\",\"@graph\":[{\"@type\":\"WebPage\",\"@id\":\"https:\/\/suomenkuvalehti.fi\/vallan-mahotonta\/eurooppa-neuvoston-henkilogalleria\/\",\"url\":\"https:\/\/suomenkuvalehti.fi\/vallan-mahotonta\/eurooppa-neuvoston-henkilogalleria\/\",\"name\":\"Merkel pysyy vallassa hylk\u00e4\u00e4m\u00e4ll\u00e4 oman politiikkansa - EU kulkee kohti pakolaisleirej\u00e4 - Vallan mahotonta!\",\"isPartOf\":{\"@id\":\"https:\/\/suomenkuvalehti.fi\/vallan-mahotonta\/#website\"},\"datePublished\":\"2018-06-24T07:40:54+00:00\",\"dateModified\":\"2018-06-24T07:42:08+00:00\",\"author\":{\"@id\":\"https:\/\/suomenkuvalehti.fi\/vallan-mahotonta\/#\/schema\/person\/aa34015af7a4bce21e1cdcf566bb57b0\"},\"breadcrumb\":{\"@id\":\"https:\/\/suomenkuvalehti.fi\/vallan-mahotonta\/eurooppa-neuvoston-henkilogalleria\/#breadcrumb\"},\"inLanguage\":\"fi\",\"potentialAction\":[{\"@type\":\"ReadAction\",\"target\":[\"https:\/\/suomenkuvalehti.fi\/vallan-mahotonta\/eurooppa-neuvoston-henkilogalleria\/\"]}]},{\"@type\":\"BreadcrumbList\",\"@id\":\"https:\/\/suomenkuvalehti.fi\/vallan-mahotonta\/eurooppa-neuvoston-henkilogalleria\/#breadcrumb\",\"itemListElement\":[{\"@type\":\"ListItem\",\"position\":1,\"name\":\"Home\",\"item\":\"https:\/\/suomenkuvalehti.fi\/vallan-mahotonta\/\"},{\"@type\":\"ListItem\",\"position\":2,\"name\":\"Merkel pysyy vallassa hylk\u00e4\u00e4m\u00e4ll\u00e4 oman politiikkansa &#8211; EU kulkee kohti pakolaisleirej\u00e4\"}]},{\"@type\":\"WebSite\",\"@id\":\"https:\/\/suomenkuvalehti.fi\/vallan-mahotonta\/#website\",\"url\":\"https:\/\/suomenkuvalehti.fi\/vallan-mahotonta\/\",\"name\":\"Vallan mahotonta!\",\"description\":\"Tutkija Antti Ronkainen seuraa maailmantalouden murrosta.\",\"potentialAction\":[{\"@type\":\"SearchAction\",\"target\":{\"@type\":\"EntryPoint\",\"urlTemplate\":\"https:\/\/suomenkuvalehti.fi\/haku\/?q={search_term_string}\"},\"query-input\":{\"@type\":\"PropertyValueSpecification\",\"valueRequired\":true,\"valueName\":\"search_term_string\"}}],\"inLanguage\":\"fi\"},{\"@type\":\"Person\",\"@id\":\"https:\/\/suomenkuvalehti.fi\/vallan-mahotonta\/#\/schema\/person\/aa34015af7a4bce21e1cdcf566bb57b0\",\"name\":\"Antti Ronkainen\",\"image\":{\"@type\":\"ImageObject\",\"inLanguage\":\"fi\",\"@id\":\"https:\/\/suomenkuvalehti.fi\/vallan-mahotonta\/#\/schema\/person\/image\/\",\"url\":\"https:\/\/suomenkuvalehti.fi\/vallan-mahotonta\/wp-content\/uploads\/sites\/42\/2018\/05\/antti_j_ronkainen_blogi_pieni-150x150.jpg\",\"contentUrl\":\"https:\/\/suomenkuvalehti.fi\/vallan-mahotonta\/wp-content\/uploads\/sites\/42\/2018\/05\/antti_j_ronkainen_blogi_pieni-150x150.jpg\",\"caption\":\"Antti Ronkainen\"},\"description\":\"Antti Ronkainen on poliittisen talouden v\u00e4it\u00f6skirjatutkija Helsingin yliopistolla.\",\"sameAs\":[\"http:\/\/anttironkainen.fi\",\"https:\/\/www.facebook.com\/a.ronkainen\",\"https:\/\/www.instagram.com\/antti.ronkainen\/\",\"https:\/\/x.com\/https:\/\/twitter.com\/anttironkainen\"]}]}<\/script>\n<!-- \/ Yoast SEO plugin. -->","yoast_head_json":{"title":"Merkel pysyy vallassa hylk\u00e4\u00e4m\u00e4ll\u00e4 oman politiikkansa - EU kulkee kohti pakolaisleirej\u00e4 - Vallan mahotonta!","robots":{"index":"index","follow":"follow","max-snippet":"max-snippet:-1","max-image-preview":"max-image-preview:large","max-video-preview":"max-video-preview:-1"},"canonical":"https:\/\/suomenkuvalehti.fi\/vallan-mahotonta\/eurooppa-neuvoston-henkilogalleria\/","og_locale":"fi_FI","og_type":"article","og_title":"Merkel pysyy vallassa hylk\u00e4\u00e4m\u00e4ll\u00e4 oman politiikkansa - EU kulkee kohti pakolaisleirej\u00e4 - Vallan mahotonta!","og_description":"EU:n ulkopuolisia pakolaisleirej\u00e4 ehdotti ensimm\u00e4isemm\u00e4n kerran Unkarin p\u00e4\u00e4ministeri Viktor Orb\u00e1n.\u00a0","og_url":"https:\/\/suomenkuvalehti.fi\/vallan-mahotonta\/eurooppa-neuvoston-henkilogalleria\/","og_site_name":"Vallan mahotonta!","article_author":"https:\/\/www.facebook.com\/a.ronkainen","article_published_time":"2018-06-24T07:40:54+00:00","article_modified_time":"2018-06-24T07:42:08+00:00","og_image":[{"width":600,"height":600,"url":"https:\/\/suomenkuvalehti.fi\/vallan-mahotonta\/wp-content\/uploads\/sites\/42\/2018\/05\/antti_j_ronkainen_blogi_pieni.jpg","type":"image\/jpeg"}],"author":"Antti Ronkainen","twitter_card":"summary_large_image","twitter_creator":"@https:\/\/twitter.com\/anttironkainen","twitter_misc":{"Written by":"Antti Ronkainen","Est. reading time":"3 minuuttia"},"schema":{"@context":"https:\/\/schema.org","@graph":[{"@type":"WebPage","@id":"https:\/\/suomenkuvalehti.fi\/vallan-mahotonta\/eurooppa-neuvoston-henkilogalleria\/","url":"https:\/\/suomenkuvalehti.fi\/vallan-mahotonta\/eurooppa-neuvoston-henkilogalleria\/","name":"Merkel pysyy vallassa hylk\u00e4\u00e4m\u00e4ll\u00e4 oman politiikkansa - EU kulkee kohti pakolaisleirej\u00e4 - Vallan mahotonta!","isPartOf":{"@id":"https:\/\/suomenkuvalehti.fi\/vallan-mahotonta\/#website"},"datePublished":"2018-06-24T07:40:54+00:00","dateModified":"2018-06-24T07:42:08+00:00","author":{"@id":"https:\/\/suomenkuvalehti.fi\/vallan-mahotonta\/#\/schema\/person\/aa34015af7a4bce21e1cdcf566bb57b0"},"breadcrumb":{"@id":"https:\/\/suomenkuvalehti.fi\/vallan-mahotonta\/eurooppa-neuvoston-henkilogalleria\/#breadcrumb"},"inLanguage":"fi","potentialAction":[{"@type":"ReadAction","target":["https:\/\/suomenkuvalehti.fi\/vallan-mahotonta\/eurooppa-neuvoston-henkilogalleria\/"]}]},{"@type":"BreadcrumbList","@id":"https:\/\/suomenkuvalehti.fi\/vallan-mahotonta\/eurooppa-neuvoston-henkilogalleria\/#breadcrumb","itemListElement":[{"@type":"ListItem","position":1,"name":"Home","item":"https:\/\/suomenkuvalehti.fi\/vallan-mahotonta\/"},{"@type":"ListItem","position":2,"name":"Merkel pysyy vallassa hylk\u00e4\u00e4m\u00e4ll\u00e4 oman politiikkansa &#8211; EU kulkee kohti pakolaisleirej\u00e4"}]},{"@type":"WebSite","@id":"https:\/\/suomenkuvalehti.fi\/vallan-mahotonta\/#website","url":"https:\/\/suomenkuvalehti.fi\/vallan-mahotonta\/","name":"Vallan mahotonta!","description":"Tutkija Antti Ronkainen seuraa maailmantalouden murrosta.","potentialAction":[{"@type":"SearchAction","target":{"@type":"EntryPoint","urlTemplate":"https:\/\/suomenkuvalehti.fi\/haku\/?q={search_term_string}"},"query-input":{"@type":"PropertyValueSpecification","valueRequired":true,"valueName":"search_term_string"}}],"inLanguage":"fi"},{"@type":"Person","@id":"https:\/\/suomenkuvalehti.fi\/vallan-mahotonta\/#\/schema\/person\/aa34015af7a4bce21e1cdcf566bb57b0","name":"Antti Ronkainen","image":{"@type":"ImageObject","inLanguage":"fi","@id":"https:\/\/suomenkuvalehti.fi\/vallan-mahotonta\/#\/schema\/person\/image\/","url":"https:\/\/suomenkuvalehti.fi\/vallan-mahotonta\/wp-content\/uploads\/sites\/42\/2018\/05\/antti_j_ronkainen_blogi_pieni-150x150.jpg","contentUrl":"https:\/\/suomenkuvalehti.fi\/vallan-mahotonta\/wp-content\/uploads\/sites\/42\/2018\/05\/antti_j_ronkainen_blogi_pieni-150x150.jpg","caption":"Antti Ronkainen"},"description":"Antti Ronkainen on poliittisen talouden v\u00e4it\u00f6skirjatutkija Helsingin yliopistolla.","sameAs":["http:\/\/anttironkainen.fi","https:\/\/www.facebook.com\/a.ronkainen","https:\/\/www.instagram.com\/antti.ronkainen\/","https:\/\/x.com\/https:\/\/twitter.com\/anttironkainen"]}]}},"_links":{"self":[{"href":"https:\/\/suomenkuvalehti.fi\/vallan-mahotonta\/wp-json\/wp\/v2\/posts\/1245","targetHints":{"allow":["GET"]}}],"collection":[{"href":"https:\/\/suomenkuvalehti.fi\/vallan-mahotonta\/wp-json\/wp\/v2\/posts"}],"about":[{"href":"https:\/\/suomenkuvalehti.fi\/vallan-mahotonta\/wp-json\/wp\/v2\/types\/post"}],"author":[{"embeddable":true,"href":"https:\/\/suomenkuvalehti.fi\/vallan-mahotonta\/wp-json\/wp\/v2\/users\/37967"}],"replies":[{"embeddable":true,"href":"https:\/\/suomenkuvalehti.fi\/vallan-mahotonta\/wp-json\/wp\/v2\/comments?post=1245"}],"version-history":[{"count":14,"href":"https:\/\/suomenkuvalehti.fi\/vallan-mahotonta\/wp-json\/wp\/v2\/posts\/1245\/revisions"}],"predecessor-version":[{"id":1260,"href":"https:\/\/suomenkuvalehti.fi\/vallan-mahotonta\/wp-json\/wp\/v2\/posts\/1245\/revisions\/1260"}],"wp:attachment":[{"href":"https:\/\/suomenkuvalehti.fi\/vallan-mahotonta\/wp-json\/wp\/v2\/media?parent=1245"}],"wp:term":[{"taxonomy":"category","embeddable":true,"href":"https:\/\/suomenkuvalehti.fi\/vallan-mahotonta\/wp-json\/wp\/v2\/categories?post=1245"},{"taxonomy":"post_tag","embeddable":true,"href":"https:\/\/suomenkuvalehti.fi\/vallan-mahotonta\/wp-json\/wp\/v2\/tags?post=1245"}],"curies":[{"name":"wp","href":"https:\/\/api.w.org\/{rel}","templated":true}]}}