{"id":1056,"date":"2018-05-18T13:28:44","date_gmt":"2018-05-18T10:28:44","guid":{"rendered":"https:\/\/suomenkuvalehti.fi\/vallan-mahotonta\/?p=1056"},"modified":"2018-05-18T13:28:44","modified_gmt":"2018-05-18T10:28:44","slug":"sosiaaliturva-on-seuraavan-hallituksen-karkihanke-ja-vaihtoehdot-maaritetaan-jo-ennen-eduskuntavaaleja","status":"publish","type":"post","link":"https:\/\/suomenkuvalehti.fi\/vallan-mahotonta\/sosiaaliturva-on-seuraavan-hallituksen-karkihanke-ja-vaihtoehdot-maaritetaan-jo-ennen-eduskuntavaaleja\/","title":{"rendered":"Sosiaaliturva on seuraavan hallituksen k\u00e4rkihanke ja vaihtoehdot m\u00e4\u00e4ritet\u00e4\u00e4n jo ennen eduskuntavaaleja"},"content":{"rendered":"\n<p><span style=\"font-weight: 400;\"><span class=\"capitalized\">Sosiaaliturva<\/span> tulee olemaan <a href=\"https:\/\/suomenkuvalehti.fi\/vallan-mahotonta\/mauritius-eriarvoisuus-ja-suomen-seuraava-hallitus\/?shared=740-d6dd376b-999\">seuraavan hallituksen<\/a> k\u00e4rkihanke.<\/span><\/p>\n\n\n\n<p><span style=\"font-weight: 400;\">T\u00e4st\u00e4 viestii se, ett\u00e4 valtioneuvosto asetti viime marraskuussa <\/span><a href=\"http:\/\/vnk.fi\/toimi\/perustiedot\" target=\"_blank\" rel=\"noopener\"><span style=\"font-weight: 400;\">TOIMI-hankkeen<\/span><\/a><span style=\"font-weight: 400;\"> valmistelemaan \u201cty\u00f6llisyytt\u00e4 ja toimeliaisuutta parantavaa ja eriarvoisuutta v\u00e4hent\u00e4v\u00e4\u00e4 perusturvan kokonaisuudistusta\u201d.<\/span><\/p>\n\n\n\n<p><span style=\"font-weight: 400;\">T\u00e4n\u00e4\u00e4n hanke julkaisi <\/span><a href=\"http:\/\/vnk.fi\/toimi\/sosiaaliturvan-vaihtoehdot\" target=\"_blank\" rel=\"noopener\"><span style=\"font-weight: 400;\">vaihtoehtokartan<\/span><\/a><span style=\"font-weight: 400;\">&nbsp;sotu-uudistuksen l\u00e4ht\u00f6kohdaksi. Vaihtoehdot on jaoteltu universalismin ja vastikkeellisuuden asteen mukaan. Vastikkeellisuus voidaan sitoa esimerkiksi ty\u00f6h\u00f6n tai koulutukseen.<\/span><\/p>\n\n\n\n<p>&nbsp;<\/p>\n\n\n<figure class=\"wp-block-image size-large is-resized alignnone\">\n  <div class=\"wp-block-image__inner-container\">\n    <a href=\"https:\/\/suomenkuvalehti.fi\/vallan-mahotonta\/wp-content\/uploads\/sites\/42\/2018\/05\/toimi.png\"><img loading=\"lazy\" decoding=\"async\" src=\"https:\/\/suomenkuvalehti.fi\/vallan-mahotonta\/wp-content\/uploads\/sites\/42\/2018\/05\/toimi-953x1024.png\" alt=\"\" class=\"wp-image-1059\" width=\"953\" height=\"1024\" style=\"--aspect-ratio: 0.93\" srcset=\"https:\/\/suomenkuvalehti.fi\/vallan-mahotonta\/wp-content\/uploads\/sites\/42\/2018\/05\/toimi-953x1024.png 953w, https:\/\/suomenkuvalehti.fi\/vallan-mahotonta\/wp-content\/uploads\/sites\/42\/2018\/05\/toimi-279x300.png 279w, https:\/\/suomenkuvalehti.fi\/vallan-mahotonta\/wp-content\/uploads\/sites\/42\/2018\/05\/toimi-768x825.png 768w, https:\/\/suomenkuvalehti.fi\/vallan-mahotonta\/wp-content\/uploads\/sites\/42\/2018\/05\/toimi-300x322.png 300w, https:\/\/suomenkuvalehti.fi\/vallan-mahotonta\/wp-content\/uploads\/sites\/42\/2018\/05\/toimi-630x677.png 630w, https:\/\/suomenkuvalehti.fi\/vallan-mahotonta\/wp-content\/uploads\/sites\/42\/2018\/05\/toimi.png 1000w\" sizes=\"auto, (max-width: 953px) 100vw, 953px\" \/><\/a>    <figcaption class=\"wp-block-image__figcaption\">\n      Sosiaaliturva 2030 -vaihtoehdot          <\/figcaption>\n      <\/div>\n<\/figure>\n\n\n<p><span style=\"font-weight: 400;\"><span class=\"capitalized\">Seuraavaksi<\/span> seurantaryhm\u00e4 reivaa pari-kolme vaihtoehtoa hallitusneuvotteluiden pohjiksi. Seurantaryhm\u00e4\u00e4n kuuluvat ministeri\u00f6t, Kela, sote-j\u00e4rjest\u00f6t, ty\u00f6markkinaj\u00e4rjest\u00f6t ja eduskuntapuolueet.&nbsp;<\/span><\/p>\n\n\n\n<p>Hankkeen mukaan vaihtoehdoissa otetaan huomioon \u201cjulkisen talouden asettamat reunaehdot ja kest\u00e4vyysvajeen umpeen kurominen sek\u00e4 ik\u00e4\u00e4ntymisen aiheuttamat haasteet\u201d.<\/p>\n\n\n\n<p>Toisin sanoen sotu-uudistus toteutetaan Valtiovarainministeri\u00f6n m\u00e4\u00e4ritt\u00e4miss\u00e4 reunaehdoissa. Pyrkimyksen\u00e4 on varmistaa, ettei <strong>Antti Rinne<\/strong> jakele vappusatasia en\u00e4\u00e4 hallitusneuvotteluissa.<\/p>\n\n\n\n<p>&nbsp;<\/p>\n\n\n\n<p><span class=\"capitalized\">Vaikka puolueet<\/span> eiv\u00e4t sitoutuisi seurantaryhm\u00e4n m\u00e4\u00e4ritt\u00e4miin vaihtoehtoihin, ne eiv\u00e4t todenn\u00e4k\u00f6isesti kyseenalaista VM:n oletuksia talouden n\u00e4kymist\u00e4.<\/p>\n\n\n\n<p>Ensi vaalien sosiaaliturvakeskustelussa tuleekin kiinnitt\u00e4\u00e4 huomio kahteen asiaan.<\/p>\n\n\n\n<p><span style=\"font-weight: 400;\">Ensinn\u00e4 tulee seurata puolueiden omia sosiaaliturvamalleja, joita ne mainostavat turuilla ja toreilla. <\/span><\/p>\n\n\n\n<p><span style=\"font-weight: 400;\">Sen j\u00e4lkeen puolueiden visiot tulee peilata TOIMI-hankkeen vaihtoehtoihin, jotka perustuvat Valtiovarainministeri\u00f6n m\u00e4\u00e4ritt\u00e4m\u00e4\u00e4n todellisuuteen.<\/span><\/p>\n\n\n\n<p>Koska puolueet jakavat&nbsp;<span style=\"font-weight: 400;\">jo <\/span><a href=\"https:\/\/suomenkuvalehti.fi\/vallan-mahotonta\/varjobudjetit-lisaavat-teknokratiaa\/?shared=278-dc8cc73f-999\"><span style=\"font-weight: 400;\">hyvin pitk\u00e4lle<\/span><\/a><span style=\"font-weight: 400;\"> Valtiovarainministeri\u00f6n laskelmat, TOIMI-hanke tavallaan lis\u00e4\u00e4 \u00e4\u00e4nest\u00e4j\u00e4n \u201ckuluttajansuojaa\u201d.&nbsp;<\/span><span style=\"font-weight: 400;\">Vaalilupauksia ei voi heitell\u00e4 tyhji\u00f6ss\u00e4, koska uudistukset tehd\u00e4\u00e4n kompromisseina ja vaihtoehtojen suuntaviivatkin ovat tiedossa.&nbsp;<\/span><\/p>\n\n\n\n<p>&nbsp;<\/p>\n\n\n\n<p><span style=\"font-weight: 400;\"><span class=\"capitalized\">TOIMI<\/span>&nbsp;ilment\u00e4\u00e4 kehityst\u00e4, jossa poliitikot luovuttavat aktiivisesti yhteiskunnallista valtaa agendan m\u00e4\u00e4ritt\u00e4misest\u00e4 virkahenkil\u00f6ille.&nbsp;<\/span><\/p>\n\n\n\n<p>Viime eduskuntavaaleissa VM julkaisi jo kuukausi ennen vaaleja&nbsp;kest\u00e4vyysvajeen suuruuden, toimintaehdotukset sek\u00e4 yleiset verolinjat. Toimittajat ottivat n\u00e4m\u00e4 linjaukset vaaliohjelmien l\u00e4ht\u00f6kohdiksi sek\u00e4 keskusta, kokoomus ja perussuomalaiset hallitusneuvotteluiden pohjaksi.<\/p>\n\n\n\n<p>Kyseess\u00e4 on t\u00e4m\u00e4n kehityksen luonnollinen seuraus.<\/p>\n\n\n\n<p><span style=\"font-weight: 400;\">Virkahenkil\u00f6t eiv\u00e4t m\u00e4\u00e4rittele ainoastaan talouden faktoja vaan my\u00f6s rajaavat aktiivisesti erilaisten arvovalintojen kirjoa, l\u00e4ht\u00f6kohtia ja tavoitteita.<\/span><\/p>\n\n\n\n<p>Konsensus-Suomella pyyhkii eritt\u00e4in hyvin!<\/p>\n\n\n","protected":false},"excerpt":{"rendered":"<p>Pyrkimyksen\u00e4 on varmistaa, ettei Antti Rinne jakele vappusatasia en\u00e4\u00e4 hallitusneuvotteluissa.<\/p>\n","protected":false},"author":37967,"featured_media":0,"comment_status":"open","ping_status":"open","sticky":false,"template":"","format":"standard","meta":{"_acf_changed":false,"asauth_required_access_level":3,"asauth_cansharepaid":"true","om_header_attributes":[],"footnotes":"","om_featured_image_focal_point":[],"om_primary_tag":0,"om_contributors":[],"om_co_authors":[],"beyondwords_generate_audio":"","beyondwords_project_id":"","beyondwords_content_id":"","beyondwords_preview_token":"","beyondwords_player_content":"","beyondwords_player_style":"","beyondwords_language_code":"","beyondwords_language_id":"","beyondwords_title_voice_id":"","beyondwords_body_voice_id":"","beyondwords_summary_voice_id":"","beyondwords_error_message":"","beyondwords_disabled":"","beyondwords_delete_content":"","beyondwords_podcast_id":"","beyondwords_hash":"","publish_post_to_speechkit":"","speechkit_hash":"","speechkit_generate_audio":"","speechkit_project_id":"","speechkit_podcast_id":"","speechkit_error_message":"","speechkit_disabled":"","speechkit_access_key":"","speechkit_error":"","speechkit_info":"","speechkit_response":"","speechkit_retries":"","speechkit_status":"","speechkit_updated_at":"","_speechkit_link":"","_speechkit_text":""},"categories":[1],"tags":[139,137,138,54],"class_list":["post-1056","post","type-post","status-publish","format-standard","hentry","category-vallan-mahotonta","tag-eduskuntavaalit","tag-sosiaaliturva","tag-sotu","tag-valtiovarainministerio"],"om_views":null,"acf":{"tuuma_off":false,"tuuma_kysymys":"","tuuma_vastaus":""},"asauth":{"required_access_level":1,"share_token":"","is_paid":false},"yoast_head":"<!-- This site is optimized with the Yoast SEO plugin v26.4 - https:\/\/yoast.com\/wordpress\/plugins\/seo\/ -->\n<title>Sosiaaliturva on seuraavan hallituksen k\u00e4rkihanke ja vaihtoehdot m\u00e4\u00e4ritet\u00e4\u00e4n jo ennen eduskuntavaaleja - Vallan mahotonta!<\/title>\n<meta name=\"robots\" content=\"index, follow, max-snippet:-1, max-image-preview:large, max-video-preview:-1\" \/>\n<link rel=\"canonical\" href=\"https:\/\/suomenkuvalehti.fi\/vallan-mahotonta\/sosiaaliturva-on-seuraavan-hallituksen-karkihanke-ja-vaihtoehdot-maaritetaan-jo-ennen-eduskuntavaaleja\/\" \/>\n<meta property=\"og:locale\" content=\"fi_FI\" \/>\n<meta property=\"og:type\" content=\"article\" \/>\n<meta property=\"og:title\" content=\"Sosiaaliturva on seuraavan hallituksen k\u00e4rkihanke ja vaihtoehdot m\u00e4\u00e4ritet\u00e4\u00e4n jo ennen eduskuntavaaleja - Vallan mahotonta!\" \/>\n<meta property=\"og:description\" content=\"Pyrkimyksen\u00e4 on varmistaa, ettei Antti Rinne jakele vappusatasia en\u00e4\u00e4 hallitusneuvotteluissa.\" \/>\n<meta property=\"og:url\" content=\"https:\/\/suomenkuvalehti.fi\/vallan-mahotonta\/sosiaaliturva-on-seuraavan-hallituksen-karkihanke-ja-vaihtoehdot-maaritetaan-jo-ennen-eduskuntavaaleja\/\" \/>\n<meta property=\"og:site_name\" content=\"Vallan mahotonta!\" \/>\n<meta property=\"article:author\" content=\"https:\/\/www.facebook.com\/a.ronkainen\" \/>\n<meta property=\"article:published_time\" content=\"2018-05-18T10:28:44+00:00\" \/>\n<meta property=\"og:image\" content=\"https:\/\/suomenkuvalehti.fi\/vallan-mahotonta\/wp-content\/uploads\/sites\/42\/2018\/05\/toimi-953x1024.png\" \/>\n<meta name=\"author\" content=\"Antti Ronkainen\" \/>\n<meta name=\"twitter:card\" content=\"summary_large_image\" \/>\n<meta name=\"twitter:creator\" content=\"@https:\/\/twitter.com\/anttironkainen\" \/>\n<meta name=\"twitter:label1\" content=\"Written by\" \/>\n\t<meta name=\"twitter:data1\" content=\"Antti Ronkainen\" \/>\n\t<meta name=\"twitter:label2\" content=\"Est. reading time\" \/>\n\t<meta name=\"twitter:data2\" content=\"2 minuuttia\" \/>\n<script type=\"application\/ld+json\" class=\"yoast-schema-graph\">{\"@context\":\"https:\/\/schema.org\",\"@graph\":[{\"@type\":\"WebPage\",\"@id\":\"https:\/\/suomenkuvalehti.fi\/vallan-mahotonta\/sosiaaliturva-on-seuraavan-hallituksen-karkihanke-ja-vaihtoehdot-maaritetaan-jo-ennen-eduskuntavaaleja\/\",\"url\":\"https:\/\/suomenkuvalehti.fi\/vallan-mahotonta\/sosiaaliturva-on-seuraavan-hallituksen-karkihanke-ja-vaihtoehdot-maaritetaan-jo-ennen-eduskuntavaaleja\/\",\"name\":\"Sosiaaliturva on seuraavan hallituksen k\u00e4rkihanke ja vaihtoehdot m\u00e4\u00e4ritet\u00e4\u00e4n jo ennen eduskuntavaaleja - Vallan mahotonta!\",\"isPartOf\":{\"@id\":\"https:\/\/suomenkuvalehti.fi\/vallan-mahotonta\/#website\"},\"primaryImageOfPage\":{\"@id\":\"https:\/\/suomenkuvalehti.fi\/vallan-mahotonta\/sosiaaliturva-on-seuraavan-hallituksen-karkihanke-ja-vaihtoehdot-maaritetaan-jo-ennen-eduskuntavaaleja\/#primaryimage\"},\"image\":{\"@id\":\"https:\/\/suomenkuvalehti.fi\/vallan-mahotonta\/sosiaaliturva-on-seuraavan-hallituksen-karkihanke-ja-vaihtoehdot-maaritetaan-jo-ennen-eduskuntavaaleja\/#primaryimage\"},\"thumbnailUrl\":\"https:\/\/suomenkuvalehti.fi\/vallan-mahotonta\/wp-content\/uploads\/sites\/42\/2018\/05\/toimi-953x1024.png\",\"datePublished\":\"2018-05-18T10:28:44+00:00\",\"author\":{\"@id\":\"https:\/\/suomenkuvalehti.fi\/vallan-mahotonta\/#\/schema\/person\/aa34015af7a4bce21e1cdcf566bb57b0\"},\"breadcrumb\":{\"@id\":\"https:\/\/suomenkuvalehti.fi\/vallan-mahotonta\/sosiaaliturva-on-seuraavan-hallituksen-karkihanke-ja-vaihtoehdot-maaritetaan-jo-ennen-eduskuntavaaleja\/#breadcrumb\"},\"inLanguage\":\"fi\",\"potentialAction\":[{\"@type\":\"ReadAction\",\"target\":[\"https:\/\/suomenkuvalehti.fi\/vallan-mahotonta\/sosiaaliturva-on-seuraavan-hallituksen-karkihanke-ja-vaihtoehdot-maaritetaan-jo-ennen-eduskuntavaaleja\/\"]}]},{\"@type\":\"ImageObject\",\"inLanguage\":\"fi\",\"@id\":\"https:\/\/suomenkuvalehti.fi\/vallan-mahotonta\/sosiaaliturva-on-seuraavan-hallituksen-karkihanke-ja-vaihtoehdot-maaritetaan-jo-ennen-eduskuntavaaleja\/#primaryimage\",\"url\":\"https:\/\/suomenkuvalehti.fi\/vallan-mahotonta\/wp-content\/uploads\/sites\/42\/2018\/05\/toimi.png\",\"contentUrl\":\"https:\/\/suomenkuvalehti.fi\/vallan-mahotonta\/wp-content\/uploads\/sites\/42\/2018\/05\/toimi.png\",\"width\":1000,\"height\":1074,\"caption\":\"Sosiaaliturva 2030 -vaihtoehdot\"},{\"@type\":\"BreadcrumbList\",\"@id\":\"https:\/\/suomenkuvalehti.fi\/vallan-mahotonta\/sosiaaliturva-on-seuraavan-hallituksen-karkihanke-ja-vaihtoehdot-maaritetaan-jo-ennen-eduskuntavaaleja\/#breadcrumb\",\"itemListElement\":[{\"@type\":\"ListItem\",\"position\":1,\"name\":\"Home\",\"item\":\"https:\/\/suomenkuvalehti.fi\/vallan-mahotonta\/\"},{\"@type\":\"ListItem\",\"position\":2,\"name\":\"Sosiaaliturva on seuraavan hallituksen k\u00e4rkihanke ja vaihtoehdot m\u00e4\u00e4ritet\u00e4\u00e4n jo ennen eduskuntavaaleja\"}]},{\"@type\":\"WebSite\",\"@id\":\"https:\/\/suomenkuvalehti.fi\/vallan-mahotonta\/#website\",\"url\":\"https:\/\/suomenkuvalehti.fi\/vallan-mahotonta\/\",\"name\":\"Vallan mahotonta!\",\"description\":\"Tutkija Antti Ronkainen seuraa maailmantalouden murrosta.\",\"potentialAction\":[{\"@type\":\"SearchAction\",\"target\":{\"@type\":\"EntryPoint\",\"urlTemplate\":\"https:\/\/suomenkuvalehti.fi\/haku\/?q={search_term_string}\"},\"query-input\":{\"@type\":\"PropertyValueSpecification\",\"valueRequired\":true,\"valueName\":\"search_term_string\"}}],\"inLanguage\":\"fi\"},{\"@type\":\"Person\",\"@id\":\"https:\/\/suomenkuvalehti.fi\/vallan-mahotonta\/#\/schema\/person\/aa34015af7a4bce21e1cdcf566bb57b0\",\"name\":\"Antti Ronkainen\",\"image\":{\"@type\":\"ImageObject\",\"inLanguage\":\"fi\",\"@id\":\"https:\/\/suomenkuvalehti.fi\/vallan-mahotonta\/#\/schema\/person\/image\/\",\"url\":\"https:\/\/suomenkuvalehti.fi\/vallan-mahotonta\/wp-content\/uploads\/sites\/42\/2018\/05\/antti_j_ronkainen_blogi_pieni-150x150.jpg\",\"contentUrl\":\"https:\/\/suomenkuvalehti.fi\/vallan-mahotonta\/wp-content\/uploads\/sites\/42\/2018\/05\/antti_j_ronkainen_blogi_pieni-150x150.jpg\",\"caption\":\"Antti Ronkainen\"},\"description\":\"Antti Ronkainen on poliittisen talouden v\u00e4it\u00f6skirjatutkija Helsingin yliopistolla.\",\"sameAs\":[\"http:\/\/anttironkainen.fi\",\"https:\/\/www.facebook.com\/a.ronkainen\",\"https:\/\/www.instagram.com\/antti.ronkainen\/\",\"https:\/\/x.com\/https:\/\/twitter.com\/anttironkainen\"]}]}<\/script>\n<!-- \/ Yoast SEO plugin. -->","yoast_head_json":{"title":"Sosiaaliturva on seuraavan hallituksen k\u00e4rkihanke ja vaihtoehdot m\u00e4\u00e4ritet\u00e4\u00e4n jo ennen eduskuntavaaleja - Vallan mahotonta!","robots":{"index":"index","follow":"follow","max-snippet":"max-snippet:-1","max-image-preview":"max-image-preview:large","max-video-preview":"max-video-preview:-1"},"canonical":"https:\/\/suomenkuvalehti.fi\/vallan-mahotonta\/sosiaaliturva-on-seuraavan-hallituksen-karkihanke-ja-vaihtoehdot-maaritetaan-jo-ennen-eduskuntavaaleja\/","og_locale":"fi_FI","og_type":"article","og_title":"Sosiaaliturva on seuraavan hallituksen k\u00e4rkihanke ja vaihtoehdot m\u00e4\u00e4ritet\u00e4\u00e4n jo ennen eduskuntavaaleja - Vallan mahotonta!","og_description":"Pyrkimyksen\u00e4 on varmistaa, ettei Antti Rinne jakele vappusatasia en\u00e4\u00e4 hallitusneuvotteluissa.","og_url":"https:\/\/suomenkuvalehti.fi\/vallan-mahotonta\/sosiaaliturva-on-seuraavan-hallituksen-karkihanke-ja-vaihtoehdot-maaritetaan-jo-ennen-eduskuntavaaleja\/","og_site_name":"Vallan mahotonta!","article_author":"https:\/\/www.facebook.com\/a.ronkainen","article_published_time":"2018-05-18T10:28:44+00:00","og_image":[{"url":"https:\/\/suomenkuvalehti.fi\/vallan-mahotonta\/wp-content\/uploads\/sites\/42\/2018\/05\/toimi-953x1024.png","type":"","width":"","height":""}],"author":"Antti Ronkainen","twitter_card":"summary_large_image","twitter_creator":"@https:\/\/twitter.com\/anttironkainen","twitter_misc":{"Written by":"Antti Ronkainen","Est. reading time":"2 minuuttia"},"schema":{"@context":"https:\/\/schema.org","@graph":[{"@type":"WebPage","@id":"https:\/\/suomenkuvalehti.fi\/vallan-mahotonta\/sosiaaliturva-on-seuraavan-hallituksen-karkihanke-ja-vaihtoehdot-maaritetaan-jo-ennen-eduskuntavaaleja\/","url":"https:\/\/suomenkuvalehti.fi\/vallan-mahotonta\/sosiaaliturva-on-seuraavan-hallituksen-karkihanke-ja-vaihtoehdot-maaritetaan-jo-ennen-eduskuntavaaleja\/","name":"Sosiaaliturva on seuraavan hallituksen k\u00e4rkihanke ja vaihtoehdot m\u00e4\u00e4ritet\u00e4\u00e4n jo ennen eduskuntavaaleja - Vallan mahotonta!","isPartOf":{"@id":"https:\/\/suomenkuvalehti.fi\/vallan-mahotonta\/#website"},"primaryImageOfPage":{"@id":"https:\/\/suomenkuvalehti.fi\/vallan-mahotonta\/sosiaaliturva-on-seuraavan-hallituksen-karkihanke-ja-vaihtoehdot-maaritetaan-jo-ennen-eduskuntavaaleja\/#primaryimage"},"image":{"@id":"https:\/\/suomenkuvalehti.fi\/vallan-mahotonta\/sosiaaliturva-on-seuraavan-hallituksen-karkihanke-ja-vaihtoehdot-maaritetaan-jo-ennen-eduskuntavaaleja\/#primaryimage"},"thumbnailUrl":"https:\/\/suomenkuvalehti.fi\/vallan-mahotonta\/wp-content\/uploads\/sites\/42\/2018\/05\/toimi-953x1024.png","datePublished":"2018-05-18T10:28:44+00:00","author":{"@id":"https:\/\/suomenkuvalehti.fi\/vallan-mahotonta\/#\/schema\/person\/aa34015af7a4bce21e1cdcf566bb57b0"},"breadcrumb":{"@id":"https:\/\/suomenkuvalehti.fi\/vallan-mahotonta\/sosiaaliturva-on-seuraavan-hallituksen-karkihanke-ja-vaihtoehdot-maaritetaan-jo-ennen-eduskuntavaaleja\/#breadcrumb"},"inLanguage":"fi","potentialAction":[{"@type":"ReadAction","target":["https:\/\/suomenkuvalehti.fi\/vallan-mahotonta\/sosiaaliturva-on-seuraavan-hallituksen-karkihanke-ja-vaihtoehdot-maaritetaan-jo-ennen-eduskuntavaaleja\/"]}]},{"@type":"ImageObject","inLanguage":"fi","@id":"https:\/\/suomenkuvalehti.fi\/vallan-mahotonta\/sosiaaliturva-on-seuraavan-hallituksen-karkihanke-ja-vaihtoehdot-maaritetaan-jo-ennen-eduskuntavaaleja\/#primaryimage","url":"https:\/\/suomenkuvalehti.fi\/vallan-mahotonta\/wp-content\/uploads\/sites\/42\/2018\/05\/toimi.png","contentUrl":"https:\/\/suomenkuvalehti.fi\/vallan-mahotonta\/wp-content\/uploads\/sites\/42\/2018\/05\/toimi.png","width":1000,"height":1074,"caption":"Sosiaaliturva 2030 -vaihtoehdot"},{"@type":"BreadcrumbList","@id":"https:\/\/suomenkuvalehti.fi\/vallan-mahotonta\/sosiaaliturva-on-seuraavan-hallituksen-karkihanke-ja-vaihtoehdot-maaritetaan-jo-ennen-eduskuntavaaleja\/#breadcrumb","itemListElement":[{"@type":"ListItem","position":1,"name":"Home","item":"https:\/\/suomenkuvalehti.fi\/vallan-mahotonta\/"},{"@type":"ListItem","position":2,"name":"Sosiaaliturva on seuraavan hallituksen k\u00e4rkihanke ja vaihtoehdot m\u00e4\u00e4ritet\u00e4\u00e4n jo ennen eduskuntavaaleja"}]},{"@type":"WebSite","@id":"https:\/\/suomenkuvalehti.fi\/vallan-mahotonta\/#website","url":"https:\/\/suomenkuvalehti.fi\/vallan-mahotonta\/","name":"Vallan mahotonta!","description":"Tutkija Antti Ronkainen seuraa maailmantalouden murrosta.","potentialAction":[{"@type":"SearchAction","target":{"@type":"EntryPoint","urlTemplate":"https:\/\/suomenkuvalehti.fi\/haku\/?q={search_term_string}"},"query-input":{"@type":"PropertyValueSpecification","valueRequired":true,"valueName":"search_term_string"}}],"inLanguage":"fi"},{"@type":"Person","@id":"https:\/\/suomenkuvalehti.fi\/vallan-mahotonta\/#\/schema\/person\/aa34015af7a4bce21e1cdcf566bb57b0","name":"Antti Ronkainen","image":{"@type":"ImageObject","inLanguage":"fi","@id":"https:\/\/suomenkuvalehti.fi\/vallan-mahotonta\/#\/schema\/person\/image\/","url":"https:\/\/suomenkuvalehti.fi\/vallan-mahotonta\/wp-content\/uploads\/sites\/42\/2018\/05\/antti_j_ronkainen_blogi_pieni-150x150.jpg","contentUrl":"https:\/\/suomenkuvalehti.fi\/vallan-mahotonta\/wp-content\/uploads\/sites\/42\/2018\/05\/antti_j_ronkainen_blogi_pieni-150x150.jpg","caption":"Antti Ronkainen"},"description":"Antti Ronkainen on poliittisen talouden v\u00e4it\u00f6skirjatutkija Helsingin yliopistolla.","sameAs":["http:\/\/anttironkainen.fi","https:\/\/www.facebook.com\/a.ronkainen","https:\/\/www.instagram.com\/antti.ronkainen\/","https:\/\/x.com\/https:\/\/twitter.com\/anttironkainen"]}]}},"_links":{"self":[{"href":"https:\/\/suomenkuvalehti.fi\/vallan-mahotonta\/wp-json\/wp\/v2\/posts\/1056","targetHints":{"allow":["GET"]}}],"collection":[{"href":"https:\/\/suomenkuvalehti.fi\/vallan-mahotonta\/wp-json\/wp\/v2\/posts"}],"about":[{"href":"https:\/\/suomenkuvalehti.fi\/vallan-mahotonta\/wp-json\/wp\/v2\/types\/post"}],"author":[{"embeddable":true,"href":"https:\/\/suomenkuvalehti.fi\/vallan-mahotonta\/wp-json\/wp\/v2\/users\/37967"}],"replies":[{"embeddable":true,"href":"https:\/\/suomenkuvalehti.fi\/vallan-mahotonta\/wp-json\/wp\/v2\/comments?post=1056"}],"version-history":[{"count":32,"href":"https:\/\/suomenkuvalehti.fi\/vallan-mahotonta\/wp-json\/wp\/v2\/posts\/1056\/revisions"}],"predecessor-version":[{"id":1089,"href":"https:\/\/suomenkuvalehti.fi\/vallan-mahotonta\/wp-json\/wp\/v2\/posts\/1056\/revisions\/1089"}],"wp:attachment":[{"href":"https:\/\/suomenkuvalehti.fi\/vallan-mahotonta\/wp-json\/wp\/v2\/media?parent=1056"}],"wp:term":[{"taxonomy":"category","embeddable":true,"href":"https:\/\/suomenkuvalehti.fi\/vallan-mahotonta\/wp-json\/wp\/v2\/categories?post=1056"},{"taxonomy":"post_tag","embeddable":true,"href":"https:\/\/suomenkuvalehti.fi\/vallan-mahotonta\/wp-json\/wp\/v2\/tags?post=1056"}],"curies":[{"name":"wp","href":"https:\/\/api.w.org\/{rel}","templated":true}]}}