{"id":10243,"date":"2024-07-01T12:47:24","date_gmt":"2024-07-01T09:47:24","guid":{"rendered":"https:\/\/suomenkuvalehti.fi\/vallan-mahotonta\/?p=10243"},"modified":"2024-07-02T07:14:31","modified_gmt":"2024-07-02T04:14:31","slug":"minun-jalkeeni-vedenpaisumus-macronismin-nousu-ja-tuho","status":"publish","type":"post","link":"https:\/\/suomenkuvalehti.fi\/vallan-mahotonta\/minun-jalkeeni-vedenpaisumus-macronismin-nousu-ja-tuho\/","title":{"rendered":"Minun j\u00e4lkeeni vedenpaisumus \u2013 macronismin nousu ja tuho"},"content":{"rendered":"\n<p><strong>Emmanuel Macronin<\/strong> p\u00e4\u00e4t\u00f6s hajottaa eurovaalitappion j\u00e4lkeen kansalliskokous ja kutsua ennenaikaiset vaalit oli virhearvio, joka on viem\u00e4ss\u00e4 Ranskaa kohti tuntematonta.<\/p>\n\n\n\n<p>Macronin uhkapeli perustui oletukseen, ett\u00e4 vasemmistopuolueet kampanjoisivat erikseen (kuten eurovaaleissa) ja \u00e4\u00e4nest\u00e4isiv\u00e4t Macronin keskiryhmi\u00e4 (<em>Ensemble<\/em>) toisella kierroksella laitaoikeistoa vastaan. Macronin haaveet kaatuivat kuitenkin nopeasti, kun vasemmisto, sosiaalidemokraatit, kommunistit ja vihre\u00e4t yhdistyiv\u00e4t alle 24 tunnissa Macronin ilmoituksesta.<\/p>\n\n\n\n<p>Vaalien (joita Macronin ei olisi tarvinnut j\u00e4rjest\u00e4\u00e4) my\u00f6t\u00e4 <strong>Marine Le Penin<\/strong> <em>Rassemblement National<\/em> on 33,1 prosentin kannatuksella ylivoimaisesti suurin puolue ja on <a href=\"https:\/\/www.france24.com\/en\/france\/20240627-2024-french-legislative-elections-results-of-the-first-round\">ennusteiden mukaan saamassa<\/a> 230-280 paikkaa kansalliskokoukseen. Yhdistynyt vasemmisto <em>Nouveau Front Populaire<\/em> (NFP) on 28 prosentin kannatuksella toinen ja olisi saamassa 125-165 paikkaa. <\/p>\n\n\n\n<p><\/p>\n\n\n<figure class=\"wp-block-image size-full alignnone\">\n  <div class=\"wp-block-image__inner-container\">\n    <a href=\"https:\/\/suomenkuvalehti.fi\/vallan-mahotonta\/wp-content\/uploads\/sites\/42\/2024\/07\/screenshot-2024-07-01-at-08-58-09-1-posts-_-x.png\"><img loading=\"lazy\" decoding=\"async\" src=\"https:\/\/suomenkuvalehti.fi\/vallan-mahotonta\/wp-content\/uploads\/sites\/42\/2024\/07\/screenshot-2024-07-01-at-08-58-09-1-posts-_-x.png\" alt=\"\" class=\"wp-image-10244\" width=\"410\" height=\"226\" style=\"--aspect-ratio: 1.81\" srcset=\"https:\/\/suomenkuvalehti.fi\/vallan-mahotonta\/wp-content\/uploads\/sites\/42\/2024\/07\/screenshot-2024-07-01-at-08-58-09-1-posts-_-x.png 410w, https:\/\/suomenkuvalehti.fi\/vallan-mahotonta\/wp-content\/uploads\/sites\/42\/2024\/07\/screenshot-2024-07-01-at-08-58-09-1-posts-_-x-300x165.png 300w\" sizes=\"auto, (max-width: 410px) 100vw, 410px\" \/><\/a>  <\/div>\n<\/figure>\n\n\n\n<p>Macronin <em>Ensemble<\/em> on saamassa 20 prosentin kannatuksella ainoastaan 70-100 paikkaa. Kun Macron valittiin jatkokaudelle 2022 se sai 245 paikkaa ja kun Macron valittiin ensimm\u00e4iselle kaudelle 2017 per\u00e4ti 350 paikkaa, joka oli kirkkaasti yli 289 paikan vaatiman enemmist\u00f6n. <\/p>\n\n\n\n<p>Eilen kansalliskokoukseen valittiin suoraan 38 RN:n ehdokasta, 32 NFP:n ehdokasta ja 2 Ensemblen ehdokasta. Jos ei saanut yli 50 prosenttia \u00e4\u00e4nist\u00e4, toiselle kierrokselle etenee kaksi eniten \u00e4\u00e4nt\u00e4 saanutta tai kaikki jotka saavat yli 12,5 prosenttia \u00e4\u00e4nist\u00e4. Noin 100 vaalipiiriss\u00e4 RN:n ehdokas on joko NFP:n tai Ensemblen ehdokasta vastaan. <\/p>\n\n\n\n<p>\u00c4\u00e4nestysprosentin noustua 20 prosenttiyksik\u00f6ll\u00e4 <a href=\"https:\/\/x.com\/mathieugallard\/status\/1807628324031844724\">per\u00e4ti 239 vaalipiiriss\u00e4<\/a> toiselle kierrokselle eteniv\u00e4t RN:n, NFP:n ja Ensemblen ehdokkaat. <a href=\"https:\/\/x.com\/Taniel\/status\/1807640471939735724\">Noin 100 vaalipiiriss\u00e4<\/a> NFP:n tai <em>Ensemblen<\/em> vet\u00e4ytyminen ja \u00e4\u00e4nest\u00e4minen laitaoikeistoa vastaan voi est\u00e4\u00e4 RN:n parlamenttipaikan. <\/p>\n\n\n\n<p>Ensimm\u00e4isen kierroksen j\u00e4lkeen alkaa taktikointi. Vasemmisto ilmoitti jo vet\u00e4v\u00e4ns\u00e4 pois kolmanneksi tulleet ehdokkaansa niiss\u00e4 vaalipiireiss\u00e4, joissa RN sai eniten \u00e4\u00e4ni\u00e4. <\/p>\n\n\n\n<p>P\u00e4\u00e4ministeri <strong>Gabriel Attalin<\/strong> vetosi \u00e4\u00e4nest\u00e4m\u00e4\u00e4n laitaoikeistoa vastaan ja yksitt\u00e4isi\u00e4 <em>Ensemblen<\/em> ehdokkaita on jo vet\u00e4ytynyt. <a href=\"https:\/\/www.euractiv.com\/section\/elections\/news\/snap-elections-macrons-top-officials-divided-on-how-to-fight-the-far-right\/\">Macronistit ovat kuitenkin olleet ep\u00e4m\u00e4\u00e4r\u00e4isempi\u00e4<\/a> sen suhteen, sis\u00e4lt\u00e4isik\u00f6 laitaoikeiston vastustus koko vasemmiston. <em>Ensemblen<\/em> puhemiesten mukaan Macron pyrkisi torjumaan laitaoikeistoa edelleen demarien ja republikaanien kanssa, mik\u00e4 edellytt\u00e4isi NFP:n hajoamista ja vasemmistopuolue LFI:n ulkossulkemista. Vaikka Macron toivoi vasemmiston \u00e4\u00e4nest\u00e4v\u00e4n keskiryhmi\u00e4 laitaoikeistoa vastaan, yhteisty\u00f6 LFI:n johtaja <strong>Jean-Luc M\u00e9lenchonin<\/strong> kanssa vaikuttaa edelleen olevan h\u00e4nelle liikaa jopa laitaoikeistoa vastaan.   <\/p>\n\n\n\n<p>Toisen kierroksen j\u00e4lkeen Ranskaa vaikuttaa odottavan parlamentti, jossa on mahdotonta muodostaa vakaata enemmist\u00f6\u00e4. Ennusteiden perusteella RN n\u00e4ytt\u00e4isi j\u00e4\u00e4v\u00e4n enemmist\u00f6st\u00e4, joten se tarvitsisi tuekseen republikaaneja ja mahdollisesti my\u00f6s <strong>\u00c9ric Zemmourin<\/strong> toista laitaoikeistopuoluetta. Ja vaikka Macronin keskiryhm\u00e4t tekisiv\u00e4t yhteisty\u00f6t\u00e4 koko yhdistyneen vasemmiston kanssa, enemmist\u00f6\u00f6n tarvittaisiin edelleen republikaaneja. <\/p>\n\n\n\n<p>Ranskassa presidentti johtaa ulkopolitiikkaa, mutta valta on kansalliskokouksella. Nyt kansalliskokouksessa on kolme blokkia, joiden on hyvin vaikeaa ellei mahdotonta tehd\u00e4 yhteisty\u00f6t\u00e4. Maahan voidaan joutua perustamaan v\u00e4hemmist\u00f6pohjainen teknokraattihallitus, sill\u00e4 uusia vaaleja ei voida j\u00e4rjest\u00e4\u00e4 vuoteen. <\/p>\n\n\n\n<p>Kansalliskokouksesta voi olla vaikea saada l\u00e4pi budjettia samaan aikaan kun <a href=\"https:\/\/suomenkuvalehti.fi\/vallan-mahotonta\/markkinat-pelkaavat-ranskan-vaalitulosta-koska-ekp-antaa-markkinoiden-pelata\/?shared=10230-c20da04f-999\">komissio ja EKP odottavat Ranskalta tiukkaa sopeutusta<\/a> koronapandemian, Ukrainan sodan ja energiakriisin j\u00e4lkeisen velkaantumisen vuoksi. Macronin kunnianhimoiset ajatukset EU:n strategisesta autonomiasta, puolustuksesta ja uudesta yhteisvelasta voivat nekin jumittaa maan omaan parlamenttiin.<\/p>\n\n\n\n<p>Voikin olla, ett\u00e4 Le Pen huokaisee hiljaa helpotuksesta, jos enemmist\u00f6 j\u00e4\u00e4 ensi sunnuntaina saamatta. Macron on historiallisen virhearvionsa seurauksena parantumattomasti haavoittunut, jota voidaan syytt\u00e4\u00e4 koko sotkusta viel\u00e4 seuraavat kolme vuotta.<\/p>\n\n\n\n<p>Macronismi nousi nopeasti ja romahti lopulta sit\u00e4kin komeammin. Macronismin oli m\u00e4\u00e4r\u00e4 hillit\u00e4 poliittista polarisaatiota uudelleenluomalla poliittinen keskusta yhdistelem\u00e4ll\u00e4 keskustaoikeistoa ja keskustavasemmistoa. <\/p>\n\n\n\n<p>Macron ei kuitenkaan luonut poliittista liikett\u00e4 ja piti lukuisten kriisien keskell\u00e4 lopulta vallan aina itsell\u00e4\u00e4n. Macron luisui koko ajan enemm\u00e4n oikealle ja kansalliskokouksen enemmist\u00f6n menetetty\u00e4\u00e4n viem\u00e4\u00e4n uudistuksiaan l\u00e4pi ilman parlamentin hyv\u00e4ksynt\u00e4\u00e4. Ennenaikaisista vaaleista Macron ei vaivautunut kertomaan edes omalle p\u00e4\u00e4ministerilleen. <\/p>\n\n\n\n<p>Macronin asenteesta tulee mieleen Aurinkokuningas <strong>Ludvig XIV<\/strong> ja vedenpaisumus. Poliittinen keskusta on Macronin j\u00e4ljilt\u00e4 raunioina ja Le Pen on ennakkosuosikki vuoden 2027 presidentinvaaleihin, jolloin RN voi ottaa tukevasti my\u00f6s kansalliskokouksen enemmist\u00f6n.<\/p>\n\n\n<figure class=\"wp-block-image size-full alignnone\">\n  <div class=\"wp-block-image__inner-container\">\n    <a href=\"https:\/\/suomenkuvalehti.fi\/vallan-mahotonta\/wp-content\/uploads\/sites\/42\/2024\/07\/screenshot-2024-07-01-at-12-31-47-2024-french-legislative-election-wikipedia.png\"><img loading=\"lazy\" decoding=\"async\" src=\"https:\/\/suomenkuvalehti.fi\/vallan-mahotonta\/wp-content\/uploads\/sites\/42\/2024\/07\/screenshot-2024-07-01-at-12-31-47-2024-french-legislative-election-wikipedia.png\" alt=\"\" class=\"wp-image-10246\" width=\"996\" height=\"760\" style=\"--aspect-ratio: 1.31\" srcset=\"https:\/\/suomenkuvalehti.fi\/vallan-mahotonta\/wp-content\/uploads\/sites\/42\/2024\/07\/screenshot-2024-07-01-at-12-31-47-2024-french-legislative-election-wikipedia.png 996w, https:\/\/suomenkuvalehti.fi\/vallan-mahotonta\/wp-content\/uploads\/sites\/42\/2024\/07\/screenshot-2024-07-01-at-12-31-47-2024-french-legislative-election-wikipedia-300x229.png 300w, https:\/\/suomenkuvalehti.fi\/vallan-mahotonta\/wp-content\/uploads\/sites\/42\/2024\/07\/screenshot-2024-07-01-at-12-31-47-2024-french-legislative-election-wikipedia-768x586.png 768w\" sizes=\"auto, (max-width: 996px) 100vw, 996px\" \/><\/a>  <\/div>\n<\/figure>\n","protected":false},"excerpt":{"rendered":"<p>Emmanuel Macronin p\u00e4\u00e4t\u00f6s hajottaa eurovaalitappion j\u00e4lkeen kansalliskokous ja kutsua ennenaikaiset vaalit oli virhearvio, joka on viem\u00e4ss\u00e4 Ranskaa kohti tuntematonta. Macronin uhkapeli perustui oletukseen, ett\u00e4 vasemmistopuolueet kampanjoisivat erikseen (kuten<br \/>\neurova&hellip;<\/p>\n","protected":false},"author":37967,"featured_media":0,"comment_status":"open","ping_status":"open","sticky":false,"template":"","format":"standard","meta":{"_acf_changed":false,"asauth_required_access_level":3,"asauth_cansharepaid":"true","om_header_attributes":[],"footnotes":"","om_featured_image_focal_point":[],"om_primary_tag":5,"om_contributors":[{"id":"author-override","type":"fixed","role":"Kirjoittajan yliajo","name":""},{"id":"photographer","type":"fixed","role":"Kuvat","name":""}],"om_co_authors":[],"beyondwords_generate_audio":"","beyondwords_project_id":"","beyondwords_content_id":"","beyondwords_preview_token":"","beyondwords_player_content":"","beyondwords_player_style":"","beyondwords_language_code":"","beyondwords_language_id":"","beyondwords_title_voice_id":"","beyondwords_body_voice_id":"","beyondwords_summary_voice_id":"","beyondwords_error_message":"","beyondwords_disabled":"","beyondwords_delete_content":"","beyondwords_podcast_id":"","beyondwords_hash":"","publish_post_to_speechkit":"","speechkit_hash":"","speechkit_generate_audio":"","speechkit_project_id":"","speechkit_podcast_id":"","speechkit_error_message":"","speechkit_disabled":"","speechkit_access_key":"","speechkit_error":"","speechkit_info":"","speechkit_response":"","speechkit_retries":"","speechkit_status":"","speechkit_updated_at":"","_speechkit_link":"","_speechkit_text":""},"categories":[1],"tags":[6,663,197,427,5,578,219,744],"class_list":["post-10243","post","type-post","status-publish","format-standard","hentry","category-vallan-mahotonta","tag-emmanuel-macron","tag-laitaoikeisto","tag-macronismi","tag-marine-le-pen","tag-ranska","tag-ranskan-kansalliskokousvaalit","tag-vaalit","tag-yhdistynyt-vasemmisto"],"om_views":null,"acf":{"tuuma_off":false,"tuuma_kysymys":"","tuuma_vastaus":""},"asauth":{"required_access_level":1,"share_token":"","is_paid":false},"yoast_head":"<!-- This site is optimized with the Yoast SEO plugin v26.4 - https:\/\/yoast.com\/wordpress\/plugins\/seo\/ -->\n<title>Minun j\u00e4lkeeni vedenpaisumus \u2013 macronismin nousu ja tuho - Vallan mahotonta!<\/title>\n<meta name=\"robots\" content=\"index, follow, max-snippet:-1, max-image-preview:large, max-video-preview:-1\" \/>\n<link rel=\"canonical\" href=\"https:\/\/suomenkuvalehti.fi\/vallan-mahotonta\/minun-jalkeeni-vedenpaisumus-macronismin-nousu-ja-tuho\/\" \/>\n<meta property=\"og:locale\" content=\"fi_FI\" \/>\n<meta property=\"og:type\" content=\"article\" \/>\n<meta property=\"og:title\" content=\"Minun j\u00e4lkeeni vedenpaisumus \u2013 macronismin nousu ja tuho - Vallan mahotonta!\" \/>\n<meta property=\"og:description\" content=\"Emmanuel Macronin p\u00e4\u00e4t\u00f6s hajottaa eurovaalitappion j\u00e4lkeen kansalliskokous ja kutsua ennenaikaiset vaalit oli virhearvio, joka on viem\u00e4ss\u00e4 Ranskaa kohti tuntematonta. Macronin uhkapeli perustui oletukseen, ett\u00e4 vasemmistopuolueet kampanjoisivat erikseen (kuten eurova&hellip;\" \/>\n<meta property=\"og:url\" content=\"https:\/\/suomenkuvalehti.fi\/vallan-mahotonta\/minun-jalkeeni-vedenpaisumus-macronismin-nousu-ja-tuho\/\" \/>\n<meta property=\"og:site_name\" content=\"Vallan mahotonta!\" \/>\n<meta property=\"article:author\" content=\"https:\/\/www.facebook.com\/a.ronkainen\" \/>\n<meta property=\"article:published_time\" content=\"2024-07-01T09:47:24+00:00\" \/>\n<meta property=\"article:modified_time\" content=\"2024-07-02T04:14:31+00:00\" \/>\n<meta property=\"og:image\" content=\"https:\/\/suomenkuvalehti.fi\/vallan-mahotonta\/wp-content\/uploads\/sites\/42\/2024\/07\/screenshot-2024-07-01-at-08-58-09-1-posts-_-x.png\" \/>\n<meta name=\"author\" content=\"Antti Ronkainen\" \/>\n<meta name=\"twitter:card\" content=\"summary_large_image\" \/>\n<meta name=\"twitter:creator\" content=\"@https:\/\/twitter.com\/anttironkainen\" \/>\n<meta name=\"twitter:label1\" content=\"Written by\" \/>\n\t<meta name=\"twitter:data1\" content=\"Antti Ronkainen\" \/>\n\t<meta name=\"twitter:label2\" content=\"Est. reading time\" \/>\n\t<meta name=\"twitter:data2\" content=\"4 minuuttia\" \/>\n<script type=\"application\/ld+json\" class=\"yoast-schema-graph\">{\"@context\":\"https:\/\/schema.org\",\"@graph\":[{\"@type\":\"WebPage\",\"@id\":\"https:\/\/suomenkuvalehti.fi\/vallan-mahotonta\/minun-jalkeeni-vedenpaisumus-macronismin-nousu-ja-tuho\/\",\"url\":\"https:\/\/suomenkuvalehti.fi\/vallan-mahotonta\/minun-jalkeeni-vedenpaisumus-macronismin-nousu-ja-tuho\/\",\"name\":\"Minun j\u00e4lkeeni vedenpaisumus \u2013 macronismin nousu ja tuho - Vallan mahotonta!\",\"isPartOf\":{\"@id\":\"https:\/\/suomenkuvalehti.fi\/vallan-mahotonta\/#website\"},\"primaryImageOfPage\":{\"@id\":\"https:\/\/suomenkuvalehti.fi\/vallan-mahotonta\/minun-jalkeeni-vedenpaisumus-macronismin-nousu-ja-tuho\/#primaryimage\"},\"image\":{\"@id\":\"https:\/\/suomenkuvalehti.fi\/vallan-mahotonta\/minun-jalkeeni-vedenpaisumus-macronismin-nousu-ja-tuho\/#primaryimage\"},\"thumbnailUrl\":\"https:\/\/suomenkuvalehti.fi\/vallan-mahotonta\/wp-content\/uploads\/sites\/42\/2024\/07\/screenshot-2024-07-01-at-08-58-09-1-posts-_-x.png\",\"datePublished\":\"2024-07-01T09:47:24+00:00\",\"dateModified\":\"2024-07-02T04:14:31+00:00\",\"author\":{\"@id\":\"https:\/\/suomenkuvalehti.fi\/vallan-mahotonta\/#\/schema\/person\/aa34015af7a4bce21e1cdcf566bb57b0\"},\"breadcrumb\":{\"@id\":\"https:\/\/suomenkuvalehti.fi\/vallan-mahotonta\/minun-jalkeeni-vedenpaisumus-macronismin-nousu-ja-tuho\/#breadcrumb\"},\"inLanguage\":\"fi\",\"potentialAction\":[{\"@type\":\"ReadAction\",\"target\":[\"https:\/\/suomenkuvalehti.fi\/vallan-mahotonta\/minun-jalkeeni-vedenpaisumus-macronismin-nousu-ja-tuho\/\"]}]},{\"@type\":\"ImageObject\",\"inLanguage\":\"fi\",\"@id\":\"https:\/\/suomenkuvalehti.fi\/vallan-mahotonta\/minun-jalkeeni-vedenpaisumus-macronismin-nousu-ja-tuho\/#primaryimage\",\"url\":\"https:\/\/suomenkuvalehti.fi\/vallan-mahotonta\/wp-content\/uploads\/sites\/42\/2024\/07\/screenshot-2024-07-01-at-08-58-09-1-posts-_-x.png\",\"contentUrl\":\"https:\/\/suomenkuvalehti.fi\/vallan-mahotonta\/wp-content\/uploads\/sites\/42\/2024\/07\/screenshot-2024-07-01-at-08-58-09-1-posts-_-x.png\"},{\"@type\":\"BreadcrumbList\",\"@id\":\"https:\/\/suomenkuvalehti.fi\/vallan-mahotonta\/minun-jalkeeni-vedenpaisumus-macronismin-nousu-ja-tuho\/#breadcrumb\",\"itemListElement\":[{\"@type\":\"ListItem\",\"position\":1,\"name\":\"Home\",\"item\":\"https:\/\/suomenkuvalehti.fi\/vallan-mahotonta\/\"},{\"@type\":\"ListItem\",\"position\":2,\"name\":\"Minun j\u00e4lkeeni vedenpaisumus \u2013 macronismin nousu ja tuho\"}]},{\"@type\":\"WebSite\",\"@id\":\"https:\/\/suomenkuvalehti.fi\/vallan-mahotonta\/#website\",\"url\":\"https:\/\/suomenkuvalehti.fi\/vallan-mahotonta\/\",\"name\":\"Vallan mahotonta!\",\"description\":\"Tutkija Antti Ronkainen seuraa maailmantalouden murrosta.\",\"potentialAction\":[{\"@type\":\"SearchAction\",\"target\":{\"@type\":\"EntryPoint\",\"urlTemplate\":\"https:\/\/suomenkuvalehti.fi\/haku\/?q={search_term_string}\"},\"query-input\":{\"@type\":\"PropertyValueSpecification\",\"valueRequired\":true,\"valueName\":\"search_term_string\"}}],\"inLanguage\":\"fi\"},{\"@type\":\"Person\",\"@id\":\"https:\/\/suomenkuvalehti.fi\/vallan-mahotonta\/#\/schema\/person\/aa34015af7a4bce21e1cdcf566bb57b0\",\"name\":\"Antti Ronkainen\",\"image\":{\"@type\":\"ImageObject\",\"inLanguage\":\"fi\",\"@id\":\"https:\/\/suomenkuvalehti.fi\/vallan-mahotonta\/#\/schema\/person\/image\/\",\"url\":\"https:\/\/suomenkuvalehti.fi\/vallan-mahotonta\/wp-content\/uploads\/sites\/42\/2018\/05\/antti_j_ronkainen_blogi_pieni-150x150.jpg\",\"contentUrl\":\"https:\/\/suomenkuvalehti.fi\/vallan-mahotonta\/wp-content\/uploads\/sites\/42\/2018\/05\/antti_j_ronkainen_blogi_pieni-150x150.jpg\",\"caption\":\"Antti Ronkainen\"},\"description\":\"Antti Ronkainen on poliittisen talouden v\u00e4it\u00f6skirjatutkija Helsingin yliopistolla.\",\"sameAs\":[\"http:\/\/anttironkainen.fi\",\"https:\/\/www.facebook.com\/a.ronkainen\",\"https:\/\/www.instagram.com\/antti.ronkainen\/\",\"https:\/\/x.com\/https:\/\/twitter.com\/anttironkainen\"]}]}<\/script>\n<!-- \/ Yoast SEO plugin. -->","yoast_head_json":{"title":"Minun j\u00e4lkeeni vedenpaisumus \u2013 macronismin nousu ja tuho - Vallan mahotonta!","robots":{"index":"index","follow":"follow","max-snippet":"max-snippet:-1","max-image-preview":"max-image-preview:large","max-video-preview":"max-video-preview:-1"},"canonical":"https:\/\/suomenkuvalehti.fi\/vallan-mahotonta\/minun-jalkeeni-vedenpaisumus-macronismin-nousu-ja-tuho\/","og_locale":"fi_FI","og_type":"article","og_title":"Minun j\u00e4lkeeni vedenpaisumus \u2013 macronismin nousu ja tuho - Vallan mahotonta!","og_description":"Emmanuel Macronin p\u00e4\u00e4t\u00f6s hajottaa eurovaalitappion j\u00e4lkeen kansalliskokous ja kutsua ennenaikaiset vaalit oli virhearvio, joka on viem\u00e4ss\u00e4 Ranskaa kohti tuntematonta. Macronin uhkapeli perustui oletukseen, ett\u00e4 vasemmistopuolueet kampanjoisivat erikseen (kuten eurova&hellip;","og_url":"https:\/\/suomenkuvalehti.fi\/vallan-mahotonta\/minun-jalkeeni-vedenpaisumus-macronismin-nousu-ja-tuho\/","og_site_name":"Vallan mahotonta!","article_author":"https:\/\/www.facebook.com\/a.ronkainen","article_published_time":"2024-07-01T09:47:24+00:00","article_modified_time":"2024-07-02T04:14:31+00:00","og_image":[{"url":"https:\/\/suomenkuvalehti.fi\/vallan-mahotonta\/wp-content\/uploads\/sites\/42\/2024\/07\/screenshot-2024-07-01-at-08-58-09-1-posts-_-x.png","type":"","width":"","height":""}],"author":"Antti Ronkainen","twitter_card":"summary_large_image","twitter_creator":"@https:\/\/twitter.com\/anttironkainen","twitter_misc":{"Written by":"Antti Ronkainen","Est. reading time":"4 minuuttia"},"schema":{"@context":"https:\/\/schema.org","@graph":[{"@type":"WebPage","@id":"https:\/\/suomenkuvalehti.fi\/vallan-mahotonta\/minun-jalkeeni-vedenpaisumus-macronismin-nousu-ja-tuho\/","url":"https:\/\/suomenkuvalehti.fi\/vallan-mahotonta\/minun-jalkeeni-vedenpaisumus-macronismin-nousu-ja-tuho\/","name":"Minun j\u00e4lkeeni vedenpaisumus \u2013 macronismin nousu ja tuho - Vallan mahotonta!","isPartOf":{"@id":"https:\/\/suomenkuvalehti.fi\/vallan-mahotonta\/#website"},"primaryImageOfPage":{"@id":"https:\/\/suomenkuvalehti.fi\/vallan-mahotonta\/minun-jalkeeni-vedenpaisumus-macronismin-nousu-ja-tuho\/#primaryimage"},"image":{"@id":"https:\/\/suomenkuvalehti.fi\/vallan-mahotonta\/minun-jalkeeni-vedenpaisumus-macronismin-nousu-ja-tuho\/#primaryimage"},"thumbnailUrl":"https:\/\/suomenkuvalehti.fi\/vallan-mahotonta\/wp-content\/uploads\/sites\/42\/2024\/07\/screenshot-2024-07-01-at-08-58-09-1-posts-_-x.png","datePublished":"2024-07-01T09:47:24+00:00","dateModified":"2024-07-02T04:14:31+00:00","author":{"@id":"https:\/\/suomenkuvalehti.fi\/vallan-mahotonta\/#\/schema\/person\/aa34015af7a4bce21e1cdcf566bb57b0"},"breadcrumb":{"@id":"https:\/\/suomenkuvalehti.fi\/vallan-mahotonta\/minun-jalkeeni-vedenpaisumus-macronismin-nousu-ja-tuho\/#breadcrumb"},"inLanguage":"fi","potentialAction":[{"@type":"ReadAction","target":["https:\/\/suomenkuvalehti.fi\/vallan-mahotonta\/minun-jalkeeni-vedenpaisumus-macronismin-nousu-ja-tuho\/"]}]},{"@type":"ImageObject","inLanguage":"fi","@id":"https:\/\/suomenkuvalehti.fi\/vallan-mahotonta\/minun-jalkeeni-vedenpaisumus-macronismin-nousu-ja-tuho\/#primaryimage","url":"https:\/\/suomenkuvalehti.fi\/vallan-mahotonta\/wp-content\/uploads\/sites\/42\/2024\/07\/screenshot-2024-07-01-at-08-58-09-1-posts-_-x.png","contentUrl":"https:\/\/suomenkuvalehti.fi\/vallan-mahotonta\/wp-content\/uploads\/sites\/42\/2024\/07\/screenshot-2024-07-01-at-08-58-09-1-posts-_-x.png"},{"@type":"BreadcrumbList","@id":"https:\/\/suomenkuvalehti.fi\/vallan-mahotonta\/minun-jalkeeni-vedenpaisumus-macronismin-nousu-ja-tuho\/#breadcrumb","itemListElement":[{"@type":"ListItem","position":1,"name":"Home","item":"https:\/\/suomenkuvalehti.fi\/vallan-mahotonta\/"},{"@type":"ListItem","position":2,"name":"Minun j\u00e4lkeeni vedenpaisumus \u2013 macronismin nousu ja tuho"}]},{"@type":"WebSite","@id":"https:\/\/suomenkuvalehti.fi\/vallan-mahotonta\/#website","url":"https:\/\/suomenkuvalehti.fi\/vallan-mahotonta\/","name":"Vallan mahotonta!","description":"Tutkija Antti Ronkainen seuraa maailmantalouden murrosta.","potentialAction":[{"@type":"SearchAction","target":{"@type":"EntryPoint","urlTemplate":"https:\/\/suomenkuvalehti.fi\/haku\/?q={search_term_string}"},"query-input":{"@type":"PropertyValueSpecification","valueRequired":true,"valueName":"search_term_string"}}],"inLanguage":"fi"},{"@type":"Person","@id":"https:\/\/suomenkuvalehti.fi\/vallan-mahotonta\/#\/schema\/person\/aa34015af7a4bce21e1cdcf566bb57b0","name":"Antti Ronkainen","image":{"@type":"ImageObject","inLanguage":"fi","@id":"https:\/\/suomenkuvalehti.fi\/vallan-mahotonta\/#\/schema\/person\/image\/","url":"https:\/\/suomenkuvalehti.fi\/vallan-mahotonta\/wp-content\/uploads\/sites\/42\/2018\/05\/antti_j_ronkainen_blogi_pieni-150x150.jpg","contentUrl":"https:\/\/suomenkuvalehti.fi\/vallan-mahotonta\/wp-content\/uploads\/sites\/42\/2018\/05\/antti_j_ronkainen_blogi_pieni-150x150.jpg","caption":"Antti Ronkainen"},"description":"Antti Ronkainen on poliittisen talouden v\u00e4it\u00f6skirjatutkija Helsingin yliopistolla.","sameAs":["http:\/\/anttironkainen.fi","https:\/\/www.facebook.com\/a.ronkainen","https:\/\/www.instagram.com\/antti.ronkainen\/","https:\/\/x.com\/https:\/\/twitter.com\/anttironkainen"]}]}},"_links":{"self":[{"href":"https:\/\/suomenkuvalehti.fi\/vallan-mahotonta\/wp-json\/wp\/v2\/posts\/10243","targetHints":{"allow":["GET"]}}],"collection":[{"href":"https:\/\/suomenkuvalehti.fi\/vallan-mahotonta\/wp-json\/wp\/v2\/posts"}],"about":[{"href":"https:\/\/suomenkuvalehti.fi\/vallan-mahotonta\/wp-json\/wp\/v2\/types\/post"}],"author":[{"embeddable":true,"href":"https:\/\/suomenkuvalehti.fi\/vallan-mahotonta\/wp-json\/wp\/v2\/users\/37967"}],"replies":[{"embeddable":true,"href":"https:\/\/suomenkuvalehti.fi\/vallan-mahotonta\/wp-json\/wp\/v2\/comments?post=10243"}],"version-history":[{"count":4,"href":"https:\/\/suomenkuvalehti.fi\/vallan-mahotonta\/wp-json\/wp\/v2\/posts\/10243\/revisions"}],"predecessor-version":[{"id":10249,"href":"https:\/\/suomenkuvalehti.fi\/vallan-mahotonta\/wp-json\/wp\/v2\/posts\/10243\/revisions\/10249"}],"wp:attachment":[{"href":"https:\/\/suomenkuvalehti.fi\/vallan-mahotonta\/wp-json\/wp\/v2\/media?parent=10243"}],"wp:term":[{"taxonomy":"category","embeddable":true,"href":"https:\/\/suomenkuvalehti.fi\/vallan-mahotonta\/wp-json\/wp\/v2\/categories?post=10243"},{"taxonomy":"post_tag","embeddable":true,"href":"https:\/\/suomenkuvalehti.fi\/vallan-mahotonta\/wp-json\/wp\/v2\/tags?post=10243"}],"curies":[{"name":"wp","href":"https:\/\/api.w.org\/{rel}","templated":true}]}}