{"id":10230,"date":"2024-06-29T09:55:49","date_gmt":"2024-06-29T06:55:49","guid":{"rendered":"https:\/\/suomenkuvalehti.fi\/vallan-mahotonta\/?p=10230"},"modified":"2024-06-29T09:55:50","modified_gmt":"2024-06-29T06:55:50","slug":"markkinat-pelkaavat-ranskan-vaalitulosta-koska-ekp-antaa-markkinoiden-pelata","status":"publish","type":"post","link":"https:\/\/suomenkuvalehti.fi\/vallan-mahotonta\/markkinat-pelkaavat-ranskan-vaalitulosta-koska-ekp-antaa-markkinoiden-pelata\/","title":{"rendered":"Markkinat pelk\u00e4\u00e4v\u00e4t Ranskan vaalitulosta, koska EKP antaa markkinoiden pel\u00e4t\u00e4"},"content":{"rendered":"\n<p>Siit\u00e4 l\u00e4htien kun <strong>Emmanuel Macron<\/strong> hajotti kansalliskokouksen eurovaalien j\u00e4lkeen, <a href=\"https:\/\/www.reuters.com\/markets\/europe\/risk-premium-french-debt-hits-highest-since-2012-crisis-ahead-election-2024-06-28\/\">Ranskan korot ovat olleet nousussa ja korkoero Saksaan (spread) on noussut korkeimmilleen<\/a> sitten eurokriisin. Ranskan parlamentin alahuoneen eli kansalliskokouksen ennenaikaisten vaalien ensimm\u00e4inen kierros j\u00e4rjestet\u00e4\u00e4n huomenna sunnuntaina ja toinen kierros viikko sen j\u00e4lkeen.<\/p>\n\n\n\n<p><a href=\"https:\/\/www.economist.com\/interactive\/france-elections-2024-polls-macron-le-pen\">Gallupeissa<\/a> laitaoikeistolaisen <em>Rassemblement Nationalin<\/em> (suora suomennos &#8221;kansallinen kokoomus&#8221;) kannatus on noin 37 %, vasemmiston, demarien, kommunistien ja vihreiden muodostaman <em>Nouveau Front populairen<\/em> kannatus on 29 % ja keskiryhmien <em>Ensemblen<\/em> kannatus on j\u00e4m\u00e4ht\u00e4nyt 21 prosenttiin. Ranskan erityisen kaksivaiheisen &#8221;first past the post&#8221; -vaalitavan (jossa kansalliskokoukseen valitaan vaalipiirin eniten \u00e4\u00e4ni\u00e4 vaalien toisella kierroksella saanut ehdokas) vuoksi gallupeista on vaikea ennustaa tarkkoja paikkam\u00e4\u00e4ri\u00e4.<\/p>\n\n\n<figure class=\"wp-block-image size-full alignnone\">\n  <div class=\"wp-block-image__inner-container\">\n    <a href=\"https:\/\/suomenkuvalehti.fi\/vallan-mahotonta\/wp-content\/uploads\/sites\/42\/2024\/06\/screenshot-2024-06-29-at-08-03-21-france-election-poll-tracker-will-le-pens-national-rally-beat-macrons-alliance.png\"><img loading=\"lazy\" decoding=\"async\" src=\"https:\/\/suomenkuvalehti.fi\/vallan-mahotonta\/wp-content\/uploads\/sites\/42\/2024\/06\/screenshot-2024-06-29-at-08-03-21-france-election-poll-tracker-will-le-pens-national-rally-beat-macrons-alliance.png\" alt=\"\" class=\"wp-image-10240\" width=\"764\" height=\"308\" style=\"--aspect-ratio: 2.48\" srcset=\"https:\/\/suomenkuvalehti.fi\/vallan-mahotonta\/wp-content\/uploads\/sites\/42\/2024\/06\/screenshot-2024-06-29-at-08-03-21-france-election-poll-tracker-will-le-pens-national-rally-beat-macrons-alliance.png 764w, https:\/\/suomenkuvalehti.fi\/vallan-mahotonta\/wp-content\/uploads\/sites\/42\/2024\/06\/screenshot-2024-06-29-at-08-03-21-france-election-poll-tracker-will-le-pens-national-rally-beat-macrons-alliance-300x121.png 300w\" sizes=\"auto, (max-width: 764px) 100vw, 764px\" \/><\/a>  <\/div>\n<\/figure>\n\n\n\n<p>Mit\u00e4 markkinat siis pelk\u00e4\u00e4v\u00e4t ja ennen kaikkea <em>miksi<\/em> ne pelk\u00e4\u00e4v\u00e4t?<\/p>\n\n\n\n<p>Ranskan alij\u00e4\u00e4m\u00e4 on t\u00e4ll\u00e4 hetkell\u00e4 yli 5 prosenttia ja valtiovarainministeri <strong>Bruno Le Mairen<\/strong> <a href=\"https:\/\/www.politico.eu\/article\/emmanuel-macron-bruno-le-maire-feud-public-finances\/\">parinkymmenen miljardin leikkauksista<\/a> huolimatta <a href=\"https:\/\/www.reuters.com\/markets\/europe\/sp-lowers-frances-long-term-sovereign-ratings-aa-aa-2024-05-31\/\">Standard &amp; Poors laski Ranskan luottoluokitusta<\/a>. Lis\u00e4ksi <a href=\"https:\/\/www.politico.eu\/article\/france-and-italy-denounced-by-european-commission-for-overspending\/\">komissio uhkasi eurovaalien j\u00e4lkeen Ranskaa liiallisen alij\u00e4\u00e4m\u00e4n menettelyll\u00e4<\/a>, jos se ei pyri saamaan alij\u00e4\u00e4m\u00e4\u00e4 alle EU:n velkas\u00e4\u00e4nt\u00f6jen salliman 3 prosentin. Molemmat kasvattavat huolia Ranskan velkakest\u00e4vyydest\u00e4, mik\u00e4 n\u00e4kyy korkeampina korkoina. <\/p>\n\n\n\n<p>Markkinat pelk\u00e4\u00e4v\u00e4tkin nyt kahta asiaa. <a href=\"https:\/\/www.economist.com\/europe\/2024\/06\/23\/the-economic-recklessness-of-both-frances-hard-left-and-hard-right\">Ensiksi<\/a>, markkinat pelk\u00e4\u00e4v\u00e4t muutosta talouspolitiikassa, sill\u00e4 sek\u00e4 laitaoikeiston ett\u00e4 yhdistyneen vasemmiston manifestit lis\u00e4isiv\u00e4t velkaantumista ja peruisivat Macronin uudistuksia. <a href=\"https:\/\/www.ft.com\/content\/1c977b1f-d002-4bde-9949-820f933410e3\">Brysseliss\u00e4 pel\u00e4t\u00e4\u00e4n<\/a>, ett\u00e4 laitaoikeisto- tai vasemmistohallitus laittaisi Ranskan t\u00f6rm\u00e4yskurssille komission kanssa. <\/p>\n\n\n\n<p><a href=\"https:\/\/www.project-syndicate.org\/commentary\/french-election-2024-risks-to-french-economy-and-eurozone-by-brigitte-granville-2024-06\">Toiseksi<\/a>, Ranskassa on t\u00e4ll\u00e4 hetkell\u00e4 kolme toisiaan vihaavaa poliittista blokkia, jonka vuoksi Ranskaan voi olla mahdotonta muodostaa ylip\u00e4\u00e4t\u00e4\u00e4n vakaata enemmist\u00f6hallitusta. Umpikujassa olisi vaikeaa vied\u00e4 budjetteja tai lakialoitteita l\u00e4pi ja kaaoksen pitkittyminen vaikuttaisi my\u00f6s EU:n p\u00e4\u00e4t\u00f6ksentekokykyyn. <\/p>\n\n\n\n<p>Halutessaan Euroopan keskuspankki voisi poistaa markkinoiden ep\u00e4varmuuden. EKP lopetti reilut 10 vuotta sitten eurokriisin, kun sen johtaja <strong>Mario Draghi<\/strong> lupasi EKP:n tekev\u00e4n kaikkensa euron pelastamiseksi (&#8221;whatever it takes&#8221;). EKP:st\u00e4 tuli euromaiden viimek\u00e4tinen lainaaja, mink\u00e4 turvin se voi p\u00e4\u00e4tt\u00e4\u00e4 tilanteessa kuin tilanteessa euromaiden rahoitusoloista. EU-tuomioistuin on siunannut EKP:n muodonmuutoksen ja vahvistanut sen oikeuden puuttua markkinoiden &#8221;ep\u00e4rationaaliseen&#8221; hinnoitteluun, jos se uhkaa finanssivakautta. <\/p>\n\n\n\n<p>EKP:n nykyinen p\u00e4\u00e4ekonomisti <a href=\"https:\/\/www.reuters.com\/markets\/europe\/ecbs-lane-plays-down-need-french-bond-rescue-2024-06-17\/\"><strong>Philip Lane<\/strong> on kuitenkin tyytynyt toteamaan<\/a>, ettei Ranskan korkoihin tarvitse puuttua ja ett\u00e4 jokaisen maan on noudatettava EU:n velkas\u00e4\u00e4nt\u00f6j\u00e4 ja toimittava hyv\u00e4ss\u00e4 yhteisty\u00f6ss\u00e4 komission kanssa. Saksan valtiovarainministeri <a href=\"https:\/\/www.bloomberg.com\/news\/articles\/2024-06-27\/germany-may-object-if-ecb-moves-to-lower-french-bond-yields\"><strong>Christian Lindner<\/strong> heitti vett\u00e4 myllyyn ep\u00e4ilem\u00e4ll\u00e4<\/a>, ett\u00e4 EKP:n interventiot Ranskan korkoihin voisivat olla laittomia, mink\u00e4 vuoksi Saksa my\u00f6s vastustaa niit\u00e4. <\/p>\n\n\n\n<p>Taloustieteen professori <a href=\"https:\/\/billmitchell.org\/blog\/?p=61835\"><strong>Bill Mitchell<\/strong> on tuonut esiin<\/a>, ett\u00e4 niin interventiot kuin my\u00f6s niiden tekem\u00e4tt\u00e4 j\u00e4tt\u00e4miset ovat aktiivisia poliittisia p\u00e4\u00e4t\u00f6ksi\u00e4. Tai kuten poliittisen talouden tutkija <strong>Jussi Ahokas<\/strong> on tiivist\u00e4nyt, <a href=\"https:\/\/keskuspankkikapitalismi.substack.com\/p\/onko-eurokriisin-pelossa-mielta\">keskuspankkikapitalismissa<\/a> EKP p\u00e4\u00e4tt\u00e4\u00e4 eurokriisin syntymisest\u00e4 ja p\u00e4\u00e4ttymisest\u00e4. Talouslehdist\u00f6n mukaan markkinat ovat huolissaan Ranskan alij\u00e4\u00e4mist\u00e4, mutta t\u00e4sm\u00e4llisemmin sanottuna ne ovat huolissaan siit\u00e4, ett\u00e4 EKP ei poliittisista syist\u00e4 takaa Ranskan rahoitusasemaa. Markkinat siis pelk\u00e4\u00e4v\u00e4t Ranskan vaalitulosta, koska EKP antaa niiden pel\u00e4t\u00e4. <\/p>\n\n\n\n<p>EKP tuskin antaa Ranskan ennenaikaisten vaalien k\u00e4rjisty\u00e4 uudeksi eurokriisiksi, mutta ep\u00e4varmuutta yll\u00e4pit\u00e4m\u00e4ll\u00e4 saadaan poliittisesti ep\u00e4mieluisat ja konsensuksesta poikkeavat hallitukset nopeasti ruotuun. Laitaoikeiston p\u00e4\u00e4ministeriehdokas <a href=\"https:\/\/www.ft.com\/content\/12bfebd8-a069-4169-8900-1955b5d93053\"><strong>Jordan Bardella<\/strong> on jo luvannut<\/a> saattaa Ranskan alij\u00e4\u00e4m\u00e4n alle 3 prosenttiin. T\u00e4m\u00e4 tarkoittaisi moninkertaisia leikkauksia Macronin ja Le Mairin jo ilmoittamiin verrattuna. <\/p>\n\n\n\n<p>Bardella onkin my\u00f6s ilmoittanut, ett\u00e4 ryhtyy p\u00e4\u00e4ministeriksi ainoastaan, jos RN saa enemmist\u00f6n kansalliskokouksessa. <a href=\"https:\/\/twitter.com\/Mij_Europe\/status\/1806385189184278751\"><strong>Marine Le Pen<\/strong> todenn\u00e4k\u00f6isesti toivookin<\/a>, ett\u00e4 enemmist\u00f6 j\u00e4\u00e4 viel\u00e4 saavuttamatta ja Ranska ajautuu kaaokseen, josta voi syytt\u00e4\u00e4 Macronia koko loppukautensa ajan. <\/p>\n\n\n\n<p>T\u00e4m\u00e4 antaisi paremmat mahdollisuudet presidentin vaalien voittoon vuonna 2027. <\/p>\n","protected":false},"excerpt":{"rendered":"<p>Siit\u00e4 l\u00e4htien kun Emmanuel Macron hajotti kansalliskokouksen eurovaalien j\u00e4lkeen, Ranskan korot ovat olleet nousussa ja korkoero Saksaan (spread) on noussut korkeimmilleen sitten eurokriisin. Ranskan parlamentin alahuoneen eli kansalliskokouksen<br \/>\nen&hellip;<\/p>\n","protected":false},"author":37967,"featured_media":10231,"comment_status":"open","ping_status":"open","sticky":false,"template":"","format":"standard","meta":{"_acf_changed":false,"asauth_required_access_level":3,"asauth_cansharepaid":"true","om_header_attributes":[],"footnotes":"","om_featured_image_focal_point":[],"om_primary_tag":33,"om_contributors":[],"om_co_authors":[],"beyondwords_generate_audio":"","beyondwords_project_id":"","beyondwords_content_id":"","beyondwords_preview_token":"","beyondwords_player_content":"","beyondwords_player_style":"","beyondwords_language_code":"","beyondwords_language_id":"","beyondwords_title_voice_id":"","beyondwords_body_voice_id":"","beyondwords_summary_voice_id":"","beyondwords_error_message":"","beyondwords_disabled":"","beyondwords_delete_content":"","beyondwords_podcast_id":"","beyondwords_hash":"","publish_post_to_speechkit":"","speechkit_hash":"","speechkit_generate_audio":"","speechkit_project_id":"","speechkit_podcast_id":"","speechkit_error_message":"","speechkit_disabled":"","speechkit_access_key":"","speechkit_error":"","speechkit_info":"","speechkit_response":"","speechkit_retries":"","speechkit_status":"","speechkit_updated_at":"","_speechkit_link":"","_speechkit_text":""},"categories":[1],"tags":[741,33,6,743,663,197,5],"class_list":["post-10230","post","type-post","status-publish","format-standard","has-post-thumbnail","hentry","category-vallan-mahotonta","tag-alijaamamenettely","tag-ekp","tag-emmanuel-macron","tag-jordan-bardella","tag-laitaoikeisto","tag-macronismi","tag-ranska"],"om_views":null,"acf":{"tuuma_off":false,"tuuma_kysymys":"","tuuma_vastaus":""},"asauth":{"required_access_level":1,"share_token":"","is_paid":false},"yoast_head":"<!-- This site is optimized with the Yoast SEO plugin v26.4 - https:\/\/yoast.com\/wordpress\/plugins\/seo\/ -->\n<title>Markkinat pelk\u00e4\u00e4v\u00e4t Ranskan vaalitulosta, koska EKP antaa markkinoiden pel\u00e4t\u00e4 - Vallan mahotonta!<\/title>\n<meta name=\"robots\" content=\"index, follow, max-snippet:-1, max-image-preview:large, max-video-preview:-1\" \/>\n<link rel=\"canonical\" href=\"https:\/\/suomenkuvalehti.fi\/vallan-mahotonta\/markkinat-pelkaavat-ranskan-vaalitulosta-koska-ekp-antaa-markkinoiden-pelata\/\" \/>\n<meta property=\"og:locale\" content=\"fi_FI\" \/>\n<meta property=\"og:type\" content=\"article\" \/>\n<meta property=\"og:title\" content=\"Markkinat pelk\u00e4\u00e4v\u00e4t Ranskan vaalitulosta, koska EKP antaa markkinoiden pel\u00e4t\u00e4 - Vallan mahotonta!\" \/>\n<meta property=\"og:description\" content=\"Siit\u00e4 l\u00e4htien kun Emmanuel Macron hajotti kansalliskokouksen eurovaalien j\u00e4lkeen, Ranskan korot ovat olleet nousussa ja korkoero Saksaan (spread) on noussut korkeimmilleen sitten eurokriisin. Ranskan parlamentin alahuoneen eli kansalliskokouksen en&hellip;\" \/>\n<meta property=\"og:url\" content=\"https:\/\/suomenkuvalehti.fi\/vallan-mahotonta\/markkinat-pelkaavat-ranskan-vaalitulosta-koska-ekp-antaa-markkinoiden-pelata\/\" \/>\n<meta property=\"og:site_name\" content=\"Vallan mahotonta!\" \/>\n<meta property=\"article:author\" content=\"https:\/\/www.facebook.com\/a.ronkainen\" \/>\n<meta property=\"article:published_time\" content=\"2024-06-29T06:55:49+00:00\" \/>\n<meta property=\"article:modified_time\" content=\"2024-06-29T06:55:50+00:00\" \/>\n<meta property=\"og:image\" content=\"https:\/\/suomenkuvalehti.fi\/vallan-mahotonta\/wp-content\/uploads\/sites\/42\/2024\/06\/53798197069_e0fa46fa44_k.jpg\" \/>\n\t<meta property=\"og:image:width\" content=\"2048\" \/>\n\t<meta property=\"og:image:height\" content=\"1365\" \/>\n\t<meta property=\"og:image:type\" content=\"image\/jpeg\" \/>\n<meta name=\"author\" content=\"Antti Ronkainen\" \/>\n<meta name=\"twitter:card\" content=\"summary_large_image\" \/>\n<meta name=\"twitter:creator\" content=\"@https:\/\/twitter.com\/anttironkainen\" \/>\n<meta name=\"twitter:label1\" content=\"Written by\" \/>\n\t<meta name=\"twitter:data1\" content=\"Antti Ronkainen\" \/>\n\t<meta name=\"twitter:label2\" content=\"Est. reading time\" \/>\n\t<meta name=\"twitter:data2\" content=\"4 minuuttia\" \/>\n<script type=\"application\/ld+json\" class=\"yoast-schema-graph\">{\"@context\":\"https:\/\/schema.org\",\"@graph\":[{\"@type\":\"WebPage\",\"@id\":\"https:\/\/suomenkuvalehti.fi\/vallan-mahotonta\/markkinat-pelkaavat-ranskan-vaalitulosta-koska-ekp-antaa-markkinoiden-pelata\/\",\"url\":\"https:\/\/suomenkuvalehti.fi\/vallan-mahotonta\/markkinat-pelkaavat-ranskan-vaalitulosta-koska-ekp-antaa-markkinoiden-pelata\/\",\"name\":\"Markkinat pelk\u00e4\u00e4v\u00e4t Ranskan vaalitulosta, koska EKP antaa markkinoiden pel\u00e4t\u00e4 - Vallan mahotonta!\",\"isPartOf\":{\"@id\":\"https:\/\/suomenkuvalehti.fi\/vallan-mahotonta\/#website\"},\"primaryImageOfPage\":{\"@id\":\"https:\/\/suomenkuvalehti.fi\/vallan-mahotonta\/markkinat-pelkaavat-ranskan-vaalitulosta-koska-ekp-antaa-markkinoiden-pelata\/#primaryimage\"},\"image\":{\"@id\":\"https:\/\/suomenkuvalehti.fi\/vallan-mahotonta\/markkinat-pelkaavat-ranskan-vaalitulosta-koska-ekp-antaa-markkinoiden-pelata\/#primaryimage\"},\"thumbnailUrl\":\"https:\/\/suomenkuvalehti.fi\/vallan-mahotonta\/wp-content\/uploads\/sites\/42\/2024\/06\/53798197069_e0fa46fa44_k.jpg\",\"datePublished\":\"2024-06-29T06:55:49+00:00\",\"dateModified\":\"2024-06-29T06:55:50+00:00\",\"author\":{\"@id\":\"https:\/\/suomenkuvalehti.fi\/vallan-mahotonta\/#\/schema\/person\/aa34015af7a4bce21e1cdcf566bb57b0\"},\"breadcrumb\":{\"@id\":\"https:\/\/suomenkuvalehti.fi\/vallan-mahotonta\/markkinat-pelkaavat-ranskan-vaalitulosta-koska-ekp-antaa-markkinoiden-pelata\/#breadcrumb\"},\"inLanguage\":\"fi\",\"potentialAction\":[{\"@type\":\"ReadAction\",\"target\":[\"https:\/\/suomenkuvalehti.fi\/vallan-mahotonta\/markkinat-pelkaavat-ranskan-vaalitulosta-koska-ekp-antaa-markkinoiden-pelata\/\"]}]},{\"@type\":\"ImageObject\",\"inLanguage\":\"fi\",\"@id\":\"https:\/\/suomenkuvalehti.fi\/vallan-mahotonta\/markkinat-pelkaavat-ranskan-vaalitulosta-koska-ekp-antaa-markkinoiden-pelata\/#primaryimage\",\"url\":\"https:\/\/suomenkuvalehti.fi\/vallan-mahotonta\/wp-content\/uploads\/sites\/42\/2024\/06\/53798197069_e0fa46fa44_k.jpg\",\"contentUrl\":\"https:\/\/suomenkuvalehti.fi\/vallan-mahotonta\/wp-content\/uploads\/sites\/42\/2024\/06\/53798197069_e0fa46fa44_k.jpg\",\"width\":2048,\"height\":1365,\"caption\":\"EKP:n johtaja Christine Lagarde vierailee Pariisin kvanttilaboratoriossa kes\u00e4kuussa 2024, l\u00e4hde: EKP\"},{\"@type\":\"BreadcrumbList\",\"@id\":\"https:\/\/suomenkuvalehti.fi\/vallan-mahotonta\/markkinat-pelkaavat-ranskan-vaalitulosta-koska-ekp-antaa-markkinoiden-pelata\/#breadcrumb\",\"itemListElement\":[{\"@type\":\"ListItem\",\"position\":1,\"name\":\"Home\",\"item\":\"https:\/\/suomenkuvalehti.fi\/vallan-mahotonta\/\"},{\"@type\":\"ListItem\",\"position\":2,\"name\":\"Markkinat pelk\u00e4\u00e4v\u00e4t Ranskan vaalitulosta, koska EKP antaa markkinoiden pel\u00e4t\u00e4\"}]},{\"@type\":\"WebSite\",\"@id\":\"https:\/\/suomenkuvalehti.fi\/vallan-mahotonta\/#website\",\"url\":\"https:\/\/suomenkuvalehti.fi\/vallan-mahotonta\/\",\"name\":\"Vallan mahotonta!\",\"description\":\"Tutkija Antti Ronkainen seuraa maailmantalouden murrosta.\",\"potentialAction\":[{\"@type\":\"SearchAction\",\"target\":{\"@type\":\"EntryPoint\",\"urlTemplate\":\"https:\/\/suomenkuvalehti.fi\/haku\/?q={search_term_string}\"},\"query-input\":{\"@type\":\"PropertyValueSpecification\",\"valueRequired\":true,\"valueName\":\"search_term_string\"}}],\"inLanguage\":\"fi\"},{\"@type\":\"Person\",\"@id\":\"https:\/\/suomenkuvalehti.fi\/vallan-mahotonta\/#\/schema\/person\/aa34015af7a4bce21e1cdcf566bb57b0\",\"name\":\"Antti Ronkainen\",\"image\":{\"@type\":\"ImageObject\",\"inLanguage\":\"fi\",\"@id\":\"https:\/\/suomenkuvalehti.fi\/vallan-mahotonta\/#\/schema\/person\/image\/\",\"url\":\"https:\/\/suomenkuvalehti.fi\/vallan-mahotonta\/wp-content\/uploads\/sites\/42\/2018\/05\/antti_j_ronkainen_blogi_pieni-150x150.jpg\",\"contentUrl\":\"https:\/\/suomenkuvalehti.fi\/vallan-mahotonta\/wp-content\/uploads\/sites\/42\/2018\/05\/antti_j_ronkainen_blogi_pieni-150x150.jpg\",\"caption\":\"Antti Ronkainen\"},\"description\":\"Antti Ronkainen on poliittisen talouden v\u00e4it\u00f6skirjatutkija Helsingin yliopistolla.\",\"sameAs\":[\"http:\/\/anttironkainen.fi\",\"https:\/\/www.facebook.com\/a.ronkainen\",\"https:\/\/www.instagram.com\/antti.ronkainen\/\",\"https:\/\/x.com\/https:\/\/twitter.com\/anttironkainen\"]}]}<\/script>\n<!-- \/ Yoast SEO plugin. -->","yoast_head_json":{"title":"Markkinat pelk\u00e4\u00e4v\u00e4t Ranskan vaalitulosta, koska EKP antaa markkinoiden pel\u00e4t\u00e4 - Vallan mahotonta!","robots":{"index":"index","follow":"follow","max-snippet":"max-snippet:-1","max-image-preview":"max-image-preview:large","max-video-preview":"max-video-preview:-1"},"canonical":"https:\/\/suomenkuvalehti.fi\/vallan-mahotonta\/markkinat-pelkaavat-ranskan-vaalitulosta-koska-ekp-antaa-markkinoiden-pelata\/","og_locale":"fi_FI","og_type":"article","og_title":"Markkinat pelk\u00e4\u00e4v\u00e4t Ranskan vaalitulosta, koska EKP antaa markkinoiden pel\u00e4t\u00e4 - Vallan mahotonta!","og_description":"Siit\u00e4 l\u00e4htien kun Emmanuel Macron hajotti kansalliskokouksen eurovaalien j\u00e4lkeen, Ranskan korot ovat olleet nousussa ja korkoero Saksaan (spread) on noussut korkeimmilleen sitten eurokriisin. Ranskan parlamentin alahuoneen eli kansalliskokouksen en&hellip;","og_url":"https:\/\/suomenkuvalehti.fi\/vallan-mahotonta\/markkinat-pelkaavat-ranskan-vaalitulosta-koska-ekp-antaa-markkinoiden-pelata\/","og_site_name":"Vallan mahotonta!","article_author":"https:\/\/www.facebook.com\/a.ronkainen","article_published_time":"2024-06-29T06:55:49+00:00","article_modified_time":"2024-06-29T06:55:50+00:00","og_image":[{"width":2048,"height":1365,"url":"https:\/\/suomenkuvalehti.fi\/vallan-mahotonta\/wp-content\/uploads\/sites\/42\/2024\/06\/53798197069_e0fa46fa44_k.jpg","type":"image\/jpeg"}],"author":"Antti Ronkainen","twitter_card":"summary_large_image","twitter_creator":"@https:\/\/twitter.com\/anttironkainen","twitter_misc":{"Written by":"Antti Ronkainen","Est. reading time":"4 minuuttia"},"schema":{"@context":"https:\/\/schema.org","@graph":[{"@type":"WebPage","@id":"https:\/\/suomenkuvalehti.fi\/vallan-mahotonta\/markkinat-pelkaavat-ranskan-vaalitulosta-koska-ekp-antaa-markkinoiden-pelata\/","url":"https:\/\/suomenkuvalehti.fi\/vallan-mahotonta\/markkinat-pelkaavat-ranskan-vaalitulosta-koska-ekp-antaa-markkinoiden-pelata\/","name":"Markkinat pelk\u00e4\u00e4v\u00e4t Ranskan vaalitulosta, koska EKP antaa markkinoiden pel\u00e4t\u00e4 - Vallan mahotonta!","isPartOf":{"@id":"https:\/\/suomenkuvalehti.fi\/vallan-mahotonta\/#website"},"primaryImageOfPage":{"@id":"https:\/\/suomenkuvalehti.fi\/vallan-mahotonta\/markkinat-pelkaavat-ranskan-vaalitulosta-koska-ekp-antaa-markkinoiden-pelata\/#primaryimage"},"image":{"@id":"https:\/\/suomenkuvalehti.fi\/vallan-mahotonta\/markkinat-pelkaavat-ranskan-vaalitulosta-koska-ekp-antaa-markkinoiden-pelata\/#primaryimage"},"thumbnailUrl":"https:\/\/suomenkuvalehti.fi\/vallan-mahotonta\/wp-content\/uploads\/sites\/42\/2024\/06\/53798197069_e0fa46fa44_k.jpg","datePublished":"2024-06-29T06:55:49+00:00","dateModified":"2024-06-29T06:55:50+00:00","author":{"@id":"https:\/\/suomenkuvalehti.fi\/vallan-mahotonta\/#\/schema\/person\/aa34015af7a4bce21e1cdcf566bb57b0"},"breadcrumb":{"@id":"https:\/\/suomenkuvalehti.fi\/vallan-mahotonta\/markkinat-pelkaavat-ranskan-vaalitulosta-koska-ekp-antaa-markkinoiden-pelata\/#breadcrumb"},"inLanguage":"fi","potentialAction":[{"@type":"ReadAction","target":["https:\/\/suomenkuvalehti.fi\/vallan-mahotonta\/markkinat-pelkaavat-ranskan-vaalitulosta-koska-ekp-antaa-markkinoiden-pelata\/"]}]},{"@type":"ImageObject","inLanguage":"fi","@id":"https:\/\/suomenkuvalehti.fi\/vallan-mahotonta\/markkinat-pelkaavat-ranskan-vaalitulosta-koska-ekp-antaa-markkinoiden-pelata\/#primaryimage","url":"https:\/\/suomenkuvalehti.fi\/vallan-mahotonta\/wp-content\/uploads\/sites\/42\/2024\/06\/53798197069_e0fa46fa44_k.jpg","contentUrl":"https:\/\/suomenkuvalehti.fi\/vallan-mahotonta\/wp-content\/uploads\/sites\/42\/2024\/06\/53798197069_e0fa46fa44_k.jpg","width":2048,"height":1365,"caption":"EKP:n johtaja Christine Lagarde vierailee Pariisin kvanttilaboratoriossa kes\u00e4kuussa 2024, l\u00e4hde: EKP"},{"@type":"BreadcrumbList","@id":"https:\/\/suomenkuvalehti.fi\/vallan-mahotonta\/markkinat-pelkaavat-ranskan-vaalitulosta-koska-ekp-antaa-markkinoiden-pelata\/#breadcrumb","itemListElement":[{"@type":"ListItem","position":1,"name":"Home","item":"https:\/\/suomenkuvalehti.fi\/vallan-mahotonta\/"},{"@type":"ListItem","position":2,"name":"Markkinat pelk\u00e4\u00e4v\u00e4t Ranskan vaalitulosta, koska EKP antaa markkinoiden pel\u00e4t\u00e4"}]},{"@type":"WebSite","@id":"https:\/\/suomenkuvalehti.fi\/vallan-mahotonta\/#website","url":"https:\/\/suomenkuvalehti.fi\/vallan-mahotonta\/","name":"Vallan mahotonta!","description":"Tutkija Antti Ronkainen seuraa maailmantalouden murrosta.","potentialAction":[{"@type":"SearchAction","target":{"@type":"EntryPoint","urlTemplate":"https:\/\/suomenkuvalehti.fi\/haku\/?q={search_term_string}"},"query-input":{"@type":"PropertyValueSpecification","valueRequired":true,"valueName":"search_term_string"}}],"inLanguage":"fi"},{"@type":"Person","@id":"https:\/\/suomenkuvalehti.fi\/vallan-mahotonta\/#\/schema\/person\/aa34015af7a4bce21e1cdcf566bb57b0","name":"Antti Ronkainen","image":{"@type":"ImageObject","inLanguage":"fi","@id":"https:\/\/suomenkuvalehti.fi\/vallan-mahotonta\/#\/schema\/person\/image\/","url":"https:\/\/suomenkuvalehti.fi\/vallan-mahotonta\/wp-content\/uploads\/sites\/42\/2018\/05\/antti_j_ronkainen_blogi_pieni-150x150.jpg","contentUrl":"https:\/\/suomenkuvalehti.fi\/vallan-mahotonta\/wp-content\/uploads\/sites\/42\/2018\/05\/antti_j_ronkainen_blogi_pieni-150x150.jpg","caption":"Antti Ronkainen"},"description":"Antti Ronkainen on poliittisen talouden v\u00e4it\u00f6skirjatutkija Helsingin yliopistolla.","sameAs":["http:\/\/anttironkainen.fi","https:\/\/www.facebook.com\/a.ronkainen","https:\/\/www.instagram.com\/antti.ronkainen\/","https:\/\/x.com\/https:\/\/twitter.com\/anttironkainen"]}]}},"_links":{"self":[{"href":"https:\/\/suomenkuvalehti.fi\/vallan-mahotonta\/wp-json\/wp\/v2\/posts\/10230","targetHints":{"allow":["GET"]}}],"collection":[{"href":"https:\/\/suomenkuvalehti.fi\/vallan-mahotonta\/wp-json\/wp\/v2\/posts"}],"about":[{"href":"https:\/\/suomenkuvalehti.fi\/vallan-mahotonta\/wp-json\/wp\/v2\/types\/post"}],"author":[{"embeddable":true,"href":"https:\/\/suomenkuvalehti.fi\/vallan-mahotonta\/wp-json\/wp\/v2\/users\/37967"}],"replies":[{"embeddable":true,"href":"https:\/\/suomenkuvalehti.fi\/vallan-mahotonta\/wp-json\/wp\/v2\/comments?post=10230"}],"version-history":[{"count":10,"href":"https:\/\/suomenkuvalehti.fi\/vallan-mahotonta\/wp-json\/wp\/v2\/posts\/10230\/revisions"}],"predecessor-version":[{"id":10242,"href":"https:\/\/suomenkuvalehti.fi\/vallan-mahotonta\/wp-json\/wp\/v2\/posts\/10230\/revisions\/10242"}],"wp:featuredmedia":[{"embeddable":true,"href":"https:\/\/suomenkuvalehti.fi\/vallan-mahotonta\/wp-json\/wp\/v2\/media\/10231"}],"wp:attachment":[{"href":"https:\/\/suomenkuvalehti.fi\/vallan-mahotonta\/wp-json\/wp\/v2\/media?parent=10230"}],"wp:term":[{"taxonomy":"category","embeddable":true,"href":"https:\/\/suomenkuvalehti.fi\/vallan-mahotonta\/wp-json\/wp\/v2\/categories?post=10230"},{"taxonomy":"post_tag","embeddable":true,"href":"https:\/\/suomenkuvalehti.fi\/vallan-mahotonta\/wp-json\/wp\/v2\/tags?post=10230"}],"curies":[{"name":"wp","href":"https:\/\/api.w.org\/{rel}","templated":true}]}}