{"id":10170,"date":"2024-05-31T16:00:53","date_gmt":"2024-05-31T13:00:53","guid":{"rendered":"https:\/\/suomenkuvalehti.fi\/vallan-mahotonta\/?p=10170"},"modified":"2024-05-31T16:12:34","modified_gmt":"2024-05-31T13:12:34","slug":"mita-eroa-on-kansanmurhalla-ja-rikoksella-ihmisyytta-vastaan","status":"publish","type":"post","link":"https:\/\/suomenkuvalehti.fi\/vallan-mahotonta\/mita-eroa-on-kansanmurhalla-ja-rikoksella-ihmisyytta-vastaan\/","title":{"rendered":"Mit\u00e4 eroa on kansanmurhalla ja rikoksella ihmisyytt\u00e4 vastaan?"},"content":{"rendered":"\n<p><em>Lyhyt keskustelu kansainv\u00e4lisen oikeuden tutkija <strong>Sebastian Machado Ramirezin<\/strong> kanssa <em>Israelia vastaan nostetutuista syytteist\u00e4 ja kansainv\u00e4lisen oikeuden institutionaalisesta rakenteesta<\/em>.<\/em><\/p>\n\n\n\n<p><strong>Etel\u00e4-Afrikka on nostanut kanteen Israelia vastaan kansanmurhasta Kansainv\u00e4lisess\u00e4 tuomioistuimessa (ICJ) ja Israelin p\u00e4\u00e4ministeri Benjamin Netanyahulle sek\u00e4 Hamasin johtajille on haettu pid\u00e4tysm\u00e4\u00e4r\u00e4yst\u00e4 Kansainv\u00e4lisess\u00e4 rikostuomioistuimessa (ICC). Miten n\u00e4m\u00e4 jutut liittyv\u00e4t toisiinsa?<\/strong><\/p>\n\n\n\n<p>Molemmat oikeusjutut liittyv\u00e4t samaan tapahtumaan eli Israelin sotilaalliseen hy\u00f6kk\u00e4ykseen Gazaan Hamasin viime lokakuisen iskun j\u00e4lkeen. Kansainv\u00e4lisen tuomioistuimen tapaus perustuu YK:n joukkotuhannan est\u00e4mist\u00e4 koskevan yleissopimuksen soveltamiseen ja tapaus koskee siten mahdollista kansanmurhaa. Kansainv\u00e4lisen rikostuomioistuimen tapaus perustuu puolestaan sotarikoksiin ja rikoksiin ihmisyytt\u00e4 vastaan, ei kansanmurhaan. Menettelyiss\u00e4 on laillisia eroja, mutta molemmat tapaukset koskevat sit\u00e4, onko lokakuun j\u00e4lkeen tapahtunut kansainv\u00e4lisen oikeuden vastaisia rikoksia.<\/p>\n\n\n\n<p><strong>Mit\u00e4 eroa on kansanmurhalla ja rikoksella ihmisyytt\u00e4 vastaan? <\/strong><\/p>\n\n\n\n<p>Keskeinen ero kansanmurhan ja ihmisyytt\u00e4 vastaan tehdyn rikoksen v\u00e4lill\u00e4 on selke\u00e4 ja erityinen aikomus. Kansanmurha ei ole siten ainoastaan vakava joukkomurha, jossa on paljon ruumiita. Se ei my\u00f6sk\u00e4\u00e4n tarkoita tietyn ryhm\u00e4n enemmist\u00f6n tai kokonaisen ryhm\u00e4n tuhontaa. Se on yleens\u00e4 tappamista ja seksuaalista v\u00e4kivaltaa, jolla pyrit\u00e4\u00e4n tietoisesti tuhoamaan tietty kansallinen, etninen tai uskollinen ryhm\u00e4 osittain tai kokonaan. Ilman erityist\u00e4 aikomusta ei syyllisty kansanmurhaan, vaikka murhaisi kokonaisen etnisen ryhm\u00e4n. Kansanmurhan toteamisen vaikeus liittyy t\u00e4m\u00e4n aikomuksen todistamiseen, sill\u00e4 suoraa n\u00e4ytt\u00f6\u00e4 t\u00e4llaisesta mielentilasta on harvoin saatavilla.<\/p>\n\n\n\n<p>Sen sijaan rikos ihmisyytt\u00e4 vastaan ei edellyt\u00e4 aikomusta. Se vaatii kuitenkin erityisen  kontekstin: systemaattisen tai laajamittaisen iskun siviiliv\u00e4est\u00f6\u00e4 vastaan. Yksinkertaistaen, v\u00e4kivallanteot kuten murhat, raiskaukset tai seksuaalinen v\u00e4kivalta osana hy\u00f6kk\u00e4yst\u00e4 siviiliv\u00e4est\u00f6\u00e4 vastaan nostavat n\u00e4m\u00e4 teot rikoksiksi ihmisyytt\u00e4 vastaan. T\u00e4ten rikoksessa ihmisyytt\u00e4 vastaan on oleellista teon konteksti, ei sen aikomus.<\/p>\n\n\n\n<p>Lis\u00e4ksi on muita teknisi\u00e4 eroja, mutta t\u00e4m\u00e4 on suurin jakolinja. Vaikka rikoksilla on yleens\u00e4 vakavuusj\u00e4rjestys, n\u00e4iden rikosten v\u00e4lill\u00e4 ei ole oikeudellista j\u00e4rjestyst\u00e4 eik\u00e4 kumpikaan ole siten laillisesti toistaan vakavampi.  <\/p>\n\n\n\n<p><strong>Ent\u00e4 mik\u00e4 on Kansainv\u00e4lisen tuomioistuimen (ICJ) ja Kansainv\u00e4lisen rikostuomioistuimen (ICC) v\u00e4lill\u00e4?<\/strong><\/p>\n\n\n\n<p>Molemmat tuomioistuimet liittyv\u00e4t Yhdistyneisiin kansankuntiin (YK), mutta eri tavoin. Kansainv\u00e4linen tuomioistuin on yksi YK:n p\u00e4\u00e4elimist\u00e4, sen s\u00e4\u00e4nn\u00f6t ovat osa YK:n peruskirjaa ja se on ainoa YK:n elin, joka sijaitsee New Yorkin ulkopuolella. Kansainv\u00e4linen rikostuomioistuin ei puolestaan ole YK:n elin, vaikka ne ovat monin tavoin kytk\u00f6ksiss\u00e4 oikeudellisesti. Esimerkiksi YK:n turvallisuusneuvosto voi edist\u00e4\u00e4 tai keskeytt\u00e4\u00e4 rikostuomioistuimen tutkintoja.<\/p>\n\n\n\n<p>Kansainv\u00e4lisell\u00e4 tuomioistuimella on toimivalta ainoastaan valtioihin. T\u00e4m\u00e4 on t\u00e4rke\u00e4\u00e4 erityisesti siksi, ett\u00e4 valtiot eiv\u00e4t voi tehd\u00e4 rikoksia. N\u00e4in ollen riippumatta siit\u00e4, katsooko Kansainv\u00e4linen tuomioistuin Israelin rikkovan jollain tavalla joukkotuhonnan vastaista yleissopimusta, oikeusjuttu ei voi johtaa rikosoikeudelliseen rangaistukseen vaan ainoastaan valtiolliseen vastuuseen, joka tarkoittaa useimmiten symbolista tai rahallista korvausta.<\/p>\n\n\n\n<p>Sen sijaan Kansainv\u00e4linen rikostuomioistuin k\u00e4sittelee yksil\u00f6iden rikosoikeudellista vastuuta. Se ei voi ottaa kantaa valtioiden mahdollisiin kansainv\u00e4lisen oikeuden rikkomuksiin vaan ainoastaan siihen, ovatko yksitt\u00e4iset henkil\u00f6t syyllistyneet kansanmurhaan, sotarikoksiin, rikoksiin ihmisyytt\u00e4 vastaan tai sodan aloittamiseen. Pid\u00e4tysm\u00e4\u00e4r\u00e4ykset voivat johtaa Netanyahun tai Hamasin johtajien tuomitsemiseen tai vapauttamiseen rikosoikeudellisesta vastuusta sotarikosten tai ihmisyytt\u00e4 vastaan tehtyjen rikosten osalta, koska pid\u00e4tysm\u00e4\u00e4r\u00e4yksi\u00e4 ei ole j\u00e4tetty kansanmurhasta.<\/p>\n\n\n\n<p><strong>Ent\u00e4 onko n\u00e4ill\u00e4 tuomioistuimilla tosiasiallista valtaa?<\/strong><\/p>\n\n\n\n<p>Niill\u00e4 on valtaa siin\u00e4 mieless\u00e4, ett\u00e4 ne ovat osa kansainv\u00e4lisen oikeuden kokonaisuutta. Kansainv\u00e4lisen tuomioistuimen p\u00e4\u00e4t\u00f6ksill\u00e4 on yleens\u00e4 suuri poliittinen painoarvo riippumatta niiden oikeudellisesta vaikuttavuudesta. Loppujen lopuksi Kansainv\u00e4lisen tuomioistuimen p\u00e4\u00e4t\u00f6ksell\u00e4, joka osoittaisi Israelin rikkoneen kansanmurhan vastaista yleissopimusta, olisi laajat geopoliittiset seuraukset, riippumatta sen oikeudellisesta vaikuttavuudesta. Samalla tavoin oikeuden p\u00e4\u00e4t\u00f6ksell\u00e4, jonka mukaan Israel ei olisi rikkonut kansanmurhan est\u00e4miseen liittyvi\u00e4 velvoitteita, olisi vaikutusta kansainv\u00e4lisen yhteis\u00f6\u00f6n. Kansainv\u00e4lisen tuomioistuimen p\u00e4\u00e4t\u00f6sten noudattaminen on kuitenkin hankalaa, sill\u00e4 lopullinen valta pakottaa valtio noudattamaan sen oikeudellista m\u00e4\u00e4r\u00e4yst\u00e4 kuuluisi YK:n turvallisuusneuvostolle, jossa suurvallat puolestaan k\u00e4ytt\u00e4v\u00e4t veto-oikeuttaan.<\/p>\n\n\n\n<p><strong>Miss\u00e4 olosuhteissa pid\u00e4tysm\u00e4\u00e4r\u00e4ys voisi johtaa Netanyahun pid\u00e4tt\u00e4miseen?<\/strong><\/p>\n\n\n\n<p>Ensinn\u00e4kin Israel tai Yhdysvallat eiv\u00e4t kuulu Kansainv\u00e4liseen rikostuomioistuimeen, joten Netanyahu voi vapaasta matkustaa n\u00e4iden maiden v\u00e4lill\u00e4. Lis\u00e4ksi immuniteetit ovat suuri ongelma Kansainv\u00e4liselle rikostuomioistuimelle. Vaikka immuniteettilait eiv\u00e4t est\u00e4 rikostuomioistuimen toimivaltaa, ne rajoittavat valtioita k\u00e4ytt\u00e4m\u00e4st\u00e4 t\u00e4t\u00e4 toimivaltaa valtioiden johtajia kohtaan. Tulee muistaa, ett\u00e4 Kansainv\u00e4lisell\u00e4 rikostuomioistuimella ei ole omaa maata tai poliisia, joten valtioiden on toimeenpantavat tuomioistuimen p\u00e4\u00e4t\u00f6kset. Valtiot eiv\u00e4t kuitenkaan voi k\u00e4ytt\u00e4\u00e4 toimivaltaa Netanyahun kaltaisen virassa olevan valtionjohtajan pid\u00e4tt\u00e4miseen. T\u00e4m\u00e4 selitt\u00e4\u00e4 osaltaan sen, miksi muut kansanmurhasta syytetyt valtionjohtajat, kuten Sudanin <strong>Omar al-Bashir<\/strong>, ovat voineet matkustaa vapaasti pid\u00e4tysm\u00e4\u00e4r\u00e4ysten j\u00e4tt\u00e4misen j\u00e4lkeen. Kyseess\u00e4 ei ole niink\u00e4\u00e4n tuomioistuinten v\u00e4lisen yhteisty\u00f6n puute vaan virassa olevan valtionjohtajan pid\u00e4tt\u00e4miseen toisen maan alueella toisen maan toimesta liittyv\u00e4 oikeudellinen porsaanreik\u00e4, jonka vuoksi kyseess\u00e4 olisi kansainv\u00e4lisen oikeuden rikkomus. <\/p>\n\n\n\n<p>K\u00e4yt\u00e4nn\u00f6ss\u00e4 valtionjohtajien joutuminen kansainv\u00e4liseen syytteeseen on toteutunut yhteisty\u00f6ss\u00e4 kyseisen valtion hallinnon kanssa. T\u00e4m\u00e4 on keskeinen piirre esimerkiksi <strong>Slobodan Milo\u0161evi\u0107in<\/strong> pid\u00e4tyksess\u00e4 ja luovuttamisessa Jugoslavian tribunaaliin Haagissa. Tuolloin Jugoslavian viranomaiset p\u00e4\u00e4ttiv\u00e4t kauan varsinaisen pid\u00e4tysm\u00e4\u00e4r\u00e4yksen j\u00e4lkeen tehd\u00e4 yhteisty\u00f6t\u00e4 tribunaalin kanssa ja luovuttaa Milosevicin. K\u00e4yt\u00e4nn\u00f6ss\u00e4 se vaatii kyseisen valtion poliittista tahtoa. Siten Netanyahun tai <strong>Putinin<\/strong> kaltaisten henkil\u00f6iden saaminen Kansainv\u00e4liseen rikostuomioistuimeen edellytt\u00e4\u00e4 heid\u00e4n omien valtioidensa p\u00e4\u00e4t\u00f6st\u00e4 pid\u00e4tt\u00e4\u00e4 heig\u00e4t ja toimittaa Haagiin, useimmiten syv\u00e4llisten poliittisten mullistusten j\u00e4lkeen. <\/p>\n\n\n\n<p>Kaikesta t\u00e4st\u00e4 seuraa, ett\u00e4 tuomioistuinten p\u00e4\u00e4t\u00f6sten laillisen vaikutuksen toteutumisella on vakavia esteit\u00e4. Siten ei my\u00f6sk\u00e4\u00e4n ole syyt\u00e4 odottaa, ett\u00e4 Kansainv\u00e4lisen tuomioistuimen p\u00e4\u00e4t\u00f6ksill\u00e4 olisi vaikutusta Israelin toimiin Gazassa tai ett\u00e4 Netanyahu ilmestyisi l\u00e4hitulevaisuudessa Kansainv\u00e4liseen rikostuomioistuimeen. N\u00e4iden oikeusjuttujen merkitys lienee ennemmin poliittinen ja\/tai symbolinen kuin oikeudellinen.<\/p>\n\n\n\n<p><strong>Jotkut kommentaattorit, kuten my\u00f6s Yhdysvaltojen, Iso-Britannian ja muiden samanmielisten maiden hallitukset ovat esitt\u00e4neet, ett\u00e4 t\u00e4m\u00e4n konfliktin oikeudellistaminen saattaa olla haitallista sellaisen poliittisen sopimuksen syntymiselle, joka takaisi pysyv\u00e4n rauhan. Mit\u00e4 mielt\u00e4 olet t\u00e4st\u00e4?<\/strong><\/p>\n\n\n\n<p>T\u00e4m\u00e4 on yleisesti esitetty argumentti, kun Kansainv\u00e4linen tuomioistuin toimii meneill\u00e4\u00e4n olevan konfliktin aikana. Minulla on t\u00e4st\u00e4 my\u00f6s henkil\u00f6kohtaista kokemusta, koska tuomioistuin tutki kotimaatani Kolumbiaa samalla kun neuvottelimme rauhansopimusta kapinallisten kanssa.<\/p>\n\n\n\n<p>Vaikka t\u00e4m\u00e4 vasta-argumentti on teoreettisesti perusteltu, kokemukseni perusteella Kansainv\u00e4lisen tuomioistuimen virkahenkil\u00f6t ovat hyvin pragmaattisia. Kukaan tuomioistuimessa ei etenisi asian kanssa, jos olisi tosiasiallinen mahdollisuus, ett\u00e4 rauha voitaisiin saavuttaa poliittisesti ja alueellisesti oikeudellistamisen sijaan. T\u00e4m\u00e4 on my\u00f6s kirjattu Rooman peruss\u00e4\u00e4nn\u00f6ss\u00e4, jonka mukaan tuomioistuimen ei tule harjoittaa toimivaltaansa, jos t\u00e4llainen tutkinta voi h\u00e4irit\u00e4 oikeudenmukaisuuden toteutumista. T\u00e4m\u00e4 korostaa yhteisty\u00f6n merkityst\u00e4 tuomioistuimen kanssa, sill\u00e4 se varmistaa pragmaattisen yhteisty\u00f6n konfliktinalaisessa yhteiskunnassa. <\/p>\n\n\n\n<ol class=\"wp-block-list\"><\/ol>\n\n\n\n<p><strong>Norja, Espanja ja Irlanti tunnustivat t\u00e4ll\u00e4 viikolla Palestiinan valtion ja Slovenian on m\u00e4\u00e4r\u00e4 p\u00e4\u00e4tt\u00e4\u00e4 tunnustamisesta ensi viikolla. Vaikuttaako Palestiinan laajempi tunnustaminen n\u00e4iden kahden oikeusjutun merkitykseen?<\/strong><\/p>\n\n\n\n<p>On vaikeaa arvioida, mill\u00e4 tavoin n\u00e4m\u00e4 julistukset voisivat vaikuttaa itse oikeustapauksiin, sill\u00e4 joukkotuhonnan vastaisen yleissopimuksen soveltaminen ei riipu Palestiinan valtion asemasta, eik\u00e4 my\u00f6sk\u00e4\u00e4n tutkinta niist\u00e4 v\u00e4itetyist\u00e4 rikoksista, jotka on tehty miehitetyill\u00e4 palestiinalaisalueilla. Valtion aseman ongelma kansainv\u00e4lisess\u00e4 oikeudessa on yksi niist\u00e4 hankalista kysymyksist\u00e4, joita me kansainv\u00e4lisen oikeuden asianajajat emme ole viel\u00e4 ratkaisseet, huomioiden ett\u00e4 valtion oikeudellinen asema on p\u00e4\u00e4osin merkitykset\u00f6n verrattuna tunnustamisen poliittisiin seurauksiin. T\u00e4st\u00e4 huolimatta ja riippumatta Palestiinan valtiollisen aseman vaikutuksesta n\u00e4ihin oikeustapauksiin Palestiinan tunnustaminen lienee paljon merkityksellisempi asia t\u00e4m\u00e4n konfliktin pitk\u00e4aikaisten vaikutusten kannalta kuin n\u00e4m\u00e4 oikeustapaukset voivat olla. <\/p>\n\n\n\n<p><strong>Maailma ei vaikuta olevan valmis kansainv\u00e4lisen oikeudenkaan osalta, kiitos haastattelusta! <\/strong><\/p>\n\n\n\n<ol class=\"wp-block-list\"><\/ol>\n","protected":false},"excerpt":{"rendered":"<p>Lyhyt keskustelu kansainv\u00e4lisen oikeuden tutkija Sebastian Machado Ramirezin kanssa Israelia vastaan nostetutuista syytteist\u00e4 ja kansainv\u00e4lisen oikeuden institutionaalisesta rakenteesta. Etel\u00e4-Afrikka on nostanut kanteen Israelia vastaan kansanmurhasta<br \/>\nKan&hellip;<\/p>\n","protected":false},"author":37967,"featured_media":10189,"comment_status":"open","ping_status":"open","sticky":false,"template":"","format":"standard","meta":{"_acf_changed":false,"asauth_required_access_level":3,"asauth_cansharepaid":"true","om_header_attributes":[],"footnotes":"","om_featured_image_focal_point":[],"om_primary_tag":731,"om_contributors":[],"om_co_authors":[],"beyondwords_generate_audio":"","beyondwords_project_id":"","beyondwords_content_id":"","beyondwords_preview_token":"","beyondwords_player_content":"","beyondwords_player_style":"","beyondwords_language_code":"","beyondwords_language_id":"","beyondwords_title_voice_id":"","beyondwords_body_voice_id":"","beyondwords_summary_voice_id":"","beyondwords_error_message":"","beyondwords_disabled":"","beyondwords_delete_content":"","beyondwords_podcast_id":"","beyondwords_hash":"","publish_post_to_speechkit":"","speechkit_hash":"","speechkit_generate_audio":"","speechkit_project_id":"","speechkit_podcast_id":"","speechkit_error_message":"","speechkit_disabled":"","speechkit_access_key":"","speechkit_error":"","speechkit_info":"","speechkit_response":"","speechkit_retries":"","speechkit_status":"","speechkit_updated_at":"","_speechkit_link":"","_speechkit_text":""},"categories":[1],"tags":[688,734,733,731,689,732],"class_list":["post-10170","post","type-post","status-publish","format-standard","has-post-thumbnail","hentry","category-vallan-mahotonta","tag-israel","tag-kansainvalinen-rikostuomioistuin","tag-kansainvalinen-tuomioistuin","tag-kansanmurha","tag-palestiina","tag-rikos-ihmisyytta-vastaan"],"om_views":null,"acf":{"tuuma_off":false,"tuuma_kysymys":"","tuuma_vastaus":""},"asauth":{"required_access_level":1,"share_token":"","is_paid":false},"yoast_head":"<!-- This site is optimized with the Yoast SEO plugin v26.4 - https:\/\/yoast.com\/wordpress\/plugins\/seo\/ -->\n<title>Mit\u00e4 eroa on kansanmurhalla ja rikoksella ihmisyytt\u00e4 vastaan? - Vallan mahotonta!<\/title>\n<meta name=\"robots\" content=\"index, follow, max-snippet:-1, max-image-preview:large, max-video-preview:-1\" \/>\n<link rel=\"canonical\" href=\"https:\/\/suomenkuvalehti.fi\/vallan-mahotonta\/mita-eroa-on-kansanmurhalla-ja-rikoksella-ihmisyytta-vastaan\/\" \/>\n<meta property=\"og:locale\" content=\"fi_FI\" \/>\n<meta property=\"og:type\" content=\"article\" \/>\n<meta property=\"og:title\" content=\"Mit\u00e4 eroa on kansanmurhalla ja rikoksella ihmisyytt\u00e4 vastaan? - Vallan mahotonta!\" \/>\n<meta property=\"og:description\" content=\"Lyhyt keskustelu kansainv\u00e4lisen oikeuden tutkija Sebastian Machado Ramirezin kanssa Israelia vastaan nostetutuista syytteist\u00e4 ja kansainv\u00e4lisen oikeuden institutionaalisesta rakenteesta. Etel\u00e4-Afrikka on nostanut kanteen Israelia vastaan kansanmurhasta Kan&hellip;\" \/>\n<meta property=\"og:url\" content=\"https:\/\/suomenkuvalehti.fi\/vallan-mahotonta\/mita-eroa-on-kansanmurhalla-ja-rikoksella-ihmisyytta-vastaan\/\" \/>\n<meta property=\"og:site_name\" content=\"Vallan mahotonta!\" \/>\n<meta property=\"article:author\" content=\"https:\/\/www.facebook.com\/a.ronkainen\" \/>\n<meta property=\"article:published_time\" content=\"2024-05-31T13:00:53+00:00\" \/>\n<meta property=\"article:modified_time\" content=\"2024-05-31T13:12:34+00:00\" \/>\n<meta property=\"og:image\" content=\"https:\/\/suomenkuvalehti.fi\/vallan-mahotonta\/wp-content\/uploads\/sites\/42\/2024\/05\/icj-1024x683.png\" \/>\n\t<meta property=\"og:image:width\" content=\"1024\" \/>\n\t<meta property=\"og:image:height\" content=\"683\" \/>\n\t<meta property=\"og:image:type\" content=\"image\/png\" \/>\n<meta name=\"author\" content=\"Antti Ronkainen\" \/>\n<meta name=\"twitter:card\" content=\"summary_large_image\" \/>\n<meta name=\"twitter:creator\" content=\"@https:\/\/twitter.com\/anttironkainen\" \/>\n<meta name=\"twitter:label1\" content=\"Written by\" \/>\n\t<meta name=\"twitter:data1\" content=\"Antti Ronkainen\" \/>\n\t<meta name=\"twitter:label2\" content=\"Est. reading time\" \/>\n\t<meta name=\"twitter:data2\" content=\"7 minuuttia\" \/>\n<script type=\"application\/ld+json\" class=\"yoast-schema-graph\">{\"@context\":\"https:\/\/schema.org\",\"@graph\":[{\"@type\":\"WebPage\",\"@id\":\"https:\/\/suomenkuvalehti.fi\/vallan-mahotonta\/mita-eroa-on-kansanmurhalla-ja-rikoksella-ihmisyytta-vastaan\/\",\"url\":\"https:\/\/suomenkuvalehti.fi\/vallan-mahotonta\/mita-eroa-on-kansanmurhalla-ja-rikoksella-ihmisyytta-vastaan\/\",\"name\":\"Mit\u00e4 eroa on kansanmurhalla ja rikoksella ihmisyytt\u00e4 vastaan? - Vallan mahotonta!\",\"isPartOf\":{\"@id\":\"https:\/\/suomenkuvalehti.fi\/vallan-mahotonta\/#website\"},\"primaryImageOfPage\":{\"@id\":\"https:\/\/suomenkuvalehti.fi\/vallan-mahotonta\/mita-eroa-on-kansanmurhalla-ja-rikoksella-ihmisyytta-vastaan\/#primaryimage\"},\"image\":{\"@id\":\"https:\/\/suomenkuvalehti.fi\/vallan-mahotonta\/mita-eroa-on-kansanmurhalla-ja-rikoksella-ihmisyytta-vastaan\/#primaryimage\"},\"thumbnailUrl\":\"https:\/\/suomenkuvalehti.fi\/vallan-mahotonta\/wp-content\/uploads\/sites\/42\/2024\/05\/icj.png\",\"datePublished\":\"2024-05-31T13:00:53+00:00\",\"dateModified\":\"2024-05-31T13:12:34+00:00\",\"author\":{\"@id\":\"https:\/\/suomenkuvalehti.fi\/vallan-mahotonta\/#\/schema\/person\/aa34015af7a4bce21e1cdcf566bb57b0\"},\"breadcrumb\":{\"@id\":\"https:\/\/suomenkuvalehti.fi\/vallan-mahotonta\/mita-eroa-on-kansanmurhalla-ja-rikoksella-ihmisyytta-vastaan\/#breadcrumb\"},\"inLanguage\":\"fi\",\"potentialAction\":[{\"@type\":\"ReadAction\",\"target\":[\"https:\/\/suomenkuvalehti.fi\/vallan-mahotonta\/mita-eroa-on-kansanmurhalla-ja-rikoksella-ihmisyytta-vastaan\/\"]}]},{\"@type\":\"ImageObject\",\"inLanguage\":\"fi\",\"@id\":\"https:\/\/suomenkuvalehti.fi\/vallan-mahotonta\/mita-eroa-on-kansanmurhalla-ja-rikoksella-ihmisyytta-vastaan\/#primaryimage\",\"url\":\"https:\/\/suomenkuvalehti.fi\/vallan-mahotonta\/wp-content\/uploads\/sites\/42\/2024\/05\/icj.png\",\"contentUrl\":\"https:\/\/suomenkuvalehti.fi\/vallan-mahotonta\/wp-content\/uploads\/sites\/42\/2024\/05\/icj.png\",\"width\":1297,\"height\":865,\"caption\":\"Julkiset kuulemiset Etel\u00e4-Afrikan nostamasta oikeusjutusta Kansainv\u00e4lisess\u00e4 tuomioistuimessa\"},{\"@type\":\"BreadcrumbList\",\"@id\":\"https:\/\/suomenkuvalehti.fi\/vallan-mahotonta\/mita-eroa-on-kansanmurhalla-ja-rikoksella-ihmisyytta-vastaan\/#breadcrumb\",\"itemListElement\":[{\"@type\":\"ListItem\",\"position\":1,\"name\":\"Home\",\"item\":\"https:\/\/suomenkuvalehti.fi\/vallan-mahotonta\/\"},{\"@type\":\"ListItem\",\"position\":2,\"name\":\"Mit\u00e4 eroa on kansanmurhalla ja rikoksella ihmisyytt\u00e4 vastaan?\"}]},{\"@type\":\"WebSite\",\"@id\":\"https:\/\/suomenkuvalehti.fi\/vallan-mahotonta\/#website\",\"url\":\"https:\/\/suomenkuvalehti.fi\/vallan-mahotonta\/\",\"name\":\"Vallan mahotonta!\",\"description\":\"Tutkija Antti Ronkainen seuraa maailmantalouden murrosta.\",\"potentialAction\":[{\"@type\":\"SearchAction\",\"target\":{\"@type\":\"EntryPoint\",\"urlTemplate\":\"https:\/\/suomenkuvalehti.fi\/haku\/?q={search_term_string}\"},\"query-input\":{\"@type\":\"PropertyValueSpecification\",\"valueRequired\":true,\"valueName\":\"search_term_string\"}}],\"inLanguage\":\"fi\"},{\"@type\":\"Person\",\"@id\":\"https:\/\/suomenkuvalehti.fi\/vallan-mahotonta\/#\/schema\/person\/aa34015af7a4bce21e1cdcf566bb57b0\",\"name\":\"Antti Ronkainen\",\"image\":{\"@type\":\"ImageObject\",\"inLanguage\":\"fi\",\"@id\":\"https:\/\/suomenkuvalehti.fi\/vallan-mahotonta\/#\/schema\/person\/image\/\",\"url\":\"https:\/\/suomenkuvalehti.fi\/vallan-mahotonta\/wp-content\/uploads\/sites\/42\/2018\/05\/antti_j_ronkainen_blogi_pieni-150x150.jpg\",\"contentUrl\":\"https:\/\/suomenkuvalehti.fi\/vallan-mahotonta\/wp-content\/uploads\/sites\/42\/2018\/05\/antti_j_ronkainen_blogi_pieni-150x150.jpg\",\"caption\":\"Antti Ronkainen\"},\"description\":\"Antti Ronkainen on poliittisen talouden v\u00e4it\u00f6skirjatutkija Helsingin yliopistolla.\",\"sameAs\":[\"http:\/\/anttironkainen.fi\",\"https:\/\/www.facebook.com\/a.ronkainen\",\"https:\/\/www.instagram.com\/antti.ronkainen\/\",\"https:\/\/x.com\/https:\/\/twitter.com\/anttironkainen\"]}]}<\/script>\n<!-- \/ Yoast SEO plugin. -->","yoast_head_json":{"title":"Mit\u00e4 eroa on kansanmurhalla ja rikoksella ihmisyytt\u00e4 vastaan? - Vallan mahotonta!","robots":{"index":"index","follow":"follow","max-snippet":"max-snippet:-1","max-image-preview":"max-image-preview:large","max-video-preview":"max-video-preview:-1"},"canonical":"https:\/\/suomenkuvalehti.fi\/vallan-mahotonta\/mita-eroa-on-kansanmurhalla-ja-rikoksella-ihmisyytta-vastaan\/","og_locale":"fi_FI","og_type":"article","og_title":"Mit\u00e4 eroa on kansanmurhalla ja rikoksella ihmisyytt\u00e4 vastaan? - Vallan mahotonta!","og_description":"Lyhyt keskustelu kansainv\u00e4lisen oikeuden tutkija Sebastian Machado Ramirezin kanssa Israelia vastaan nostetutuista syytteist\u00e4 ja kansainv\u00e4lisen oikeuden institutionaalisesta rakenteesta. Etel\u00e4-Afrikka on nostanut kanteen Israelia vastaan kansanmurhasta Kan&hellip;","og_url":"https:\/\/suomenkuvalehti.fi\/vallan-mahotonta\/mita-eroa-on-kansanmurhalla-ja-rikoksella-ihmisyytta-vastaan\/","og_site_name":"Vallan mahotonta!","article_author":"https:\/\/www.facebook.com\/a.ronkainen","article_published_time":"2024-05-31T13:00:53+00:00","article_modified_time":"2024-05-31T13:12:34+00:00","og_image":[{"width":1024,"height":683,"url":"https:\/\/suomenkuvalehti.fi\/vallan-mahotonta\/wp-content\/uploads\/sites\/42\/2024\/05\/icj-1024x683.png","type":"image\/png"}],"author":"Antti Ronkainen","twitter_card":"summary_large_image","twitter_creator":"@https:\/\/twitter.com\/anttironkainen","twitter_misc":{"Written by":"Antti Ronkainen","Est. reading time":"7 minuuttia"},"schema":{"@context":"https:\/\/schema.org","@graph":[{"@type":"WebPage","@id":"https:\/\/suomenkuvalehti.fi\/vallan-mahotonta\/mita-eroa-on-kansanmurhalla-ja-rikoksella-ihmisyytta-vastaan\/","url":"https:\/\/suomenkuvalehti.fi\/vallan-mahotonta\/mita-eroa-on-kansanmurhalla-ja-rikoksella-ihmisyytta-vastaan\/","name":"Mit\u00e4 eroa on kansanmurhalla ja rikoksella ihmisyytt\u00e4 vastaan? - Vallan mahotonta!","isPartOf":{"@id":"https:\/\/suomenkuvalehti.fi\/vallan-mahotonta\/#website"},"primaryImageOfPage":{"@id":"https:\/\/suomenkuvalehti.fi\/vallan-mahotonta\/mita-eroa-on-kansanmurhalla-ja-rikoksella-ihmisyytta-vastaan\/#primaryimage"},"image":{"@id":"https:\/\/suomenkuvalehti.fi\/vallan-mahotonta\/mita-eroa-on-kansanmurhalla-ja-rikoksella-ihmisyytta-vastaan\/#primaryimage"},"thumbnailUrl":"https:\/\/suomenkuvalehti.fi\/vallan-mahotonta\/wp-content\/uploads\/sites\/42\/2024\/05\/icj.png","datePublished":"2024-05-31T13:00:53+00:00","dateModified":"2024-05-31T13:12:34+00:00","author":{"@id":"https:\/\/suomenkuvalehti.fi\/vallan-mahotonta\/#\/schema\/person\/aa34015af7a4bce21e1cdcf566bb57b0"},"breadcrumb":{"@id":"https:\/\/suomenkuvalehti.fi\/vallan-mahotonta\/mita-eroa-on-kansanmurhalla-ja-rikoksella-ihmisyytta-vastaan\/#breadcrumb"},"inLanguage":"fi","potentialAction":[{"@type":"ReadAction","target":["https:\/\/suomenkuvalehti.fi\/vallan-mahotonta\/mita-eroa-on-kansanmurhalla-ja-rikoksella-ihmisyytta-vastaan\/"]}]},{"@type":"ImageObject","inLanguage":"fi","@id":"https:\/\/suomenkuvalehti.fi\/vallan-mahotonta\/mita-eroa-on-kansanmurhalla-ja-rikoksella-ihmisyytta-vastaan\/#primaryimage","url":"https:\/\/suomenkuvalehti.fi\/vallan-mahotonta\/wp-content\/uploads\/sites\/42\/2024\/05\/icj.png","contentUrl":"https:\/\/suomenkuvalehti.fi\/vallan-mahotonta\/wp-content\/uploads\/sites\/42\/2024\/05\/icj.png","width":1297,"height":865,"caption":"Julkiset kuulemiset Etel\u00e4-Afrikan nostamasta oikeusjutusta Kansainv\u00e4lisess\u00e4 tuomioistuimessa"},{"@type":"BreadcrumbList","@id":"https:\/\/suomenkuvalehti.fi\/vallan-mahotonta\/mita-eroa-on-kansanmurhalla-ja-rikoksella-ihmisyytta-vastaan\/#breadcrumb","itemListElement":[{"@type":"ListItem","position":1,"name":"Home","item":"https:\/\/suomenkuvalehti.fi\/vallan-mahotonta\/"},{"@type":"ListItem","position":2,"name":"Mit\u00e4 eroa on kansanmurhalla ja rikoksella ihmisyytt\u00e4 vastaan?"}]},{"@type":"WebSite","@id":"https:\/\/suomenkuvalehti.fi\/vallan-mahotonta\/#website","url":"https:\/\/suomenkuvalehti.fi\/vallan-mahotonta\/","name":"Vallan mahotonta!","description":"Tutkija Antti Ronkainen seuraa maailmantalouden murrosta.","potentialAction":[{"@type":"SearchAction","target":{"@type":"EntryPoint","urlTemplate":"https:\/\/suomenkuvalehti.fi\/haku\/?q={search_term_string}"},"query-input":{"@type":"PropertyValueSpecification","valueRequired":true,"valueName":"search_term_string"}}],"inLanguage":"fi"},{"@type":"Person","@id":"https:\/\/suomenkuvalehti.fi\/vallan-mahotonta\/#\/schema\/person\/aa34015af7a4bce21e1cdcf566bb57b0","name":"Antti Ronkainen","image":{"@type":"ImageObject","inLanguage":"fi","@id":"https:\/\/suomenkuvalehti.fi\/vallan-mahotonta\/#\/schema\/person\/image\/","url":"https:\/\/suomenkuvalehti.fi\/vallan-mahotonta\/wp-content\/uploads\/sites\/42\/2018\/05\/antti_j_ronkainen_blogi_pieni-150x150.jpg","contentUrl":"https:\/\/suomenkuvalehti.fi\/vallan-mahotonta\/wp-content\/uploads\/sites\/42\/2018\/05\/antti_j_ronkainen_blogi_pieni-150x150.jpg","caption":"Antti Ronkainen"},"description":"Antti Ronkainen on poliittisen talouden v\u00e4it\u00f6skirjatutkija Helsingin yliopistolla.","sameAs":["http:\/\/anttironkainen.fi","https:\/\/www.facebook.com\/a.ronkainen","https:\/\/www.instagram.com\/antti.ronkainen\/","https:\/\/x.com\/https:\/\/twitter.com\/anttironkainen"]}]}},"_links":{"self":[{"href":"https:\/\/suomenkuvalehti.fi\/vallan-mahotonta\/wp-json\/wp\/v2\/posts\/10170","targetHints":{"allow":["GET"]}}],"collection":[{"href":"https:\/\/suomenkuvalehti.fi\/vallan-mahotonta\/wp-json\/wp\/v2\/posts"}],"about":[{"href":"https:\/\/suomenkuvalehti.fi\/vallan-mahotonta\/wp-json\/wp\/v2\/types\/post"}],"author":[{"embeddable":true,"href":"https:\/\/suomenkuvalehti.fi\/vallan-mahotonta\/wp-json\/wp\/v2\/users\/37967"}],"replies":[{"embeddable":true,"href":"https:\/\/suomenkuvalehti.fi\/vallan-mahotonta\/wp-json\/wp\/v2\/comments?post=10170"}],"version-history":[{"count":19,"href":"https:\/\/suomenkuvalehti.fi\/vallan-mahotonta\/wp-json\/wp\/v2\/posts\/10170\/revisions"}],"predecessor-version":[{"id":10191,"href":"https:\/\/suomenkuvalehti.fi\/vallan-mahotonta\/wp-json\/wp\/v2\/posts\/10170\/revisions\/10191"}],"wp:featuredmedia":[{"embeddable":true,"href":"https:\/\/suomenkuvalehti.fi\/vallan-mahotonta\/wp-json\/wp\/v2\/media\/10189"}],"wp:attachment":[{"href":"https:\/\/suomenkuvalehti.fi\/vallan-mahotonta\/wp-json\/wp\/v2\/media?parent=10170"}],"wp:term":[{"taxonomy":"category","embeddable":true,"href":"https:\/\/suomenkuvalehti.fi\/vallan-mahotonta\/wp-json\/wp\/v2\/categories?post=10170"},{"taxonomy":"post_tag","embeddable":true,"href":"https:\/\/suomenkuvalehti.fi\/vallan-mahotonta\/wp-json\/wp\/v2\/tags?post=10170"}],"curies":[{"name":"wp","href":"https:\/\/api.w.org\/{rel}","templated":true}]}}