{"id":10138,"date":"2024-05-12T21:52:05","date_gmt":"2024-05-12T18:52:05","guid":{"rendered":"https:\/\/suomenkuvalehti.fi\/vallan-mahotonta\/?p=10138"},"modified":"2024-05-12T21:54:42","modified_gmt":"2024-05-12T18:54:42","slug":"euroviisujen-naennainen-epapoliittisuus-meni-poliittiseksi-sekoiluksi","status":"publish","type":"post","link":"https:\/\/suomenkuvalehti.fi\/vallan-mahotonta\/euroviisujen-naennainen-epapoliittisuus-meni-poliittiseksi-sekoiluksi\/","title":{"rendered":"Euroviisujen n\u00e4enn\u00e4inen ep\u00e4poliittisuus meni poliittiseksi sekoiluksi"},"content":{"rendered":"\n<p>Vuoden 2024 euroviisut tullaan muistamaan Ruotsin omahyv\u00e4isest\u00e4 is\u00e4nn\u00f6innist\u00e4, mutta ennen kaikkea poliittisesta sekoilusta. V\u00e4hemm\u00e4n yll\u00e4tt\u00e4en EBU:n pyrkimys j\u00e4rjest\u00e4\u00e4 &#8221;ep\u00e4poliittiset viisut&#8221; aktivoi niin Israelin kuin Palestiinankin kannattajat.<\/p>\n\n\n\n<p>Ensinn\u00e4kin, Israelin j\u00e4tt\u00e4mist\u00e4 euroviisujen ulkopuolelle on vaadittu laajasti sen hy\u00f6k\u00e4tty\u00e4 Gazaan. Suomea edustaneiden <strong>Teemu Keisterin<\/strong> ja <strong>Henri Piispasen<\/strong> lis\u00e4ksi Sveitsin, Irlannin, Norjan, Iso-Britannian, Portugalin, San Marinon, Tanskan ja Liettun <a href=\"https:\/\/www.is.fi\/viihde\/art-2000010327655.html\">edustajat vaativat<\/a>, ettei Israel osallistuisi viisuihin.<\/p>\n\n\n\n<p>Toiseksi, Israelin viisukappale <a href=\"https:\/\/www.standard.co.uk\/culture\/music\/hurricane-lyrics-israel-eurovision-song-b1156958.html\">kertoo Hamasin lokakuisesta terroristi-iskusta<\/a>. EBU vaati kappaleeseen muutoksia liian poliittisuuden vuoksi, jonka my\u00f6t\u00e4 nimi <em>October Rain<\/em> muutettiin <em>Hurricaneksi<\/em> ja viittaukset kuolleisiin lapsiin poistettiin. Israel suostui osallistumaan muutetulla kappaleella vasta kun presidentti <a href=\"https:\/\/www.theguardian.com\/tv-and-radio\/2024\/feb\/25\/israel-should-have-a-voice-at-eurovision-says-president-amid-row-over-lyrics\"><strong>Isaac Herzog<\/strong> sit\u00e4 vaati<\/a>. <\/p>\n\n\n\n<p>Artisteilta on kielletty my\u00f6s kaikenlaiset poliittiset kannanotot, mink\u00e4 lis\u00e4ksi Malm\u00f6 Arenalle ei saanut vied\u00e4 Palestiinan lippuja, eik\u00e4 my\u00f6sk\u00e4\u00e4n EU:n tai sukupuoli- ja seksuaaliv\u00e4hemmist\u00f6jen lippuja. Viisut voittanut <strong>Nemo Mettler<\/strong> salakuljetti oman lippunsa Arenalle. <\/p>\n\n\n\n<p>Kolmanneksi EBU:n hyv\u00e4ksytty\u00e4 Israelin viisuihin vaadittiin artisteja, yleisradioita ja katsojia boikotoimaan euroviisuja. Keisteri ja Piispanen saivat esimerkiksi suuren m\u00e4\u00e4r\u00e4n painostusta olla osallistumatta euroviisuihin. Sveitsi, Irlanti, Iso-Britannia ja Portugali olivat vet\u00e4yty\u00e4 finaalista viime hetkell\u00e4.  <\/p>\n\n\n\n<p>Torstaina j\u00e4rjestetyn toisen semifinaalin j\u00e4lkeen Italian mediaan vuosi tietoja, joiden mukaan per\u00e4ti 39 % italialaisista olisi \u00e4\u00e4nest\u00e4nyt Israelia. Vedonly\u00f6ntikertoimet meniv\u00e4t uusiksi ja Israel nousi voittajaehdokkaaksi.  <\/p>\n\n\n\n<p>Meno \u00e4ityi kaoottiseksi, kun Alankomaiden edustaja <strong>Joost Klein<\/strong> ei osallistunut perjantaina kenraaliharjoituksiin. EBU diskasi Alankomaat finaalista ep\u00e4asiallisen k\u00e4yt\u00f6ksen vuoksi seminafinaalin j\u00e4lkeen, jota Ruotsin poliisi t\u00e4ll\u00e4 hetkell\u00e4 tutkii.  <\/p>\n\n\n\n<p>Lopulta tuomarien \u00e4\u00e4net ratkaisivat j\u00e4lleen kisan. Israel oli 323 \u00e4\u00e4nell\u00e4 yleis\u00f6\u00e4\u00e4nten toinen, mutta sai kansainv\u00e4lisilt\u00e4 raadeilta ainoastaan 52 \u00e4\u00e4nt\u00e4. <\/p>\n\n\n\n<p>Israel olisi tarvinnut 216 \u00e4\u00e4nt\u00e4 voittoon, mutta on kuitenkin vaikea olla ajattelematta, ettei ulkomusiikilliset tekij\u00e4t olisi vaikuttaneet valintoihin. Poliittinen paine vaikutti my\u00f6s \u00e4\u00e4nest\u00e4jiin. Lis\u00e4ksi Alankomaiden diskaus on sekin voinut vaikuttaa k\u00e4rjen j\u00e4rjestykseen. <\/p>\n\n\n\n<p>Sen sijaan on vaikeampi arvioida, kuinka suuri vaikutus euroviisujen boikotoinnilla (tai siit\u00e4 kertomisella) oli lopputulokseen. Artistien vet\u00e4ytyminen olisi syvent\u00e4nyt kriisi\u00e4, jossa euroviisut ovat ep\u00e4poliittisuutensa vuoksi.<\/p>\n\n\n\n<p>V\u00e4hint\u00e4\u00e4nkin viisujen tulee selvent\u00e4\u00e4 s\u00e4\u00e4nt\u00f6j\u00e4\u00e4n sotaa k\u00e4yvien maiden osallistumisesta. Sen j\u00e4lkeen euroviisujen tulee p\u00e4ivitt\u00e4\u00e4 k\u00e4sityksi\u00e4\u00e4n &#8221;ep\u00e4poliittisuudesta&#8221;, ettei t\u00e4m\u00e4nvuotinen sekoilu toistuisi.  <\/p>\n\n\n\n<p>Illan kovimmat buuakset meniv\u00e4t ansaitusti viisujen johtajalle <strong>Martin \u00d6sterdahlille<\/strong>. <\/p>\n\n\n\n<p><\/p>\n\n\n<figure class=\"wp-block-image size-full alignnone\">\n  <div class=\"wp-block-image__inner-container\">\n    <a href=\"https:\/\/suomenkuvalehti.fi\/vallan-mahotonta\/wp-content\/uploads\/sites\/42\/2024\/05\/screenshot-2024-05-12-at-18-21-46-eurovision-2024-results-voting-points.png\"><img loading=\"lazy\" decoding=\"async\" src=\"https:\/\/suomenkuvalehti.fi\/vallan-mahotonta\/wp-content\/uploads\/sites\/42\/2024\/05\/screenshot-2024-05-12-at-18-21-46-eurovision-2024-results-voting-points.png\" alt=\"\" class=\"wp-image-10141\" width=\"744\" height=\"650\" style=\"--aspect-ratio: 1.14\" srcset=\"https:\/\/suomenkuvalehti.fi\/vallan-mahotonta\/wp-content\/uploads\/sites\/42\/2024\/05\/screenshot-2024-05-12-at-18-21-46-eurovision-2024-results-voting-points.png 744w, https:\/\/suomenkuvalehti.fi\/vallan-mahotonta\/wp-content\/uploads\/sites\/42\/2024\/05\/screenshot-2024-05-12-at-18-21-46-eurovision-2024-results-voting-points-300x262.png 300w\" sizes=\"auto, (max-width: 744px) 100vw, 744px\" \/><\/a>  <\/div>\n<\/figure>\n","protected":false},"excerpt":{"rendered":"<p>Vuoden 2024 euroviisut tullaan muistamaan Ruotsin omahyv\u00e4isest\u00e4 is\u00e4nn\u00f6innist\u00e4, mutta ennen kaikkea poliittisesta sekoilusta. V\u00e4hemm\u00e4n yll\u00e4tt\u00e4en EBU:n pyrkimys j\u00e4rjest\u00e4\u00e4 &#8221;ep\u00e4poliittiset viisut&#8221; aktivoi niin Israelin kuin Palestiinankin<br \/>\nkannattajat.&hellip;<\/p>\n","protected":false},"author":37967,"featured_media":10155,"comment_status":"open","ping_status":"open","sticky":false,"template":"","format":"standard","meta":{"_acf_changed":false,"asauth_required_access_level":3,"asauth_cansharepaid":"true","om_header_attributes":[],"footnotes":"","om_featured_image_focal_point":[],"om_primary_tag":542,"om_contributors":[],"om_co_authors":[],"beyondwords_generate_audio":"","beyondwords_project_id":"","beyondwords_content_id":"","beyondwords_preview_token":"","beyondwords_player_content":"","beyondwords_player_style":"","beyondwords_language_code":"","beyondwords_language_id":"","beyondwords_title_voice_id":"","beyondwords_body_voice_id":"","beyondwords_summary_voice_id":"","beyondwords_error_message":"","beyondwords_disabled":"","beyondwords_delete_content":"","beyondwords_podcast_id":"","beyondwords_hash":"","publish_post_to_speechkit":"","speechkit_hash":"","speechkit_generate_audio":"","speechkit_project_id":"","speechkit_podcast_id":"","speechkit_error_message":"","speechkit_disabled":"","speechkit_access_key":"","speechkit_error":"","speechkit_info":"","speechkit_response":"","speechkit_retries":"","speechkit_status":"","speechkit_updated_at":"","_speechkit_link":"","_speechkit_text":""},"categories":[1],"tags":[542,729,688],"class_list":["post-10138","post","type-post","status-publish","format-standard","has-post-thumbnail","hentry","category-vallan-mahotonta","tag-epapoliittisuus","tag-euroviisut","tag-israel"],"om_views":null,"acf":{"tuuma_off":false,"tuuma_kysymys":"","tuuma_vastaus":""},"asauth":{"required_access_level":1,"share_token":"","is_paid":false},"yoast_head":"<!-- This site is optimized with the Yoast SEO plugin v26.4 - https:\/\/yoast.com\/wordpress\/plugins\/seo\/ -->\n<title>Euroviisujen n\u00e4enn\u00e4inen ep\u00e4poliittisuus meni poliittiseksi sekoiluksi - Vallan mahotonta!<\/title>\n<meta name=\"robots\" content=\"index, follow, max-snippet:-1, max-image-preview:large, max-video-preview:-1\" \/>\n<link rel=\"canonical\" href=\"https:\/\/suomenkuvalehti.fi\/vallan-mahotonta\/euroviisujen-naennainen-epapoliittisuus-meni-poliittiseksi-sekoiluksi\/\" \/>\n<meta property=\"og:locale\" content=\"fi_FI\" \/>\n<meta property=\"og:type\" content=\"article\" \/>\n<meta property=\"og:title\" content=\"Euroviisujen n\u00e4enn\u00e4inen ep\u00e4poliittisuus meni poliittiseksi sekoiluksi - Vallan mahotonta!\" \/>\n<meta property=\"og:description\" content=\"Vuoden 2024 euroviisut tullaan muistamaan Ruotsin omahyv\u00e4isest\u00e4 is\u00e4nn\u00f6innist\u00e4, mutta ennen kaikkea poliittisesta sekoilusta. V\u00e4hemm\u00e4n yll\u00e4tt\u00e4en EBU:n pyrkimys j\u00e4rjest\u00e4\u00e4 &#8221;ep\u00e4poliittiset viisut&#8221; aktivoi niin Israelin kuin Palestiinankin kannattajat.&hellip;\" \/>\n<meta property=\"og:url\" content=\"https:\/\/suomenkuvalehti.fi\/vallan-mahotonta\/euroviisujen-naennainen-epapoliittisuus-meni-poliittiseksi-sekoiluksi\/\" \/>\n<meta property=\"og:site_name\" content=\"Vallan mahotonta!\" \/>\n<meta property=\"article:author\" content=\"https:\/\/www.facebook.com\/a.ronkainen\" \/>\n<meta property=\"article:published_time\" content=\"2024-05-12T18:52:05+00:00\" \/>\n<meta property=\"article:modified_time\" content=\"2024-05-12T18:54:42+00:00\" \/>\n<meta property=\"og:image\" content=\"https:\/\/suomenkuvalehti.fi\/vallan-mahotonta\/wp-content\/uploads\/sites\/42\/2024\/05\/11.05.24-corinne-cumming-ebu-16401.jpg\" \/>\n\t<meta property=\"og:image:width\" content=\"1440\" \/>\n\t<meta property=\"og:image:height\" content=\"960\" \/>\n\t<meta property=\"og:image:type\" content=\"image\/jpeg\" \/>\n<meta name=\"author\" content=\"Antti Ronkainen\" \/>\n<meta name=\"twitter:card\" content=\"summary_large_image\" \/>\n<meta name=\"twitter:creator\" content=\"@https:\/\/twitter.com\/anttironkainen\" \/>\n<meta name=\"twitter:label1\" content=\"Written by\" \/>\n\t<meta name=\"twitter:data1\" content=\"Antti Ronkainen\" \/>\n\t<meta name=\"twitter:label2\" content=\"Est. reading time\" \/>\n\t<meta name=\"twitter:data2\" content=\"3 minuuttia\" \/>\n<script type=\"application\/ld+json\" class=\"yoast-schema-graph\">{\"@context\":\"https:\/\/schema.org\",\"@graph\":[{\"@type\":\"WebPage\",\"@id\":\"https:\/\/suomenkuvalehti.fi\/vallan-mahotonta\/euroviisujen-naennainen-epapoliittisuus-meni-poliittiseksi-sekoiluksi\/\",\"url\":\"https:\/\/suomenkuvalehti.fi\/vallan-mahotonta\/euroviisujen-naennainen-epapoliittisuus-meni-poliittiseksi-sekoiluksi\/\",\"name\":\"Euroviisujen n\u00e4enn\u00e4inen ep\u00e4poliittisuus meni poliittiseksi sekoiluksi - Vallan mahotonta!\",\"isPartOf\":{\"@id\":\"https:\/\/suomenkuvalehti.fi\/vallan-mahotonta\/#website\"},\"primaryImageOfPage\":{\"@id\":\"https:\/\/suomenkuvalehti.fi\/vallan-mahotonta\/euroviisujen-naennainen-epapoliittisuus-meni-poliittiseksi-sekoiluksi\/#primaryimage\"},\"image\":{\"@id\":\"https:\/\/suomenkuvalehti.fi\/vallan-mahotonta\/euroviisujen-naennainen-epapoliittisuus-meni-poliittiseksi-sekoiluksi\/#primaryimage\"},\"thumbnailUrl\":\"https:\/\/suomenkuvalehti.fi\/vallan-mahotonta\/wp-content\/uploads\/sites\/42\/2024\/05\/11.05.24-corinne-cumming-ebu-16401.jpg\",\"datePublished\":\"2024-05-12T18:52:05+00:00\",\"dateModified\":\"2024-05-12T18:54:42+00:00\",\"author\":{\"@id\":\"https:\/\/suomenkuvalehti.fi\/vallan-mahotonta\/#\/schema\/person\/aa34015af7a4bce21e1cdcf566bb57b0\"},\"breadcrumb\":{\"@id\":\"https:\/\/suomenkuvalehti.fi\/vallan-mahotonta\/euroviisujen-naennainen-epapoliittisuus-meni-poliittiseksi-sekoiluksi\/#breadcrumb\"},\"inLanguage\":\"fi\",\"potentialAction\":[{\"@type\":\"ReadAction\",\"target\":[\"https:\/\/suomenkuvalehti.fi\/vallan-mahotonta\/euroviisujen-naennainen-epapoliittisuus-meni-poliittiseksi-sekoiluksi\/\"]}]},{\"@type\":\"ImageObject\",\"inLanguage\":\"fi\",\"@id\":\"https:\/\/suomenkuvalehti.fi\/vallan-mahotonta\/euroviisujen-naennainen-epapoliittisuus-meni-poliittiseksi-sekoiluksi\/#primaryimage\",\"url\":\"https:\/\/suomenkuvalehti.fi\/vallan-mahotonta\/wp-content\/uploads\/sites\/42\/2024\/05\/11.05.24-corinne-cumming-ebu-16401.jpg\",\"contentUrl\":\"https:\/\/suomenkuvalehti.fi\/vallan-mahotonta\/wp-content\/uploads\/sites\/42\/2024\/05\/11.05.24-corinne-cumming-ebu-16401.jpg\",\"width\":1440,\"height\":960,\"caption\":\"Irlannin euroviisuedustaja Bambie Thug \u00a9 Corinne Cumming \/ EBU\"},{\"@type\":\"BreadcrumbList\",\"@id\":\"https:\/\/suomenkuvalehti.fi\/vallan-mahotonta\/euroviisujen-naennainen-epapoliittisuus-meni-poliittiseksi-sekoiluksi\/#breadcrumb\",\"itemListElement\":[{\"@type\":\"ListItem\",\"position\":1,\"name\":\"Home\",\"item\":\"https:\/\/suomenkuvalehti.fi\/vallan-mahotonta\/\"},{\"@type\":\"ListItem\",\"position\":2,\"name\":\"Euroviisujen n\u00e4enn\u00e4inen ep\u00e4poliittisuus meni poliittiseksi sekoiluksi\"}]},{\"@type\":\"WebSite\",\"@id\":\"https:\/\/suomenkuvalehti.fi\/vallan-mahotonta\/#website\",\"url\":\"https:\/\/suomenkuvalehti.fi\/vallan-mahotonta\/\",\"name\":\"Vallan mahotonta!\",\"description\":\"Tutkija Antti Ronkainen seuraa maailmantalouden murrosta.\",\"potentialAction\":[{\"@type\":\"SearchAction\",\"target\":{\"@type\":\"EntryPoint\",\"urlTemplate\":\"https:\/\/suomenkuvalehti.fi\/haku\/?q={search_term_string}\"},\"query-input\":{\"@type\":\"PropertyValueSpecification\",\"valueRequired\":true,\"valueName\":\"search_term_string\"}}],\"inLanguage\":\"fi\"},{\"@type\":\"Person\",\"@id\":\"https:\/\/suomenkuvalehti.fi\/vallan-mahotonta\/#\/schema\/person\/aa34015af7a4bce21e1cdcf566bb57b0\",\"name\":\"Antti Ronkainen\",\"image\":{\"@type\":\"ImageObject\",\"inLanguage\":\"fi\",\"@id\":\"https:\/\/suomenkuvalehti.fi\/vallan-mahotonta\/#\/schema\/person\/image\/\",\"url\":\"https:\/\/suomenkuvalehti.fi\/vallan-mahotonta\/wp-content\/uploads\/sites\/42\/2018\/05\/antti_j_ronkainen_blogi_pieni-150x150.jpg\",\"contentUrl\":\"https:\/\/suomenkuvalehti.fi\/vallan-mahotonta\/wp-content\/uploads\/sites\/42\/2018\/05\/antti_j_ronkainen_blogi_pieni-150x150.jpg\",\"caption\":\"Antti Ronkainen\"},\"description\":\"Antti Ronkainen on poliittisen talouden v\u00e4it\u00f6skirjatutkija Helsingin yliopistolla.\",\"sameAs\":[\"http:\/\/anttironkainen.fi\",\"https:\/\/www.facebook.com\/a.ronkainen\",\"https:\/\/www.instagram.com\/antti.ronkainen\/\",\"https:\/\/x.com\/https:\/\/twitter.com\/anttironkainen\"]}]}<\/script>\n<!-- \/ Yoast SEO plugin. -->","yoast_head_json":{"title":"Euroviisujen n\u00e4enn\u00e4inen ep\u00e4poliittisuus meni poliittiseksi sekoiluksi - Vallan mahotonta!","robots":{"index":"index","follow":"follow","max-snippet":"max-snippet:-1","max-image-preview":"max-image-preview:large","max-video-preview":"max-video-preview:-1"},"canonical":"https:\/\/suomenkuvalehti.fi\/vallan-mahotonta\/euroviisujen-naennainen-epapoliittisuus-meni-poliittiseksi-sekoiluksi\/","og_locale":"fi_FI","og_type":"article","og_title":"Euroviisujen n\u00e4enn\u00e4inen ep\u00e4poliittisuus meni poliittiseksi sekoiluksi - Vallan mahotonta!","og_description":"Vuoden 2024 euroviisut tullaan muistamaan Ruotsin omahyv\u00e4isest\u00e4 is\u00e4nn\u00f6innist\u00e4, mutta ennen kaikkea poliittisesta sekoilusta. V\u00e4hemm\u00e4n yll\u00e4tt\u00e4en EBU:n pyrkimys j\u00e4rjest\u00e4\u00e4 &#8221;ep\u00e4poliittiset viisut&#8221; aktivoi niin Israelin kuin Palestiinankin kannattajat.&hellip;","og_url":"https:\/\/suomenkuvalehti.fi\/vallan-mahotonta\/euroviisujen-naennainen-epapoliittisuus-meni-poliittiseksi-sekoiluksi\/","og_site_name":"Vallan mahotonta!","article_author":"https:\/\/www.facebook.com\/a.ronkainen","article_published_time":"2024-05-12T18:52:05+00:00","article_modified_time":"2024-05-12T18:54:42+00:00","og_image":[{"width":1440,"height":960,"url":"https:\/\/suomenkuvalehti.fi\/vallan-mahotonta\/wp-content\/uploads\/sites\/42\/2024\/05\/11.05.24-corinne-cumming-ebu-16401.jpg","type":"image\/jpeg"}],"author":"Antti Ronkainen","twitter_card":"summary_large_image","twitter_creator":"@https:\/\/twitter.com\/anttironkainen","twitter_misc":{"Written by":"Antti Ronkainen","Est. reading time":"3 minuuttia"},"schema":{"@context":"https:\/\/schema.org","@graph":[{"@type":"WebPage","@id":"https:\/\/suomenkuvalehti.fi\/vallan-mahotonta\/euroviisujen-naennainen-epapoliittisuus-meni-poliittiseksi-sekoiluksi\/","url":"https:\/\/suomenkuvalehti.fi\/vallan-mahotonta\/euroviisujen-naennainen-epapoliittisuus-meni-poliittiseksi-sekoiluksi\/","name":"Euroviisujen n\u00e4enn\u00e4inen ep\u00e4poliittisuus meni poliittiseksi sekoiluksi - Vallan mahotonta!","isPartOf":{"@id":"https:\/\/suomenkuvalehti.fi\/vallan-mahotonta\/#website"},"primaryImageOfPage":{"@id":"https:\/\/suomenkuvalehti.fi\/vallan-mahotonta\/euroviisujen-naennainen-epapoliittisuus-meni-poliittiseksi-sekoiluksi\/#primaryimage"},"image":{"@id":"https:\/\/suomenkuvalehti.fi\/vallan-mahotonta\/euroviisujen-naennainen-epapoliittisuus-meni-poliittiseksi-sekoiluksi\/#primaryimage"},"thumbnailUrl":"https:\/\/suomenkuvalehti.fi\/vallan-mahotonta\/wp-content\/uploads\/sites\/42\/2024\/05\/11.05.24-corinne-cumming-ebu-16401.jpg","datePublished":"2024-05-12T18:52:05+00:00","dateModified":"2024-05-12T18:54:42+00:00","author":{"@id":"https:\/\/suomenkuvalehti.fi\/vallan-mahotonta\/#\/schema\/person\/aa34015af7a4bce21e1cdcf566bb57b0"},"breadcrumb":{"@id":"https:\/\/suomenkuvalehti.fi\/vallan-mahotonta\/euroviisujen-naennainen-epapoliittisuus-meni-poliittiseksi-sekoiluksi\/#breadcrumb"},"inLanguage":"fi","potentialAction":[{"@type":"ReadAction","target":["https:\/\/suomenkuvalehti.fi\/vallan-mahotonta\/euroviisujen-naennainen-epapoliittisuus-meni-poliittiseksi-sekoiluksi\/"]}]},{"@type":"ImageObject","inLanguage":"fi","@id":"https:\/\/suomenkuvalehti.fi\/vallan-mahotonta\/euroviisujen-naennainen-epapoliittisuus-meni-poliittiseksi-sekoiluksi\/#primaryimage","url":"https:\/\/suomenkuvalehti.fi\/vallan-mahotonta\/wp-content\/uploads\/sites\/42\/2024\/05\/11.05.24-corinne-cumming-ebu-16401.jpg","contentUrl":"https:\/\/suomenkuvalehti.fi\/vallan-mahotonta\/wp-content\/uploads\/sites\/42\/2024\/05\/11.05.24-corinne-cumming-ebu-16401.jpg","width":1440,"height":960,"caption":"Irlannin euroviisuedustaja Bambie Thug \u00a9 Corinne Cumming \/ EBU"},{"@type":"BreadcrumbList","@id":"https:\/\/suomenkuvalehti.fi\/vallan-mahotonta\/euroviisujen-naennainen-epapoliittisuus-meni-poliittiseksi-sekoiluksi\/#breadcrumb","itemListElement":[{"@type":"ListItem","position":1,"name":"Home","item":"https:\/\/suomenkuvalehti.fi\/vallan-mahotonta\/"},{"@type":"ListItem","position":2,"name":"Euroviisujen n\u00e4enn\u00e4inen ep\u00e4poliittisuus meni poliittiseksi sekoiluksi"}]},{"@type":"WebSite","@id":"https:\/\/suomenkuvalehti.fi\/vallan-mahotonta\/#website","url":"https:\/\/suomenkuvalehti.fi\/vallan-mahotonta\/","name":"Vallan mahotonta!","description":"Tutkija Antti Ronkainen seuraa maailmantalouden murrosta.","potentialAction":[{"@type":"SearchAction","target":{"@type":"EntryPoint","urlTemplate":"https:\/\/suomenkuvalehti.fi\/haku\/?q={search_term_string}"},"query-input":{"@type":"PropertyValueSpecification","valueRequired":true,"valueName":"search_term_string"}}],"inLanguage":"fi"},{"@type":"Person","@id":"https:\/\/suomenkuvalehti.fi\/vallan-mahotonta\/#\/schema\/person\/aa34015af7a4bce21e1cdcf566bb57b0","name":"Antti Ronkainen","image":{"@type":"ImageObject","inLanguage":"fi","@id":"https:\/\/suomenkuvalehti.fi\/vallan-mahotonta\/#\/schema\/person\/image\/","url":"https:\/\/suomenkuvalehti.fi\/vallan-mahotonta\/wp-content\/uploads\/sites\/42\/2018\/05\/antti_j_ronkainen_blogi_pieni-150x150.jpg","contentUrl":"https:\/\/suomenkuvalehti.fi\/vallan-mahotonta\/wp-content\/uploads\/sites\/42\/2018\/05\/antti_j_ronkainen_blogi_pieni-150x150.jpg","caption":"Antti Ronkainen"},"description":"Antti Ronkainen on poliittisen talouden v\u00e4it\u00f6skirjatutkija Helsingin yliopistolla.","sameAs":["http:\/\/anttironkainen.fi","https:\/\/www.facebook.com\/a.ronkainen","https:\/\/www.instagram.com\/antti.ronkainen\/","https:\/\/x.com\/https:\/\/twitter.com\/anttironkainen"]}]}},"_links":{"self":[{"href":"https:\/\/suomenkuvalehti.fi\/vallan-mahotonta\/wp-json\/wp\/v2\/posts\/10138","targetHints":{"allow":["GET"]}}],"collection":[{"href":"https:\/\/suomenkuvalehti.fi\/vallan-mahotonta\/wp-json\/wp\/v2\/posts"}],"about":[{"href":"https:\/\/suomenkuvalehti.fi\/vallan-mahotonta\/wp-json\/wp\/v2\/types\/post"}],"author":[{"embeddable":true,"href":"https:\/\/suomenkuvalehti.fi\/vallan-mahotonta\/wp-json\/wp\/v2\/users\/37967"}],"replies":[{"embeddable":true,"href":"https:\/\/suomenkuvalehti.fi\/vallan-mahotonta\/wp-json\/wp\/v2\/comments?post=10138"}],"version-history":[{"count":17,"href":"https:\/\/suomenkuvalehti.fi\/vallan-mahotonta\/wp-json\/wp\/v2\/posts\/10138\/revisions"}],"predecessor-version":[{"id":10157,"href":"https:\/\/suomenkuvalehti.fi\/vallan-mahotonta\/wp-json\/wp\/v2\/posts\/10138\/revisions\/10157"}],"wp:featuredmedia":[{"embeddable":true,"href":"https:\/\/suomenkuvalehti.fi\/vallan-mahotonta\/wp-json\/wp\/v2\/media\/10155"}],"wp:attachment":[{"href":"https:\/\/suomenkuvalehti.fi\/vallan-mahotonta\/wp-json\/wp\/v2\/media?parent=10138"}],"wp:term":[{"taxonomy":"category","embeddable":true,"href":"https:\/\/suomenkuvalehti.fi\/vallan-mahotonta\/wp-json\/wp\/v2\/categories?post=10138"},{"taxonomy":"post_tag","embeddable":true,"href":"https:\/\/suomenkuvalehti.fi\/vallan-mahotonta\/wp-json\/wp\/v2\/tags?post=10138"}],"curies":[{"name":"wp","href":"https:\/\/api.w.org\/{rel}","templated":true}]}}