{"id":10101,"date":"2024-04-29T15:52:04","date_gmt":"2024-04-29T12:52:04","guid":{"rendered":"https:\/\/suomenkuvalehti.fi\/vallan-mahotonta\/?p=10101"},"modified":"2024-05-02T09:06:18","modified_gmt":"2024-05-02T06:06:18","slug":"kehysriihi-osoittaa-etta-valtiovarainministerion-ei-tule-olla-kritiikin-ylapuolella","status":"publish","type":"post","link":"https:\/\/suomenkuvalehti.fi\/vallan-mahotonta\/kehysriihi-osoittaa-etta-valtiovarainministerion-ei-tule-olla-kritiikin-ylapuolella\/","title":{"rendered":"Kehysriihi osoittaa, ett\u00e4 valtiovarainministeri\u00f6n ei tule olla kritiikin yl\u00e4puolella"},"content":{"rendered":"\n<p>Valtiovarainministeri\u00f6 julkaisi viime torstaina <a href=\"https:\/\/julkaisut.valtioneuvosto.fi\/handle\/10024\/165572\">tuoreen talousennusteen<\/a> ja kehysriihen <a href=\"https:\/\/vm.emmi.fi\/l\/HkSPvgrQsVtx\">taustamateriaalit<\/a>. Ministeri\u00f6 laati esimerkiksi <a href=\"https:\/\/www.hs.fi\/politiikka\/art-2000010362046.html\">riiht\u00e4 valmistelleelle <strong>Matias Marttisen<\/strong> ty\u00f6ryhm\u00e4lle<\/a> skenaariolaskelmia sopeutuksen vaikutuksesta talouskasvuun. <\/p>\n\n\n\n<p>Ministeri\u00f6 k\u00e4ytti laskelmissaan 0,5 suuruista <em>finanssipoliittista kerrointa<\/em>. Kerroin arvioi, kuinka paljon kansantalouden kiertoon lis\u00e4tty (tai v\u00e4hennetty) euro lis\u00e4\u00e4 (tai v\u00e4hent\u00e4\u00e4) talouskasvua.&nbsp;<\/p>\n\n\n\n<p>0,5 suuruinen kerroin tarkoittaa k\u00e4yt\u00e4nn\u00f6ss\u00e4, ett\u00e4 koska vajaan 3 miljardin leikkaukset ja veronkorotukset vastaavat noin 1 prosenttia Suomen bkt:st\u00e4, ministeri\u00f6 arvioi kehysriihen p\u00e4\u00e4t\u00f6sten heikent\u00e4v\u00e4n talouskasvua 0,5 prosenttia (1% x 0,5 = 0,5%).<\/p>\n\n\n\n<p>Taustamateriaaleissa ministeri\u00f6 tekee kansainv\u00e4lisen ja kotimaisen kirjallisuuskatsauksen finanssipolitiikan kertoimista. Suomalaisessa tutkimuksessa, mukaanlukien ministeri\u00f6n omat arviot, kertoimen on arvioitu olevan l\u00e4hell\u00e4 1. <\/p>\n\n\n\n<p>Kansainv\u00e4lisest\u00e4 tutkimuskirjallisuudesta ministeri\u00f6 viittaa p\u00e4\u00e4asiassa <strong>Valerie Rameyn<\/strong> <a href=\"https:\/\/www.aeaweb.org\/articles?id=10.1257\/jep.33.2.89\">artikkeliin<\/a>, jonka mukaan empiirisess\u00e4 tutkimuksessa arviot julkisten menojen kertoimista ovat 0,6-1.&nbsp;Empiirisess\u00e4 tutkimuksessa verotuksen kerroin on arvioitu huomattavan korkeaksi (v\u00e4lill\u00e4 -2 ja -3), mutta ministeri\u00f6 viittaa Rameyn katsauksen teoreettisiin tutkimuksiin, jotka ovat antaneet verotukselle alle 1 kertoimia. <\/p>\n\n\n\n<p>Ministeri\u00f6 poimiikin tutkimuksesta valikoivasti mahdollisen alhaisia kertoimia. Lis\u00e4ksi Rameyhyn vedoten ministeri\u00f6 katsoo, ettei ole riitt\u00e4v\u00e4sti todisteita, ett\u00e4 kertoimet olisivat suurempia taantumien tai hitaan talouskasvun aikoina.&nbsp;Esimerkiksi IMF:n entinen p\u00e4\u00e4ekonomisti <strong>Olivier Blanchard<\/strong> ja <strong>Daniel Leigh<\/strong> ovat tuoneet <a href=\"https:\/\/www.imf.org\/external\/pubs\/ft\/wp\/2013\/wp1301.pdf\">esiin<\/a>, ett\u00e4 eurokriisin aikainen sopeutus vaikutti negatiivisesti talouskasvuun, koska finanssipoliittiset kertoimet arvioitiin systemaattisesti liian alhaisiksi. <\/p>\n\n\n\n<p>Kirjallisuuskatsauksen j\u00e4lkeen ministeri\u00f6 arvioi &#8221;varovaisuusperiaatteeseen&#8221; vedoten kertoimen olevan 0,5. Ministeri\u00f6 perustelee tutkimuskirjallisuutta huomattavasti alhaisempaa kerrointa sill\u00e4, ett\u00e4 kehysriihen lopulliset p\u00e4\u00e4t\u00f6kset eiv\u00e4t olleet viel\u00e4 tiedossa ja eri toimenpiteiden kertoimiin liittyy suurta vaihtelua. Lis\u00e4ksi ministeri\u00f6 k\u00e4ytt\u00e4\u00e4 tutkimuskirjallisuudesta poikkeavaa m\u00e4\u00e4ritelm\u00e4\u00e4 kertoimesta.<\/p>\n\n\n\n<p><\/p>\n\n\n<figure class=\"wp-block-otavamedia-image alignnone\">\n  <div class=\"wp-block-otavamedia-image__inner-container\">\n    <a href='https:\/\/suomenkuvalehti.fi\/awpo\/img\/sites\/42\/2024\/04\/53656606567_ab8eba4293_k.jpg?s=e6cb2774c882fd70206d9c58dd24a2b3'><img loading=\"lazy\" decoding=\"async\" src=\"https:\/\/suomenkuvalehti.fi\/awpo\/img\/sites\/42\/2024\/04\/53656606567_ab8eba4293_k.jpg?w=840&#038;h=840&#038;fit=crop-50-50-1&#038;s=e6cb2774c882fd70206d9c58dd24a2b3\" alt=\"\" class=\"wp-image-10102\" width=\"840\" height=\"560\" style=\"--aspect-ratio: 1.5--aspect-ratio:1.5\" srcset=\"https:\/\/suomenkuvalehti.fi\/vallan-mahotonta\/wp-content\/uploads\/sites\/42\/2024\/04\/53656606567_ab8eba4293_k.jpg 2048w, https:\/\/suomenkuvalehti.fi\/vallan-mahotonta\/wp-content\/uploads\/sites\/42\/2024\/04\/53656606567_ab8eba4293_k-300x200.jpg 300w, https:\/\/suomenkuvalehti.fi\/vallan-mahotonta\/wp-content\/uploads\/sites\/42\/2024\/04\/53656606567_ab8eba4293_k-1024x683.jpg 1024w, https:\/\/suomenkuvalehti.fi\/vallan-mahotonta\/wp-content\/uploads\/sites\/42\/2024\/04\/53656606567_ab8eba4293_k-768x512.jpg 768w, https:\/\/suomenkuvalehti.fi\/vallan-mahotonta\/wp-content\/uploads\/sites\/42\/2024\/04\/53656606567_ab8eba4293_k-1536x1025.jpg 1536w\" sizes=\"auto, (max-width: 840px) 100vw, 840px\" \/><\/a>    <figcaption class=\"wp-block-otavamedia-image__figcaption\">\n      Valtiovarainministeri\u00f6n budjettip\u00e4\u00e4llikk\u00f6 Mika Niemel\u00e4 ja kansliap\u00e4\u00e4llikk\u00f6 Juha Majanen kehysriihess\u00e4          <\/figcaption>\n      <\/div>\n<\/figure>\n\n\n\n<p>Kyseess\u00e4 on erikoinen k\u00e4sitys varovaisuusperiaatteesta, sill\u00e4 alhaisella kertoimella ministeri\u00f6 antaa hallitukselle ylioptimistisen kuvan sopeutuksen vaikutuksesta talouskasvuun. Suomen ollessa jo valmiiksi taantumassa varovaisuusperiaatetta olisikin ollut arvioida kerroin l\u00e4helle yht\u00e4, jolloin se ei olisi tullut suositelleeksi hallitukselle sopeutusta, jonka vaikutus talouskasvuun on todenn\u00e4k\u00f6isesti oletettua haitallisempi. <\/p>\n\n\n\n<p>Jos talouskasvu k\u00e4rsii kehysriihess\u00e4 valituista l\u00e4\u00e4kkeist\u00e4, hallituksen lupaama velaksi el\u00e4misen lopettaminen k\u00e4y entist\u00e4 vaikeammaksi.&nbsp;Seurauksena on todenn\u00e4k\u00f6isesti ik\u00e4vi\u00e4 yll\u00e4tyksi\u00e4 ja lis\u00e4\u00e4 sopeutusta ensi vuonna. Taustamateriaaleissa ei my\u00f6sk\u00e4\u00e4n olla liioin kiinnitetty huomiota siihen <a href=\"https:\/\/suomenkuvalehti.fi\/vallan-mahotonta\/tarkkailuluokka-oli-taitavaa-spinnausta\/?shared=10087-ca98b872-999\">ep\u00e4miellytt\u00e4v\u00e4\u00e4n asiaan<\/a>, ett\u00e4 uusien finanssipoliittisten s\u00e4\u00e4nt\u00f6jen perusteella Suomi joutuu sopeuttamaan lis\u00e4\u00e4, vaikka EU:n alij\u00e4\u00e4m\u00e4menettely onnistuttaisiinkin v\u00e4ltt\u00e4m\u00e4\u00e4n.<\/p>\n\n\n\n<p>Viime viikolla <a href=\"https:\/\/utak.fi\/the-return-of-austerity-in-europe\/\"><em>Uuden talousajattelun keskuksen<\/em> seminaarissa<\/a> <a href=\"https:\/\/t.co\/Q7gJPlcz8R\">esitelm\u00f6inyt (alkaa kohdasta 13:30)<\/a> taloustieteilij\u00e4 <strong>Philipp Heimberger<\/strong> toi esiin, miten talouskuri eurokriisiss\u00e4 aiheutti tuplataantuman. Heimbergerin mukaan EU:n uudet budjettis\u00e4\u00e4nn\u00f6t edellytt\u00e4v\u00e4t sopeutusta, jonka seurauksena talouskasvu heikkenee, EU:n merkitys globaalina toimijana v\u00e4henee ja Euroopan keskuspankki joutuu lopulta j\u00e4lleen pelastamaan poliitikot.<\/p>\n\n\n\n<p>Valtiovarainministeri\u00f6 on keskeinen auktoriteetti hallitusten finanssipolitiikan ohjaajana. Kehysriihess\u00e4 ministeri\u00f6 on k\u00e4ytt\u00e4nyt tutkimusta valikoivasti ja antanut hallitukselle tutkimuskirjallisuuden vastaisesti ylioptimisen kuvan sopeutuksen j\u00e4rkevyydest\u00e4 taantumassa. <\/p>\n\n\n\n<p>Siit\u00e4 huolimatta ministeri\u00f6n arviot nostetaan julkisessa keskustelussa yleens\u00e4 faktoiksi talouden tilasta. Ministeri\u00f6n tarjoilemiin faktoihin tulisikin osoittaa talouspoliittisessa keskustelussa samanlaista kriittisyytt\u00e4 kuin hallituksen, opposition ja puolueiden talousohjelmiin sovelletaan. <\/p>\n\n\n\n<p>Kehysriihi osoittaa, ett\u00e4 rahaministeri\u00f6 ei ole politiikan yl\u00e4puolella.<\/p>\n","protected":false},"excerpt":{"rendered":"<p>Valtiovarainministeri\u00f6 julkaisi viime torstaina tuoreen talousennusteen ja kehysriihen taustamateriaalit. Ministeri\u00f6 laati esimerkiksi riiht\u00e4 valmistelleelle Matias Marttisen ty\u00f6ryhm\u00e4lle skenaariolaskelmia sopeutuksen vaikutuksesta<br \/>\ntalo&hellip;<\/p>\n","protected":false},"author":37967,"featured_media":0,"comment_status":"open","ping_status":"open","sticky":false,"template":"","format":"standard","meta":{"_acf_changed":false,"asauth_required_access_level":3,"asauth_cansharepaid":"true","om_header_attributes":[],"footnotes":"","om_featured_image_focal_point":[],"om_primary_tag":54,"om_contributors":[],"om_co_authors":[],"beyondwords_generate_audio":"","beyondwords_project_id":"","beyondwords_content_id":"","beyondwords_preview_token":"","beyondwords_player_content":"","beyondwords_player_style":"","beyondwords_language_code":"","beyondwords_language_id":"","beyondwords_title_voice_id":"","beyondwords_body_voice_id":"","beyondwords_summary_voice_id":"","beyondwords_error_message":"","beyondwords_disabled":"","beyondwords_delete_content":"","beyondwords_podcast_id":"","beyondwords_hash":"","publish_post_to_speechkit":"","speechkit_hash":"","speechkit_generate_audio":"","speechkit_project_id":"","speechkit_podcast_id":"","speechkit_error_message":"","speechkit_disabled":"","speechkit_access_key":"","speechkit_error":"","speechkit_info":"","speechkit_response":"","speechkit_retries":"","speechkit_status":"","speechkit_updated_at":"","_speechkit_link":"","_speechkit_text":""},"categories":[1],"tags":[727,725,651,54,726],"class_list":["post-10101","post","type-post","status-publish","format-standard","hentry","category-vallan-mahotonta","tag-finanssipoliittinen-kerroin","tag-kehysriihi","tag-sopeutus","tag-valtiovarainministerio","tag-varovaisuusperiaate"],"om_views":null,"acf":{"tuuma_off":false,"tuuma_kysymys":"","tuuma_vastaus":""},"asauth":{"required_access_level":1,"share_token":"","is_paid":false},"yoast_head":"<!-- This site is optimized with the Yoast SEO plugin v26.4 - https:\/\/yoast.com\/wordpress\/plugins\/seo\/ -->\n<title>Kehysriihi osoittaa, ett\u00e4 valtiovarainministeri\u00f6n ei tule olla kritiikin yl\u00e4puolella - Vallan mahotonta!<\/title>\n<meta name=\"robots\" content=\"index, follow, max-snippet:-1, max-image-preview:large, max-video-preview:-1\" \/>\n<link rel=\"canonical\" href=\"https:\/\/suomenkuvalehti.fi\/vallan-mahotonta\/kehysriihi-osoittaa-etta-valtiovarainministerion-ei-tule-olla-kritiikin-ylapuolella\/\" \/>\n<meta property=\"og:locale\" content=\"fi_FI\" \/>\n<meta property=\"og:type\" content=\"article\" \/>\n<meta property=\"og:title\" content=\"Kehysriihi osoittaa, ett\u00e4 valtiovarainministeri\u00f6n ei tule olla kritiikin yl\u00e4puolella - Vallan mahotonta!\" \/>\n<meta property=\"og:description\" content=\"Valtiovarainministeri\u00f6 julkaisi viime torstaina tuoreen talousennusteen ja kehysriihen taustamateriaalit. Ministeri\u00f6 laati esimerkiksi riiht\u00e4 valmistelleelle Matias Marttisen ty\u00f6ryhm\u00e4lle skenaariolaskelmia sopeutuksen vaikutuksesta talo&hellip;\" \/>\n<meta property=\"og:url\" content=\"https:\/\/suomenkuvalehti.fi\/vallan-mahotonta\/kehysriihi-osoittaa-etta-valtiovarainministerion-ei-tule-olla-kritiikin-ylapuolella\/\" \/>\n<meta property=\"og:site_name\" content=\"Vallan mahotonta!\" \/>\n<meta property=\"article:author\" content=\"https:\/\/www.facebook.com\/a.ronkainen\" \/>\n<meta property=\"article:published_time\" content=\"2024-04-29T12:52:04+00:00\" \/>\n<meta property=\"article:modified_time\" content=\"2024-05-02T06:06:18+00:00\" \/>\n<meta property=\"og:image\" content=\"https:\/\/suomenkuvalehti.fi\/awpo\/img\/sites\/42\/2024\/04\/53656606567_ab8eba4293_k.jpg?w=840&amp;h=840&amp;fit=crop-50-50-1&amp;s=e6cb2774c882fd70206d9c58dd24a2b3\" \/>\n<meta name=\"author\" content=\"Antti Ronkainen\" \/>\n<meta name=\"twitter:card\" content=\"summary_large_image\" \/>\n<meta name=\"twitter:creator\" content=\"@https:\/\/twitter.com\/anttironkainen\" \/>\n<meta name=\"twitter:label1\" content=\"Written by\" \/>\n\t<meta name=\"twitter:data1\" content=\"Antti Ronkainen\" \/>\n\t<meta name=\"twitter:label2\" content=\"Est. reading time\" \/>\n\t<meta name=\"twitter:data2\" content=\"4 minuuttia\" \/>\n<script type=\"application\/ld+json\" class=\"yoast-schema-graph\">{\"@context\":\"https:\/\/schema.org\",\"@graph\":[{\"@type\":\"WebPage\",\"@id\":\"https:\/\/suomenkuvalehti.fi\/vallan-mahotonta\/kehysriihi-osoittaa-etta-valtiovarainministerion-ei-tule-olla-kritiikin-ylapuolella\/\",\"url\":\"https:\/\/suomenkuvalehti.fi\/vallan-mahotonta\/kehysriihi-osoittaa-etta-valtiovarainministerion-ei-tule-olla-kritiikin-ylapuolella\/\",\"name\":\"Kehysriihi osoittaa, ett\u00e4 valtiovarainministeri\u00f6n ei tule olla kritiikin yl\u00e4puolella - Vallan mahotonta!\",\"isPartOf\":{\"@id\":\"https:\/\/suomenkuvalehti.fi\/vallan-mahotonta\/#website\"},\"primaryImageOfPage\":{\"@id\":\"https:\/\/suomenkuvalehti.fi\/vallan-mahotonta\/kehysriihi-osoittaa-etta-valtiovarainministerion-ei-tule-olla-kritiikin-ylapuolella\/#primaryimage\"},\"image\":{\"@id\":\"https:\/\/suomenkuvalehti.fi\/vallan-mahotonta\/kehysriihi-osoittaa-etta-valtiovarainministerion-ei-tule-olla-kritiikin-ylapuolella\/#primaryimage\"},\"thumbnailUrl\":\"https:\/\/suomenkuvalehti.fi\/awpo\/img\/sites\/42\/2024\/04\/53656606567_ab8eba4293_k.jpg?w=840&amp;h=840&amp;fit=crop-50-50-1&amp;s=e6cb2774c882fd70206d9c58dd24a2b3\",\"datePublished\":\"2024-04-29T12:52:04+00:00\",\"dateModified\":\"2024-05-02T06:06:18+00:00\",\"author\":{\"@id\":\"https:\/\/suomenkuvalehti.fi\/vallan-mahotonta\/#\/schema\/person\/aa34015af7a4bce21e1cdcf566bb57b0\"},\"breadcrumb\":{\"@id\":\"https:\/\/suomenkuvalehti.fi\/vallan-mahotonta\/kehysriihi-osoittaa-etta-valtiovarainministerion-ei-tule-olla-kritiikin-ylapuolella\/#breadcrumb\"},\"inLanguage\":\"fi\",\"potentialAction\":[{\"@type\":\"ReadAction\",\"target\":[\"https:\/\/suomenkuvalehti.fi\/vallan-mahotonta\/kehysriihi-osoittaa-etta-valtiovarainministerion-ei-tule-olla-kritiikin-ylapuolella\/\"]}]},{\"@type\":\"ImageObject\",\"inLanguage\":\"fi\",\"@id\":\"https:\/\/suomenkuvalehti.fi\/vallan-mahotonta\/kehysriihi-osoittaa-etta-valtiovarainministerion-ei-tule-olla-kritiikin-ylapuolella\/#primaryimage\",\"url\":\"https:\/\/suomenkuvalehti.fi\/awpo\/img\/sites\/42\/2024\/04\/53656606567_ab8eba4293_k.jpg?w=840&amp;h=840&amp;fit=crop-50-50-1&amp;s=e6cb2774c882fd70206d9c58dd24a2b3\",\"contentUrl\":\"https:\/\/suomenkuvalehti.fi\/awpo\/img\/sites\/42\/2024\/04\/53656606567_ab8eba4293_k.jpg?w=840&amp;h=840&amp;fit=crop-50-50-1&amp;s=e6cb2774c882fd70206d9c58dd24a2b3\"},{\"@type\":\"BreadcrumbList\",\"@id\":\"https:\/\/suomenkuvalehti.fi\/vallan-mahotonta\/kehysriihi-osoittaa-etta-valtiovarainministerion-ei-tule-olla-kritiikin-ylapuolella\/#breadcrumb\",\"itemListElement\":[{\"@type\":\"ListItem\",\"position\":1,\"name\":\"Home\",\"item\":\"https:\/\/suomenkuvalehti.fi\/vallan-mahotonta\/\"},{\"@type\":\"ListItem\",\"position\":2,\"name\":\"Kehysriihi osoittaa, ett\u00e4 valtiovarainministeri\u00f6n ei tule olla kritiikin yl\u00e4puolella\"}]},{\"@type\":\"WebSite\",\"@id\":\"https:\/\/suomenkuvalehti.fi\/vallan-mahotonta\/#website\",\"url\":\"https:\/\/suomenkuvalehti.fi\/vallan-mahotonta\/\",\"name\":\"Vallan mahotonta!\",\"description\":\"Tutkija Antti Ronkainen seuraa maailmantalouden murrosta.\",\"potentialAction\":[{\"@type\":\"SearchAction\",\"target\":{\"@type\":\"EntryPoint\",\"urlTemplate\":\"https:\/\/suomenkuvalehti.fi\/haku\/?q={search_term_string}\"},\"query-input\":{\"@type\":\"PropertyValueSpecification\",\"valueRequired\":true,\"valueName\":\"search_term_string\"}}],\"inLanguage\":\"fi\"},{\"@type\":\"Person\",\"@id\":\"https:\/\/suomenkuvalehti.fi\/vallan-mahotonta\/#\/schema\/person\/aa34015af7a4bce21e1cdcf566bb57b0\",\"name\":\"Antti Ronkainen\",\"image\":{\"@type\":\"ImageObject\",\"inLanguage\":\"fi\",\"@id\":\"https:\/\/suomenkuvalehti.fi\/vallan-mahotonta\/#\/schema\/person\/image\/\",\"url\":\"https:\/\/suomenkuvalehti.fi\/vallan-mahotonta\/wp-content\/uploads\/sites\/42\/2018\/05\/antti_j_ronkainen_blogi_pieni-150x150.jpg\",\"contentUrl\":\"https:\/\/suomenkuvalehti.fi\/vallan-mahotonta\/wp-content\/uploads\/sites\/42\/2018\/05\/antti_j_ronkainen_blogi_pieni-150x150.jpg\",\"caption\":\"Antti Ronkainen\"},\"description\":\"Antti Ronkainen on poliittisen talouden v\u00e4it\u00f6skirjatutkija Helsingin yliopistolla.\",\"sameAs\":[\"http:\/\/anttironkainen.fi\",\"https:\/\/www.facebook.com\/a.ronkainen\",\"https:\/\/www.instagram.com\/antti.ronkainen\/\",\"https:\/\/x.com\/https:\/\/twitter.com\/anttironkainen\"]}]}<\/script>\n<!-- \/ Yoast SEO plugin. -->","yoast_head_json":{"title":"Kehysriihi osoittaa, ett\u00e4 valtiovarainministeri\u00f6n ei tule olla kritiikin yl\u00e4puolella - Vallan mahotonta!","robots":{"index":"index","follow":"follow","max-snippet":"max-snippet:-1","max-image-preview":"max-image-preview:large","max-video-preview":"max-video-preview:-1"},"canonical":"https:\/\/suomenkuvalehti.fi\/vallan-mahotonta\/kehysriihi-osoittaa-etta-valtiovarainministerion-ei-tule-olla-kritiikin-ylapuolella\/","og_locale":"fi_FI","og_type":"article","og_title":"Kehysriihi osoittaa, ett\u00e4 valtiovarainministeri\u00f6n ei tule olla kritiikin yl\u00e4puolella - Vallan mahotonta!","og_description":"Valtiovarainministeri\u00f6 julkaisi viime torstaina tuoreen talousennusteen ja kehysriihen taustamateriaalit. Ministeri\u00f6 laati esimerkiksi riiht\u00e4 valmistelleelle Matias Marttisen ty\u00f6ryhm\u00e4lle skenaariolaskelmia sopeutuksen vaikutuksesta talo&hellip;","og_url":"https:\/\/suomenkuvalehti.fi\/vallan-mahotonta\/kehysriihi-osoittaa-etta-valtiovarainministerion-ei-tule-olla-kritiikin-ylapuolella\/","og_site_name":"Vallan mahotonta!","article_author":"https:\/\/www.facebook.com\/a.ronkainen","article_published_time":"2024-04-29T12:52:04+00:00","article_modified_time":"2024-05-02T06:06:18+00:00","og_image":[{"url":"https:\/\/suomenkuvalehti.fi\/awpo\/img\/sites\/42\/2024\/04\/53656606567_ab8eba4293_k.jpg?w=840&amp;h=840&amp;fit=crop-50-50-1&amp;s=e6cb2774c882fd70206d9c58dd24a2b3","type":"","width":"","height":""}],"author":"Antti Ronkainen","twitter_card":"summary_large_image","twitter_creator":"@https:\/\/twitter.com\/anttironkainen","twitter_misc":{"Written by":"Antti Ronkainen","Est. reading time":"4 minuuttia"},"schema":{"@context":"https:\/\/schema.org","@graph":[{"@type":"WebPage","@id":"https:\/\/suomenkuvalehti.fi\/vallan-mahotonta\/kehysriihi-osoittaa-etta-valtiovarainministerion-ei-tule-olla-kritiikin-ylapuolella\/","url":"https:\/\/suomenkuvalehti.fi\/vallan-mahotonta\/kehysriihi-osoittaa-etta-valtiovarainministerion-ei-tule-olla-kritiikin-ylapuolella\/","name":"Kehysriihi osoittaa, ett\u00e4 valtiovarainministeri\u00f6n ei tule olla kritiikin yl\u00e4puolella - Vallan mahotonta!","isPartOf":{"@id":"https:\/\/suomenkuvalehti.fi\/vallan-mahotonta\/#website"},"primaryImageOfPage":{"@id":"https:\/\/suomenkuvalehti.fi\/vallan-mahotonta\/kehysriihi-osoittaa-etta-valtiovarainministerion-ei-tule-olla-kritiikin-ylapuolella\/#primaryimage"},"image":{"@id":"https:\/\/suomenkuvalehti.fi\/vallan-mahotonta\/kehysriihi-osoittaa-etta-valtiovarainministerion-ei-tule-olla-kritiikin-ylapuolella\/#primaryimage"},"thumbnailUrl":"https:\/\/suomenkuvalehti.fi\/awpo\/img\/sites\/42\/2024\/04\/53656606567_ab8eba4293_k.jpg?w=840&amp;h=840&amp;fit=crop-50-50-1&amp;s=e6cb2774c882fd70206d9c58dd24a2b3","datePublished":"2024-04-29T12:52:04+00:00","dateModified":"2024-05-02T06:06:18+00:00","author":{"@id":"https:\/\/suomenkuvalehti.fi\/vallan-mahotonta\/#\/schema\/person\/aa34015af7a4bce21e1cdcf566bb57b0"},"breadcrumb":{"@id":"https:\/\/suomenkuvalehti.fi\/vallan-mahotonta\/kehysriihi-osoittaa-etta-valtiovarainministerion-ei-tule-olla-kritiikin-ylapuolella\/#breadcrumb"},"inLanguage":"fi","potentialAction":[{"@type":"ReadAction","target":["https:\/\/suomenkuvalehti.fi\/vallan-mahotonta\/kehysriihi-osoittaa-etta-valtiovarainministerion-ei-tule-olla-kritiikin-ylapuolella\/"]}]},{"@type":"ImageObject","inLanguage":"fi","@id":"https:\/\/suomenkuvalehti.fi\/vallan-mahotonta\/kehysriihi-osoittaa-etta-valtiovarainministerion-ei-tule-olla-kritiikin-ylapuolella\/#primaryimage","url":"https:\/\/suomenkuvalehti.fi\/awpo\/img\/sites\/42\/2024\/04\/53656606567_ab8eba4293_k.jpg?w=840&amp;h=840&amp;fit=crop-50-50-1&amp;s=e6cb2774c882fd70206d9c58dd24a2b3","contentUrl":"https:\/\/suomenkuvalehti.fi\/awpo\/img\/sites\/42\/2024\/04\/53656606567_ab8eba4293_k.jpg?w=840&amp;h=840&amp;fit=crop-50-50-1&amp;s=e6cb2774c882fd70206d9c58dd24a2b3"},{"@type":"BreadcrumbList","@id":"https:\/\/suomenkuvalehti.fi\/vallan-mahotonta\/kehysriihi-osoittaa-etta-valtiovarainministerion-ei-tule-olla-kritiikin-ylapuolella\/#breadcrumb","itemListElement":[{"@type":"ListItem","position":1,"name":"Home","item":"https:\/\/suomenkuvalehti.fi\/vallan-mahotonta\/"},{"@type":"ListItem","position":2,"name":"Kehysriihi osoittaa, ett\u00e4 valtiovarainministeri\u00f6n ei tule olla kritiikin yl\u00e4puolella"}]},{"@type":"WebSite","@id":"https:\/\/suomenkuvalehti.fi\/vallan-mahotonta\/#website","url":"https:\/\/suomenkuvalehti.fi\/vallan-mahotonta\/","name":"Vallan mahotonta!","description":"Tutkija Antti Ronkainen seuraa maailmantalouden murrosta.","potentialAction":[{"@type":"SearchAction","target":{"@type":"EntryPoint","urlTemplate":"https:\/\/suomenkuvalehti.fi\/haku\/?q={search_term_string}"},"query-input":{"@type":"PropertyValueSpecification","valueRequired":true,"valueName":"search_term_string"}}],"inLanguage":"fi"},{"@type":"Person","@id":"https:\/\/suomenkuvalehti.fi\/vallan-mahotonta\/#\/schema\/person\/aa34015af7a4bce21e1cdcf566bb57b0","name":"Antti Ronkainen","image":{"@type":"ImageObject","inLanguage":"fi","@id":"https:\/\/suomenkuvalehti.fi\/vallan-mahotonta\/#\/schema\/person\/image\/","url":"https:\/\/suomenkuvalehti.fi\/vallan-mahotonta\/wp-content\/uploads\/sites\/42\/2018\/05\/antti_j_ronkainen_blogi_pieni-150x150.jpg","contentUrl":"https:\/\/suomenkuvalehti.fi\/vallan-mahotonta\/wp-content\/uploads\/sites\/42\/2018\/05\/antti_j_ronkainen_blogi_pieni-150x150.jpg","caption":"Antti Ronkainen"},"description":"Antti Ronkainen on poliittisen talouden v\u00e4it\u00f6skirjatutkija Helsingin yliopistolla.","sameAs":["http:\/\/anttironkainen.fi","https:\/\/www.facebook.com\/a.ronkainen","https:\/\/www.instagram.com\/antti.ronkainen\/","https:\/\/x.com\/https:\/\/twitter.com\/anttironkainen"]}]}},"_links":{"self":[{"href":"https:\/\/suomenkuvalehti.fi\/vallan-mahotonta\/wp-json\/wp\/v2\/posts\/10101","targetHints":{"allow":["GET"]}}],"collection":[{"href":"https:\/\/suomenkuvalehti.fi\/vallan-mahotonta\/wp-json\/wp\/v2\/posts"}],"about":[{"href":"https:\/\/suomenkuvalehti.fi\/vallan-mahotonta\/wp-json\/wp\/v2\/types\/post"}],"author":[{"embeddable":true,"href":"https:\/\/suomenkuvalehti.fi\/vallan-mahotonta\/wp-json\/wp\/v2\/users\/37967"}],"replies":[{"embeddable":true,"href":"https:\/\/suomenkuvalehti.fi\/vallan-mahotonta\/wp-json\/wp\/v2\/comments?post=10101"}],"version-history":[{"count":26,"href":"https:\/\/suomenkuvalehti.fi\/vallan-mahotonta\/wp-json\/wp\/v2\/posts\/10101\/revisions"}],"predecessor-version":[{"id":10136,"href":"https:\/\/suomenkuvalehti.fi\/vallan-mahotonta\/wp-json\/wp\/v2\/posts\/10101\/revisions\/10136"}],"wp:attachment":[{"href":"https:\/\/suomenkuvalehti.fi\/vallan-mahotonta\/wp-json\/wp\/v2\/media?parent=10101"}],"wp:term":[{"taxonomy":"category","embeddable":true,"href":"https:\/\/suomenkuvalehti.fi\/vallan-mahotonta\/wp-json\/wp\/v2\/categories?post=10101"},{"taxonomy":"post_tag","embeddable":true,"href":"https:\/\/suomenkuvalehti.fi\/vallan-mahotonta\/wp-json\/wp\/v2\/tags?post=10101"}],"curies":[{"name":"wp","href":"https:\/\/api.w.org\/{rel}","templated":true}]}}