{"id":10057,"date":"2024-03-29T09:31:55","date_gmt":"2024-03-29T07:31:55","guid":{"rendered":"https:\/\/suomenkuvalehti.fi\/vallan-mahotonta\/?p=10057"},"modified":"2024-03-29T09:31:57","modified_gmt":"2024-03-29T07:31:57","slug":"velkakaton-sijaan-orpo-haluaa-ulottaa-kehysmenettelyn-ja-talouskurin-vaalikausien-yli","status":"publish","type":"post","link":"https:\/\/suomenkuvalehti.fi\/vallan-mahotonta\/velkakaton-sijaan-orpo-haluaa-ulottaa-kehysmenettelyn-ja-talouskurin-vaalikausien-yli\/","title":{"rendered":"&#8221;Velkakaton&#8221; sijaan Orpo haluaa ulottaa kehysmenettelyn ja talouskurin vaalikausien yli"},"content":{"rendered":"\n<p>Presidentti <strong>Sauli Niinist\u00f6<\/strong> ehdotti <a href=\"https:\/\/www.presidentti.fi\/niinisto\/puheet\/tasavallan-presidentti-sauli-niiniston-uudenvuodenpuhe-1-1-2024\/\">viimeisess\u00e4 uudenvuodenpuheessaan<\/a>, ett\u00e4 puolueet etsisiv\u00e4t yli vaalikausien jatkuvia yhteisi\u00e4 n\u00e4kemyksi\u00e4 kansantalouden kohentamiseksi, kuten turvallisuuspolitiikassakin on toimittu. Vastauksena Niinist\u00f6lle p\u00e4\u00e4ministeri <a href=\"https:\/\/www.uutissuomalainen.fi\/uutissuomalainen\/6578022\"><strong>Petteri Orpo<\/strong> ehdotti helmikuun lopulla<\/a> 60 prosentin &#8221;velkakattoa&#8221; suhteessa bkt:hen. <\/p>\n\n\n\n<p>Yhdysvalloissa on <a href=\"https:\/\/www.cfr.org\/backgrounder\/what-happens-when-us-hits-its-debt-ceiling\">lakiin kirjattu velkakatto<\/a>, jota enemp\u00e4\u00e4 liittovaltio ei saa velkaantua. Kun velkakatto paukkuu, kongressin on nostettava kattoa tai laitettava lappu luukulle. Poliittisen polarisaation my\u00f6t\u00e4 riski kasvaa, ett\u00e4 velkakattoa ei saadakaan joku p\u00e4iv\u00e4 nostettua. Saksassa on puolestaan perustuslakiin kirjattu alij\u00e4\u00e4mi\u00e4 rajoittava &#8221;velkajarru&#8221;, jonka seurauksena Saksa joutuu keskell\u00e4 taantumaa harjoittamaan my\u00f6t\u00e4syklist\u00e4 leikkauspolitiikkaa. <\/p>\n\n\n\n<p>Koska Suomen velkasuhde on noin 75 prosenttia, Yhdysvaltain kaltainen ja Orpon mainitsema 60 prosentin velkakatto tarkoittaisi v\u00e4litt\u00f6mi\u00e4 kymmenien miljardien suuruisia lis\u00e4leikkauksia. Vaikka hallitus valmistelee t\u00e4ll\u00e4kin hetkell\u00e4 3 miljardin suuruista leikkauspainotteista sopeutusta kehysriiheen, edes <strong>Purra<\/strong> tuskin olisi valmis n\u00e4in graaviin parturointiin.<\/p>\n\n\n\n<p>T\u00e4sm\u00e4llisemp\u00e4\u00e4 olisikin puhua velkakaton sijaan <a href=\"https:\/\/www.government.se\/government-of-sweden\/ministry-of-finance\/central-government-budget\/the-fiscal-policy-framework\/\">Ruotsin kaltaisesta &#8221;velka-ankkurissa&#8221;<\/a>. Ruotsissa asetetaan joka kahdeksas vuosi ylij\u00e4\u00e4m\u00e4tavoite, hallituksen menokatto, paikallishallinnon tasapainotavoite sek\u00e4 n\u00e4iden perusteella &#8221;ankkuri&#8221; julkisvelalle. <\/p>\n\n\n\n<p>Ruotsin velkasuhde on t\u00e4ll\u00e4 hetkell\u00e4 noin 30 prosenttia ja ankkuri on asetettu 35 prosenttiin. Jos velka uhkaa ylitt\u00e4\u00e4 ankkurin, hallituksen on teht\u00e4v\u00e4 asiasta selvitys parlamentille. Talouden taantuman ja pienempien verotulojen vuoksi Ruotsi on j\u00e4\u00e4m\u00e4ss\u00e4 ylij\u00e4\u00e4m\u00e4tavoitteesta, mink\u00e4 vuoksi <strong>Ulf Kristerssonin<\/strong> hallitus on <a href=\"https:\/\/www.esv.se\/english\/news\/deviation-from-the-surplus-target-in-2024\/\">joutunut kirjelm\u00f6im\u00e4\u00e4n<\/a> Riksdagille. <\/p>\n\n\n\n<p>Ruotsin puolueet sopivat uusista ylij\u00e4\u00e4m\u00e4tavoitteista ja velkakatosta vuonna 2027. <\/p>\n\n\n\n<p>Viime viikolla Suomen Pankin johtaja <strong>Olli Rehn<\/strong> esitti juuri Ruotsin kaltaista velka-ankkuria. Rehnin mukaan julkisvelan tavoitteeksi tulisi asettaa 60 % vuosikymmenen vaihteeseen menness\u00e4 ja hallitus joutuisi tekem\u00e4\u00e4n lis\u00e4toimia, jos ankkuri uhkaisi ylitty\u00e4. Sek\u00e4 hallituksen ett\u00e4 opposition tulisi sitoutua tavoitteiseen ja parlamentaarinen ty\u00f6ryhm\u00e4 voisi alkaa valmistella ankkuria kehysriihen j\u00e4lkeen. <\/p>\n\n\n\n<p>Virkaanastuessaan Suomessa hallitus perinteisesti sopii kehysmenettelyst\u00e4, jossa asetetaan katto vaalikauden menoille. Puheista huolimatta Orpon t\u00e4ht\u00e4imess\u00e4 ei lienek\u00e4\u00e4n velkakatto sen tavanomaisessa mieless\u00e4 vaan ennemminkin kehysmenettelyn ulottaminen vaalikausien yli. <\/p>\n\n\n\n<p>Velka-ankkuri sitoisi Orpon hallituksen ja valtiovarainministeri\u00f6n toiveiden mukaisesti tulevia hallituksia talouskuriin, sill\u00e4 menokehyksist\u00e4 ei p\u00e4\u00e4sisi eroon ilman lains\u00e4\u00e4d\u00e4nt\u00f6muutoksia. Huomioiden hallituksen j\u00e4\u00e4r\u00e4p\u00e4isyyden talous- ja ty\u00f6markkina-asioissa on kuitenkin vaikea n\u00e4hd\u00e4 sellaista <a href=\"https:\/\/www.iltalehti.fi\/politiikka\/a\/4ed19a82-5f78-4723-b26d-134bb3d76612\">eduskuntapuolueiden parlamentaarista yhteisymm\u00e4rryst\u00e4<\/a> &#8221;kansantalouden kohentamisesta&#8221;, johon kaikki puolueet my\u00f6s sitoutuisivat.<\/p>\n","protected":false},"excerpt":{"rendered":"<p>Presidentti Sauli Niinist\u00f6 ehdotti viimeisess\u00e4 uudenvuodenpuheessaan, ett\u00e4 puolueet etsisiv\u00e4t yli vaalikausien jatkuvia yhteisi\u00e4 n\u00e4kemyksi\u00e4 kansantalouden kohentamiseksi, kuten turvallisuuspolitiikassakin on toimittu.<br \/>\nVastau&hellip;<\/p>\n","protected":false},"author":37967,"featured_media":0,"comment_status":"open","ping_status":"open","sticky":false,"template":"","format":"standard","meta":{"_acf_changed":false,"asauth_required_access_level":3,"asauth_cansharepaid":"true","om_header_attributes":[],"footnotes":"","om_featured_image_focal_point":[],"om_primary_tag":502,"om_contributors":[],"om_co_authors":[],"beyondwords_generate_audio":"","beyondwords_project_id":"","beyondwords_content_id":"","beyondwords_preview_token":"","beyondwords_player_content":"","beyondwords_player_style":"","beyondwords_language_code":"","beyondwords_language_id":"","beyondwords_title_voice_id":"","beyondwords_body_voice_id":"","beyondwords_summary_voice_id":"","beyondwords_error_message":"","beyondwords_disabled":"","beyondwords_delete_content":"","beyondwords_podcast_id":"","beyondwords_hash":"","publish_post_to_speechkit":"","speechkit_hash":"","speechkit_generate_audio":"","speechkit_project_id":"","speechkit_podcast_id":"","speechkit_error_message":"","speechkit_disabled":"","speechkit_access_key":"","speechkit_error":"","speechkit_info":"","speechkit_response":"","speechkit_retries":"","speechkit_status":"","speechkit_updated_at":"","_speechkit_link":"","_speechkit_text":""},"categories":[1],"tags":[359,511,502],"class_list":["post-10057","post","type-post","status-publish","format-standard","hentry","category-vallan-mahotonta","tag-velkaantuminen","tag-velkajarru","tag-velkakatto"],"om_views":null,"acf":{"tuuma_off":false,"tuuma_kysymys":"","tuuma_vastaus":""},"asauth":{"required_access_level":1,"share_token":"","is_paid":false},"yoast_head":"<!-- This site is optimized with the Yoast SEO plugin v26.4 - https:\/\/yoast.com\/wordpress\/plugins\/seo\/ -->\n<title>&quot;Velkakaton&quot; sijaan Orpo haluaa ulottaa kehysmenettelyn ja talouskurin vaalikausien yli - Vallan mahotonta!<\/title>\n<meta name=\"robots\" content=\"index, follow, max-snippet:-1, max-image-preview:large, max-video-preview:-1\" \/>\n<link rel=\"canonical\" href=\"https:\/\/suomenkuvalehti.fi\/vallan-mahotonta\/velkakaton-sijaan-orpo-haluaa-ulottaa-kehysmenettelyn-ja-talouskurin-vaalikausien-yli\/\" \/>\n<meta property=\"og:locale\" content=\"fi_FI\" \/>\n<meta property=\"og:type\" content=\"article\" \/>\n<meta property=\"og:title\" content=\"&quot;Velkakaton&quot; sijaan Orpo haluaa ulottaa kehysmenettelyn ja talouskurin vaalikausien yli - Vallan mahotonta!\" \/>\n<meta property=\"og:description\" content=\"Presidentti Sauli Niinist\u00f6 ehdotti viimeisess\u00e4 uudenvuodenpuheessaan, ett\u00e4 puolueet etsisiv\u00e4t yli vaalikausien jatkuvia yhteisi\u00e4 n\u00e4kemyksi\u00e4 kansantalouden kohentamiseksi, kuten turvallisuuspolitiikassakin on toimittu. Vastau&hellip;\" \/>\n<meta property=\"og:url\" content=\"https:\/\/suomenkuvalehti.fi\/vallan-mahotonta\/velkakaton-sijaan-orpo-haluaa-ulottaa-kehysmenettelyn-ja-talouskurin-vaalikausien-yli\/\" \/>\n<meta property=\"og:site_name\" content=\"Vallan mahotonta!\" \/>\n<meta property=\"article:author\" content=\"https:\/\/www.facebook.com\/a.ronkainen\" \/>\n<meta property=\"article:published_time\" content=\"2024-03-29T07:31:55+00:00\" \/>\n<meta property=\"article:modified_time\" content=\"2024-03-29T07:31:57+00:00\" \/>\n<meta property=\"og:image\" content=\"https:\/\/suomenkuvalehti.fi\/vallan-mahotonta\/wp-content\/uploads\/sites\/42\/2018\/05\/antti_j_ronkainen_blogi_pieni.jpg\" \/>\n\t<meta property=\"og:image:width\" content=\"600\" \/>\n\t<meta property=\"og:image:height\" content=\"600\" \/>\n\t<meta property=\"og:image:type\" content=\"image\/jpeg\" \/>\n<meta name=\"author\" content=\"Antti Ronkainen\" \/>\n<meta name=\"twitter:card\" content=\"summary_large_image\" \/>\n<meta name=\"twitter:creator\" content=\"@https:\/\/twitter.com\/anttironkainen\" \/>\n<meta name=\"twitter:label1\" content=\"Written by\" \/>\n\t<meta name=\"twitter:data1\" content=\"Antti Ronkainen\" \/>\n\t<meta name=\"twitter:label2\" content=\"Est. reading time\" \/>\n\t<meta name=\"twitter:data2\" content=\"2 minuuttia\" \/>\n<script type=\"application\/ld+json\" class=\"yoast-schema-graph\">{\"@context\":\"https:\/\/schema.org\",\"@graph\":[{\"@type\":\"WebPage\",\"@id\":\"https:\/\/suomenkuvalehti.fi\/vallan-mahotonta\/velkakaton-sijaan-orpo-haluaa-ulottaa-kehysmenettelyn-ja-talouskurin-vaalikausien-yli\/\",\"url\":\"https:\/\/suomenkuvalehti.fi\/vallan-mahotonta\/velkakaton-sijaan-orpo-haluaa-ulottaa-kehysmenettelyn-ja-talouskurin-vaalikausien-yli\/\",\"name\":\"\\\"Velkakaton\\\" sijaan Orpo haluaa ulottaa kehysmenettelyn ja talouskurin vaalikausien yli - Vallan mahotonta!\",\"isPartOf\":{\"@id\":\"https:\/\/suomenkuvalehti.fi\/vallan-mahotonta\/#website\"},\"datePublished\":\"2024-03-29T07:31:55+00:00\",\"dateModified\":\"2024-03-29T07:31:57+00:00\",\"author\":{\"@id\":\"https:\/\/suomenkuvalehti.fi\/vallan-mahotonta\/#\/schema\/person\/aa34015af7a4bce21e1cdcf566bb57b0\"},\"breadcrumb\":{\"@id\":\"https:\/\/suomenkuvalehti.fi\/vallan-mahotonta\/velkakaton-sijaan-orpo-haluaa-ulottaa-kehysmenettelyn-ja-talouskurin-vaalikausien-yli\/#breadcrumb\"},\"inLanguage\":\"fi\",\"potentialAction\":[{\"@type\":\"ReadAction\",\"target\":[\"https:\/\/suomenkuvalehti.fi\/vallan-mahotonta\/velkakaton-sijaan-orpo-haluaa-ulottaa-kehysmenettelyn-ja-talouskurin-vaalikausien-yli\/\"]}]},{\"@type\":\"BreadcrumbList\",\"@id\":\"https:\/\/suomenkuvalehti.fi\/vallan-mahotonta\/velkakaton-sijaan-orpo-haluaa-ulottaa-kehysmenettelyn-ja-talouskurin-vaalikausien-yli\/#breadcrumb\",\"itemListElement\":[{\"@type\":\"ListItem\",\"position\":1,\"name\":\"Home\",\"item\":\"https:\/\/suomenkuvalehti.fi\/vallan-mahotonta\/\"},{\"@type\":\"ListItem\",\"position\":2,\"name\":\"&#8221;Velkakaton&#8221; sijaan Orpo haluaa ulottaa kehysmenettelyn ja talouskurin vaalikausien yli\"}]},{\"@type\":\"WebSite\",\"@id\":\"https:\/\/suomenkuvalehti.fi\/vallan-mahotonta\/#website\",\"url\":\"https:\/\/suomenkuvalehti.fi\/vallan-mahotonta\/\",\"name\":\"Vallan mahotonta!\",\"description\":\"Tutkija Antti Ronkainen seuraa maailmantalouden murrosta.\",\"potentialAction\":[{\"@type\":\"SearchAction\",\"target\":{\"@type\":\"EntryPoint\",\"urlTemplate\":\"https:\/\/suomenkuvalehti.fi\/haku\/?q={search_term_string}\"},\"query-input\":{\"@type\":\"PropertyValueSpecification\",\"valueRequired\":true,\"valueName\":\"search_term_string\"}}],\"inLanguage\":\"fi\"},{\"@type\":\"Person\",\"@id\":\"https:\/\/suomenkuvalehti.fi\/vallan-mahotonta\/#\/schema\/person\/aa34015af7a4bce21e1cdcf566bb57b0\",\"name\":\"Antti Ronkainen\",\"image\":{\"@type\":\"ImageObject\",\"inLanguage\":\"fi\",\"@id\":\"https:\/\/suomenkuvalehti.fi\/vallan-mahotonta\/#\/schema\/person\/image\/\",\"url\":\"https:\/\/suomenkuvalehti.fi\/vallan-mahotonta\/wp-content\/uploads\/sites\/42\/2018\/05\/antti_j_ronkainen_blogi_pieni-150x150.jpg\",\"contentUrl\":\"https:\/\/suomenkuvalehti.fi\/vallan-mahotonta\/wp-content\/uploads\/sites\/42\/2018\/05\/antti_j_ronkainen_blogi_pieni-150x150.jpg\",\"caption\":\"Antti Ronkainen\"},\"description\":\"Antti Ronkainen on poliittisen talouden v\u00e4it\u00f6skirjatutkija Helsingin yliopistolla.\",\"sameAs\":[\"http:\/\/anttironkainen.fi\",\"https:\/\/www.facebook.com\/a.ronkainen\",\"https:\/\/www.instagram.com\/antti.ronkainen\/\",\"https:\/\/x.com\/https:\/\/twitter.com\/anttironkainen\"]}]}<\/script>\n<!-- \/ Yoast SEO plugin. -->","yoast_head_json":{"title":"\"Velkakaton\" sijaan Orpo haluaa ulottaa kehysmenettelyn ja talouskurin vaalikausien yli - Vallan mahotonta!","robots":{"index":"index","follow":"follow","max-snippet":"max-snippet:-1","max-image-preview":"max-image-preview:large","max-video-preview":"max-video-preview:-1"},"canonical":"https:\/\/suomenkuvalehti.fi\/vallan-mahotonta\/velkakaton-sijaan-orpo-haluaa-ulottaa-kehysmenettelyn-ja-talouskurin-vaalikausien-yli\/","og_locale":"fi_FI","og_type":"article","og_title":"\"Velkakaton\" sijaan Orpo haluaa ulottaa kehysmenettelyn ja talouskurin vaalikausien yli - Vallan mahotonta!","og_description":"Presidentti Sauli Niinist\u00f6 ehdotti viimeisess\u00e4 uudenvuodenpuheessaan, ett\u00e4 puolueet etsisiv\u00e4t yli vaalikausien jatkuvia yhteisi\u00e4 n\u00e4kemyksi\u00e4 kansantalouden kohentamiseksi, kuten turvallisuuspolitiikassakin on toimittu. Vastau&hellip;","og_url":"https:\/\/suomenkuvalehti.fi\/vallan-mahotonta\/velkakaton-sijaan-orpo-haluaa-ulottaa-kehysmenettelyn-ja-talouskurin-vaalikausien-yli\/","og_site_name":"Vallan mahotonta!","article_author":"https:\/\/www.facebook.com\/a.ronkainen","article_published_time":"2024-03-29T07:31:55+00:00","article_modified_time":"2024-03-29T07:31:57+00:00","og_image":[{"width":600,"height":600,"url":"https:\/\/suomenkuvalehti.fi\/vallan-mahotonta\/wp-content\/uploads\/sites\/42\/2018\/05\/antti_j_ronkainen_blogi_pieni.jpg","type":"image\/jpeg"}],"author":"Antti Ronkainen","twitter_card":"summary_large_image","twitter_creator":"@https:\/\/twitter.com\/anttironkainen","twitter_misc":{"Written by":"Antti Ronkainen","Est. reading time":"2 minuuttia"},"schema":{"@context":"https:\/\/schema.org","@graph":[{"@type":"WebPage","@id":"https:\/\/suomenkuvalehti.fi\/vallan-mahotonta\/velkakaton-sijaan-orpo-haluaa-ulottaa-kehysmenettelyn-ja-talouskurin-vaalikausien-yli\/","url":"https:\/\/suomenkuvalehti.fi\/vallan-mahotonta\/velkakaton-sijaan-orpo-haluaa-ulottaa-kehysmenettelyn-ja-talouskurin-vaalikausien-yli\/","name":"\"Velkakaton\" sijaan Orpo haluaa ulottaa kehysmenettelyn ja talouskurin vaalikausien yli - Vallan mahotonta!","isPartOf":{"@id":"https:\/\/suomenkuvalehti.fi\/vallan-mahotonta\/#website"},"datePublished":"2024-03-29T07:31:55+00:00","dateModified":"2024-03-29T07:31:57+00:00","author":{"@id":"https:\/\/suomenkuvalehti.fi\/vallan-mahotonta\/#\/schema\/person\/aa34015af7a4bce21e1cdcf566bb57b0"},"breadcrumb":{"@id":"https:\/\/suomenkuvalehti.fi\/vallan-mahotonta\/velkakaton-sijaan-orpo-haluaa-ulottaa-kehysmenettelyn-ja-talouskurin-vaalikausien-yli\/#breadcrumb"},"inLanguage":"fi","potentialAction":[{"@type":"ReadAction","target":["https:\/\/suomenkuvalehti.fi\/vallan-mahotonta\/velkakaton-sijaan-orpo-haluaa-ulottaa-kehysmenettelyn-ja-talouskurin-vaalikausien-yli\/"]}]},{"@type":"BreadcrumbList","@id":"https:\/\/suomenkuvalehti.fi\/vallan-mahotonta\/velkakaton-sijaan-orpo-haluaa-ulottaa-kehysmenettelyn-ja-talouskurin-vaalikausien-yli\/#breadcrumb","itemListElement":[{"@type":"ListItem","position":1,"name":"Home","item":"https:\/\/suomenkuvalehti.fi\/vallan-mahotonta\/"},{"@type":"ListItem","position":2,"name":"&#8221;Velkakaton&#8221; sijaan Orpo haluaa ulottaa kehysmenettelyn ja talouskurin vaalikausien yli"}]},{"@type":"WebSite","@id":"https:\/\/suomenkuvalehti.fi\/vallan-mahotonta\/#website","url":"https:\/\/suomenkuvalehti.fi\/vallan-mahotonta\/","name":"Vallan mahotonta!","description":"Tutkija Antti Ronkainen seuraa maailmantalouden murrosta.","potentialAction":[{"@type":"SearchAction","target":{"@type":"EntryPoint","urlTemplate":"https:\/\/suomenkuvalehti.fi\/haku\/?q={search_term_string}"},"query-input":{"@type":"PropertyValueSpecification","valueRequired":true,"valueName":"search_term_string"}}],"inLanguage":"fi"},{"@type":"Person","@id":"https:\/\/suomenkuvalehti.fi\/vallan-mahotonta\/#\/schema\/person\/aa34015af7a4bce21e1cdcf566bb57b0","name":"Antti Ronkainen","image":{"@type":"ImageObject","inLanguage":"fi","@id":"https:\/\/suomenkuvalehti.fi\/vallan-mahotonta\/#\/schema\/person\/image\/","url":"https:\/\/suomenkuvalehti.fi\/vallan-mahotonta\/wp-content\/uploads\/sites\/42\/2018\/05\/antti_j_ronkainen_blogi_pieni-150x150.jpg","contentUrl":"https:\/\/suomenkuvalehti.fi\/vallan-mahotonta\/wp-content\/uploads\/sites\/42\/2018\/05\/antti_j_ronkainen_blogi_pieni-150x150.jpg","caption":"Antti Ronkainen"},"description":"Antti Ronkainen on poliittisen talouden v\u00e4it\u00f6skirjatutkija Helsingin yliopistolla.","sameAs":["http:\/\/anttironkainen.fi","https:\/\/www.facebook.com\/a.ronkainen","https:\/\/www.instagram.com\/antti.ronkainen\/","https:\/\/x.com\/https:\/\/twitter.com\/anttironkainen"]}]}},"_links":{"self":[{"href":"https:\/\/suomenkuvalehti.fi\/vallan-mahotonta\/wp-json\/wp\/v2\/posts\/10057","targetHints":{"allow":["GET"]}}],"collection":[{"href":"https:\/\/suomenkuvalehti.fi\/vallan-mahotonta\/wp-json\/wp\/v2\/posts"}],"about":[{"href":"https:\/\/suomenkuvalehti.fi\/vallan-mahotonta\/wp-json\/wp\/v2\/types\/post"}],"author":[{"embeddable":true,"href":"https:\/\/suomenkuvalehti.fi\/vallan-mahotonta\/wp-json\/wp\/v2\/users\/37967"}],"replies":[{"embeddable":true,"href":"https:\/\/suomenkuvalehti.fi\/vallan-mahotonta\/wp-json\/wp\/v2\/comments?post=10057"}],"version-history":[{"count":4,"href":"https:\/\/suomenkuvalehti.fi\/vallan-mahotonta\/wp-json\/wp\/v2\/posts\/10057\/revisions"}],"predecessor-version":[{"id":10061,"href":"https:\/\/suomenkuvalehti.fi\/vallan-mahotonta\/wp-json\/wp\/v2\/posts\/10057\/revisions\/10061"}],"wp:attachment":[{"href":"https:\/\/suomenkuvalehti.fi\/vallan-mahotonta\/wp-json\/wp\/v2\/media?parent=10057"}],"wp:term":[{"taxonomy":"category","embeddable":true,"href":"https:\/\/suomenkuvalehti.fi\/vallan-mahotonta\/wp-json\/wp\/v2\/categories?post=10057"},{"taxonomy":"post_tag","embeddable":true,"href":"https:\/\/suomenkuvalehti.fi\/vallan-mahotonta\/wp-json\/wp\/v2\/tags?post=10057"}],"curies":[{"name":"wp","href":"https:\/\/api.w.org\/{rel}","templated":true}]}}