{"id":96,"date":"2019-03-15T10:51:27","date_gmt":"2019-03-15T08:51:27","guid":{"rendered":"https:\/\/suomenkuvalehti.fi\/vaalitarkkailija\/?p=96"},"modified":"2019-03-15T10:52:25","modified_gmt":"2019-03-15T08:52:25","slug":"saanko-pyytaa-lisaa-puhetta-hallintohimmeleista-ja-sote-malleista-kiitos","status":"publish","type":"post","link":"https:\/\/suomenkuvalehti.fi\/vaalitarkkailija\/saanko-pyytaa-lisaa-puhetta-hallintohimmeleista-ja-sote-malleista-kiitos\/","title":{"rendered":"Saanko pyyt\u00e4\u00e4: Lis\u00e4\u00e4 puhetta hallintohimmeleist\u00e4 ja sote-malleista, kiitos"},"content":{"rendered":"\n<p>Vaaleihin on nelj\u00e4 viikkoa, politiikan superviikot ovat k\u00e4ynnistyneet. Kun <strong>Juha Sipil\u00e4<\/strong> (kesk) j\u00e4tti hallituksen eronpyynn\u00f6n presidentille viikko sitten perjantaina 8. maaliskuuta, vaalikamppailu p\u00e4\u00e4si viimein kunnolla vauhtiin.<\/p>\n\n\n\n<p>Torstaina n\u00e4htiin Ylen ensimm\u00e4inen <a href=\"https:\/\/areena.yle.fi\/1-4651067\">puheenjohtajatentti<\/a>.<\/p>\n\n\n\n<p>Koska sote-uudistus j\u00e4i eronneelta Sipil\u00e4n hallitukselta tekem\u00e4tt\u00e4, televisiossa p\u00e4\u00e4stiin j\u00e4lleen puimaan puolueiden n\u00e4kemyksi\u00e4 leveist\u00e4 hartioista, integroiduista palveluketjuista ja muista sote-klassikoista.<\/p>\n\n\n\n<p>Tai jouduttiin puimaan.<\/p>\n\n\n\n<p>Ihmiset ovat kyll\u00e4styneet erilaisiin \u201dmalleihin\u201d, kokoomuksen puheenjohtaja <strong>Petteri Orpo<\/strong> arvioi tentiss\u00e4.<\/p>\n\n\n\n<p>Vasemmistoliiton puheenjohtaja <strong>Li Andersson<\/strong> (vas) puolestaan sanoi <a href=\"https:\/\/areena.yle.fi\/1-50076906\">Politiikkaradio-ohjelmassa<\/a>, ett\u00e4 \u201dnyt ollaan puhuttu hallintorakenteista aika monta vuotta.\u201d<\/p>\n\n\n\n<p>\u201dMihin se on johtanut on se, ett\u00e4 riitt\u00e4v\u00e4sti huomiota ei ole kiinnitetty todellisiin palvelun tuotannon sis\u00e4ll\u00e4 [oleviin], ihmisten arjen kannalta suuriin ongelmiin. Niist\u00e4 pit\u00e4isi nyt saada yhteisymm\u00e4rrys puolueiden kesken synnytetty\u00e4.\u201d<\/p>\n\n\n\n<p>&nbsp;<\/p>\n\n\n\n<p><strong>Toivottavasti<\/strong> poliitikot kuitenkin jaksavat puhua vaalien alla nimenomaan malleista ja hallintorakenteista.<\/p>\n\n\n\n<p>Valtaan p\u00e4\u00e4sty\u00e4\u00e4n heid\u00e4n teht\u00e4v\u00e4ns\u00e4 on p\u00e4\u00e4tt\u00e4\u00e4 juuri niist\u00e4.<\/p>\n\n\n\n<p>Siit\u00e4, ett\u00e4 poliitikko vaatii terveyskeskuksiin esimerkiksi parempaa johtamista, ei ole hirve\u00e4sti iloa \u00e4\u00e4nest\u00e4j\u00e4lle. Ellei poliitikko sitten aio siirty\u00e4 itse terveyskeskuksen johtajaksi.<\/p>\n\n\n\n<p>Juuri hallintohimmelit ja sote-mallit ovat poliitikkojen ty\u00f6kalu edist\u00e4\u00e4 esimerkiksi hyv\u00e4\u00e4 johtamista tai lyhyempi\u00e4 hoitojonoja.<\/p>\n\n\n\n<p>Toivottavasti poliitikot eiv\u00e4t tyydy my\u00f6sk\u00e4\u00e4n vain sanomaan, ett\u00e4 terveyskeskusten pitk\u00e4t jonotusajat lyhenev\u00e4t palkkaamalla lis\u00e4\u00e4 l\u00e4\u00e4k\u00e4reit\u00e4. T\u00e4llaista ehdottavien poliitikkojen pit\u00e4isi samalla kertoa, kuinka varmistetaan, ett\u00e4 terveyskeskukset onnistuvat palkkaamaan lis\u00e4\u00e4 l\u00e4\u00e4k\u00e4reit\u00e4. Riitt\u00e4\u00e4k\u00f6 pelkk\u00e4 lis\u00e4raha ratkomaan terveyskeskusten rekrytointiongelmat?<\/p>\n\n\n\n<p>2000-luvun alussa esimerkiksi <a href=\"https:\/\/suomenkuvalehti.fi\/jutut\/kotimaa\/suomen-kuvalehti-selvitti-tallaisen-soten-saamme-jos-saamme\/?shared=1006866-c00fa3be-4\">M\u00e4ntt\u00e4-Vilppulan kunta olisi tarvinnut nelj\u00e4 uutta l\u00e4\u00e4k\u00e4ri\u00e4<\/a> terveyskeskuksiin. Nelj\u00e4n l\u00e4\u00e4k\u00e4rin palkkaaminen ei tuntunut onnistuvan mill\u00e4\u00e4n. Vasta, kun kunta ulkoisti terveyspalvelunsa yrityksen hoidettavaksi, l\u00e4\u00e4k\u00e4rit saatiin palkattua.<\/p>\n\n\n","protected":false},"excerpt":{"rendered":"<p>Himmelit ja mallit ovat politiikan keskeinen ty\u00f6kalu esimerkiksi hoitojonojen lyhent\u00e4miseen. <\/p>\n","protected":false},"author":17709,"featured_media":0,"comment_status":"open","ping_status":"open","sticky":false,"template":"","format":"standard","meta":{"_acf_changed":false,"asauth_required_access_level":3,"asauth_cansharepaid":"true","om_header_attributes":[],"footnotes":"","om_featured_image_focal_point":[],"om_primary_tag":0,"om_contributors":[],"om_co_authors":[],"beyondwords_generate_audio":"","beyondwords_project_id":"","beyondwords_content_id":"","beyondwords_preview_token":"","beyondwords_player_content":"","beyondwords_player_style":"","beyondwords_language_code":"","beyondwords_language_id":"","beyondwords_title_voice_id":"","beyondwords_body_voice_id":"","beyondwords_summary_voice_id":"","beyondwords_error_message":"","beyondwords_disabled":"","beyondwords_delete_content":"","beyondwords_podcast_id":"","beyondwords_hash":"","publish_post_to_speechkit":"","speechkit_hash":"","speechkit_generate_audio":"","speechkit_project_id":"","speechkit_podcast_id":"","speechkit_error_message":"","speechkit_disabled":"","speechkit_access_key":"","speechkit_error":"","speechkit_info":"","speechkit_response":"","speechkit_retries":"","speechkit_status":"","speechkit_updated_at":"","_speechkit_link":"","_speechkit_text":""},"categories":[1],"tags":[46,4,44,8,38,45,47],"class_list":["post-96","post","type-post","status-publish","format-standard","hentry","category-vaalitarkkailija","tag-hoitojono","tag-juha-sipila","tag-li-andersson","tag-petteri-orpo","tag-sote","tag-terveyskeskus","tag-vaalit"],"om_views":null,"acf":{"tuuma_off":false,"tuuma_kysymys":"","tuuma_vastaus":""},"asauth":{"required_access_level":1,"share_token":"","is_paid":false},"yoast_head":"<!-- This site is optimized with the Yoast SEO plugin v26.4 - https:\/\/yoast.com\/wordpress\/plugins\/seo\/ -->\n<title>Saanko pyyt\u00e4\u00e4: Lis\u00e4\u00e4 puhetta hallintohimmeleist\u00e4 ja sote-malleista, kiitos - Vaalitarkkailija<\/title>\n<meta name=\"robots\" content=\"index, follow, max-snippet:-1, max-image-preview:large, max-video-preview:-1\" \/>\n<link rel=\"canonical\" href=\"https:\/\/suomenkuvalehti.fi\/vaalitarkkailija\/saanko-pyytaa-lisaa-puhetta-hallintohimmeleista-ja-sote-malleista-kiitos\/\" \/>\n<meta property=\"og:locale\" content=\"fi_FI\" \/>\n<meta property=\"og:type\" content=\"article\" \/>\n<meta property=\"og:title\" content=\"Saanko pyyt\u00e4\u00e4: Lis\u00e4\u00e4 puhetta hallintohimmeleist\u00e4 ja sote-malleista, kiitos - Vaalitarkkailija\" \/>\n<meta property=\"og:description\" content=\"Himmelit ja mallit ovat politiikan keskeinen ty\u00f6kalu esimerkiksi hoitojonojen lyhent\u00e4miseen.\" \/>\n<meta property=\"og:url\" content=\"https:\/\/suomenkuvalehti.fi\/vaalitarkkailija\/saanko-pyytaa-lisaa-puhetta-hallintohimmeleista-ja-sote-malleista-kiitos\/\" \/>\n<meta property=\"og:site_name\" content=\"Vaalitarkkailija\" \/>\n<meta property=\"article:published_time\" content=\"2019-03-15T08:51:27+00:00\" \/>\n<meta property=\"article:modified_time\" content=\"2019-03-15T08:52:25+00:00\" \/>\n<meta property=\"og:image\" content=\"https:\/\/suomenkuvalehti.fi\/vaalitarkkailija\/wp-content\/uploads\/sites\/45\/2022\/12\/heikki_venno_blogi_sk-scaled.jpg\" \/>\n\t<meta property=\"og:image:width\" content=\"2560\" \/>\n\t<meta property=\"og:image:height\" content=\"1707\" \/>\n\t<meta property=\"og:image:type\" content=\"image\/jpeg\" \/>\n<meta name=\"author\" content=\"Vappu Kaarenoja\" \/>\n<meta name=\"twitter:card\" content=\"summary_large_image\" \/>\n<meta name=\"twitter:label1\" content=\"Written by\" \/>\n\t<meta name=\"twitter:data1\" content=\"Vappu Kaarenoja\" \/>\n\t<meta name=\"twitter:label2\" content=\"Est. reading time\" \/>\n\t<meta name=\"twitter:data2\" content=\"1 minuutti\" \/>\n<script type=\"application\/ld+json\" class=\"yoast-schema-graph\">{\"@context\":\"https:\/\/schema.org\",\"@graph\":[{\"@type\":\"WebPage\",\"@id\":\"https:\/\/suomenkuvalehti.fi\/vaalitarkkailija\/saanko-pyytaa-lisaa-puhetta-hallintohimmeleista-ja-sote-malleista-kiitos\/\",\"url\":\"https:\/\/suomenkuvalehti.fi\/vaalitarkkailija\/saanko-pyytaa-lisaa-puhetta-hallintohimmeleista-ja-sote-malleista-kiitos\/\",\"name\":\"Saanko pyyt\u00e4\u00e4: Lis\u00e4\u00e4 puhetta hallintohimmeleist\u00e4 ja sote-malleista, kiitos - Vaalitarkkailija\",\"isPartOf\":{\"@id\":\"https:\/\/suomenkuvalehti.fi\/vaalitarkkailija\/#website\"},\"datePublished\":\"2019-03-15T08:51:27+00:00\",\"dateModified\":\"2019-03-15T08:52:25+00:00\",\"breadcrumb\":{\"@id\":\"https:\/\/suomenkuvalehti.fi\/vaalitarkkailija\/saanko-pyytaa-lisaa-puhetta-hallintohimmeleista-ja-sote-malleista-kiitos\/#breadcrumb\"},\"inLanguage\":\"fi\",\"potentialAction\":[{\"@type\":\"ReadAction\",\"target\":[\"https:\/\/suomenkuvalehti.fi\/vaalitarkkailija\/saanko-pyytaa-lisaa-puhetta-hallintohimmeleista-ja-sote-malleista-kiitos\/\"]}]},{\"@type\":\"BreadcrumbList\",\"@id\":\"https:\/\/suomenkuvalehti.fi\/vaalitarkkailija\/saanko-pyytaa-lisaa-puhetta-hallintohimmeleista-ja-sote-malleista-kiitos\/#breadcrumb\",\"itemListElement\":[{\"@type\":\"ListItem\",\"position\":1,\"name\":\"Home\",\"item\":\"https:\/\/suomenkuvalehti.fi\/vaalitarkkailija\/\"},{\"@type\":\"ListItem\",\"position\":2,\"name\":\"Saanko pyyt\u00e4\u00e4: Lis\u00e4\u00e4 puhetta hallintohimmeleist\u00e4 ja sote-malleista, kiitos\"}]},{\"@type\":\"WebSite\",\"@id\":\"https:\/\/suomenkuvalehti.fi\/vaalitarkkailija\/#website\",\"url\":\"https:\/\/suomenkuvalehti.fi\/vaalitarkkailija\/\",\"name\":\"Vaalitarkkailija\",\"description\":\"Suomen Kuvalehden toimittajat seuraavat vaaleja.\",\"publisher\":{\"@id\":\"https:\/\/suomenkuvalehti.fi\/vaalitarkkailija\/#organization\"},\"potentialAction\":[{\"@type\":\"SearchAction\",\"target\":{\"@type\":\"EntryPoint\",\"urlTemplate\":\"https:\/\/suomenkuvalehti.fi\/haku\/?q={search_term_string}\"},\"query-input\":{\"@type\":\"PropertyValueSpecification\",\"valueRequired\":true,\"valueName\":\"search_term_string\"}}],\"inLanguage\":\"fi\"},{\"@type\":\"Organization\",\"@id\":\"https:\/\/suomenkuvalehti.fi\/vaalitarkkailija\/#organization\",\"name\":\"Vaalitarkkailija\",\"url\":\"https:\/\/suomenkuvalehti.fi\/vaalitarkkailija\/\",\"logo\":{\"@type\":\"ImageObject\",\"inLanguage\":\"fi\",\"@id\":\"https:\/\/suomenkuvalehti.fi\/vaalitarkkailija\/#\/schema\/logo\/image\/\",\"url\":\"https:\/\/suomenkuvalehti.fi\/vaalitarkkailija\/wp-content\/uploads\/sites\/45\/2022\/12\/heikki_venno_blogi_sk-scaled.jpg\",\"contentUrl\":\"https:\/\/suomenkuvalehti.fi\/vaalitarkkailija\/wp-content\/uploads\/sites\/45\/2022\/12\/heikki_venno_blogi_sk-scaled.jpg\",\"width\":2560,\"height\":1707,\"caption\":\"Vaalitarkkailija\"},\"image\":{\"@id\":\"https:\/\/suomenkuvalehti.fi\/vaalitarkkailija\/#\/schema\/logo\/image\/\"}},{\"@type\":\"Person\",\"@id\":\"https:\/\/suomenkuvalehti.fi\/vaalitarkkailija\/#\/schema\/person\/06eb0e5ac7abcfe6ece6f61780d10af9\",\"name\":\"Vappu Kaarenoja\",\"image\":{\"@type\":\"ImageObject\",\"inLanguage\":\"fi\",\"@id\":\"https:\/\/suomenkuvalehti.fi\/vaalitarkkailija\/#\/schema\/person\/image\/\",\"url\":\"https:\/\/suomenkuvalehti.fi\/vaalitarkkailija\/wp-content\/uploads\/sites\/45\/2019\/02\/vappu_kaarenoja_blogi-150x150.jpg\",\"contentUrl\":\"https:\/\/suomenkuvalehti.fi\/vaalitarkkailija\/wp-content\/uploads\/sites\/45\/2019\/02\/vappu_kaarenoja_blogi-150x150.jpg\",\"caption\":\"Vappu Kaarenoja\"},\"description\":\"Kirjoittaja on Suomen Kuvalehden toimitusp\u00e4\u00e4llikk\u00f6.\"}]}<\/script>\n<!-- \/ Yoast SEO plugin. -->","yoast_head_json":{"title":"Saanko pyyt\u00e4\u00e4: Lis\u00e4\u00e4 puhetta hallintohimmeleist\u00e4 ja sote-malleista, kiitos - Vaalitarkkailija","robots":{"index":"index","follow":"follow","max-snippet":"max-snippet:-1","max-image-preview":"max-image-preview:large","max-video-preview":"max-video-preview:-1"},"canonical":"https:\/\/suomenkuvalehti.fi\/vaalitarkkailija\/saanko-pyytaa-lisaa-puhetta-hallintohimmeleista-ja-sote-malleista-kiitos\/","og_locale":"fi_FI","og_type":"article","og_title":"Saanko pyyt\u00e4\u00e4: Lis\u00e4\u00e4 puhetta hallintohimmeleist\u00e4 ja sote-malleista, kiitos - Vaalitarkkailija","og_description":"Himmelit ja mallit ovat politiikan keskeinen ty\u00f6kalu esimerkiksi hoitojonojen lyhent\u00e4miseen.","og_url":"https:\/\/suomenkuvalehti.fi\/vaalitarkkailija\/saanko-pyytaa-lisaa-puhetta-hallintohimmeleista-ja-sote-malleista-kiitos\/","og_site_name":"Vaalitarkkailija","article_published_time":"2019-03-15T08:51:27+00:00","article_modified_time":"2019-03-15T08:52:25+00:00","og_image":[{"width":2560,"height":1707,"url":"https:\/\/suomenkuvalehti.fi\/vaalitarkkailija\/wp-content\/uploads\/sites\/45\/2022\/12\/heikki_venno_blogi_sk-scaled.jpg","type":"image\/jpeg"}],"author":"Vappu Kaarenoja","twitter_card":"summary_large_image","twitter_misc":{"Written by":"Vappu Kaarenoja","Est. reading time":"1 minuutti"},"schema":{"@context":"https:\/\/schema.org","@graph":[{"@type":"WebPage","@id":"https:\/\/suomenkuvalehti.fi\/vaalitarkkailija\/saanko-pyytaa-lisaa-puhetta-hallintohimmeleista-ja-sote-malleista-kiitos\/","url":"https:\/\/suomenkuvalehti.fi\/vaalitarkkailija\/saanko-pyytaa-lisaa-puhetta-hallintohimmeleista-ja-sote-malleista-kiitos\/","name":"Saanko pyyt\u00e4\u00e4: Lis\u00e4\u00e4 puhetta hallintohimmeleist\u00e4 ja sote-malleista, kiitos - Vaalitarkkailija","isPartOf":{"@id":"https:\/\/suomenkuvalehti.fi\/vaalitarkkailija\/#website"},"datePublished":"2019-03-15T08:51:27+00:00","dateModified":"2019-03-15T08:52:25+00:00","breadcrumb":{"@id":"https:\/\/suomenkuvalehti.fi\/vaalitarkkailija\/saanko-pyytaa-lisaa-puhetta-hallintohimmeleista-ja-sote-malleista-kiitos\/#breadcrumb"},"inLanguage":"fi","potentialAction":[{"@type":"ReadAction","target":["https:\/\/suomenkuvalehti.fi\/vaalitarkkailija\/saanko-pyytaa-lisaa-puhetta-hallintohimmeleista-ja-sote-malleista-kiitos\/"]}]},{"@type":"BreadcrumbList","@id":"https:\/\/suomenkuvalehti.fi\/vaalitarkkailija\/saanko-pyytaa-lisaa-puhetta-hallintohimmeleista-ja-sote-malleista-kiitos\/#breadcrumb","itemListElement":[{"@type":"ListItem","position":1,"name":"Home","item":"https:\/\/suomenkuvalehti.fi\/vaalitarkkailija\/"},{"@type":"ListItem","position":2,"name":"Saanko pyyt\u00e4\u00e4: Lis\u00e4\u00e4 puhetta hallintohimmeleist\u00e4 ja sote-malleista, kiitos"}]},{"@type":"WebSite","@id":"https:\/\/suomenkuvalehti.fi\/vaalitarkkailija\/#website","url":"https:\/\/suomenkuvalehti.fi\/vaalitarkkailija\/","name":"Vaalitarkkailija","description":"Suomen Kuvalehden toimittajat seuraavat vaaleja.","publisher":{"@id":"https:\/\/suomenkuvalehti.fi\/vaalitarkkailija\/#organization"},"potentialAction":[{"@type":"SearchAction","target":{"@type":"EntryPoint","urlTemplate":"https:\/\/suomenkuvalehti.fi\/haku\/?q={search_term_string}"},"query-input":{"@type":"PropertyValueSpecification","valueRequired":true,"valueName":"search_term_string"}}],"inLanguage":"fi"},{"@type":"Organization","@id":"https:\/\/suomenkuvalehti.fi\/vaalitarkkailija\/#organization","name":"Vaalitarkkailija","url":"https:\/\/suomenkuvalehti.fi\/vaalitarkkailija\/","logo":{"@type":"ImageObject","inLanguage":"fi","@id":"https:\/\/suomenkuvalehti.fi\/vaalitarkkailija\/#\/schema\/logo\/image\/","url":"https:\/\/suomenkuvalehti.fi\/vaalitarkkailija\/wp-content\/uploads\/sites\/45\/2022\/12\/heikki_venno_blogi_sk-scaled.jpg","contentUrl":"https:\/\/suomenkuvalehti.fi\/vaalitarkkailija\/wp-content\/uploads\/sites\/45\/2022\/12\/heikki_venno_blogi_sk-scaled.jpg","width":2560,"height":1707,"caption":"Vaalitarkkailija"},"image":{"@id":"https:\/\/suomenkuvalehti.fi\/vaalitarkkailija\/#\/schema\/logo\/image\/"}},{"@type":"Person","@id":"https:\/\/suomenkuvalehti.fi\/vaalitarkkailija\/#\/schema\/person\/06eb0e5ac7abcfe6ece6f61780d10af9","name":"Vappu Kaarenoja","image":{"@type":"ImageObject","inLanguage":"fi","@id":"https:\/\/suomenkuvalehti.fi\/vaalitarkkailija\/#\/schema\/person\/image\/","url":"https:\/\/suomenkuvalehti.fi\/vaalitarkkailija\/wp-content\/uploads\/sites\/45\/2019\/02\/vappu_kaarenoja_blogi-150x150.jpg","contentUrl":"https:\/\/suomenkuvalehti.fi\/vaalitarkkailija\/wp-content\/uploads\/sites\/45\/2019\/02\/vappu_kaarenoja_blogi-150x150.jpg","caption":"Vappu Kaarenoja"},"description":"Kirjoittaja on Suomen Kuvalehden toimitusp\u00e4\u00e4llikk\u00f6."}]}},"_links":{"self":[{"href":"https:\/\/suomenkuvalehti.fi\/vaalitarkkailija\/wp-json\/wp\/v2\/posts\/96","targetHints":{"allow":["GET"]}}],"collection":[{"href":"https:\/\/suomenkuvalehti.fi\/vaalitarkkailija\/wp-json\/wp\/v2\/posts"}],"about":[{"href":"https:\/\/suomenkuvalehti.fi\/vaalitarkkailija\/wp-json\/wp\/v2\/types\/post"}],"author":[{"embeddable":true,"href":"https:\/\/suomenkuvalehti.fi\/vaalitarkkailija\/wp-json\/wp\/v2\/users\/17709"}],"replies":[{"embeddable":true,"href":"https:\/\/suomenkuvalehti.fi\/vaalitarkkailija\/wp-json\/wp\/v2\/comments?post=96"}],"version-history":[{"count":3,"href":"https:\/\/suomenkuvalehti.fi\/vaalitarkkailija\/wp-json\/wp\/v2\/posts\/96\/revisions"}],"predecessor-version":[{"id":99,"href":"https:\/\/suomenkuvalehti.fi\/vaalitarkkailija\/wp-json\/wp\/v2\/posts\/96\/revisions\/99"}],"wp:attachment":[{"href":"https:\/\/suomenkuvalehti.fi\/vaalitarkkailija\/wp-json\/wp\/v2\/media?parent=96"}],"wp:term":[{"taxonomy":"category","embeddable":true,"href":"https:\/\/suomenkuvalehti.fi\/vaalitarkkailija\/wp-json\/wp\/v2\/categories?post=96"},{"taxonomy":"post_tag","embeddable":true,"href":"https:\/\/suomenkuvalehti.fi\/vaalitarkkailija\/wp-json\/wp\/v2\/tags?post=96"}],"curies":[{"name":"wp","href":"https:\/\/api.w.org\/{rel}","templated":true}]}}