{"id":550,"date":"2025-03-21T09:54:14","date_gmt":"2025-03-21T07:54:14","guid":{"rendered":"https:\/\/suomenkuvalehti.fi\/vaalitarkkailija\/?p=550"},"modified":"2025-03-21T09:54:15","modified_gmt":"2025-03-21T07:54:15","slug":"vaaleissa-on-turha-etsia-syyllista-soten-ongelmiin-aanestajan-kannattaa-katsoa-tulevaisuuteen","status":"publish","type":"post","link":"https:\/\/suomenkuvalehti.fi\/vaalitarkkailija\/vaaleissa-on-turha-etsia-syyllista-soten-ongelmiin-aanestajan-kannattaa-katsoa-tulevaisuuteen\/","title":{"rendered":"Vaaleissa on turha etsi\u00e4 syyllist\u00e4 soten ongelmiin \u2013 \u00e4\u00e4nest\u00e4j\u00e4n kannattaa katsoa tulevaisuuteen"},"content":{"rendered":"\n<p>Kunta- ja aluevaalien ennakko\u00e4\u00e4nestys alkaa vajaan parin viikon kuluttua. Paikallisten asioiden lis\u00e4ksi t\u00e4rkein aihe on soteuudistuksen tuunaus ja hyvinvointialueiden vastuulla olevien palveluiden turvaaminen.<\/p>\n\n\n\n<p>Vaaliv\u00e4ittely on ollut vaisua. Oppositio on heristellyt sormeaan hallitukselle, joka on tehnyt leikkauksia, painostanut hyvinvointialueita panemaan taloutensa kuntoon ja h\u00e4vitt\u00e4m\u00e4\u00e4n alij\u00e4\u00e4m\u00e4t.<\/p>\n\n\n\n<p>Toinen pieni suuri asia on hoitotakuu, joka opposition mielest\u00e4 pit\u00e4isi palauttaa kahteen viikkoon. Kolmas kiistakapula on yksityisen terveydenhuollon Kela-korvaukset, joiden paisuttamista oppositio on arvostellut.<\/p>\n\n\n\n<p>P\u00e4\u00e4ministeri <strong>Petteri Orpon<\/strong> (kok) hallitus puolestaan on selitt\u00e4nyt, ett\u00e4 se on jakanut hyvinvointialueille miljardeja euroja lis\u00e4\u00e4 rahaa.<\/p>\n\n\n\n<p><\/p>\n\n\n\n<p><span class=\"capitalized\">Hoitotakuu<\/span>, Kela-korvausten rukkaaminen tai alij\u00e4\u00e4mien kattaminen ovat t\u00e4rkeit\u00e4. Ne eiv\u00e4t kuitenkaan ratkaise itse ongelmaa.<\/p>\n\n\n\n<p>Kun terveydenhuollon vaikeuksiin haetaan syyllisi\u00e4, laimealle vaalikamppailulle l\u00f6ytyy selitys. Kaikki puolueet ovat vuorollaan olleet hallitusvastuussa j\u00e4rjest\u00e4m\u00e4ss\u00e4 sote-palveluita.<\/p>\n\n\n\n<p>P\u00e4\u00e4ministeri <strong>Matti Vanhasen<\/strong> (kesk) punamultahallitus k\u00e4ynnisti vuonna 2006 Paras-hankkeena tunnetun kunta- ja palvelurakenneuudistuksen. Viisi vuotta my\u00f6hemmin <strong>Jyrki Kataisen<\/strong> (kok) hallitus kuoppasi uudistuksen. Se kuitenkin ep\u00e4onnistui yrityksess\u00e4\u00e4n rakentaa j\u00e4rjestelm\u00e4, joka olisi perustunut noin sataan kuntaan.<\/p>\n\n\n\n<p>Nykyisen soten perustan valoivat kaksi suhteellisen kokematonta puoluejohtajaa, p\u00e4\u00e4ministeri <strong>Juha Sipil\u00e4<\/strong> (kesk) ja valtiovarainministeri<strong> Alexander Stubb<\/strong> (kok).<\/p>\n\n\n\n<p>Sipil\u00e4 piti j\u00e4\u00e4r\u00e4p\u00e4isesti kiinni 18 hyvinvointialueesta. Kokoomus puolestaan ajoi h\u00e4rk\u00e4p\u00e4isesti systeemiin valinnanvapautta.<\/p>\n\n\n\n<p>Vuonna 2015 sote ajoi hallituksen kriisiin, josta se kuitenkin selvisi.<\/p>\n\n\n\n<p>Silti sote kaatui vuoden 2019 alussa. Silloin Stubbin tilalle kokoomusjohtoon ja valtiovarainministeriksi oli noussut Petteri Orpo.<\/p>\n\n\n\n<p><strong>Sanna Marinin<\/strong> (sd) hallitus ajoi lopulta uudistuksen l\u00e4pi eduskunnassa.<\/p>\n\n\n\n<p><\/p>\n\n\n\n<p><span class=\"capitalized\">Nyt <\/span>puolueet v\u00e4ltt\u00e4v\u00e4t kovimmista ratkaisuista puhumista. Hyvinvointialueita on todenn\u00e4k\u00f6isesti liikaa. Jo vuonna 2015 esill\u00e4 oli jopa viiden alueen malli.<\/p>\n\n\n\n<p>Vaaleihin valmistautuvat puolueet vaikenevat yksimielisesti alueiden m\u00e4\u00e4r\u00e4n v\u00e4hent\u00e4misest\u00e4. Yksik\u00e4\u00e4n puoluejohtaja ei uskalla \u00e4\u00e4nikadon pelossa sanoa, mitk\u00e4 alueet kannattaisi puristaa yhdeksi.<\/p>\n\n\n\n<p>Toinen suuri kysymys on hyvinvointialueiden rahoitus. Muutama vuosi sitten vasemmistopuolueet, vihre\u00e4t ja keskusta kannattivat maakuntaveroa.<\/p>\n\n\n\n<p>Oppositiopuolueiden puheenjohtajat <strong>Antti Lindtman<\/strong> (sd) ja <strong>Antti Kaikkonen<\/strong> (kesk) ovat suut supussa. Kokoomukselle vero on jopa sanana ep\u00e4mieluisa.<\/p>\n\n\n\n<p><\/p>\n\n\n\n<p><span class=\"capitalized\">Poliittisen osaamisen<\/span> ja rohkeuden puute ovat siitt\u00e4neet maahan j\u00e4rjestelm\u00e4n, jossa p\u00e4\u00e4t\u00f6svaltaa k\u00e4ytt\u00e4v\u00e4t aluevaltuustot. Ne el\u00e4v\u00e4t kuin pellossa, koska valtuustot eiv\u00e4t vastaa palveluiden rahoituksesta.<\/p>\n\n\n\n<p>Tilanne voisi olla toinen, jos Sipil\u00e4 olisi tinkinyt alueiden m\u00e4\u00e4r\u00e4st\u00e4 ja Stubb valinnanvapaudesta. Seuraavilla hallituksilla olisi ollut mahdollisuus kehitt\u00e4\u00e4 j\u00e4rjestelm\u00e4\u00e4.<\/p>\n\n\n\n<p>Kunta- ja aluevaaleissa nykyisten ongelmien syylliset on helppo l\u00f6yt\u00e4\u00e4: kokoomus, Sdp ja keskusta. Perussuomalaisten rooli on puolueen koosta huolimatta ollut pieni sek\u00e4 hyv\u00e4ss\u00e4 ett\u00e4 pahassa.<\/p>\n\n\n\n<p>Ehdokkaan voi l\u00f6yt\u00e4\u00e4 etsim\u00e4ll\u00e4 listoilta puolueita ja poliitikkoja, joilla on j\u00e4rkev\u00e4 ja toteutuskelpoinen n\u00e4kemys tulevaisuudesta, k\u00e4ytt\u00f6kelpoiset ja oikeudenmukaiset ehdotukset yhteiskunnan, hyvinvointialueen ja kunnan asioiden j\u00e4rjest\u00e4miseksi. Arvot, usko tulevaisuuteen ja turvallisuus ovat avainasemassa.<\/p>\n\n\n\n<p>Vaihtoehtoja on, mutta \u00e4\u00e4nest\u00e4j\u00e4n teht\u00e4v\u00e4 ei ole helppo.<\/p>\n","protected":false},"excerpt":{"rendered":"<p>Vaalikamppailu on ollut poliitikkojen varjonyrkkeily\u00e4, koska kaikki ovat syyllisi\u00e4 soten ongelmiin ja vaikenevat kipeimmist\u00e4 ratkaisukeinoista. <\/p>\n","protected":false},"author":131,"featured_media":0,"comment_status":"open","ping_status":"open","sticky":false,"template":"","format":"standard","meta":{"_acf_changed":false,"asauth_required_access_level":3,"asauth_cansharepaid":"true","om_header_attributes":[],"footnotes":"","om_featured_image_focal_point":[],"om_primary_tag":0,"om_contributors":[{"id":"author-override","type":"fixed","role":"Kirjoittajan yliajo","name":""},{"id":"photographer","type":"fixed","role":"Kuvat","name":""}],"om_co_authors":[],"beyondwords_generate_audio":"","beyondwords_project_id":"","beyondwords_content_id":"","beyondwords_preview_token":"","beyondwords_player_content":"","beyondwords_player_style":"","beyondwords_language_code":"","beyondwords_language_id":"","beyondwords_title_voice_id":"","beyondwords_body_voice_id":"","beyondwords_summary_voice_id":"","beyondwords_error_message":"","beyondwords_disabled":"","beyondwords_delete_content":"","beyondwords_podcast_id":"","beyondwords_hash":"","publish_post_to_speechkit":"","speechkit_hash":"","speechkit_generate_audio":"","speechkit_project_id":"","speechkit_podcast_id":"","speechkit_error_message":"","speechkit_disabled":"","speechkit_access_key":"","speechkit_error":"","speechkit_info":"","speechkit_response":"","speechkit_retries":"","speechkit_status":"","speechkit_updated_at":"","_speechkit_link":"","_speechkit_text":""},"categories":[1],"tags":[115],"class_list":["post-550","post","type-post","status-publish","format-standard","hentry","category-vaalitarkkailija","tag-alue-ja-kuntavaalit-2025"],"om_views":null,"acf":{"tuuma_off":false,"tuuma_kysymys":"","tuuma_vastaus":""},"asauth":{"required_access_level":1,"share_token":"","is_paid":false},"yoast_head":"<!-- This site is optimized with the Yoast SEO plugin v26.4 - https:\/\/yoast.com\/wordpress\/plugins\/seo\/ -->\n<title>Vaaleissa on turha etsi\u00e4 syyllist\u00e4 soten ongelmiin \u2013 \u00e4\u00e4nest\u00e4j\u00e4n kannattaa katsoa tulevaisuuteen - Vaalitarkkailija<\/title>\n<meta name=\"description\" content=\"Vaalikamppailu on ollut poliitikkojen varjonyrkkeily\u00e4, koska kaikki ovat syyllisi\u00e4 soten ongelmiin ja vaikenevat kipeimmist\u00e4 ratkaisukeinoista.\" \/>\n<meta name=\"robots\" content=\"index, follow, max-snippet:-1, max-image-preview:large, max-video-preview:-1\" \/>\n<link rel=\"canonical\" href=\"https:\/\/suomenkuvalehti.fi\/vaalitarkkailija\/vaaleissa-on-turha-etsia-syyllista-soten-ongelmiin-aanestajan-kannattaa-katsoa-tulevaisuuteen\/\" \/>\n<meta property=\"og:locale\" content=\"fi_FI\" \/>\n<meta property=\"og:type\" content=\"article\" \/>\n<meta property=\"og:title\" content=\"Vaaleissa on turha etsi\u00e4 syyllist\u00e4 soten ongelmiin \u2013 \u00e4\u00e4nest\u00e4j\u00e4n kannattaa katsoa tulevaisuuteen - Vaalitarkkailija\" \/>\n<meta property=\"og:description\" content=\"Vaalikamppailu on ollut poliitikkojen varjonyrkkeily\u00e4, koska kaikki ovat syyllisi\u00e4 soten ongelmiin ja vaikenevat kipeimmist\u00e4 ratkaisukeinoista.\" \/>\n<meta property=\"og:url\" content=\"https:\/\/suomenkuvalehti.fi\/vaalitarkkailija\/vaaleissa-on-turha-etsia-syyllista-soten-ongelmiin-aanestajan-kannattaa-katsoa-tulevaisuuteen\/\" \/>\n<meta property=\"og:site_name\" content=\"Vaalitarkkailija\" \/>\n<meta property=\"article:published_time\" content=\"2025-03-21T07:54:14+00:00\" \/>\n<meta property=\"article:modified_time\" content=\"2025-03-21T07:54:15+00:00\" \/>\n<meta property=\"og:image\" content=\"https:\/\/suomenkuvalehti.fi\/vaalitarkkailija\/wp-content\/uploads\/sites\/45\/2022\/12\/heikki_venno_blogi_sk-scaled.jpg\" \/>\n\t<meta property=\"og:image:width\" content=\"2560\" \/>\n\t<meta property=\"og:image:height\" content=\"1707\" \/>\n\t<meta property=\"og:image:type\" content=\"image\/jpeg\" \/>\n<meta name=\"author\" content=\"Heikki Vento\" \/>\n<meta name=\"twitter:card\" content=\"summary_large_image\" \/>\n<meta name=\"twitter:creator\" content=\"@https:\/\/twitter.com\/HeikkiVento\" \/>\n<meta name=\"twitter:label1\" content=\"Written by\" \/>\n\t<meta name=\"twitter:data1\" content=\"Heikki Vento\" \/>\n\t<meta name=\"twitter:label2\" content=\"Est. reading time\" \/>\n\t<meta name=\"twitter:data2\" content=\"3 minuuttia\" \/>\n<script type=\"application\/ld+json\" class=\"yoast-schema-graph\">{\"@context\":\"https:\/\/schema.org\",\"@graph\":[{\"@type\":\"WebPage\",\"@id\":\"https:\/\/suomenkuvalehti.fi\/vaalitarkkailija\/vaaleissa-on-turha-etsia-syyllista-soten-ongelmiin-aanestajan-kannattaa-katsoa-tulevaisuuteen\/\",\"url\":\"https:\/\/suomenkuvalehti.fi\/vaalitarkkailija\/vaaleissa-on-turha-etsia-syyllista-soten-ongelmiin-aanestajan-kannattaa-katsoa-tulevaisuuteen\/\",\"name\":\"Vaaleissa on turha etsi\u00e4 syyllist\u00e4 soten ongelmiin \u2013 \u00e4\u00e4nest\u00e4j\u00e4n kannattaa katsoa tulevaisuuteen - Vaalitarkkailija\",\"isPartOf\":{\"@id\":\"https:\/\/suomenkuvalehti.fi\/vaalitarkkailija\/#website\"},\"datePublished\":\"2025-03-21T07:54:14+00:00\",\"dateModified\":\"2025-03-21T07:54:15+00:00\",\"description\":\"Vaalikamppailu on ollut poliitikkojen varjonyrkkeily\u00e4, koska kaikki ovat syyllisi\u00e4 soten ongelmiin ja vaikenevat kipeimmist\u00e4 ratkaisukeinoista.\",\"breadcrumb\":{\"@id\":\"https:\/\/suomenkuvalehti.fi\/vaalitarkkailija\/vaaleissa-on-turha-etsia-syyllista-soten-ongelmiin-aanestajan-kannattaa-katsoa-tulevaisuuteen\/#breadcrumb\"},\"inLanguage\":\"fi\",\"potentialAction\":[{\"@type\":\"ReadAction\",\"target\":[\"https:\/\/suomenkuvalehti.fi\/vaalitarkkailija\/vaaleissa-on-turha-etsia-syyllista-soten-ongelmiin-aanestajan-kannattaa-katsoa-tulevaisuuteen\/\"]}]},{\"@type\":\"BreadcrumbList\",\"@id\":\"https:\/\/suomenkuvalehti.fi\/vaalitarkkailija\/vaaleissa-on-turha-etsia-syyllista-soten-ongelmiin-aanestajan-kannattaa-katsoa-tulevaisuuteen\/#breadcrumb\",\"itemListElement\":[{\"@type\":\"ListItem\",\"position\":1,\"name\":\"Home\",\"item\":\"https:\/\/suomenkuvalehti.fi\/vaalitarkkailija\/\"},{\"@type\":\"ListItem\",\"position\":2,\"name\":\"Vaaleissa on turha etsi\u00e4 syyllist\u00e4 soten ongelmiin \u2013 \u00e4\u00e4nest\u00e4j\u00e4n kannattaa katsoa tulevaisuuteen\"}]},{\"@type\":\"WebSite\",\"@id\":\"https:\/\/suomenkuvalehti.fi\/vaalitarkkailija\/#website\",\"url\":\"https:\/\/suomenkuvalehti.fi\/vaalitarkkailija\/\",\"name\":\"Vaalitarkkailija\",\"description\":\"Suomen Kuvalehden toimittajat seuraavat vaaleja.\",\"publisher\":{\"@id\":\"https:\/\/suomenkuvalehti.fi\/vaalitarkkailija\/#organization\"},\"potentialAction\":[{\"@type\":\"SearchAction\",\"target\":{\"@type\":\"EntryPoint\",\"urlTemplate\":\"https:\/\/suomenkuvalehti.fi\/haku\/?q={search_term_string}\"},\"query-input\":{\"@type\":\"PropertyValueSpecification\",\"valueRequired\":true,\"valueName\":\"search_term_string\"}}],\"inLanguage\":\"fi\"},{\"@type\":\"Organization\",\"@id\":\"https:\/\/suomenkuvalehti.fi\/vaalitarkkailija\/#organization\",\"name\":\"Vaalitarkkailija\",\"url\":\"https:\/\/suomenkuvalehti.fi\/vaalitarkkailija\/\",\"logo\":{\"@type\":\"ImageObject\",\"inLanguage\":\"fi\",\"@id\":\"https:\/\/suomenkuvalehti.fi\/vaalitarkkailija\/#\/schema\/logo\/image\/\",\"url\":\"https:\/\/suomenkuvalehti.fi\/vaalitarkkailija\/wp-content\/uploads\/sites\/45\/2022\/12\/heikki_venno_blogi_sk-scaled.jpg\",\"contentUrl\":\"https:\/\/suomenkuvalehti.fi\/vaalitarkkailija\/wp-content\/uploads\/sites\/45\/2022\/12\/heikki_venno_blogi_sk-scaled.jpg\",\"width\":2560,\"height\":1707,\"caption\":\"Vaalitarkkailija\"},\"image\":{\"@id\":\"https:\/\/suomenkuvalehti.fi\/vaalitarkkailija\/#\/schema\/logo\/image\/\"}},{\"@type\":\"Person\",\"@id\":\"https:\/\/suomenkuvalehti.fi\/vaalitarkkailija\/#\/schema\/person\/35368ab08620c043453078e24a553e30\",\"name\":\"Heikki Vento\",\"image\":{\"@type\":\"ImageObject\",\"inLanguage\":\"fi\",\"@id\":\"https:\/\/suomenkuvalehti.fi\/vaalitarkkailija\/#\/schema\/person\/image\/\",\"url\":\"https:\/\/suomenkuvalehti.fi\/vaalitarkkailija\/wp-content\/uploads\/sites\/45\/2022\/12\/heikki_venno_blogi_sk-150x150.jpg\",\"contentUrl\":\"https:\/\/suomenkuvalehti.fi\/vaalitarkkailija\/wp-content\/uploads\/sites\/45\/2022\/12\/heikki_venno_blogi_sk-150x150.jpg\",\"caption\":\"Heikki Vento\"},\"description\":\"Heikki Vento on pitk\u00e4aikainen politiikan toimittaja.\",\"sameAs\":[\"https:\/\/x.com\/https:\/\/twitter.com\/HeikkiVento\"]}]}<\/script>\n<!-- \/ Yoast SEO plugin. -->","yoast_head_json":{"title":"Vaaleissa on turha etsi\u00e4 syyllist\u00e4 soten ongelmiin \u2013 \u00e4\u00e4nest\u00e4j\u00e4n kannattaa katsoa tulevaisuuteen - Vaalitarkkailija","description":"Vaalikamppailu on ollut poliitikkojen varjonyrkkeily\u00e4, koska kaikki ovat syyllisi\u00e4 soten ongelmiin ja vaikenevat kipeimmist\u00e4 ratkaisukeinoista.","robots":{"index":"index","follow":"follow","max-snippet":"max-snippet:-1","max-image-preview":"max-image-preview:large","max-video-preview":"max-video-preview:-1"},"canonical":"https:\/\/suomenkuvalehti.fi\/vaalitarkkailija\/vaaleissa-on-turha-etsia-syyllista-soten-ongelmiin-aanestajan-kannattaa-katsoa-tulevaisuuteen\/","og_locale":"fi_FI","og_type":"article","og_title":"Vaaleissa on turha etsi\u00e4 syyllist\u00e4 soten ongelmiin \u2013 \u00e4\u00e4nest\u00e4j\u00e4n kannattaa katsoa tulevaisuuteen - Vaalitarkkailija","og_description":"Vaalikamppailu on ollut poliitikkojen varjonyrkkeily\u00e4, koska kaikki ovat syyllisi\u00e4 soten ongelmiin ja vaikenevat kipeimmist\u00e4 ratkaisukeinoista.","og_url":"https:\/\/suomenkuvalehti.fi\/vaalitarkkailija\/vaaleissa-on-turha-etsia-syyllista-soten-ongelmiin-aanestajan-kannattaa-katsoa-tulevaisuuteen\/","og_site_name":"Vaalitarkkailija","article_published_time":"2025-03-21T07:54:14+00:00","article_modified_time":"2025-03-21T07:54:15+00:00","og_image":[{"width":2560,"height":1707,"url":"https:\/\/suomenkuvalehti.fi\/vaalitarkkailija\/wp-content\/uploads\/sites\/45\/2022\/12\/heikki_venno_blogi_sk-scaled.jpg","type":"image\/jpeg"}],"author":"Heikki Vento","twitter_card":"summary_large_image","twitter_creator":"@https:\/\/twitter.com\/HeikkiVento","twitter_misc":{"Written by":"Heikki Vento","Est. reading time":"3 minuuttia"},"schema":{"@context":"https:\/\/schema.org","@graph":[{"@type":"WebPage","@id":"https:\/\/suomenkuvalehti.fi\/vaalitarkkailija\/vaaleissa-on-turha-etsia-syyllista-soten-ongelmiin-aanestajan-kannattaa-katsoa-tulevaisuuteen\/","url":"https:\/\/suomenkuvalehti.fi\/vaalitarkkailija\/vaaleissa-on-turha-etsia-syyllista-soten-ongelmiin-aanestajan-kannattaa-katsoa-tulevaisuuteen\/","name":"Vaaleissa on turha etsi\u00e4 syyllist\u00e4 soten ongelmiin \u2013 \u00e4\u00e4nest\u00e4j\u00e4n kannattaa katsoa tulevaisuuteen - Vaalitarkkailija","isPartOf":{"@id":"https:\/\/suomenkuvalehti.fi\/vaalitarkkailija\/#website"},"datePublished":"2025-03-21T07:54:14+00:00","dateModified":"2025-03-21T07:54:15+00:00","description":"Vaalikamppailu on ollut poliitikkojen varjonyrkkeily\u00e4, koska kaikki ovat syyllisi\u00e4 soten ongelmiin ja vaikenevat kipeimmist\u00e4 ratkaisukeinoista.","breadcrumb":{"@id":"https:\/\/suomenkuvalehti.fi\/vaalitarkkailija\/vaaleissa-on-turha-etsia-syyllista-soten-ongelmiin-aanestajan-kannattaa-katsoa-tulevaisuuteen\/#breadcrumb"},"inLanguage":"fi","potentialAction":[{"@type":"ReadAction","target":["https:\/\/suomenkuvalehti.fi\/vaalitarkkailija\/vaaleissa-on-turha-etsia-syyllista-soten-ongelmiin-aanestajan-kannattaa-katsoa-tulevaisuuteen\/"]}]},{"@type":"BreadcrumbList","@id":"https:\/\/suomenkuvalehti.fi\/vaalitarkkailija\/vaaleissa-on-turha-etsia-syyllista-soten-ongelmiin-aanestajan-kannattaa-katsoa-tulevaisuuteen\/#breadcrumb","itemListElement":[{"@type":"ListItem","position":1,"name":"Home","item":"https:\/\/suomenkuvalehti.fi\/vaalitarkkailija\/"},{"@type":"ListItem","position":2,"name":"Vaaleissa on turha etsi\u00e4 syyllist\u00e4 soten ongelmiin \u2013 \u00e4\u00e4nest\u00e4j\u00e4n kannattaa katsoa tulevaisuuteen"}]},{"@type":"WebSite","@id":"https:\/\/suomenkuvalehti.fi\/vaalitarkkailija\/#website","url":"https:\/\/suomenkuvalehti.fi\/vaalitarkkailija\/","name":"Vaalitarkkailija","description":"Suomen Kuvalehden toimittajat seuraavat vaaleja.","publisher":{"@id":"https:\/\/suomenkuvalehti.fi\/vaalitarkkailija\/#organization"},"potentialAction":[{"@type":"SearchAction","target":{"@type":"EntryPoint","urlTemplate":"https:\/\/suomenkuvalehti.fi\/haku\/?q={search_term_string}"},"query-input":{"@type":"PropertyValueSpecification","valueRequired":true,"valueName":"search_term_string"}}],"inLanguage":"fi"},{"@type":"Organization","@id":"https:\/\/suomenkuvalehti.fi\/vaalitarkkailija\/#organization","name":"Vaalitarkkailija","url":"https:\/\/suomenkuvalehti.fi\/vaalitarkkailija\/","logo":{"@type":"ImageObject","inLanguage":"fi","@id":"https:\/\/suomenkuvalehti.fi\/vaalitarkkailija\/#\/schema\/logo\/image\/","url":"https:\/\/suomenkuvalehti.fi\/vaalitarkkailija\/wp-content\/uploads\/sites\/45\/2022\/12\/heikki_venno_blogi_sk-scaled.jpg","contentUrl":"https:\/\/suomenkuvalehti.fi\/vaalitarkkailija\/wp-content\/uploads\/sites\/45\/2022\/12\/heikki_venno_blogi_sk-scaled.jpg","width":2560,"height":1707,"caption":"Vaalitarkkailija"},"image":{"@id":"https:\/\/suomenkuvalehti.fi\/vaalitarkkailija\/#\/schema\/logo\/image\/"}},{"@type":"Person","@id":"https:\/\/suomenkuvalehti.fi\/vaalitarkkailija\/#\/schema\/person\/35368ab08620c043453078e24a553e30","name":"Heikki Vento","image":{"@type":"ImageObject","inLanguage":"fi","@id":"https:\/\/suomenkuvalehti.fi\/vaalitarkkailija\/#\/schema\/person\/image\/","url":"https:\/\/suomenkuvalehti.fi\/vaalitarkkailija\/wp-content\/uploads\/sites\/45\/2022\/12\/heikki_venno_blogi_sk-150x150.jpg","contentUrl":"https:\/\/suomenkuvalehti.fi\/vaalitarkkailija\/wp-content\/uploads\/sites\/45\/2022\/12\/heikki_venno_blogi_sk-150x150.jpg","caption":"Heikki Vento"},"description":"Heikki Vento on pitk\u00e4aikainen politiikan toimittaja.","sameAs":["https:\/\/x.com\/https:\/\/twitter.com\/HeikkiVento"]}]}},"_links":{"self":[{"href":"https:\/\/suomenkuvalehti.fi\/vaalitarkkailija\/wp-json\/wp\/v2\/posts\/550","targetHints":{"allow":["GET"]}}],"collection":[{"href":"https:\/\/suomenkuvalehti.fi\/vaalitarkkailija\/wp-json\/wp\/v2\/posts"}],"about":[{"href":"https:\/\/suomenkuvalehti.fi\/vaalitarkkailija\/wp-json\/wp\/v2\/types\/post"}],"author":[{"embeddable":true,"href":"https:\/\/suomenkuvalehti.fi\/vaalitarkkailija\/wp-json\/wp\/v2\/users\/131"}],"replies":[{"embeddable":true,"href":"https:\/\/suomenkuvalehti.fi\/vaalitarkkailija\/wp-json\/wp\/v2\/comments?post=550"}],"version-history":[{"count":1,"href":"https:\/\/suomenkuvalehti.fi\/vaalitarkkailija\/wp-json\/wp\/v2\/posts\/550\/revisions"}],"predecessor-version":[{"id":551,"href":"https:\/\/suomenkuvalehti.fi\/vaalitarkkailija\/wp-json\/wp\/v2\/posts\/550\/revisions\/551"}],"wp:attachment":[{"href":"https:\/\/suomenkuvalehti.fi\/vaalitarkkailija\/wp-json\/wp\/v2\/media?parent=550"}],"wp:term":[{"taxonomy":"category","embeddable":true,"href":"https:\/\/suomenkuvalehti.fi\/vaalitarkkailija\/wp-json\/wp\/v2\/categories?post=550"},{"taxonomy":"post_tag","embeddable":true,"href":"https:\/\/suomenkuvalehti.fi\/vaalitarkkailija\/wp-json\/wp\/v2\/tags?post=550"}],"curies":[{"name":"wp","href":"https:\/\/api.w.org\/{rel}","templated":true}]}}