{"id":446,"date":"2023-04-03T15:37:38","date_gmt":"2023-04-03T12:37:38","guid":{"rendered":"https:\/\/suomenkuvalehti.fi\/vaalitarkkailija\/?p=446"},"modified":"2023-04-03T19:15:49","modified_gmt":"2023-04-03T16:15:49","slug":"porvarihallitusta-vaikea-muodostaa-ilman-keskustaa-sinipunassa-kokoomus-joutuisi-perussuomalaisten-puruluuksi","status":"publish","type":"post","link":"https:\/\/suomenkuvalehti.fi\/vaalitarkkailija\/porvarihallitusta-vaikea-muodostaa-ilman-keskustaa-sinipunassa-kokoomus-joutuisi-perussuomalaisten-puruluuksi\/","title":{"rendered":"Porvarihallitusta vaikea muodostaa ilman keskustaa, sinipunassa kokoomus joutuisi perussuomalaisten puruluuksi"},"content":{"rendered":"\n<p><span class=\"capitalized\">P\u00e4\u00e4ministerivaaleiksi<\/span> muuttuneissa eduskuntavaaleissa ei ratkennut seuraavan hallituksen kokoonpano. J\u00e4ljell\u00e4 ovat edelleen samat p\u00e4\u00e4vaihtoehdot kuin ennen vaaleja: kokoomuksen ja perussuomalaisten varaan koottava porvarihallitus tai kokoomuksen ja sosiaalidemokraattien sinipunayhteisty\u00f6.<\/p>\n\n\n\n<p>Kokoomuksen puheenjohtajalla <strong>Petteri Orpolla<\/strong> on hallituspelin vahvin k\u00e4si, suurimman puolueen asema ja 48 kansanedustajaa. <strong>Riikka Purran<\/strong> perussuomalaiset j\u00e4i kahden paikan p\u00e4\u00e4h\u00e4n. Sanna Marinin Sdp sai 43 ehdokastaan uuteen eduskuntaan.<\/p>\n\n\n\n<p>Orpo nimitet\u00e4\u00e4n ensi viikolla hallitustunnustelijaksi. H\u00e4n antaa perjantaina 14. huhtikuuta eduskuntapuolueiden vastattavaksi hallitusyhteisty\u00f6t\u00e4 koskevat kysymykset.<\/p>\n\n\n\n<p><\/p>\n\n\n\n<p><span class=\"capitalized\">Kaikissa hallitusvaihtoehdossa <\/span>suuret puolueet joutuvat turvautumaan pienten eduskuntaryhmien tukeen. Kahdella suurella puolueella ei ole yhdess\u00e4 enemmist\u00f6\u00e4 eduskunnassa.<\/p>\n\n\n\n<p>Perussuomalaiset ja kokoomus saivat yhteens\u00e4 94 paikkaa uuteen eduskuntaan.<\/p>\n\n\n\n<p>Porvarihallituksen eduskuntaenemmist\u00f6n varmistamiseksi riitt\u00e4isi ruotsalaisen kansanpuolueen ottaminen mukaan. Kolmen koalitiolla olisi 104 paikkaa. Se olisi ohut enemmist\u00f6, eik\u00e4 porvarihallitus ole Rkp:lle kovin mieluisa vaihtoehto. Puheenjohtaja <strong>Anna-Maja Henrikssonin<\/strong> mukaan Rkp ei l\u00e4hde hallitukseen, joka tekee perussuomalaista politiikkaa.<\/p>\n\n\n\n<p>Kristillisdemokraateilla edustajam\u00e4\u00e4r\u00e4 nousisi 109 kansanedustajaan. Suuri kysymysmerkki on, kiinnostaako hallitusvastuu 23 kansanedustajan keskustaa.<\/p>\n\n\n\n<p>Keskustan puheenjohtaja <strong>Annika Saarikko<\/strong> <a href=\"https:\/\/keskusta.fi\/ajankohtaista\/uutiset\/annika-saarikko-keskustan-paikka-on-oppositiossa\/\" target=\"_blank\" rel=\"noreferrer noopener\">on viem\u00e4ss\u00e4<\/a> puoluettaan oppositioon samalla tavalla kuin <strong>Juha Sipil\u00e4<\/strong> (kesk) nelj\u00e4 vuotta sitten. Jos keskusta kuitenkin hypp\u00e4isi kokoomuksen ja perussuomalaisten kelkkaan, se olisi suhteellisen turvassa, koska kaikki keskeiset porvaripuolueet olisivat mukana.<\/p>\n\n\n\n<p>Keskustaa saattaa vieh\u00e4tt\u00e4\u00e4 j\u00e4\u00e4minen porvarihallituksen ulkopuolelle. Se olisi taktisesti mainio asema puolueelle. Oppositiosta keskusta voisi k\u00e4yd\u00e4 hallituksessa olevien kokoomuksen ja perussuomalaisten kimppuun.<\/p>\n\n\n\n<p><\/p>\n\n\n\n<p><span class=\"capitalized\">Hallituksella<\/span> pit\u00e4\u00e4 olla yhteisesti hyv\u00e4ksytty ohjelma. Talouspolitiikasta kokoomus ja perussuomalaiset p\u00e4\u00e4sisiv\u00e4t helposti yhteisymm\u00e4rrykseen. Paperi kelpaisi varmaankin my\u00f6s pienemmille porvariryhmille.<\/p>\n\n\n\n<p>Suurimmat ongelmat tulisivat ymp\u00e4rist\u00f6- ja ilmastopolitiikasta. Purra kampanjoi voimakkaasti nykyisen hallituksen ilmastopolitiikkaa vastaan ja v\u00e4itti, ettei Suomi pysty t\u00e4ytt\u00e4m\u00e4\u00e4n keskeisimpi\u00e4 ilmastopoliittisia tavoitteitaan.<\/p>\n\n\n\n<p>Ilmastopolitiikan lis\u00e4ksi maahanmuutosta ja Eurooppa-politiikasta sopiminen voisi olla vaikeaa. Sek\u00e4 kokoomus ett\u00e4 perussuomalaiset joutuisivat tekem\u00e4\u00e4n my\u00f6nnytyksi\u00e4.<\/p>\n\n\n\n<p>Ratkaisevaa on se, kuinka paljon Orpo korostaa vaalikamppailussa paljon esill\u00e4 olleen talouden merkityst\u00e4. Vaakakupissa voi olla painoa my\u00f6s sill\u00e4 oletuksella, ett\u00e4 porvarihallituksen on perinteisesti ollut vaikea tulla toimeen ammattiyhdistysliikkeen kanssa.<\/p>\n\n\n\n<p><\/p>\n\n\n\n<p><span class=\"capitalized\">Kokoomuksen ja sosiaalidemokraattien<\/span> yhteishallitus on yht\u00e4 mahdollinen vaihtoehto kuin porvarihallitus. Marinilla oli vaaleissa kaksi tavoitetta: pit\u00e4\u00e4 Sdp suurimpana puolueena ja est\u00e4\u00e4 porvarihallituksen muodostaminen.<\/p>\n\n\n\n<p>J\u00e4lkimm\u00e4inen tavoite on edelleen saavutettavissa. Kokoomuksella ja Sdp:lla on yhteens\u00e4 91 paikkaa eduskunnassa.<\/p>\n\n\n\n<p>Kaksikko tarvitsisi tuekseen pieni\u00e4 puolueita. Sinipuna olisi porvarihallitusta mieluisampi vaihtoehto Rkp:lle. Tarvittaessa mukaan voisi ottaa kristillisdemokraatit.<\/p>\n\n\n\n<p>Keskustalle kokoomuksen ja Sdp:n hallitusyhteisty\u00f6 on ik\u00e4vin vaihtoehto riippumatta siit\u00e4, onko puolue hallituksessa vai oppositiossa.<\/p>\n\n\n\n<p>Sinipunassa keskusta olisi pieni kolmas py\u00f6r\u00e4. Oppositiossa se j\u00e4isi kaksi kertaa suuremman perussuomalaisten puristukseen.<\/p>\n\n\n\n<p>Jos Orpo ja Marin p\u00e4\u00e4sev\u00e4t sopimukseen, keskusta j\u00e4\u00e4 todenn\u00e4k\u00f6isesti hallituksen ulkopuolelle. Sdp tuskin l\u00e4htee kahden tai kolmen porvaripuolueen vangiksi.<\/p>\n\n\n\n<p><\/p>\n\n\n\n<p><span class=\"capitalized\">Kokoomuksen ja Sdp:n<\/span> yhteisty\u00f6n suurin este on erimielisyydet talouspolitiikasta. Molemmat joutuisivat tinkim\u00e4\u00e4n verovaatimuksistaan ja keinoistaan julkisen talouden sopeuttamiseksi.<\/p>\n\n\n\n<p>Sdp voisi tehd\u00e4 samanlaisen ratkaisun kuin 2003. Silloin vaalitaistelun keskustan <strong>Anneli J\u00e4\u00e4tteenm\u00e4elle<\/strong> h\u00e4vinnyt Sdp:n puheenjohtaja <strong>Paavo Lipponen<\/strong> j\u00e4i hallituksen ulkopuolelle ja ryhtyi eduskunnan puhemieheksi. Valtiovarainministeriksi nimitettiin Sdp:n eduskuntaryhm\u00e4n puheenjohtaja <strong>Antti Kalliom\u00e4ki<\/strong>.<\/p>\n\n\n\n<p>Marin saattaa olla kiinnostunut puhemiehen teht\u00e4v\u00e4st\u00e4. Orpon sinipunan valtiovarainministeriksi voisi ryhty\u00e4 viime kaudella Sdp:n eduskuntaryhm\u00e4\u00e4 johtanut <strong>Antti Lindtman<\/strong>.<\/p>\n\n\n\n<p>Sinipunahallituksella olisi porvarikokoonpanoa paremmat edellytykset tehd\u00e4 yhteisty\u00f6t\u00e4 ammattiyhdistysliikkeen kanssa.<\/p>\n\n\n\n<p>P\u00e4\u00e4hallituspuolueiden asema ei olisi t\u00e4ysin turvattu. Kokoomus joutuisi perussuomalaisten ja keskustan puruluuksi. Vasemmistoliitto puolestaan k\u00e4visi oppositiosta sosiaalidemokraattien kimppuun.<\/p>\n","protected":false},"excerpt":{"rendered":"<p>Sdp:lla on yh\u00e4 mahdollisuus est\u00e4\u00e4 porvarihallituksen muodostaminen, mutta siihen tarvitaan pienten puolueiden tukea.<\/p>\n","protected":false},"author":131,"featured_media":0,"comment_status":"open","ping_status":"open","sticky":false,"template":"","format":"standard","meta":{"_acf_changed":false,"asauth_required_access_level":3,"asauth_cansharepaid":"true","om_header_attributes":[],"footnotes":"","om_featured_image_focal_point":[],"om_primary_tag":0,"om_contributors":[{"id":"author-override","type":"fixed","role":"Kirjoittajan yliajo","name":""},{"id":"photographer","type":"fixed","role":"Kuvat","name":""}],"om_co_authors":[],"beyondwords_generate_audio":"","beyondwords_project_id":"","beyondwords_content_id":"","beyondwords_preview_token":"","beyondwords_player_content":"","beyondwords_player_style":"","beyondwords_language_code":"","beyondwords_language_id":"","beyondwords_title_voice_id":"","beyondwords_body_voice_id":"","beyondwords_summary_voice_id":"","beyondwords_error_message":"","beyondwords_disabled":"","beyondwords_delete_content":"","beyondwords_podcast_id":"","beyondwords_hash":"","publish_post_to_speechkit":"","speechkit_hash":"","speechkit_generate_audio":"","speechkit_project_id":"","speechkit_podcast_id":"","speechkit_error_message":"","speechkit_disabled":"","speechkit_access_key":"","speechkit_error":"","speechkit_info":"","speechkit_response":"","speechkit_retries":"","speechkit_status":"","speechkit_updated_at":"","_speechkit_link":"","_speechkit_text":""},"categories":[1],"tags":[104],"class_list":["post-446","post","type-post","status-publish","format-standard","hentry","category-vaalitarkkailija","tag-eduskuntavaalit-2023"],"om_views":null,"acf":{"tuuma_off":false,"tuuma_kysymys":"","tuuma_vastaus":""},"asauth":{"required_access_level":1,"share_token":"","is_paid":false},"yoast_head":"<!-- This site is optimized with the Yoast SEO plugin v26.4 - https:\/\/yoast.com\/wordpress\/plugins\/seo\/ -->\n<title>Porvarihallitusta vaikea muodostaa ilman keskustaa, sinipunassa kokoomus joutuisi perussuomalaisten puruluuksi - Vaalitarkkailija<\/title>\n<meta name=\"robots\" content=\"index, follow, max-snippet:-1, max-image-preview:large, max-video-preview:-1\" \/>\n<link rel=\"canonical\" href=\"https:\/\/suomenkuvalehti.fi\/vaalitarkkailija\/porvarihallitusta-vaikea-muodostaa-ilman-keskustaa-sinipunassa-kokoomus-joutuisi-perussuomalaisten-puruluuksi\/\" \/>\n<meta property=\"og:locale\" content=\"fi_FI\" \/>\n<meta property=\"og:type\" content=\"article\" \/>\n<meta property=\"og:title\" content=\"Porvarihallitusta vaikea muodostaa ilman keskustaa, sinipunassa kokoomus joutuisi perussuomalaisten puruluuksi - Vaalitarkkailija\" \/>\n<meta property=\"og:description\" content=\"Sdp:lla on yh\u00e4 mahdollisuus est\u00e4\u00e4 porvarihallituksen muodostaminen, mutta siihen tarvitaan pienten puolueiden tukea.\" \/>\n<meta property=\"og:url\" content=\"https:\/\/suomenkuvalehti.fi\/vaalitarkkailija\/porvarihallitusta-vaikea-muodostaa-ilman-keskustaa-sinipunassa-kokoomus-joutuisi-perussuomalaisten-puruluuksi\/\" \/>\n<meta property=\"og:site_name\" content=\"Vaalitarkkailija\" \/>\n<meta property=\"article:published_time\" content=\"2023-04-03T12:37:38+00:00\" \/>\n<meta property=\"article:modified_time\" content=\"2023-04-03T16:15:49+00:00\" \/>\n<meta property=\"og:image\" content=\"https:\/\/suomenkuvalehti.fi\/vaalitarkkailija\/wp-content\/uploads\/sites\/45\/2022\/12\/heikki_venno_blogi_sk-scaled.jpg\" \/>\n\t<meta property=\"og:image:width\" content=\"2560\" \/>\n\t<meta property=\"og:image:height\" content=\"1707\" \/>\n\t<meta property=\"og:image:type\" content=\"image\/jpeg\" \/>\n<meta name=\"author\" content=\"Heikki Vento\" \/>\n<meta name=\"twitter:card\" content=\"summary_large_image\" \/>\n<meta name=\"twitter:creator\" content=\"@https:\/\/twitter.com\/HeikkiVento\" \/>\n<meta name=\"twitter:label1\" content=\"Written by\" \/>\n\t<meta name=\"twitter:data1\" content=\"Heikki Vento\" \/>\n\t<meta name=\"twitter:label2\" content=\"Est. reading time\" \/>\n\t<meta name=\"twitter:data2\" content=\"4 minuuttia\" \/>\n<script type=\"application\/ld+json\" class=\"yoast-schema-graph\">{\"@context\":\"https:\/\/schema.org\",\"@graph\":[{\"@type\":\"WebPage\",\"@id\":\"https:\/\/suomenkuvalehti.fi\/vaalitarkkailija\/porvarihallitusta-vaikea-muodostaa-ilman-keskustaa-sinipunassa-kokoomus-joutuisi-perussuomalaisten-puruluuksi\/\",\"url\":\"https:\/\/suomenkuvalehti.fi\/vaalitarkkailija\/porvarihallitusta-vaikea-muodostaa-ilman-keskustaa-sinipunassa-kokoomus-joutuisi-perussuomalaisten-puruluuksi\/\",\"name\":\"Porvarihallitusta vaikea muodostaa ilman keskustaa, sinipunassa kokoomus joutuisi perussuomalaisten puruluuksi - Vaalitarkkailija\",\"isPartOf\":{\"@id\":\"https:\/\/suomenkuvalehti.fi\/vaalitarkkailija\/#website\"},\"datePublished\":\"2023-04-03T12:37:38+00:00\",\"dateModified\":\"2023-04-03T16:15:49+00:00\",\"breadcrumb\":{\"@id\":\"https:\/\/suomenkuvalehti.fi\/vaalitarkkailija\/porvarihallitusta-vaikea-muodostaa-ilman-keskustaa-sinipunassa-kokoomus-joutuisi-perussuomalaisten-puruluuksi\/#breadcrumb\"},\"inLanguage\":\"fi\",\"potentialAction\":[{\"@type\":\"ReadAction\",\"target\":[\"https:\/\/suomenkuvalehti.fi\/vaalitarkkailija\/porvarihallitusta-vaikea-muodostaa-ilman-keskustaa-sinipunassa-kokoomus-joutuisi-perussuomalaisten-puruluuksi\/\"]}]},{\"@type\":\"BreadcrumbList\",\"@id\":\"https:\/\/suomenkuvalehti.fi\/vaalitarkkailija\/porvarihallitusta-vaikea-muodostaa-ilman-keskustaa-sinipunassa-kokoomus-joutuisi-perussuomalaisten-puruluuksi\/#breadcrumb\",\"itemListElement\":[{\"@type\":\"ListItem\",\"position\":1,\"name\":\"Home\",\"item\":\"https:\/\/suomenkuvalehti.fi\/vaalitarkkailija\/\"},{\"@type\":\"ListItem\",\"position\":2,\"name\":\"Porvarihallitusta vaikea muodostaa ilman keskustaa, sinipunassa kokoomus joutuisi perussuomalaisten puruluuksi\"}]},{\"@type\":\"WebSite\",\"@id\":\"https:\/\/suomenkuvalehti.fi\/vaalitarkkailija\/#website\",\"url\":\"https:\/\/suomenkuvalehti.fi\/vaalitarkkailija\/\",\"name\":\"Vaalitarkkailija\",\"description\":\"Suomen Kuvalehden toimittajat seuraavat vaaleja.\",\"publisher\":{\"@id\":\"https:\/\/suomenkuvalehti.fi\/vaalitarkkailija\/#organization\"},\"potentialAction\":[{\"@type\":\"SearchAction\",\"target\":{\"@type\":\"EntryPoint\",\"urlTemplate\":\"https:\/\/suomenkuvalehti.fi\/haku\/?q={search_term_string}\"},\"query-input\":{\"@type\":\"PropertyValueSpecification\",\"valueRequired\":true,\"valueName\":\"search_term_string\"}}],\"inLanguage\":\"fi\"},{\"@type\":\"Organization\",\"@id\":\"https:\/\/suomenkuvalehti.fi\/vaalitarkkailija\/#organization\",\"name\":\"Vaalitarkkailija\",\"url\":\"https:\/\/suomenkuvalehti.fi\/vaalitarkkailija\/\",\"logo\":{\"@type\":\"ImageObject\",\"inLanguage\":\"fi\",\"@id\":\"https:\/\/suomenkuvalehti.fi\/vaalitarkkailija\/#\/schema\/logo\/image\/\",\"url\":\"https:\/\/suomenkuvalehti.fi\/vaalitarkkailija\/wp-content\/uploads\/sites\/45\/2022\/12\/heikki_venno_blogi_sk-scaled.jpg\",\"contentUrl\":\"https:\/\/suomenkuvalehti.fi\/vaalitarkkailija\/wp-content\/uploads\/sites\/45\/2022\/12\/heikki_venno_blogi_sk-scaled.jpg\",\"width\":2560,\"height\":1707,\"caption\":\"Vaalitarkkailija\"},\"image\":{\"@id\":\"https:\/\/suomenkuvalehti.fi\/vaalitarkkailija\/#\/schema\/logo\/image\/\"}},{\"@type\":\"Person\",\"@id\":\"https:\/\/suomenkuvalehti.fi\/vaalitarkkailija\/#\/schema\/person\/35368ab08620c043453078e24a553e30\",\"name\":\"Heikki Vento\",\"image\":{\"@type\":\"ImageObject\",\"inLanguage\":\"fi\",\"@id\":\"https:\/\/suomenkuvalehti.fi\/vaalitarkkailija\/#\/schema\/person\/image\/\",\"url\":\"https:\/\/suomenkuvalehti.fi\/vaalitarkkailija\/wp-content\/uploads\/sites\/45\/2022\/12\/heikki_venno_blogi_sk-150x150.jpg\",\"contentUrl\":\"https:\/\/suomenkuvalehti.fi\/vaalitarkkailija\/wp-content\/uploads\/sites\/45\/2022\/12\/heikki_venno_blogi_sk-150x150.jpg\",\"caption\":\"Heikki Vento\"},\"description\":\"Heikki Vento on pitk\u00e4aikainen politiikan toimittaja.\",\"sameAs\":[\"https:\/\/x.com\/https:\/\/twitter.com\/HeikkiVento\"]}]}<\/script>\n<!-- \/ Yoast SEO plugin. -->","yoast_head_json":{"title":"Porvarihallitusta vaikea muodostaa ilman keskustaa, sinipunassa kokoomus joutuisi perussuomalaisten puruluuksi - Vaalitarkkailija","robots":{"index":"index","follow":"follow","max-snippet":"max-snippet:-1","max-image-preview":"max-image-preview:large","max-video-preview":"max-video-preview:-1"},"canonical":"https:\/\/suomenkuvalehti.fi\/vaalitarkkailija\/porvarihallitusta-vaikea-muodostaa-ilman-keskustaa-sinipunassa-kokoomus-joutuisi-perussuomalaisten-puruluuksi\/","og_locale":"fi_FI","og_type":"article","og_title":"Porvarihallitusta vaikea muodostaa ilman keskustaa, sinipunassa kokoomus joutuisi perussuomalaisten puruluuksi - Vaalitarkkailija","og_description":"Sdp:lla on yh\u00e4 mahdollisuus est\u00e4\u00e4 porvarihallituksen muodostaminen, mutta siihen tarvitaan pienten puolueiden tukea.","og_url":"https:\/\/suomenkuvalehti.fi\/vaalitarkkailija\/porvarihallitusta-vaikea-muodostaa-ilman-keskustaa-sinipunassa-kokoomus-joutuisi-perussuomalaisten-puruluuksi\/","og_site_name":"Vaalitarkkailija","article_published_time":"2023-04-03T12:37:38+00:00","article_modified_time":"2023-04-03T16:15:49+00:00","og_image":[{"width":2560,"height":1707,"url":"https:\/\/suomenkuvalehti.fi\/vaalitarkkailija\/wp-content\/uploads\/sites\/45\/2022\/12\/heikki_venno_blogi_sk-scaled.jpg","type":"image\/jpeg"}],"author":"Heikki Vento","twitter_card":"summary_large_image","twitter_creator":"@https:\/\/twitter.com\/HeikkiVento","twitter_misc":{"Written by":"Heikki Vento","Est. reading time":"4 minuuttia"},"schema":{"@context":"https:\/\/schema.org","@graph":[{"@type":"WebPage","@id":"https:\/\/suomenkuvalehti.fi\/vaalitarkkailija\/porvarihallitusta-vaikea-muodostaa-ilman-keskustaa-sinipunassa-kokoomus-joutuisi-perussuomalaisten-puruluuksi\/","url":"https:\/\/suomenkuvalehti.fi\/vaalitarkkailija\/porvarihallitusta-vaikea-muodostaa-ilman-keskustaa-sinipunassa-kokoomus-joutuisi-perussuomalaisten-puruluuksi\/","name":"Porvarihallitusta vaikea muodostaa ilman keskustaa, sinipunassa kokoomus joutuisi perussuomalaisten puruluuksi - Vaalitarkkailija","isPartOf":{"@id":"https:\/\/suomenkuvalehti.fi\/vaalitarkkailija\/#website"},"datePublished":"2023-04-03T12:37:38+00:00","dateModified":"2023-04-03T16:15:49+00:00","breadcrumb":{"@id":"https:\/\/suomenkuvalehti.fi\/vaalitarkkailija\/porvarihallitusta-vaikea-muodostaa-ilman-keskustaa-sinipunassa-kokoomus-joutuisi-perussuomalaisten-puruluuksi\/#breadcrumb"},"inLanguage":"fi","potentialAction":[{"@type":"ReadAction","target":["https:\/\/suomenkuvalehti.fi\/vaalitarkkailija\/porvarihallitusta-vaikea-muodostaa-ilman-keskustaa-sinipunassa-kokoomus-joutuisi-perussuomalaisten-puruluuksi\/"]}]},{"@type":"BreadcrumbList","@id":"https:\/\/suomenkuvalehti.fi\/vaalitarkkailija\/porvarihallitusta-vaikea-muodostaa-ilman-keskustaa-sinipunassa-kokoomus-joutuisi-perussuomalaisten-puruluuksi\/#breadcrumb","itemListElement":[{"@type":"ListItem","position":1,"name":"Home","item":"https:\/\/suomenkuvalehti.fi\/vaalitarkkailija\/"},{"@type":"ListItem","position":2,"name":"Porvarihallitusta vaikea muodostaa ilman keskustaa, sinipunassa kokoomus joutuisi perussuomalaisten puruluuksi"}]},{"@type":"WebSite","@id":"https:\/\/suomenkuvalehti.fi\/vaalitarkkailija\/#website","url":"https:\/\/suomenkuvalehti.fi\/vaalitarkkailija\/","name":"Vaalitarkkailija","description":"Suomen Kuvalehden toimittajat seuraavat vaaleja.","publisher":{"@id":"https:\/\/suomenkuvalehti.fi\/vaalitarkkailija\/#organization"},"potentialAction":[{"@type":"SearchAction","target":{"@type":"EntryPoint","urlTemplate":"https:\/\/suomenkuvalehti.fi\/haku\/?q={search_term_string}"},"query-input":{"@type":"PropertyValueSpecification","valueRequired":true,"valueName":"search_term_string"}}],"inLanguage":"fi"},{"@type":"Organization","@id":"https:\/\/suomenkuvalehti.fi\/vaalitarkkailija\/#organization","name":"Vaalitarkkailija","url":"https:\/\/suomenkuvalehti.fi\/vaalitarkkailija\/","logo":{"@type":"ImageObject","inLanguage":"fi","@id":"https:\/\/suomenkuvalehti.fi\/vaalitarkkailija\/#\/schema\/logo\/image\/","url":"https:\/\/suomenkuvalehti.fi\/vaalitarkkailija\/wp-content\/uploads\/sites\/45\/2022\/12\/heikki_venno_blogi_sk-scaled.jpg","contentUrl":"https:\/\/suomenkuvalehti.fi\/vaalitarkkailija\/wp-content\/uploads\/sites\/45\/2022\/12\/heikki_venno_blogi_sk-scaled.jpg","width":2560,"height":1707,"caption":"Vaalitarkkailija"},"image":{"@id":"https:\/\/suomenkuvalehti.fi\/vaalitarkkailija\/#\/schema\/logo\/image\/"}},{"@type":"Person","@id":"https:\/\/suomenkuvalehti.fi\/vaalitarkkailija\/#\/schema\/person\/35368ab08620c043453078e24a553e30","name":"Heikki Vento","image":{"@type":"ImageObject","inLanguage":"fi","@id":"https:\/\/suomenkuvalehti.fi\/vaalitarkkailija\/#\/schema\/person\/image\/","url":"https:\/\/suomenkuvalehti.fi\/vaalitarkkailija\/wp-content\/uploads\/sites\/45\/2022\/12\/heikki_venno_blogi_sk-150x150.jpg","contentUrl":"https:\/\/suomenkuvalehti.fi\/vaalitarkkailija\/wp-content\/uploads\/sites\/45\/2022\/12\/heikki_venno_blogi_sk-150x150.jpg","caption":"Heikki Vento"},"description":"Heikki Vento on pitk\u00e4aikainen politiikan toimittaja.","sameAs":["https:\/\/x.com\/https:\/\/twitter.com\/HeikkiVento"]}]}},"_links":{"self":[{"href":"https:\/\/suomenkuvalehti.fi\/vaalitarkkailija\/wp-json\/wp\/v2\/posts\/446","targetHints":{"allow":["GET"]}}],"collection":[{"href":"https:\/\/suomenkuvalehti.fi\/vaalitarkkailija\/wp-json\/wp\/v2\/posts"}],"about":[{"href":"https:\/\/suomenkuvalehti.fi\/vaalitarkkailija\/wp-json\/wp\/v2\/types\/post"}],"author":[{"embeddable":true,"href":"https:\/\/suomenkuvalehti.fi\/vaalitarkkailija\/wp-json\/wp\/v2\/users\/131"}],"replies":[{"embeddable":true,"href":"https:\/\/suomenkuvalehti.fi\/vaalitarkkailija\/wp-json\/wp\/v2\/comments?post=446"}],"version-history":[{"count":4,"href":"https:\/\/suomenkuvalehti.fi\/vaalitarkkailija\/wp-json\/wp\/v2\/posts\/446\/revisions"}],"predecessor-version":[{"id":451,"href":"https:\/\/suomenkuvalehti.fi\/vaalitarkkailija\/wp-json\/wp\/v2\/posts\/446\/revisions\/451"}],"wp:attachment":[{"href":"https:\/\/suomenkuvalehti.fi\/vaalitarkkailija\/wp-json\/wp\/v2\/media?parent=446"}],"wp:term":[{"taxonomy":"category","embeddable":true,"href":"https:\/\/suomenkuvalehti.fi\/vaalitarkkailija\/wp-json\/wp\/v2\/categories?post=446"},{"taxonomy":"post_tag","embeddable":true,"href":"https:\/\/suomenkuvalehti.fi\/vaalitarkkailija\/wp-json\/wp\/v2\/tags?post=446"}],"curies":[{"name":"wp","href":"https:\/\/api.w.org\/{rel}","templated":true}]}}