{"id":28,"date":"2019-01-20T18:11:19","date_gmt":"2019-01-20T16:11:19","guid":{"rendered":"https:\/\/suomenkuvalehti.fi\/vaalitarkkailija\/?p=28"},"modified":"2019-01-20T18:11:19","modified_gmt":"2019-01-20T16:11:19","slug":"voitonvarma-kokoomus-haluaa-valttaa-kataisen-kohtalon","status":"publish","type":"post","link":"https:\/\/suomenkuvalehti.fi\/vaalitarkkailija\/voitonvarma-kokoomus-haluaa-valttaa-kataisen-kohtalon\/","title":{"rendered":"Voitonvarma kokoomus haluaa v\u00e4ltt\u00e4\u00e4 Kataisen kohtalon"},"content":{"rendered":"\n<p>Kokoomuslaisilla on aina kesken\u00e4\u00e4n kivaa. Kokoomuslaiselle politiikka voi olla mukava harrastus, kun demareiden ammattiyhdistysj\u00e4\u00e4rille tai keskustan tuottajajoukolle kyse on totisesta kamppailusta, vallasta ja tulonjaosta.<\/p>\n\n\n\n<p>Tallinnaan risteilyll\u00e4 piipahtaneesta kokoomusv\u00e4est\u00e4 huokui toive, ett\u00e4 seuraavissa mielipidemittauksissa tai viimeist\u00e4\u00e4n huhtikuun vaaleissa pitk\u00e4aikainen gallup-johtaja Sdp ja puheenjohtaja <strong>Antti Rinne<\/strong> j\u00e4\u00e4v\u00e4t taakse.<\/p>\n\n\n\n<p>Jos kokoomusjohtaja <strong>Petteri Orpon<\/strong> puheisiin voi uskoa, h\u00e4nelle ainakin <strong>Juha Sipil\u00e4n<\/strong> johtama keskusta kelpaisi mainiosti kumppaniksi seuraavaan hallitukseen. Kuitenkin on hyvin mahdollista, ett\u00e4 Orpo joutuu samaan ministerist\u00f6\u00f6n Rinteen kanssa.<\/p>\n\n\n\n<p>Oman puolueen kannatuksensa lis\u00e4ksi kokoomuslaisia askarruttaa jonkin verran hallituskumppani keskustan suosio. Orpo haluaa v\u00e4ltt\u00e4\u00e4 entisen puheenjohtajan <strong>Jyrki Kataisen<\/strong> vaikeudet.<\/p>\n\n\n\n<p>Porvarihallituksen valtiovarainministeri Katainen nosti kokoomuksen 2011 suurimmaksi puolueeksi. Katainen joutui kokoamaan kuuden puolueen sateenkaarihallituksen, joka ajautui nopeasti sis\u00e4isiin vaikeuksiin.<\/p>\n\n\n\n<p>Vaalien ykk\u00f6spuolueelle on eduksi, jos muut suuret ryhm\u00e4t p\u00e4rj\u00e4isiv\u00e4t vaaleissa kesken\u00e4\u00e4n yht\u00e4 hyvin. Silloin hallituksen muodostaja voisi kilpailuttaa niit\u00e4. T\u00e4m\u00e4 mahdollisuus oli Sipil\u00e4ll\u00e4 2015, kun h\u00e4n valitsi kokoomuksen ja sys\u00e4si Sdp:n oppositioon.<\/p>\n\n\n\n<p>Kokoomus kehuu estoitta Sipil\u00e4n hallituksen politiikkaa. Asetelma on outo, koska p\u00e4\u00e4ministeripuolue keskusta mainostaa s\u00e4\u00e4steli\u00e4\u00e4sti hallituksen saavutuksia.<\/p>\n\n\n\n<p>Syy on selv\u00e4. Merkitt\u00e4v\u00e4 osa keskustan vaikuttajista ja kannattajista pit\u00e4\u00e4 hallituksen politiikkaa liian kokoomuslaisena.<\/p>\n\n\n\n<p>Vaaliristeilyll\u00e4 puoluev\u00e4ki sai kaksi kertaa nautiskella Orpon esityksest\u00e4. Ennen puheita tunnelmaa nostatettiin vuoden 1972 vaalirenkutuksella, jossa <strong>Eija Meril\u00e4<\/strong> toistelee \u201dnyt kansa vastaa, kokoomus\u201d. Vastustajat v\u00e4\u00e4nsiv\u00e4t hokeman v\u00e4litt\u00f6m\u00e4sti muotoon \u201dnyt kansaa vastaan, kokoomus\u201d.<\/p>\n\n\n\n<p>Demareiden piikittelyll\u00e4 puhettaan h\u00f6yst\u00e4nyt Orpo luetteli joukon tuttuja kokoomustavoitteita: ty\u00f6n ja ansioiden verotusta on kevennett\u00e4v\u00e4, verotuksen painopistett\u00e4 on siirrett\u00e4v\u00e4 kulutukseen, ty\u00f6markkinoiden joustoja on lis\u00e4tt\u00e4v\u00e4 ja ty\u00f6llisyysaste on aluksi nostettava 75 prosenttiin.<\/p>\n\n\n\n<p>Kovimmat taputukset Orpo sai, kun h\u00e4n kehui kokoomuksen lis\u00e4nneen poliisien m\u00e4\u00e4r\u00e4\u00e4 ja pit\u00e4v\u00e4ns\u00e4 kiinni siit\u00e4, ett\u00e4 Hornet-h\u00e4vitt\u00e4jien tilalle hankitaan 64 lentokonetta eik\u00e4 yht\u00e4\u00e4n v\u00e4hemp\u00e4\u00e4. My\u00f6s yksityisautoilun puolustaminen her\u00e4tti yleis\u00f6n.<\/p>\n\n\n\n<p>Orpo v\u00e4ltteli tarkkoja vaalilupauksia. Yhden sellaisen h\u00e4n kuitenkin antoi. Kokoomus haluaa tehd\u00e4 seuraavalla vaalikaudella perhevapaauudistuksen, josta Sipil\u00e4n hallitus ei kyennyt sopimaan. H\u00e4n toisti aiemmin esitetyn vaatimuksen maksuttomasta puolip\u00e4iv\u00e4isest\u00e4 esiopetuksesta, jonka kesto olisi kaksi vuotta.<\/p>\n\n\n\n<p>Ilman el\u00e4kel\u00e4isten kosiskelua Orpo ei pystynyt esiintym\u00e4\u00e4n. Ty\u00f6el\u00e4kkeiden taitettua indeksi\u00e4 h\u00e4n ei tohtinut vaatia poistettavaksi. Orpo olisi kuitenkin valmis tarkentamaan laskutapaa, jonka mukaan ty\u00f6el\u00e4kkeiden korotukset m\u00e4\u00e4r\u00e4ytyv\u00e4t.<\/p>\n\n\n","protected":false},"excerpt":{"rendered":"<p>Petteri Orpo mainostaa hallituksen tekoja enemm\u00e4n kuin p\u00e4\u00e4ministeripuolue keskusta.<\/p>\n","protected":false},"author":131,"featured_media":0,"comment_status":"open","ping_status":"open","sticky":false,"template":"","format":"standard","meta":{"_acf_changed":false,"asauth_required_access_level":3,"asauth_cansharepaid":"true","om_header_attributes":[],"footnotes":"","om_featured_image_focal_point":[],"om_primary_tag":0,"om_contributors":[],"om_co_authors":[],"beyondwords_generate_audio":"","beyondwords_project_id":"","beyondwords_content_id":"","beyondwords_preview_token":"","beyondwords_player_content":"","beyondwords_player_style":"","beyondwords_language_code":"","beyondwords_language_id":"","beyondwords_title_voice_id":"","beyondwords_body_voice_id":"","beyondwords_summary_voice_id":"","beyondwords_error_message":"","beyondwords_disabled":"","beyondwords_delete_content":"","beyondwords_podcast_id":"","beyondwords_hash":"","publish_post_to_speechkit":"","speechkit_hash":"","speechkit_generate_audio":"","speechkit_project_id":"","speechkit_podcast_id":"","speechkit_error_message":"","speechkit_disabled":"","speechkit_access_key":"","speechkit_error":"","speechkit_info":"","speechkit_response":"","speechkit_retries":"","speechkit_status":"","speechkit_updated_at":"","_speechkit_link":"","_speechkit_text":""},"categories":[1],"tags":[2,3,4,5,6,8,9],"class_list":["post-28","post","type-post","status-publish","format-standard","hentry","category-vaalitarkkailija","tag-antti-rinne","tag-eduskuntavaalit2019","tag-juha-sipila","tag-keskusta","tag-kokoomus","tag-petteri-orpo","tag-sdp"],"om_views":null,"acf":{"tuuma_off":false,"tuuma_kysymys":"","tuuma_vastaus":""},"asauth":{"required_access_level":1,"share_token":"","is_paid":false},"yoast_head":"<!-- This site is optimized with the Yoast SEO plugin v26.4 - https:\/\/yoast.com\/wordpress\/plugins\/seo\/ -->\n<title>Voitonvarma kokoomus haluaa v\u00e4ltt\u00e4\u00e4 Kataisen kohtalon - Vaalitarkkailija<\/title>\n<meta name=\"robots\" content=\"index, follow, max-snippet:-1, max-image-preview:large, max-video-preview:-1\" \/>\n<link rel=\"canonical\" href=\"https:\/\/suomenkuvalehti.fi\/vaalitarkkailija\/voitonvarma-kokoomus-haluaa-valttaa-kataisen-kohtalon\/\" \/>\n<meta property=\"og:locale\" content=\"fi_FI\" \/>\n<meta property=\"og:type\" content=\"article\" \/>\n<meta property=\"og:title\" content=\"Voitonvarma kokoomus haluaa v\u00e4ltt\u00e4\u00e4 Kataisen kohtalon - Vaalitarkkailija\" \/>\n<meta property=\"og:description\" content=\"Petteri Orpo mainostaa hallituksen tekoja enemm\u00e4n kuin p\u00e4\u00e4ministeripuolue keskusta.\" \/>\n<meta property=\"og:url\" content=\"https:\/\/suomenkuvalehti.fi\/vaalitarkkailija\/voitonvarma-kokoomus-haluaa-valttaa-kataisen-kohtalon\/\" \/>\n<meta property=\"og:site_name\" content=\"Vaalitarkkailija\" \/>\n<meta property=\"article:published_time\" content=\"2019-01-20T16:11:19+00:00\" \/>\n<meta property=\"og:image\" content=\"https:\/\/suomenkuvalehti.fi\/vaalitarkkailija\/wp-content\/uploads\/sites\/45\/2022\/12\/heikki_venno_blogi_sk-scaled.jpg\" \/>\n\t<meta property=\"og:image:width\" content=\"2560\" \/>\n\t<meta property=\"og:image:height\" content=\"1707\" \/>\n\t<meta property=\"og:image:type\" content=\"image\/jpeg\" \/>\n<meta name=\"author\" content=\"Heikki Vento\" \/>\n<meta name=\"twitter:card\" content=\"summary_large_image\" \/>\n<meta name=\"twitter:creator\" content=\"@https:\/\/twitter.com\/HeikkiVento\" \/>\n<meta name=\"twitter:label1\" content=\"Written by\" \/>\n\t<meta name=\"twitter:data1\" content=\"Heikki Vento\" \/>\n\t<meta name=\"twitter:label2\" content=\"Est. reading time\" \/>\n\t<meta name=\"twitter:data2\" content=\"2 minuuttia\" \/>\n<script type=\"application\/ld+json\" class=\"yoast-schema-graph\">{\"@context\":\"https:\/\/schema.org\",\"@graph\":[{\"@type\":\"WebPage\",\"@id\":\"https:\/\/suomenkuvalehti.fi\/vaalitarkkailija\/voitonvarma-kokoomus-haluaa-valttaa-kataisen-kohtalon\/\",\"url\":\"https:\/\/suomenkuvalehti.fi\/vaalitarkkailija\/voitonvarma-kokoomus-haluaa-valttaa-kataisen-kohtalon\/\",\"name\":\"Voitonvarma kokoomus haluaa v\u00e4ltt\u00e4\u00e4 Kataisen kohtalon - Vaalitarkkailija\",\"isPartOf\":{\"@id\":\"https:\/\/suomenkuvalehti.fi\/vaalitarkkailija\/#website\"},\"datePublished\":\"2019-01-20T16:11:19+00:00\",\"breadcrumb\":{\"@id\":\"https:\/\/suomenkuvalehti.fi\/vaalitarkkailija\/voitonvarma-kokoomus-haluaa-valttaa-kataisen-kohtalon\/#breadcrumb\"},\"inLanguage\":\"fi\",\"potentialAction\":[{\"@type\":\"ReadAction\",\"target\":[\"https:\/\/suomenkuvalehti.fi\/vaalitarkkailija\/voitonvarma-kokoomus-haluaa-valttaa-kataisen-kohtalon\/\"]}]},{\"@type\":\"BreadcrumbList\",\"@id\":\"https:\/\/suomenkuvalehti.fi\/vaalitarkkailija\/voitonvarma-kokoomus-haluaa-valttaa-kataisen-kohtalon\/#breadcrumb\",\"itemListElement\":[{\"@type\":\"ListItem\",\"position\":1,\"name\":\"Home\",\"item\":\"https:\/\/suomenkuvalehti.fi\/vaalitarkkailija\/\"},{\"@type\":\"ListItem\",\"position\":2,\"name\":\"Voitonvarma kokoomus haluaa v\u00e4ltt\u00e4\u00e4 Kataisen kohtalon\"}]},{\"@type\":\"WebSite\",\"@id\":\"https:\/\/suomenkuvalehti.fi\/vaalitarkkailija\/#website\",\"url\":\"https:\/\/suomenkuvalehti.fi\/vaalitarkkailija\/\",\"name\":\"Vaalitarkkailija\",\"description\":\"Suomen Kuvalehden toimittajat seuraavat vaaleja.\",\"publisher\":{\"@id\":\"https:\/\/suomenkuvalehti.fi\/vaalitarkkailija\/#organization\"},\"potentialAction\":[{\"@type\":\"SearchAction\",\"target\":{\"@type\":\"EntryPoint\",\"urlTemplate\":\"https:\/\/suomenkuvalehti.fi\/haku\/?q={search_term_string}\"},\"query-input\":{\"@type\":\"PropertyValueSpecification\",\"valueRequired\":true,\"valueName\":\"search_term_string\"}}],\"inLanguage\":\"fi\"},{\"@type\":\"Organization\",\"@id\":\"https:\/\/suomenkuvalehti.fi\/vaalitarkkailija\/#organization\",\"name\":\"Vaalitarkkailija\",\"url\":\"https:\/\/suomenkuvalehti.fi\/vaalitarkkailija\/\",\"logo\":{\"@type\":\"ImageObject\",\"inLanguage\":\"fi\",\"@id\":\"https:\/\/suomenkuvalehti.fi\/vaalitarkkailija\/#\/schema\/logo\/image\/\",\"url\":\"https:\/\/suomenkuvalehti.fi\/vaalitarkkailija\/wp-content\/uploads\/sites\/45\/2022\/12\/heikki_venno_blogi_sk-scaled.jpg\",\"contentUrl\":\"https:\/\/suomenkuvalehti.fi\/vaalitarkkailija\/wp-content\/uploads\/sites\/45\/2022\/12\/heikki_venno_blogi_sk-scaled.jpg\",\"width\":2560,\"height\":1707,\"caption\":\"Vaalitarkkailija\"},\"image\":{\"@id\":\"https:\/\/suomenkuvalehti.fi\/vaalitarkkailija\/#\/schema\/logo\/image\/\"}},{\"@type\":\"Person\",\"@id\":\"https:\/\/suomenkuvalehti.fi\/vaalitarkkailija\/#\/schema\/person\/35368ab08620c043453078e24a553e30\",\"name\":\"Heikki Vento\",\"image\":{\"@type\":\"ImageObject\",\"inLanguage\":\"fi\",\"@id\":\"https:\/\/suomenkuvalehti.fi\/vaalitarkkailija\/#\/schema\/person\/image\/\",\"url\":\"https:\/\/suomenkuvalehti.fi\/vaalitarkkailija\/wp-content\/uploads\/sites\/45\/2022\/12\/heikki_venno_blogi_sk-150x150.jpg\",\"contentUrl\":\"https:\/\/suomenkuvalehti.fi\/vaalitarkkailija\/wp-content\/uploads\/sites\/45\/2022\/12\/heikki_venno_blogi_sk-150x150.jpg\",\"caption\":\"Heikki Vento\"},\"description\":\"Heikki Vento on pitk\u00e4aikainen politiikan toimittaja.\",\"sameAs\":[\"https:\/\/x.com\/https:\/\/twitter.com\/HeikkiVento\"]}]}<\/script>\n<!-- \/ Yoast SEO plugin. -->","yoast_head_json":{"title":"Voitonvarma kokoomus haluaa v\u00e4ltt\u00e4\u00e4 Kataisen kohtalon - Vaalitarkkailija","robots":{"index":"index","follow":"follow","max-snippet":"max-snippet:-1","max-image-preview":"max-image-preview:large","max-video-preview":"max-video-preview:-1"},"canonical":"https:\/\/suomenkuvalehti.fi\/vaalitarkkailija\/voitonvarma-kokoomus-haluaa-valttaa-kataisen-kohtalon\/","og_locale":"fi_FI","og_type":"article","og_title":"Voitonvarma kokoomus haluaa v\u00e4ltt\u00e4\u00e4 Kataisen kohtalon - Vaalitarkkailija","og_description":"Petteri Orpo mainostaa hallituksen tekoja enemm\u00e4n kuin p\u00e4\u00e4ministeripuolue keskusta.","og_url":"https:\/\/suomenkuvalehti.fi\/vaalitarkkailija\/voitonvarma-kokoomus-haluaa-valttaa-kataisen-kohtalon\/","og_site_name":"Vaalitarkkailija","article_published_time":"2019-01-20T16:11:19+00:00","og_image":[{"width":2560,"height":1707,"url":"https:\/\/suomenkuvalehti.fi\/vaalitarkkailija\/wp-content\/uploads\/sites\/45\/2022\/12\/heikki_venno_blogi_sk-scaled.jpg","type":"image\/jpeg"}],"author":"Heikki Vento","twitter_card":"summary_large_image","twitter_creator":"@https:\/\/twitter.com\/HeikkiVento","twitter_misc":{"Written by":"Heikki Vento","Est. reading time":"2 minuuttia"},"schema":{"@context":"https:\/\/schema.org","@graph":[{"@type":"WebPage","@id":"https:\/\/suomenkuvalehti.fi\/vaalitarkkailija\/voitonvarma-kokoomus-haluaa-valttaa-kataisen-kohtalon\/","url":"https:\/\/suomenkuvalehti.fi\/vaalitarkkailija\/voitonvarma-kokoomus-haluaa-valttaa-kataisen-kohtalon\/","name":"Voitonvarma kokoomus haluaa v\u00e4ltt\u00e4\u00e4 Kataisen kohtalon - Vaalitarkkailija","isPartOf":{"@id":"https:\/\/suomenkuvalehti.fi\/vaalitarkkailija\/#website"},"datePublished":"2019-01-20T16:11:19+00:00","breadcrumb":{"@id":"https:\/\/suomenkuvalehti.fi\/vaalitarkkailija\/voitonvarma-kokoomus-haluaa-valttaa-kataisen-kohtalon\/#breadcrumb"},"inLanguage":"fi","potentialAction":[{"@type":"ReadAction","target":["https:\/\/suomenkuvalehti.fi\/vaalitarkkailija\/voitonvarma-kokoomus-haluaa-valttaa-kataisen-kohtalon\/"]}]},{"@type":"BreadcrumbList","@id":"https:\/\/suomenkuvalehti.fi\/vaalitarkkailija\/voitonvarma-kokoomus-haluaa-valttaa-kataisen-kohtalon\/#breadcrumb","itemListElement":[{"@type":"ListItem","position":1,"name":"Home","item":"https:\/\/suomenkuvalehti.fi\/vaalitarkkailija\/"},{"@type":"ListItem","position":2,"name":"Voitonvarma kokoomus haluaa v\u00e4ltt\u00e4\u00e4 Kataisen kohtalon"}]},{"@type":"WebSite","@id":"https:\/\/suomenkuvalehti.fi\/vaalitarkkailija\/#website","url":"https:\/\/suomenkuvalehti.fi\/vaalitarkkailija\/","name":"Vaalitarkkailija","description":"Suomen Kuvalehden toimittajat seuraavat vaaleja.","publisher":{"@id":"https:\/\/suomenkuvalehti.fi\/vaalitarkkailija\/#organization"},"potentialAction":[{"@type":"SearchAction","target":{"@type":"EntryPoint","urlTemplate":"https:\/\/suomenkuvalehti.fi\/haku\/?q={search_term_string}"},"query-input":{"@type":"PropertyValueSpecification","valueRequired":true,"valueName":"search_term_string"}}],"inLanguage":"fi"},{"@type":"Organization","@id":"https:\/\/suomenkuvalehti.fi\/vaalitarkkailija\/#organization","name":"Vaalitarkkailija","url":"https:\/\/suomenkuvalehti.fi\/vaalitarkkailija\/","logo":{"@type":"ImageObject","inLanguage":"fi","@id":"https:\/\/suomenkuvalehti.fi\/vaalitarkkailija\/#\/schema\/logo\/image\/","url":"https:\/\/suomenkuvalehti.fi\/vaalitarkkailija\/wp-content\/uploads\/sites\/45\/2022\/12\/heikki_venno_blogi_sk-scaled.jpg","contentUrl":"https:\/\/suomenkuvalehti.fi\/vaalitarkkailija\/wp-content\/uploads\/sites\/45\/2022\/12\/heikki_venno_blogi_sk-scaled.jpg","width":2560,"height":1707,"caption":"Vaalitarkkailija"},"image":{"@id":"https:\/\/suomenkuvalehti.fi\/vaalitarkkailija\/#\/schema\/logo\/image\/"}},{"@type":"Person","@id":"https:\/\/suomenkuvalehti.fi\/vaalitarkkailija\/#\/schema\/person\/35368ab08620c043453078e24a553e30","name":"Heikki Vento","image":{"@type":"ImageObject","inLanguage":"fi","@id":"https:\/\/suomenkuvalehti.fi\/vaalitarkkailija\/#\/schema\/person\/image\/","url":"https:\/\/suomenkuvalehti.fi\/vaalitarkkailija\/wp-content\/uploads\/sites\/45\/2022\/12\/heikki_venno_blogi_sk-150x150.jpg","contentUrl":"https:\/\/suomenkuvalehti.fi\/vaalitarkkailija\/wp-content\/uploads\/sites\/45\/2022\/12\/heikki_venno_blogi_sk-150x150.jpg","caption":"Heikki Vento"},"description":"Heikki Vento on pitk\u00e4aikainen politiikan toimittaja.","sameAs":["https:\/\/x.com\/https:\/\/twitter.com\/HeikkiVento"]}]}},"_links":{"self":[{"href":"https:\/\/suomenkuvalehti.fi\/vaalitarkkailija\/wp-json\/wp\/v2\/posts\/28","targetHints":{"allow":["GET"]}}],"collection":[{"href":"https:\/\/suomenkuvalehti.fi\/vaalitarkkailija\/wp-json\/wp\/v2\/posts"}],"about":[{"href":"https:\/\/suomenkuvalehti.fi\/vaalitarkkailija\/wp-json\/wp\/v2\/types\/post"}],"author":[{"embeddable":true,"href":"https:\/\/suomenkuvalehti.fi\/vaalitarkkailija\/wp-json\/wp\/v2\/users\/131"}],"replies":[{"embeddable":true,"href":"https:\/\/suomenkuvalehti.fi\/vaalitarkkailija\/wp-json\/wp\/v2\/comments?post=28"}],"version-history":[{"count":4,"href":"https:\/\/suomenkuvalehti.fi\/vaalitarkkailija\/wp-json\/wp\/v2\/posts\/28\/revisions"}],"predecessor-version":[{"id":32,"href":"https:\/\/suomenkuvalehti.fi\/vaalitarkkailija\/wp-json\/wp\/v2\/posts\/28\/revisions\/32"}],"wp:attachment":[{"href":"https:\/\/suomenkuvalehti.fi\/vaalitarkkailija\/wp-json\/wp\/v2\/media?parent=28"}],"wp:term":[{"taxonomy":"category","embeddable":true,"href":"https:\/\/suomenkuvalehti.fi\/vaalitarkkailija\/wp-json\/wp\/v2\/categories?post=28"},{"taxonomy":"post_tag","embeddable":true,"href":"https:\/\/suomenkuvalehti.fi\/vaalitarkkailija\/wp-json\/wp\/v2\/tags?post=28"}],"curies":[{"name":"wp","href":"https:\/\/api.w.org\/{rel}","templated":true}]}}