{"id":175,"date":"2019-05-21T11:22:37","date_gmt":"2019-05-21T08:22:37","guid":{"rendered":"https:\/\/suomenkuvalehti.fi\/vaalitarkkailija\/?p=175"},"modified":"2019-05-21T11:22:37","modified_gmt":"2019-05-21T08:22:37","slug":"perussuomalaiset-ja-vihreat-taas-vastakkain-talla-kertaa-eurovaaleissa","status":"publish","type":"post","link":"https:\/\/suomenkuvalehti.fi\/vaalitarkkailija\/perussuomalaiset-ja-vihreat-taas-vastakkain-talla-kertaa-eurovaaleissa\/","title":{"rendered":"Perussuomalaiset ja vihre\u00e4t taas vastakkain \u2013 t\u00e4ll\u00e4 kertaa eurovaaleissa"},"content":{"rendered":"\n<p><span class=\"capitalized\">Eurovaaleissakin<\/span> on j\u00e4nnitett\u00e4v\u00e4\u00e4, muutakin kuin se, kuinka alhaiseksi \u00e4\u00e4nestysprosentti j\u00e4\u00e4. <em>Helsingin Sanomien<\/em> <a href=\"https:\/\/nakoislehti.hs.fi\/08009fcd-1e52-4061-b3a8-e72a2eced0d5\/6\" target=\"_blank\" rel=\"noopener\">kannatusmittauksen<\/a> mukaan viimeisest\u00e4 meppipaikasta k\u00e4yd\u00e4\u00e4n ankara kisa vihreiden ja perussuomalaisten v\u00e4lill\u00e4.<\/p>\n\n\n\n<p>Keskusta menett\u00e4isi kolmesta paikastaan yhden. Siit\u00e4 kamppailevat perusuomalaiset ja vihre\u00e4t. Nykyisess\u00e4 parlamentissa perussuomalaisia on kaksi ja suomalaisia vihreit\u00e4 yksi.<\/p>\n\n\n\n<p>Muiden paikkaluku s\u00e4ilyisi entisell\u00e4\u00e4n. Kokoomus pit\u00e4\u00e4 kolme paikkaansa, sosiaalidemokraatit kaksi ja ainoan paikkansa s\u00e4ilytt\u00e4isiv\u00e4t vasemmistoliitto ja ruotsalainen kansanpuolue.<\/p>\n\n\n\n<p>HS:n mittauksessa perussuomalaisia kannatti 16,3 prosenttia vastanneista. Vihreiden vastaava luku oli tasan 13 prosenttia.<\/p>\n\n\n\n<p>Vaalimatematiikka on vihreiden puolella. Perusuomalaiset tarvitsisivat noin kolmen prosenttiyksik\u00f6n lis\u00e4yksen kannatukseensa, jotta sen kolmanneksi tulleen ehdokkaan vertausluku olisi parempi kuin vihreiden kakkosen.<\/p>\n\n\n\n<p>J\u00e4nnitt\u00e4v\u00e4ksi tilanteen tekee se, ett\u00e4 perussuomalaiset ovat yleens\u00e4 p\u00e4rj\u00e4nneet vaaleissa paremmin kuin niit\u00e4 edelt\u00e4viss\u00e4 kyselyiss\u00e4. Vihreiden tilanne on ollut t\u00e4ysin p\u00e4invastainen.<\/p>\n\n\n\n<p>HS:lle mittausta arvioinut politiikan tutkija<strong> Antti Ronkainen<\/strong> laittoi hetkeksi tutkijan hatun naulaan ja ryhtyi veikkailemaan vaalitulosta. Ronkaisen mukaan vihre\u00e4t saa kaksi paikkaa, ja Rkp on vaarassa menett\u00e4\u00e4 paikkansa perussuomalaisille.<\/p>\n\n\n\n<p>HS:n mittauksessa Rkp 6,8 sai prosentin kannatuksen. Sill\u00e4 on niukanlainen etumatka vihreisiin ja perussuomalaisiin. Vihreiden toisen paikan vertausluku oli 6,5 ja perussuomalaisten kolmannen 5,43.<\/p>\n\n\n\n<p>Jos Rkp saa vaaleissa saman osuuden \u00e4\u00e4nist\u00e4 kuin HS:n mittauksessa, sen pudottamiseksi parlamentista vihreiden olisi haettava l\u00e4hes prosenttiyksik\u00f6n lis\u00e4kannatus. Samalla perussuomalaisten pit\u00e4isi nostaa suosionsa yli 20 prosenttiin.<\/p>\n\n\n","protected":false},"excerpt":{"rendered":"<p>Eurovaaleissakin on j\u00e4nnitett\u00e4v\u00e4\u00e4, muutakin kuin se, kuinka alhaiseksi \u00e4\u00e4nestysprosentti j\u00e4\u00e4. Helsingin Sanomien kannatusmittauksen mukaan viimeisest\u00e4 meppipaikasta k\u00e4yd\u00e4\u00e4n ankara kisa vihreiden ja perussuomalaisten v\u00e4lill\u00e4. Keskusta<br \/>\nmenett\u00e4isi ko&hellip;<\/p>\n","protected":false},"author":131,"featured_media":0,"comment_status":"open","ping_status":"open","sticky":false,"template":"","format":"standard","meta":{"_acf_changed":false,"asauth_required_access_level":3,"asauth_cansharepaid":"true","om_header_attributes":[],"footnotes":"","om_featured_image_focal_point":[],"om_primary_tag":0,"om_contributors":[],"om_co_authors":[],"beyondwords_generate_audio":"","beyondwords_project_id":"","beyondwords_content_id":"","beyondwords_preview_token":"","beyondwords_player_content":"","beyondwords_player_style":"","beyondwords_language_code":"","beyondwords_language_id":"","beyondwords_title_voice_id":"","beyondwords_body_voice_id":"","beyondwords_summary_voice_id":"","beyondwords_error_message":"","beyondwords_disabled":"","beyondwords_delete_content":"","beyondwords_podcast_id":"","beyondwords_hash":"","publish_post_to_speechkit":"","speechkit_hash":"","speechkit_generate_audio":"","speechkit_project_id":"","speechkit_podcast_id":"","speechkit_error_message":"","speechkit_disabled":"","speechkit_access_key":"","speechkit_error":"","speechkit_info":"","speechkit_response":"","speechkit_retries":"","speechkit_status":"","speechkit_updated_at":"","_speechkit_link":"","_speechkit_text":""},"categories":[1],"tags":[75,51,26,27],"class_list":["post-175","post","type-post","status-publish","format-standard","hentry","category-vaalitarkkailija","tag-eurovaalit2019","tag-helsingin-sanomat","tag-perussuomalaiset","tag-vihreat"],"om_views":null,"acf":{"tuuma_off":false,"tuuma_kysymys":"","tuuma_vastaus":""},"asauth":{"required_access_level":1,"share_token":"","is_paid":false},"yoast_head":"<!-- This site is optimized with the Yoast SEO plugin v26.4 - https:\/\/yoast.com\/wordpress\/plugins\/seo\/ -->\n<title>Perussuomalaiset ja vihre\u00e4t taas vastakkain \u2013 t\u00e4ll\u00e4 kertaa eurovaaleissa - Vaalitarkkailija<\/title>\n<meta name=\"robots\" content=\"index, follow, max-snippet:-1, max-image-preview:large, max-video-preview:-1\" \/>\n<link rel=\"canonical\" href=\"https:\/\/suomenkuvalehti.fi\/vaalitarkkailija\/perussuomalaiset-ja-vihreat-taas-vastakkain-talla-kertaa-eurovaaleissa\/\" \/>\n<meta property=\"og:locale\" content=\"fi_FI\" \/>\n<meta property=\"og:type\" content=\"article\" \/>\n<meta property=\"og:title\" content=\"Perussuomalaiset ja vihre\u00e4t taas vastakkain \u2013 t\u00e4ll\u00e4 kertaa eurovaaleissa - Vaalitarkkailija\" \/>\n<meta property=\"og:description\" content=\"Eurovaaleissakin on j\u00e4nnitett\u00e4v\u00e4\u00e4, muutakin kuin se, kuinka alhaiseksi \u00e4\u00e4nestysprosentti j\u00e4\u00e4. Helsingin Sanomien kannatusmittauksen mukaan viimeisest\u00e4 meppipaikasta k\u00e4yd\u00e4\u00e4n ankara kisa vihreiden ja perussuomalaisten v\u00e4lill\u00e4. Keskusta menett\u00e4isi ko&hellip;\" \/>\n<meta property=\"og:url\" content=\"https:\/\/suomenkuvalehti.fi\/vaalitarkkailija\/perussuomalaiset-ja-vihreat-taas-vastakkain-talla-kertaa-eurovaaleissa\/\" \/>\n<meta property=\"og:site_name\" content=\"Vaalitarkkailija\" \/>\n<meta property=\"article:published_time\" content=\"2019-05-21T08:22:37+00:00\" \/>\n<meta property=\"og:image\" content=\"https:\/\/suomenkuvalehti.fi\/vaalitarkkailija\/wp-content\/uploads\/sites\/45\/2022\/12\/heikki_venno_blogi_sk-scaled.jpg\" \/>\n\t<meta property=\"og:image:width\" content=\"2560\" \/>\n\t<meta property=\"og:image:height\" content=\"1707\" \/>\n\t<meta property=\"og:image:type\" content=\"image\/jpeg\" \/>\n<meta name=\"author\" content=\"Heikki Vento\" \/>\n<meta name=\"twitter:card\" content=\"summary_large_image\" \/>\n<meta name=\"twitter:creator\" content=\"@https:\/\/twitter.com\/HeikkiVento\" \/>\n<meta name=\"twitter:label1\" content=\"Written by\" \/>\n\t<meta name=\"twitter:data1\" content=\"Heikki Vento\" \/>\n\t<meta name=\"twitter:label2\" content=\"Est. reading time\" \/>\n\t<meta name=\"twitter:data2\" content=\"1 minuutti\" \/>\n<script type=\"application\/ld+json\" class=\"yoast-schema-graph\">{\"@context\":\"https:\/\/schema.org\",\"@graph\":[{\"@type\":\"WebPage\",\"@id\":\"https:\/\/suomenkuvalehti.fi\/vaalitarkkailija\/perussuomalaiset-ja-vihreat-taas-vastakkain-talla-kertaa-eurovaaleissa\/\",\"url\":\"https:\/\/suomenkuvalehti.fi\/vaalitarkkailija\/perussuomalaiset-ja-vihreat-taas-vastakkain-talla-kertaa-eurovaaleissa\/\",\"name\":\"Perussuomalaiset ja vihre\u00e4t taas vastakkain \u2013 t\u00e4ll\u00e4 kertaa eurovaaleissa - Vaalitarkkailija\",\"isPartOf\":{\"@id\":\"https:\/\/suomenkuvalehti.fi\/vaalitarkkailija\/#website\"},\"datePublished\":\"2019-05-21T08:22:37+00:00\",\"breadcrumb\":{\"@id\":\"https:\/\/suomenkuvalehti.fi\/vaalitarkkailija\/perussuomalaiset-ja-vihreat-taas-vastakkain-talla-kertaa-eurovaaleissa\/#breadcrumb\"},\"inLanguage\":\"fi\",\"potentialAction\":[{\"@type\":\"ReadAction\",\"target\":[\"https:\/\/suomenkuvalehti.fi\/vaalitarkkailija\/perussuomalaiset-ja-vihreat-taas-vastakkain-talla-kertaa-eurovaaleissa\/\"]}]},{\"@type\":\"BreadcrumbList\",\"@id\":\"https:\/\/suomenkuvalehti.fi\/vaalitarkkailija\/perussuomalaiset-ja-vihreat-taas-vastakkain-talla-kertaa-eurovaaleissa\/#breadcrumb\",\"itemListElement\":[{\"@type\":\"ListItem\",\"position\":1,\"name\":\"Home\",\"item\":\"https:\/\/suomenkuvalehti.fi\/vaalitarkkailija\/\"},{\"@type\":\"ListItem\",\"position\":2,\"name\":\"Perussuomalaiset ja vihre\u00e4t taas vastakkain \u2013 t\u00e4ll\u00e4 kertaa eurovaaleissa\"}]},{\"@type\":\"WebSite\",\"@id\":\"https:\/\/suomenkuvalehti.fi\/vaalitarkkailija\/#website\",\"url\":\"https:\/\/suomenkuvalehti.fi\/vaalitarkkailija\/\",\"name\":\"Vaalitarkkailija\",\"description\":\"Suomen Kuvalehden toimittajat seuraavat vaaleja.\",\"publisher\":{\"@id\":\"https:\/\/suomenkuvalehti.fi\/vaalitarkkailija\/#organization\"},\"potentialAction\":[{\"@type\":\"SearchAction\",\"target\":{\"@type\":\"EntryPoint\",\"urlTemplate\":\"https:\/\/suomenkuvalehti.fi\/haku\/?q={search_term_string}\"},\"query-input\":{\"@type\":\"PropertyValueSpecification\",\"valueRequired\":true,\"valueName\":\"search_term_string\"}}],\"inLanguage\":\"fi\"},{\"@type\":\"Organization\",\"@id\":\"https:\/\/suomenkuvalehti.fi\/vaalitarkkailija\/#organization\",\"name\":\"Vaalitarkkailija\",\"url\":\"https:\/\/suomenkuvalehti.fi\/vaalitarkkailija\/\",\"logo\":{\"@type\":\"ImageObject\",\"inLanguage\":\"fi\",\"@id\":\"https:\/\/suomenkuvalehti.fi\/vaalitarkkailija\/#\/schema\/logo\/image\/\",\"url\":\"https:\/\/suomenkuvalehti.fi\/vaalitarkkailija\/wp-content\/uploads\/sites\/45\/2022\/12\/heikki_venno_blogi_sk-scaled.jpg\",\"contentUrl\":\"https:\/\/suomenkuvalehti.fi\/vaalitarkkailija\/wp-content\/uploads\/sites\/45\/2022\/12\/heikki_venno_blogi_sk-scaled.jpg\",\"width\":2560,\"height\":1707,\"caption\":\"Vaalitarkkailija\"},\"image\":{\"@id\":\"https:\/\/suomenkuvalehti.fi\/vaalitarkkailija\/#\/schema\/logo\/image\/\"}},{\"@type\":\"Person\",\"@id\":\"https:\/\/suomenkuvalehti.fi\/vaalitarkkailija\/#\/schema\/person\/35368ab08620c043453078e24a553e30\",\"name\":\"Heikki Vento\",\"image\":{\"@type\":\"ImageObject\",\"inLanguage\":\"fi\",\"@id\":\"https:\/\/suomenkuvalehti.fi\/vaalitarkkailija\/#\/schema\/person\/image\/\",\"url\":\"https:\/\/suomenkuvalehti.fi\/vaalitarkkailija\/wp-content\/uploads\/sites\/45\/2022\/12\/heikki_venno_blogi_sk-150x150.jpg\",\"contentUrl\":\"https:\/\/suomenkuvalehti.fi\/vaalitarkkailija\/wp-content\/uploads\/sites\/45\/2022\/12\/heikki_venno_blogi_sk-150x150.jpg\",\"caption\":\"Heikki Vento\"},\"description\":\"Heikki Vento on pitk\u00e4aikainen politiikan toimittaja.\",\"sameAs\":[\"https:\/\/x.com\/https:\/\/twitter.com\/HeikkiVento\"]}]}<\/script>\n<!-- \/ Yoast SEO plugin. -->","yoast_head_json":{"title":"Perussuomalaiset ja vihre\u00e4t taas vastakkain \u2013 t\u00e4ll\u00e4 kertaa eurovaaleissa - Vaalitarkkailija","robots":{"index":"index","follow":"follow","max-snippet":"max-snippet:-1","max-image-preview":"max-image-preview:large","max-video-preview":"max-video-preview:-1"},"canonical":"https:\/\/suomenkuvalehti.fi\/vaalitarkkailija\/perussuomalaiset-ja-vihreat-taas-vastakkain-talla-kertaa-eurovaaleissa\/","og_locale":"fi_FI","og_type":"article","og_title":"Perussuomalaiset ja vihre\u00e4t taas vastakkain \u2013 t\u00e4ll\u00e4 kertaa eurovaaleissa - Vaalitarkkailija","og_description":"Eurovaaleissakin on j\u00e4nnitett\u00e4v\u00e4\u00e4, muutakin kuin se, kuinka alhaiseksi \u00e4\u00e4nestysprosentti j\u00e4\u00e4. Helsingin Sanomien kannatusmittauksen mukaan viimeisest\u00e4 meppipaikasta k\u00e4yd\u00e4\u00e4n ankara kisa vihreiden ja perussuomalaisten v\u00e4lill\u00e4. Keskusta menett\u00e4isi ko&hellip;","og_url":"https:\/\/suomenkuvalehti.fi\/vaalitarkkailija\/perussuomalaiset-ja-vihreat-taas-vastakkain-talla-kertaa-eurovaaleissa\/","og_site_name":"Vaalitarkkailija","article_published_time":"2019-05-21T08:22:37+00:00","og_image":[{"width":2560,"height":1707,"url":"https:\/\/suomenkuvalehti.fi\/vaalitarkkailija\/wp-content\/uploads\/sites\/45\/2022\/12\/heikki_venno_blogi_sk-scaled.jpg","type":"image\/jpeg"}],"author":"Heikki Vento","twitter_card":"summary_large_image","twitter_creator":"@https:\/\/twitter.com\/HeikkiVento","twitter_misc":{"Written by":"Heikki Vento","Est. reading time":"1 minuutti"},"schema":{"@context":"https:\/\/schema.org","@graph":[{"@type":"WebPage","@id":"https:\/\/suomenkuvalehti.fi\/vaalitarkkailija\/perussuomalaiset-ja-vihreat-taas-vastakkain-talla-kertaa-eurovaaleissa\/","url":"https:\/\/suomenkuvalehti.fi\/vaalitarkkailija\/perussuomalaiset-ja-vihreat-taas-vastakkain-talla-kertaa-eurovaaleissa\/","name":"Perussuomalaiset ja vihre\u00e4t taas vastakkain \u2013 t\u00e4ll\u00e4 kertaa eurovaaleissa - Vaalitarkkailija","isPartOf":{"@id":"https:\/\/suomenkuvalehti.fi\/vaalitarkkailija\/#website"},"datePublished":"2019-05-21T08:22:37+00:00","breadcrumb":{"@id":"https:\/\/suomenkuvalehti.fi\/vaalitarkkailija\/perussuomalaiset-ja-vihreat-taas-vastakkain-talla-kertaa-eurovaaleissa\/#breadcrumb"},"inLanguage":"fi","potentialAction":[{"@type":"ReadAction","target":["https:\/\/suomenkuvalehti.fi\/vaalitarkkailija\/perussuomalaiset-ja-vihreat-taas-vastakkain-talla-kertaa-eurovaaleissa\/"]}]},{"@type":"BreadcrumbList","@id":"https:\/\/suomenkuvalehti.fi\/vaalitarkkailija\/perussuomalaiset-ja-vihreat-taas-vastakkain-talla-kertaa-eurovaaleissa\/#breadcrumb","itemListElement":[{"@type":"ListItem","position":1,"name":"Home","item":"https:\/\/suomenkuvalehti.fi\/vaalitarkkailija\/"},{"@type":"ListItem","position":2,"name":"Perussuomalaiset ja vihre\u00e4t taas vastakkain \u2013 t\u00e4ll\u00e4 kertaa eurovaaleissa"}]},{"@type":"WebSite","@id":"https:\/\/suomenkuvalehti.fi\/vaalitarkkailija\/#website","url":"https:\/\/suomenkuvalehti.fi\/vaalitarkkailija\/","name":"Vaalitarkkailija","description":"Suomen Kuvalehden toimittajat seuraavat vaaleja.","publisher":{"@id":"https:\/\/suomenkuvalehti.fi\/vaalitarkkailija\/#organization"},"potentialAction":[{"@type":"SearchAction","target":{"@type":"EntryPoint","urlTemplate":"https:\/\/suomenkuvalehti.fi\/haku\/?q={search_term_string}"},"query-input":{"@type":"PropertyValueSpecification","valueRequired":true,"valueName":"search_term_string"}}],"inLanguage":"fi"},{"@type":"Organization","@id":"https:\/\/suomenkuvalehti.fi\/vaalitarkkailija\/#organization","name":"Vaalitarkkailija","url":"https:\/\/suomenkuvalehti.fi\/vaalitarkkailija\/","logo":{"@type":"ImageObject","inLanguage":"fi","@id":"https:\/\/suomenkuvalehti.fi\/vaalitarkkailija\/#\/schema\/logo\/image\/","url":"https:\/\/suomenkuvalehti.fi\/vaalitarkkailija\/wp-content\/uploads\/sites\/45\/2022\/12\/heikki_venno_blogi_sk-scaled.jpg","contentUrl":"https:\/\/suomenkuvalehti.fi\/vaalitarkkailija\/wp-content\/uploads\/sites\/45\/2022\/12\/heikki_venno_blogi_sk-scaled.jpg","width":2560,"height":1707,"caption":"Vaalitarkkailija"},"image":{"@id":"https:\/\/suomenkuvalehti.fi\/vaalitarkkailija\/#\/schema\/logo\/image\/"}},{"@type":"Person","@id":"https:\/\/suomenkuvalehti.fi\/vaalitarkkailija\/#\/schema\/person\/35368ab08620c043453078e24a553e30","name":"Heikki Vento","image":{"@type":"ImageObject","inLanguage":"fi","@id":"https:\/\/suomenkuvalehti.fi\/vaalitarkkailija\/#\/schema\/person\/image\/","url":"https:\/\/suomenkuvalehti.fi\/vaalitarkkailija\/wp-content\/uploads\/sites\/45\/2022\/12\/heikki_venno_blogi_sk-150x150.jpg","contentUrl":"https:\/\/suomenkuvalehti.fi\/vaalitarkkailija\/wp-content\/uploads\/sites\/45\/2022\/12\/heikki_venno_blogi_sk-150x150.jpg","caption":"Heikki Vento"},"description":"Heikki Vento on pitk\u00e4aikainen politiikan toimittaja.","sameAs":["https:\/\/x.com\/https:\/\/twitter.com\/HeikkiVento"]}]}},"_links":{"self":[{"href":"https:\/\/suomenkuvalehti.fi\/vaalitarkkailija\/wp-json\/wp\/v2\/posts\/175","targetHints":{"allow":["GET"]}}],"collection":[{"href":"https:\/\/suomenkuvalehti.fi\/vaalitarkkailija\/wp-json\/wp\/v2\/posts"}],"about":[{"href":"https:\/\/suomenkuvalehti.fi\/vaalitarkkailija\/wp-json\/wp\/v2\/types\/post"}],"author":[{"embeddable":true,"href":"https:\/\/suomenkuvalehti.fi\/vaalitarkkailija\/wp-json\/wp\/v2\/users\/131"}],"replies":[{"embeddable":true,"href":"https:\/\/suomenkuvalehti.fi\/vaalitarkkailija\/wp-json\/wp\/v2\/comments?post=175"}],"version-history":[{"count":2,"href":"https:\/\/suomenkuvalehti.fi\/vaalitarkkailija\/wp-json\/wp\/v2\/posts\/175\/revisions"}],"predecessor-version":[{"id":177,"href":"https:\/\/suomenkuvalehti.fi\/vaalitarkkailija\/wp-json\/wp\/v2\/posts\/175\/revisions\/177"}],"wp:attachment":[{"href":"https:\/\/suomenkuvalehti.fi\/vaalitarkkailija\/wp-json\/wp\/v2\/media?parent=175"}],"wp:term":[{"taxonomy":"category","embeddable":true,"href":"https:\/\/suomenkuvalehti.fi\/vaalitarkkailija\/wp-json\/wp\/v2\/categories?post=175"},{"taxonomy":"post_tag","embeddable":true,"href":"https:\/\/suomenkuvalehti.fi\/vaalitarkkailija\/wp-json\/wp\/v2\/tags?post=175"}],"curies":[{"name":"wp","href":"https:\/\/api.w.org\/{rel}","templated":true}]}}