{"id":148,"date":"2019-04-14T18:21:20","date_gmt":"2019-04-14T15:21:20","guid":{"rendered":"https:\/\/suomenkuvalehti.fi\/vaalitarkkailija\/?p=148"},"modified":"2019-04-14T18:21:20","modified_gmt":"2019-04-14T15:21:20","slug":"viestimme-ei-mennyt-perille-mutta-odotetaan-nyt-viela-lopullisia-tuloksia-vaalien-tuloslaskennan-kommentointi-on-yhta-suurta-rituaalia","status":"publish","type":"post","link":"https:\/\/suomenkuvalehti.fi\/vaalitarkkailija\/viestimme-ei-mennyt-perille-mutta-odotetaan-nyt-viela-lopullisia-tuloksia-vaalien-tuloslaskennan-kommentointi-on-yhta-suurta-rituaalia\/","title":{"rendered":"\u201dViestimme ei mennyt perille\u201d, mutta \u201dodotetaan nyt viel\u00e4 lopullisia tuloksia\u201d \u2013 Vaalien tuloslaskennan kommentointi on yht\u00e4 suurta rituaalia"},"content":{"rendered":"\n<p><span class=\"capitalized\">Kun \u00e4\u00e4nestys<\/span> t\u00e4n\u00e4\u00e4n p\u00e4\u00e4ttyy kello 20, julkistetaan ennakko\u00e4\u00e4nteen tulos. Silloin tiedet\u00e4\u00e4n tuloksesta jo puolet, koska t\u00e4ll\u00e4 kertaa ennakkoon \u00e4\u00e4nesti todenn\u00e4k\u00f6isesti varsin tarkkaan joka toinen \u00e4\u00e4nt\u00e4\u00e4n ylip\u00e4\u00e4t\u00e4\u00e4n k\u00e4ytt\u00e4neist\u00e4.<\/p>\n\n\n\n<p>Siksi toivonkin, ett\u00e4 television vaalil\u00e4hetyksen kollektiivinen kuorolausunta siit\u00e4, ett\u00e4 \u201dnyt kyseess\u00e4 olivat vasta ennakko\u00e4\u00e4net, ei lopullinen tulos\u201d ei kest\u00e4isi kovin pitk\u00e4\u00e4n, vaan ett\u00e4 sek\u00e4 kokeneet juontajat, asiantuntijat ja tuloksia kommentoivat puoluejohtajat rohkaisisivat mielest\u00e4 ja kertoisivat, milt\u00e4 ennakko\u00e4\u00e4nien tulos vaikuttaa odotuksiin n\u00e4hden ja millaiseen kokonaispottiin se viittaa.<\/p>\n\n\n\n<p>N\u00e4it\u00e4 kysymyksi\u00e4 he ovat kuitenkin miettineet kukin roolissaan vuosikausia. Kun laskenta etenee, suomalainen n\u00f6yryys p\u00e4\u00e4see valloilleen erityisesti puoluejohtajien joukossa. \u201dOdotetaan nyt viel\u00e4 lopullisia tuloksia\u201d, saattaa joku tyyty\u00e4 sanomaan viel\u00e4 siin\u00e4 vaiheessa, kun \u00e4\u00e4nist\u00e4 on laskettu aivan valtaosa.<\/p>\n\n\n\n<p>&nbsp;<\/p>\n\n\n\n<p><span class=\"capitalized\">Vaadimme rohkeutta <\/span>peliin siis! SK:n vaalitiimiin tarkoituksena on n\u00e4ytt\u00e4\u00e4 esimerkki\u00e4. Arvioimme ja analysoimme somekanavissamme ja t\u00e4ss\u00e4 blogissa tuloslaskennan tilanteita heti, kun tilanne sallii.<\/p>\n\n\n\n<p>Julkaisemme tuloslaskennan edetess\u00e4 miniel\u00e4m\u00e4kerrat jokaisesta uudesta kansanedustajasta sit\u00e4 mukaa kuin vaalipiireiss\u00e4 laskenta valmistuu. Vain Helsinki ja Uusimaa kest\u00e4v\u00e4t jopa pahimmillaan kello 24:\u00e4\u00e4n saakka, mutta pienemmiss\u00e4 vaalipiireiss\u00e4 valmista alkaa tulla jo kello 21\u201322.<\/p>\n\n\n\n<p>Ja sit\u00e4 my\u00f6t\u00e4 kuin tulee: esittelemme uudet kansanedustajat kuvien ja tarinoiden kera. Kannattaa seurata tilannetta SK:n verkkosivulta <a href=\"https:\/\/suomenkuvalehti.fi\/\" target=\"_blank\" rel=\"noopener\">Suomenkuvalehti.fi<\/a> ja somekanavista etenkin <a href=\"https:\/\/twitter.com\/SuomenKuvalehti\" target=\"_blank\" rel=\"noopener\">Twitterist\u00e4<\/a>.<\/p>\n\n\n\n<p>Edustajagallerian lis\u00e4ksi voit lukea verkkosivuiltamme politiikan toimittajien huomioita ja kommentteja vaalivalvojaisista sek\u00e4 analyysej\u00e4, joita he ty\u00f6st\u00e4v\u00e4t pitk\u00e4lle iltaan, tarvittaessa y\u00f6h\u00f6nkin. Illan mittaan analyysej\u00e4 on tarjolla my\u00f6s t\u00e4ss\u00e4 <a href=\"https:\/\/suomenkuvalehti.fi\/vaalitarkkailija\/puoluetolpista-paikkajakoon-gallup-analyysit-ovat-nousseet-uudelle-tasolle\/?shared=142-9886cb41-999\" target=\"_blank\" rel=\"noopener\">Vaalitarkkailija-blogissa<\/a>.<\/p>\n\n\n\n<p>Yksi vaali-illan kliseist\u00e4, jonka kuulee heikosti menestyneiden suusta on, ett\u00e4 \u201dviestimme ei mennyt perille.\u201d<\/p>\n\n\n\n<p>Siit\u00e4h\u00e4n ei l\u00e4hesk\u00e4\u00e4n aina ole kyse vaan siit\u00e4, ett\u00e4 viesti meni kyll\u00e4 perille, mutta oli niin huono, ett\u00e4 \u00e4\u00e4ni j\u00e4i saamatta. Mutta t\u00e4t\u00e4 et koskaan kuule heikosti p\u00e4rj\u00e4nneen ehdokkaan tai puheenjohtajan suusta. Joskus se voisi olla juuri sit\u00e4 rehellisyytt\u00e4, mit\u00e4 moni arvostaa.<\/p>\n\n\n\n<p>&nbsp;<\/p>\n\n\n\n<p><span class=\"capitalized\">Sitten on<\/span> viel\u00e4 vaalis\u00e4\u00e4. Sekin suosii aina voittajaa, mutta huonosti p\u00e4rj\u00e4nneelle s\u00e4\u00e4 on ollut sellainen, ett\u00e4 juuri heid\u00e4n kannattajansa eiv\u00e4t ole l\u00e4hteneet liikkeelle. Joskus s\u00e4\u00e4 on liian hyv\u00e4, joskus liian huono, mutta h\u00e4vi\u00e4j\u00e4lle aina v\u00e4\u00e4r\u00e4.<\/p>\n\n\n\n<p>Viimeksi kuin Sdp oli eduskuntavaaleissa suurin puolue, elettiin vuotta 1999. Helsingiss\u00e4 oli poutaa, asteen verran l\u00e4mmint\u00e4, mutta lumensyvyys melkein puoli metri\u00e4.<\/p>\n\n\n\n<p>Siihen aikaan vaalit pidettiin viel\u00e4 kuukautta nykyist\u00e4 aikaisemmin eli t\u00e4m\u00e4n p\u00e4iv\u00e4n kauniin kev\u00e4isen vaalis\u00e4\u00e4n vaikutuksesta Sdp:n mahdolliseen nousuun suurimmaksi puolueeksi meill\u00e4 ei ole luotettavaa ennakkotapausta.<\/p>\n\n\n","protected":false},"excerpt":{"rendered":"<p>Kliseet kuuluvat erityisesti television vaali-iltaan, mutta me SK:ssa aiomme kertoa muutakin.<\/p>\n","protected":false},"author":49363,"featured_media":0,"comment_status":"open","ping_status":"open","sticky":false,"template":"","format":"standard","meta":{"_acf_changed":false,"asauth_required_access_level":3,"asauth_cansharepaid":"true","om_header_attributes":[],"footnotes":"","om_featured_image_focal_point":[],"om_primary_tag":0,"om_contributors":[],"om_co_authors":[],"beyondwords_generate_audio":"","beyondwords_project_id":"","beyondwords_content_id":"","beyondwords_preview_token":"","beyondwords_player_content":"","beyondwords_player_style":"","beyondwords_language_code":"","beyondwords_language_id":"","beyondwords_title_voice_id":"","beyondwords_body_voice_id":"","beyondwords_summary_voice_id":"","beyondwords_error_message":"","beyondwords_disabled":"","beyondwords_delete_content":"","beyondwords_podcast_id":"","beyondwords_hash":"","publish_post_to_speechkit":"","speechkit_hash":"","speechkit_generate_audio":"","speechkit_project_id":"","speechkit_podcast_id":"","speechkit_error_message":"","speechkit_disabled":"","speechkit_access_key":"","speechkit_error":"","speechkit_info":"","speechkit_response":"","speechkit_retries":"","speechkit_status":"","speechkit_updated_at":"","_speechkit_link":"","_speechkit_text":""},"categories":[1],"tags":[3,54,47],"class_list":["post-148","post","type-post","status-publish","format-standard","hentry","category-vaalitarkkailija","tag-eduskuntavaalit2019","tag-tuloslaskenta","tag-vaalit"],"om_views":null,"acf":{"tuuma_off":false,"tuuma_kysymys":"","tuuma_vastaus":""},"asauth":{"required_access_level":1,"share_token":"","is_paid":false},"yoast_head":"<!-- This site is optimized with the Yoast SEO plugin v26.4 - https:\/\/yoast.com\/wordpress\/plugins\/seo\/ -->\n<title>\u201dViestimme ei mennyt perille\u201d, mutta \u201dodotetaan nyt viel\u00e4 lopullisia tuloksia\u201d \u2013 Vaalien tuloslaskennan kommentointi on yht\u00e4 suurta rituaalia - Vaalitarkkailija<\/title>\n<meta name=\"robots\" content=\"index, follow, max-snippet:-1, max-image-preview:large, max-video-preview:-1\" \/>\n<link rel=\"canonical\" href=\"https:\/\/suomenkuvalehti.fi\/vaalitarkkailija\/viestimme-ei-mennyt-perille-mutta-odotetaan-nyt-viela-lopullisia-tuloksia-vaalien-tuloslaskennan-kommentointi-on-yhta-suurta-rituaalia\/\" \/>\n<meta property=\"og:locale\" content=\"fi_FI\" \/>\n<meta property=\"og:type\" content=\"article\" \/>\n<meta property=\"og:title\" content=\"\u201dViestimme ei mennyt perille\u201d, mutta \u201dodotetaan nyt viel\u00e4 lopullisia tuloksia\u201d \u2013 Vaalien tuloslaskennan kommentointi on yht\u00e4 suurta rituaalia - Vaalitarkkailija\" \/>\n<meta property=\"og:description\" content=\"Kliseet kuuluvat erityisesti television vaali-iltaan, mutta me SK:ssa aiomme kertoa muutakin.\" \/>\n<meta property=\"og:url\" content=\"https:\/\/suomenkuvalehti.fi\/vaalitarkkailija\/viestimme-ei-mennyt-perille-mutta-odotetaan-nyt-viela-lopullisia-tuloksia-vaalien-tuloslaskennan-kommentointi-on-yhta-suurta-rituaalia\/\" \/>\n<meta property=\"og:site_name\" content=\"Vaalitarkkailija\" \/>\n<meta property=\"article:published_time\" content=\"2019-04-14T15:21:20+00:00\" \/>\n<meta property=\"og:image\" content=\"https:\/\/suomenkuvalehti.fi\/vaalitarkkailija\/wp-content\/uploads\/sites\/45\/2022\/12\/heikki_venno_blogi_sk-scaled.jpg\" \/>\n\t<meta property=\"og:image:width\" content=\"2560\" \/>\n\t<meta property=\"og:image:height\" content=\"1707\" \/>\n\t<meta property=\"og:image:type\" content=\"image\/jpeg\" \/>\n<meta name=\"author\" content=\"Ville Pernaa\" \/>\n<meta name=\"twitter:card\" content=\"summary_large_image\" \/>\n<meta name=\"twitter:label1\" content=\"Written by\" \/>\n\t<meta name=\"twitter:data1\" content=\"Ville Pernaa\" \/>\n\t<meta name=\"twitter:label2\" content=\"Est. reading time\" \/>\n\t<meta name=\"twitter:data2\" content=\"2 minuuttia\" \/>\n<script type=\"application\/ld+json\" class=\"yoast-schema-graph\">{\"@context\":\"https:\/\/schema.org\",\"@graph\":[{\"@type\":\"WebPage\",\"@id\":\"https:\/\/suomenkuvalehti.fi\/vaalitarkkailija\/viestimme-ei-mennyt-perille-mutta-odotetaan-nyt-viela-lopullisia-tuloksia-vaalien-tuloslaskennan-kommentointi-on-yhta-suurta-rituaalia\/\",\"url\":\"https:\/\/suomenkuvalehti.fi\/vaalitarkkailija\/viestimme-ei-mennyt-perille-mutta-odotetaan-nyt-viela-lopullisia-tuloksia-vaalien-tuloslaskennan-kommentointi-on-yhta-suurta-rituaalia\/\",\"name\":\"\u201dViestimme ei mennyt perille\u201d, mutta \u201dodotetaan nyt viel\u00e4 lopullisia tuloksia\u201d \u2013 Vaalien tuloslaskennan kommentointi on yht\u00e4 suurta rituaalia - Vaalitarkkailija\",\"isPartOf\":{\"@id\":\"https:\/\/suomenkuvalehti.fi\/vaalitarkkailija\/#website\"},\"datePublished\":\"2019-04-14T15:21:20+00:00\",\"breadcrumb\":{\"@id\":\"https:\/\/suomenkuvalehti.fi\/vaalitarkkailija\/viestimme-ei-mennyt-perille-mutta-odotetaan-nyt-viela-lopullisia-tuloksia-vaalien-tuloslaskennan-kommentointi-on-yhta-suurta-rituaalia\/#breadcrumb\"},\"inLanguage\":\"fi\",\"potentialAction\":[{\"@type\":\"ReadAction\",\"target\":[\"https:\/\/suomenkuvalehti.fi\/vaalitarkkailija\/viestimme-ei-mennyt-perille-mutta-odotetaan-nyt-viela-lopullisia-tuloksia-vaalien-tuloslaskennan-kommentointi-on-yhta-suurta-rituaalia\/\"]}]},{\"@type\":\"BreadcrumbList\",\"@id\":\"https:\/\/suomenkuvalehti.fi\/vaalitarkkailija\/viestimme-ei-mennyt-perille-mutta-odotetaan-nyt-viela-lopullisia-tuloksia-vaalien-tuloslaskennan-kommentointi-on-yhta-suurta-rituaalia\/#breadcrumb\",\"itemListElement\":[{\"@type\":\"ListItem\",\"position\":1,\"name\":\"Home\",\"item\":\"https:\/\/suomenkuvalehti.fi\/vaalitarkkailija\/\"},{\"@type\":\"ListItem\",\"position\":2,\"name\":\"\u201dViestimme ei mennyt perille\u201d, mutta \u201dodotetaan nyt viel\u00e4 lopullisia tuloksia\u201d \u2013 Vaalien tuloslaskennan kommentointi on yht\u00e4 suurta rituaalia\"}]},{\"@type\":\"WebSite\",\"@id\":\"https:\/\/suomenkuvalehti.fi\/vaalitarkkailija\/#website\",\"url\":\"https:\/\/suomenkuvalehti.fi\/vaalitarkkailija\/\",\"name\":\"Vaalitarkkailija\",\"description\":\"Suomen Kuvalehden toimittajat seuraavat vaaleja.\",\"publisher\":{\"@id\":\"https:\/\/suomenkuvalehti.fi\/vaalitarkkailija\/#organization\"},\"potentialAction\":[{\"@type\":\"SearchAction\",\"target\":{\"@type\":\"EntryPoint\",\"urlTemplate\":\"https:\/\/suomenkuvalehti.fi\/haku\/?q={search_term_string}\"},\"query-input\":{\"@type\":\"PropertyValueSpecification\",\"valueRequired\":true,\"valueName\":\"search_term_string\"}}],\"inLanguage\":\"fi\"},{\"@type\":\"Organization\",\"@id\":\"https:\/\/suomenkuvalehti.fi\/vaalitarkkailija\/#organization\",\"name\":\"Vaalitarkkailija\",\"url\":\"https:\/\/suomenkuvalehti.fi\/vaalitarkkailija\/\",\"logo\":{\"@type\":\"ImageObject\",\"inLanguage\":\"fi\",\"@id\":\"https:\/\/suomenkuvalehti.fi\/vaalitarkkailija\/#\/schema\/logo\/image\/\",\"url\":\"https:\/\/suomenkuvalehti.fi\/vaalitarkkailija\/wp-content\/uploads\/sites\/45\/2022\/12\/heikki_venno_blogi_sk-scaled.jpg\",\"contentUrl\":\"https:\/\/suomenkuvalehti.fi\/vaalitarkkailija\/wp-content\/uploads\/sites\/45\/2022\/12\/heikki_venno_blogi_sk-scaled.jpg\",\"width\":2560,\"height\":1707,\"caption\":\"Vaalitarkkailija\"},\"image\":{\"@id\":\"https:\/\/suomenkuvalehti.fi\/vaalitarkkailija\/#\/schema\/logo\/image\/\"}},{\"@type\":\"Person\",\"@id\":\"https:\/\/suomenkuvalehti.fi\/vaalitarkkailija\/#\/schema\/person\/96f6984b0e7ba21e6a1ce23e569adebc\",\"name\":\"Ville Pernaa\",\"image\":{\"@type\":\"ImageObject\",\"inLanguage\":\"fi\",\"@id\":\"https:\/\/suomenkuvalehti.fi\/vaalitarkkailija\/#\/schema\/person\/image\/\",\"url\":\"https:\/\/suomenkuvalehti.fi\/vaalitarkkailija\/wp-content\/uploads\/sites\/45\/2019\/04\/ville-pernaa-2-150x150.jpg\",\"contentUrl\":\"https:\/\/suomenkuvalehti.fi\/vaalitarkkailija\/wp-content\/uploads\/sites\/45\/2019\/04\/ville-pernaa-2-150x150.jpg\",\"caption\":\"Ville Pernaa\"},\"description\":\"Kirjoittaja on Suomen Kuvalehden entinen p\u00e4\u00e4toimittaja.\"}]}<\/script>\n<!-- \/ Yoast SEO plugin. -->","yoast_head_json":{"title":"\u201dViestimme ei mennyt perille\u201d, mutta \u201dodotetaan nyt viel\u00e4 lopullisia tuloksia\u201d \u2013 Vaalien tuloslaskennan kommentointi on yht\u00e4 suurta rituaalia - Vaalitarkkailija","robots":{"index":"index","follow":"follow","max-snippet":"max-snippet:-1","max-image-preview":"max-image-preview:large","max-video-preview":"max-video-preview:-1"},"canonical":"https:\/\/suomenkuvalehti.fi\/vaalitarkkailija\/viestimme-ei-mennyt-perille-mutta-odotetaan-nyt-viela-lopullisia-tuloksia-vaalien-tuloslaskennan-kommentointi-on-yhta-suurta-rituaalia\/","og_locale":"fi_FI","og_type":"article","og_title":"\u201dViestimme ei mennyt perille\u201d, mutta \u201dodotetaan nyt viel\u00e4 lopullisia tuloksia\u201d \u2013 Vaalien tuloslaskennan kommentointi on yht\u00e4 suurta rituaalia - Vaalitarkkailija","og_description":"Kliseet kuuluvat erityisesti television vaali-iltaan, mutta me SK:ssa aiomme kertoa muutakin.","og_url":"https:\/\/suomenkuvalehti.fi\/vaalitarkkailija\/viestimme-ei-mennyt-perille-mutta-odotetaan-nyt-viela-lopullisia-tuloksia-vaalien-tuloslaskennan-kommentointi-on-yhta-suurta-rituaalia\/","og_site_name":"Vaalitarkkailija","article_published_time":"2019-04-14T15:21:20+00:00","og_image":[{"width":2560,"height":1707,"url":"https:\/\/suomenkuvalehti.fi\/vaalitarkkailija\/wp-content\/uploads\/sites\/45\/2022\/12\/heikki_venno_blogi_sk-scaled.jpg","type":"image\/jpeg"}],"author":"Ville Pernaa","twitter_card":"summary_large_image","twitter_misc":{"Written by":"Ville Pernaa","Est. reading time":"2 minuuttia"},"schema":{"@context":"https:\/\/schema.org","@graph":[{"@type":"WebPage","@id":"https:\/\/suomenkuvalehti.fi\/vaalitarkkailija\/viestimme-ei-mennyt-perille-mutta-odotetaan-nyt-viela-lopullisia-tuloksia-vaalien-tuloslaskennan-kommentointi-on-yhta-suurta-rituaalia\/","url":"https:\/\/suomenkuvalehti.fi\/vaalitarkkailija\/viestimme-ei-mennyt-perille-mutta-odotetaan-nyt-viela-lopullisia-tuloksia-vaalien-tuloslaskennan-kommentointi-on-yhta-suurta-rituaalia\/","name":"\u201dViestimme ei mennyt perille\u201d, mutta \u201dodotetaan nyt viel\u00e4 lopullisia tuloksia\u201d \u2013 Vaalien tuloslaskennan kommentointi on yht\u00e4 suurta rituaalia - Vaalitarkkailija","isPartOf":{"@id":"https:\/\/suomenkuvalehti.fi\/vaalitarkkailija\/#website"},"datePublished":"2019-04-14T15:21:20+00:00","breadcrumb":{"@id":"https:\/\/suomenkuvalehti.fi\/vaalitarkkailija\/viestimme-ei-mennyt-perille-mutta-odotetaan-nyt-viela-lopullisia-tuloksia-vaalien-tuloslaskennan-kommentointi-on-yhta-suurta-rituaalia\/#breadcrumb"},"inLanguage":"fi","potentialAction":[{"@type":"ReadAction","target":["https:\/\/suomenkuvalehti.fi\/vaalitarkkailija\/viestimme-ei-mennyt-perille-mutta-odotetaan-nyt-viela-lopullisia-tuloksia-vaalien-tuloslaskennan-kommentointi-on-yhta-suurta-rituaalia\/"]}]},{"@type":"BreadcrumbList","@id":"https:\/\/suomenkuvalehti.fi\/vaalitarkkailija\/viestimme-ei-mennyt-perille-mutta-odotetaan-nyt-viela-lopullisia-tuloksia-vaalien-tuloslaskennan-kommentointi-on-yhta-suurta-rituaalia\/#breadcrumb","itemListElement":[{"@type":"ListItem","position":1,"name":"Home","item":"https:\/\/suomenkuvalehti.fi\/vaalitarkkailija\/"},{"@type":"ListItem","position":2,"name":"\u201dViestimme ei mennyt perille\u201d, mutta \u201dodotetaan nyt viel\u00e4 lopullisia tuloksia\u201d \u2013 Vaalien tuloslaskennan kommentointi on yht\u00e4 suurta rituaalia"}]},{"@type":"WebSite","@id":"https:\/\/suomenkuvalehti.fi\/vaalitarkkailija\/#website","url":"https:\/\/suomenkuvalehti.fi\/vaalitarkkailija\/","name":"Vaalitarkkailija","description":"Suomen Kuvalehden toimittajat seuraavat vaaleja.","publisher":{"@id":"https:\/\/suomenkuvalehti.fi\/vaalitarkkailija\/#organization"},"potentialAction":[{"@type":"SearchAction","target":{"@type":"EntryPoint","urlTemplate":"https:\/\/suomenkuvalehti.fi\/haku\/?q={search_term_string}"},"query-input":{"@type":"PropertyValueSpecification","valueRequired":true,"valueName":"search_term_string"}}],"inLanguage":"fi"},{"@type":"Organization","@id":"https:\/\/suomenkuvalehti.fi\/vaalitarkkailija\/#organization","name":"Vaalitarkkailija","url":"https:\/\/suomenkuvalehti.fi\/vaalitarkkailija\/","logo":{"@type":"ImageObject","inLanguage":"fi","@id":"https:\/\/suomenkuvalehti.fi\/vaalitarkkailija\/#\/schema\/logo\/image\/","url":"https:\/\/suomenkuvalehti.fi\/vaalitarkkailija\/wp-content\/uploads\/sites\/45\/2022\/12\/heikki_venno_blogi_sk-scaled.jpg","contentUrl":"https:\/\/suomenkuvalehti.fi\/vaalitarkkailija\/wp-content\/uploads\/sites\/45\/2022\/12\/heikki_venno_blogi_sk-scaled.jpg","width":2560,"height":1707,"caption":"Vaalitarkkailija"},"image":{"@id":"https:\/\/suomenkuvalehti.fi\/vaalitarkkailija\/#\/schema\/logo\/image\/"}},{"@type":"Person","@id":"https:\/\/suomenkuvalehti.fi\/vaalitarkkailija\/#\/schema\/person\/96f6984b0e7ba21e6a1ce23e569adebc","name":"Ville Pernaa","image":{"@type":"ImageObject","inLanguage":"fi","@id":"https:\/\/suomenkuvalehti.fi\/vaalitarkkailija\/#\/schema\/person\/image\/","url":"https:\/\/suomenkuvalehti.fi\/vaalitarkkailija\/wp-content\/uploads\/sites\/45\/2019\/04\/ville-pernaa-2-150x150.jpg","contentUrl":"https:\/\/suomenkuvalehti.fi\/vaalitarkkailija\/wp-content\/uploads\/sites\/45\/2019\/04\/ville-pernaa-2-150x150.jpg","caption":"Ville Pernaa"},"description":"Kirjoittaja on Suomen Kuvalehden entinen p\u00e4\u00e4toimittaja."}]}},"_links":{"self":[{"href":"https:\/\/suomenkuvalehti.fi\/vaalitarkkailija\/wp-json\/wp\/v2\/posts\/148","targetHints":{"allow":["GET"]}}],"collection":[{"href":"https:\/\/suomenkuvalehti.fi\/vaalitarkkailija\/wp-json\/wp\/v2\/posts"}],"about":[{"href":"https:\/\/suomenkuvalehti.fi\/vaalitarkkailija\/wp-json\/wp\/v2\/types\/post"}],"author":[{"embeddable":true,"href":"https:\/\/suomenkuvalehti.fi\/vaalitarkkailija\/wp-json\/wp\/v2\/users\/49363"}],"replies":[{"embeddable":true,"href":"https:\/\/suomenkuvalehti.fi\/vaalitarkkailija\/wp-json\/wp\/v2\/comments?post=148"}],"version-history":[{"count":3,"href":"https:\/\/suomenkuvalehti.fi\/vaalitarkkailija\/wp-json\/wp\/v2\/posts\/148\/revisions"}],"predecessor-version":[{"id":150,"href":"https:\/\/suomenkuvalehti.fi\/vaalitarkkailija\/wp-json\/wp\/v2\/posts\/148\/revisions\/150"}],"wp:attachment":[{"href":"https:\/\/suomenkuvalehti.fi\/vaalitarkkailija\/wp-json\/wp\/v2\/media?parent=148"}],"wp:term":[{"taxonomy":"category","embeddable":true,"href":"https:\/\/suomenkuvalehti.fi\/vaalitarkkailija\/wp-json\/wp\/v2\/categories?post=148"},{"taxonomy":"post_tag","embeddable":true,"href":"https:\/\/suomenkuvalehti.fi\/vaalitarkkailija\/wp-json\/wp\/v2\/tags?post=148"}],"curies":[{"name":"wp","href":"https:\/\/api.w.org\/{rel}","templated":true}]}}