{"id":988,"date":"2015-05-14T13:26:39","date_gmt":"2015-05-14T10:26:39","guid":{"rendered":"https:\/\/suomenkuvalehti.fi\/tarinoitatieteesta\/?p=988"},"modified":"2015-05-14T13:47:04","modified_gmt":"2015-05-14T10:47:04","slug":"suomi-20-000-vuotta-sitten-jaakausi-vai-maastamuutto","status":"publish","type":"post","link":"https:\/\/suomenkuvalehti.fi\/tarinoitatieteesta\/suomi-20-000-vuotta-sitten-jaakausi-vai-maastamuutto\/","title":{"rendered":"Suomi 20 000 vuotta sitten: J\u00e4\u00e4kausi vai maastamuutto?"},"content":{"rendered":"\n<p><a href=\"http:\/\/www.hs.fi\/tiede\/a1431493377981\" target=\"_blank\">Helsingin Sanomat<\/a> uutisoi eilen yhdysvaltalaistutkimuksesta, jossa pohdittiin modernin ihmisen kokemia populaation &#8221;pullonkauloja&#8221;, eli kohtia evoluutiohistoriassa, jolloin populaation koko on syyst\u00e4 tai toisesta ollut hyvin pieni.<\/p>\n\n\n\n<p>Yksi <a href=\"http:\/\/www.sciencedaily.com\/releases\/2015\/05\/150511095358.htm\" target=\"_blank\">Texasin yliopiston tutkimuksessa<\/a> k\u00e4sitellyist\u00e4 pullonkauloista koskee suomalaisia, tai siis sit\u00e4 populaatiota, mist\u00e4 nykyiset suomalaiset ovat syntyneet.<\/p>\n\n\n\n<p>Pullonkauloilla voi olla suuri vaikutus koko lajin perim\u00e4\u00e4n: voi olla vain sattumaa, mitk\u00e4 yksil\u00f6t pullonkaulasta selvi\u00e4v\u00e4t ja millaiset geenit lajilla on siis k\u00e4yt\u00f6ss\u00e4\u00e4n, kun populaatio taas p\u00e4\u00e4see kasvamaan.<\/p>\n\n\n\n<p>Pullonkaulan syntymiseen ei v\u00e4ltt\u00e4m\u00e4tt\u00e4 tarvita mit\u00e4\u00e4n dramaattista tapahtumaa. Pelk\u00e4st\u00e4\u00e4n se, ett\u00e4 pieni m\u00e4\u00e4r\u00e4 yksil\u00f6it\u00e4 muutti uuteen paikkaan ja alkoi lis\u00e4\u00e4nty\u00e4 siell\u00e4, riitt\u00e4\u00e4 selitt\u00e4m\u00e4\u00e4n nyt el\u00e4v\u00e4n populaation menneisyydess\u00e4 tapahtuneen pullonkaulan. T\u00e4ll\u00f6in puhutaan usein <a href=\"http:\/\/fi.wikipedia.org\/wiki\/Perustajavaikutus\" target=\"_blank\">perustajavaikutuksesta<\/a>.<\/p>\n\n\n\n<p><a href=\"http:\/\/www.sciencedaily.com\/releases\/2015\/05\/150511095358.htm\" target=\"_blank\">Science Daily <\/a>-sivusto kertoo kyseisest\u00e4 tutkimuksesta, ett\u00e4 &#8221;<em>suomalaisten populaatio k\u00e4vi 10 000\u201320 000 vuotta sitten l\u00e4pi pullonkaulan, joka ei n\u00e4y muissa&nbsp;eurooppalaisissa populaatioissa. Pullonkaula on ajankohta, jolloin populaatiokoko pienenee rankasti ja kasvaa sitten j\u00e4lleen. Pullonkauloja aiheuttavat suuret tapahtumat kuten migraatio, ymp\u00e4rist\u00f6n muutokset, sairaudet ja sodat<\/em>&#8221;.<\/p>\n\n\n\n<p><em>HS<\/em>&nbsp;kertoo asiasta n\u00e4in: &#8221;<em>suomalaisten m\u00e4\u00e4r\u00e4 harveni \u00e4kisti 10 000\u201320 000 vuotta sitten ja palautui sitten ennalleen. &#8211; &#8211; Suomalaisten harvenemisen syit\u00e4 ei tiedet\u00e4, mutta se saattoi johtua maastamuutosta, sairauksista, sodasta tai ymp\u00e4rist\u00f6syist\u00e4, kirjoittaa amerikkalainen Science Daily -julkaisu.<\/em>&#8221;<\/p>\n\n\n\n<p>(Huomatkaa muuten ero: <em>Science Daily<\/em> -sivustolla luetellaan ylip\u00e4\u00e4t\u00e4\u00e4n eri pullonkaulojen syit\u00e4; <em>HS<\/em> taas v\u00e4itt\u00e4\u00e4, ett\u00e4 nuo voivat olla syit\u00e4 juuri suomalaispopulaation pullonkaulaan. Alkuper\u00e4isess\u00e4 <a href=\"http:\/\/www.nature.com\/ng\/journal\/v47\/n5\/full\/ng.3254.html#affil-auth\" target=\"_blank\">Nature Geneticsin<\/a> artikkelissa syill\u00e4 suomalaisten pullonkaulaan ei oikeastaan spekuloida, ja tutkimus on muutenkin keskittynyt kuvailemaan sit\u00e4, millaisella geneettisell\u00e4 datalla pullonkauloja ylip\u00e4\u00e4t\u00e4\u00e4n saadaan n\u00e4kyviin.)<\/p>\n\n\n\n<p>*<\/p>\n\n\n\n<p>Hesarin uutisesta tulee kuva, ett\u00e4 20 000 vuotta sitten Suomessa eli paljon ihmisi\u00e4. Sitten tuli ehk\u00e4p\u00e4 sota, ja suurin osa ihmisi\u00e4 kuoli tai muutti pois maasta.<\/p>\n\n\n\n<p>N\u00e4inh\u00e4n asia ei ollut. 20 000 vuotta sitten nykyisen Suomen alue oli viel\u00e4 j\u00e4\u00e4n peitossa. Viimeisen j\u00e4\u00e4kauden j\u00e4\u00e4peite oli suurimmillaan juuri tuolloin. Noin 13 000 vuotta sitten j\u00e4\u00e4 alkoi vet\u00e4yty\u00e4, ensimm\u00e4isen\u00e4 etel\u00e4st\u00e4. <a href=\"http:\/\/www.nba.fi\/fi\/kansallismuseo\/opetus\/opetuspaketit\/esihistoria\/tietoa\/tulostettava1\" target=\"_blank\">Museoviraston sivuston<\/a> mukaan vanhimmat j\u00e4ljet <em>Homo sapiensista<\/em> Suomessa ovat 10 600 vuoden takaa.<\/p>\n\n\n\n<p>Jos amerikkalaistutkimuksen tiedot olisi uutisoinnissa suhteutettu jo olemassaolevaan tietoon, yksinkertaisin selitys suomalaisten pullonkaulalle on se, ett\u00e4 v\u00e4h\u00e4n yli 10 000 vuotta sitten j\u00e4\u00e4kauden v\u00e4istytty\u00e4 t\u00e4nne valui kaiken kaikkiaan hyvin pieni m\u00e4\u00e4r\u00e4 ihmisi\u00e4. Se selitt\u00e4\u00e4 geneettisen monimuotoisuuden v\u00e4hyyden.<\/p>\n\n\n\n<p>Tiedeuutisoinnissa on aina t\u00e4rke\u00e4\u00e4 se, ett\u00e4 uusi l\u00f6yt\u00f6 asetetaan kontekstiin. Yksitt\u00e4isen tutkimuksen tulos on informatiivinen vasta, kun kerrotaan, miten se suhteutuu aiempaan tietoon.<\/p>\n\n\n\n<p>Meid\u00e4n ei kannata pohtia 20 000 vuoden takaisia suomalaisten massamaastamuuton syit\u00e4, kun palautamme mieleemme, ett\u00e4 20 000 vuotta sitten nykyisen Suomen alueella ei voinut viel\u00e4 edes asua. T\u00e4m\u00e4 tausta olisi kannattanut <em>Helsingin Sanomienkin<\/em> uutisessa mainita.<\/p>\n\n\n","protected":false},"excerpt":{"rendered":"<p>Helsingin Sanomat uutisoi eilen yhdysvaltalaistutkimuksesta, jossa pohdittiin modernin ihmisen kokemia populaation &#8221;pullonkauloja&#8221;, eli kohtia evoluutiohistoriassa, jolloin populaation koko on syyst\u00e4 tai toisesta ollut hyvin pieni. Yksi Texasin yliopiston<br \/>\n&hellip;<\/p>\n","protected":false},"author":146,"featured_media":0,"comment_status":"open","ping_status":"open","sticky":false,"template":"","format":"standard","meta":{"_acf_changed":false,"asauth_required_access_level":3,"asauth_cansharepaid":"true","om_header_attributes":[],"footnotes":"","om_featured_image_focal_point":[],"om_primary_tag":0,"om_contributors":[],"om_co_authors":[],"beyondwords_generate_audio":"","beyondwords_project_id":"","beyondwords_content_id":"","beyondwords_preview_token":"","beyondwords_player_content":"","beyondwords_player_style":"","beyondwords_language_code":"","beyondwords_language_id":"","beyondwords_title_voice_id":"","beyondwords_body_voice_id":"","beyondwords_summary_voice_id":"","beyondwords_error_message":"","beyondwords_disabled":"","beyondwords_delete_content":"","beyondwords_podcast_id":"","beyondwords_hash":"","publish_post_to_speechkit":"","speechkit_hash":"","speechkit_generate_audio":"","speechkit_project_id":"","speechkit_podcast_id":"","speechkit_error_message":"","speechkit_disabled":"","speechkit_access_key":"","speechkit_error":"","speechkit_info":"","speechkit_response":"","speechkit_retries":"","speechkit_status":"","speechkit_updated_at":"","_speechkit_link":"","_speechkit_text":""},"categories":[1],"tags":[721,1013,394,109,1500,136,395,1505,396,1503,1504,1502,6,1501],"class_list":["post-988","post","type-post","status-publish","format-standard","hentry","category-tarinoita-tieteesta","tag-geeniperima","tag-geenitutkimus","tag-genetiikka","tag-ihmisen-evoluutio","tag-jaakausi","tag-journalismi","tag-perinnollisyystiede","tag-perustajavaikutus","tag-populaatioekologia","tag-pullonkaula","tag-pullonkaulailmio","tag-suomalaiset","tag-tiedejournalismi","tag-veiksel"],"om_views":null,"acf":{"tuuma_off":false,"tuuma_kysymys":"","tuuma_vastaus":""},"asauth":{"required_access_level":1,"share_token":"","is_paid":false},"yoast_head":"<!-- This site is optimized with the Yoast SEO plugin v26.4 - https:\/\/yoast.com\/wordpress\/plugins\/seo\/ -->\n<title>Suomi 20 000 vuotta sitten: J\u00e4\u00e4kausi vai maastamuutto? - Tarinoita tieteest\u00e4<\/title>\n<meta name=\"description\" content=\"Tiedeuutinen pit\u00e4\u00e4 aina asettaa kontekstiin. Suomalaisten populaatiohistoriaa ymm\u00e4rt\u00e4\u00e4 paremmin, jos mukana kulkee yleistietoa j\u00e4\u00e4kaudesta.\" \/>\n<meta name=\"robots\" content=\"index, follow, max-snippet:-1, max-image-preview:large, max-video-preview:-1\" \/>\n<link rel=\"canonical\" href=\"https:\/\/suomenkuvalehti.fi\/tarinoitatieteesta\/suomi-20-000-vuotta-sitten-jaakausi-vai-maastamuutto\/\" \/>\n<meta property=\"og:locale\" content=\"fi_FI\" \/>\n<meta property=\"og:type\" content=\"article\" \/>\n<meta property=\"og:title\" content=\"Suomi 20 000 vuotta sitten: J\u00e4\u00e4kausi vai maastamuutto? - Tarinoita tieteest\u00e4\" \/>\n<meta property=\"og:description\" content=\"Tiedeuutinen pit\u00e4\u00e4 aina asettaa kontekstiin. Suomalaisten populaatiohistoriaa ymm\u00e4rt\u00e4\u00e4 paremmin, jos mukana kulkee yleistietoa j\u00e4\u00e4kaudesta.\" \/>\n<meta property=\"og:url\" content=\"https:\/\/suomenkuvalehti.fi\/tarinoitatieteesta\/suomi-20-000-vuotta-sitten-jaakausi-vai-maastamuutto\/\" \/>\n<meta property=\"og:site_name\" content=\"Tarinoita tieteest\u00e4\" \/>\n<meta property=\"article:author\" content=\"https:\/\/www.facebook.com\/pages\/Tiina-Raevaara-Tarinoita-tieteest\/280663078640821?fref=ts\" \/>\n<meta property=\"article:published_time\" content=\"2015-05-14T10:26:39+00:00\" \/>\n<meta property=\"article:modified_time\" content=\"2015-05-14T10:47:04+00:00\" \/>\n<meta property=\"og:image\" content=\"https:\/\/suomenkuvalehti.fi\/tarinoitatieteesta\/wp-content\/uploads\/sites\/13\/2022\/04\/tiina_raevaara-scaled.jpg\" \/>\n\t<meta property=\"og:image:width\" content=\"2560\" \/>\n\t<meta property=\"og:image:height\" content=\"1707\" \/>\n\t<meta property=\"og:image:type\" content=\"image\/jpeg\" \/>\n<meta name=\"author\" content=\"Tiina Raevaara\" \/>\n<meta name=\"twitter:card\" content=\"summary_large_image\" \/>\n<meta name=\"twitter:creator\" content=\"@https:\/\/twitter.com\/raevaara\" \/>\n<meta name=\"twitter:label1\" content=\"Written by\" \/>\n\t<meta name=\"twitter:data1\" content=\"Tiina Raevaara\" \/>\n\t<meta name=\"twitter:label2\" content=\"Est. reading time\" \/>\n\t<meta name=\"twitter:data2\" content=\"2 minuuttia\" \/>\n<script type=\"application\/ld+json\" class=\"yoast-schema-graph\">{\"@context\":\"https:\/\/schema.org\",\"@graph\":[{\"@type\":\"WebPage\",\"@id\":\"https:\/\/suomenkuvalehti.fi\/tarinoitatieteesta\/suomi-20-000-vuotta-sitten-jaakausi-vai-maastamuutto\/\",\"url\":\"https:\/\/suomenkuvalehti.fi\/tarinoitatieteesta\/suomi-20-000-vuotta-sitten-jaakausi-vai-maastamuutto\/\",\"name\":\"Suomi 20 000 vuotta sitten: J\u00e4\u00e4kausi vai maastamuutto? - Tarinoita tieteest\u00e4\",\"isPartOf\":{\"@id\":\"https:\/\/suomenkuvalehti.fi\/tarinoitatieteesta\/#website\"},\"datePublished\":\"2015-05-14T10:26:39+00:00\",\"dateModified\":\"2015-05-14T10:47:04+00:00\",\"author\":{\"@id\":\"https:\/\/suomenkuvalehti.fi\/tarinoitatieteesta\/#\/schema\/person\/bb9c6caa48b3f9394f20b9d28415bca6\"},\"description\":\"Tiedeuutinen pit\u00e4\u00e4 aina asettaa kontekstiin. Suomalaisten populaatiohistoriaa ymm\u00e4rt\u00e4\u00e4 paremmin, jos mukana kulkee yleistietoa j\u00e4\u00e4kaudesta.\",\"breadcrumb\":{\"@id\":\"https:\/\/suomenkuvalehti.fi\/tarinoitatieteesta\/suomi-20-000-vuotta-sitten-jaakausi-vai-maastamuutto\/#breadcrumb\"},\"inLanguage\":\"fi\",\"potentialAction\":[{\"@type\":\"ReadAction\",\"target\":[\"https:\/\/suomenkuvalehti.fi\/tarinoitatieteesta\/suomi-20-000-vuotta-sitten-jaakausi-vai-maastamuutto\/\"]}]},{\"@type\":\"BreadcrumbList\",\"@id\":\"https:\/\/suomenkuvalehti.fi\/tarinoitatieteesta\/suomi-20-000-vuotta-sitten-jaakausi-vai-maastamuutto\/#breadcrumb\",\"itemListElement\":[{\"@type\":\"ListItem\",\"position\":1,\"name\":\"Home\",\"item\":\"https:\/\/suomenkuvalehti.fi\/tarinoitatieteesta\/\"},{\"@type\":\"ListItem\",\"position\":2,\"name\":\"Suomi 20 000 vuotta sitten: J\u00e4\u00e4kausi vai maastamuutto?\"}]},{\"@type\":\"WebSite\",\"@id\":\"https:\/\/suomenkuvalehti.fi\/tarinoitatieteesta\/#website\",\"url\":\"https:\/\/suomenkuvalehti.fi\/tarinoitatieteesta\/\",\"name\":\"Tarinoita tieteest\u00e4\",\"description\":\"Biologi Tiina Raevaara tutkailee tieteen maailmaa kaunokirjailijan aivoin.\",\"potentialAction\":[{\"@type\":\"SearchAction\",\"target\":{\"@type\":\"EntryPoint\",\"urlTemplate\":\"https:\/\/suomenkuvalehti.fi\/haku\/?q={search_term_string}\"},\"query-input\":{\"@type\":\"PropertyValueSpecification\",\"valueRequired\":true,\"valueName\":\"search_term_string\"}}],\"inLanguage\":\"fi\"},{\"@type\":\"Person\",\"@id\":\"https:\/\/suomenkuvalehti.fi\/tarinoitatieteesta\/#\/schema\/person\/bb9c6caa48b3f9394f20b9d28415bca6\",\"name\":\"Tiina Raevaara\",\"image\":{\"@type\":\"ImageObject\",\"inLanguage\":\"fi\",\"@id\":\"https:\/\/suomenkuvalehti.fi\/tarinoitatieteesta\/#\/schema\/person\/image\/\",\"url\":\"https:\/\/suomenkuvalehti.fi\/tarinoitatieteesta\/wp-content\/uploads\/sites\/13\/2022\/04\/tiina_raevaara-150x150.jpg\",\"contentUrl\":\"https:\/\/suomenkuvalehti.fi\/tarinoitatieteesta\/wp-content\/uploads\/sites\/13\/2022\/04\/tiina_raevaara-150x150.jpg\",\"caption\":\"Tiina Raevaara\"},\"description\":\"Kirjoittaja Tiina Raevaara on filosofian tohtori ja kirjailija.\",\"sameAs\":[\"https:\/\/www.facebook.com\/pages\/Tiina-Raevaara-Tarinoita-tieteest\/280663078640821?fref=ts\",\"https:\/\/x.com\/https:\/\/twitter.com\/raevaara\"]}]}<\/script>\n<!-- \/ Yoast SEO plugin. -->","yoast_head_json":{"title":"Suomi 20 000 vuotta sitten: J\u00e4\u00e4kausi vai maastamuutto? - Tarinoita tieteest\u00e4","description":"Tiedeuutinen pit\u00e4\u00e4 aina asettaa kontekstiin. Suomalaisten populaatiohistoriaa ymm\u00e4rt\u00e4\u00e4 paremmin, jos mukana kulkee yleistietoa j\u00e4\u00e4kaudesta.","robots":{"index":"index","follow":"follow","max-snippet":"max-snippet:-1","max-image-preview":"max-image-preview:large","max-video-preview":"max-video-preview:-1"},"canonical":"https:\/\/suomenkuvalehti.fi\/tarinoitatieteesta\/suomi-20-000-vuotta-sitten-jaakausi-vai-maastamuutto\/","og_locale":"fi_FI","og_type":"article","og_title":"Suomi 20 000 vuotta sitten: J\u00e4\u00e4kausi vai maastamuutto? - Tarinoita tieteest\u00e4","og_description":"Tiedeuutinen pit\u00e4\u00e4 aina asettaa kontekstiin. Suomalaisten populaatiohistoriaa ymm\u00e4rt\u00e4\u00e4 paremmin, jos mukana kulkee yleistietoa j\u00e4\u00e4kaudesta.","og_url":"https:\/\/suomenkuvalehti.fi\/tarinoitatieteesta\/suomi-20-000-vuotta-sitten-jaakausi-vai-maastamuutto\/","og_site_name":"Tarinoita tieteest\u00e4","article_author":"https:\/\/www.facebook.com\/pages\/Tiina-Raevaara-Tarinoita-tieteest\/280663078640821?fref=ts","article_published_time":"2015-05-14T10:26:39+00:00","article_modified_time":"2015-05-14T10:47:04+00:00","og_image":[{"width":2560,"height":1707,"url":"https:\/\/suomenkuvalehti.fi\/tarinoitatieteesta\/wp-content\/uploads\/sites\/13\/2022\/04\/tiina_raevaara-scaled.jpg","type":"image\/jpeg"}],"author":"Tiina Raevaara","twitter_card":"summary_large_image","twitter_creator":"@https:\/\/twitter.com\/raevaara","twitter_misc":{"Written by":"Tiina Raevaara","Est. reading time":"2 minuuttia"},"schema":{"@context":"https:\/\/schema.org","@graph":[{"@type":"WebPage","@id":"https:\/\/suomenkuvalehti.fi\/tarinoitatieteesta\/suomi-20-000-vuotta-sitten-jaakausi-vai-maastamuutto\/","url":"https:\/\/suomenkuvalehti.fi\/tarinoitatieteesta\/suomi-20-000-vuotta-sitten-jaakausi-vai-maastamuutto\/","name":"Suomi 20 000 vuotta sitten: J\u00e4\u00e4kausi vai maastamuutto? - Tarinoita tieteest\u00e4","isPartOf":{"@id":"https:\/\/suomenkuvalehti.fi\/tarinoitatieteesta\/#website"},"datePublished":"2015-05-14T10:26:39+00:00","dateModified":"2015-05-14T10:47:04+00:00","author":{"@id":"https:\/\/suomenkuvalehti.fi\/tarinoitatieteesta\/#\/schema\/person\/bb9c6caa48b3f9394f20b9d28415bca6"},"description":"Tiedeuutinen pit\u00e4\u00e4 aina asettaa kontekstiin. Suomalaisten populaatiohistoriaa ymm\u00e4rt\u00e4\u00e4 paremmin, jos mukana kulkee yleistietoa j\u00e4\u00e4kaudesta.","breadcrumb":{"@id":"https:\/\/suomenkuvalehti.fi\/tarinoitatieteesta\/suomi-20-000-vuotta-sitten-jaakausi-vai-maastamuutto\/#breadcrumb"},"inLanguage":"fi","potentialAction":[{"@type":"ReadAction","target":["https:\/\/suomenkuvalehti.fi\/tarinoitatieteesta\/suomi-20-000-vuotta-sitten-jaakausi-vai-maastamuutto\/"]}]},{"@type":"BreadcrumbList","@id":"https:\/\/suomenkuvalehti.fi\/tarinoitatieteesta\/suomi-20-000-vuotta-sitten-jaakausi-vai-maastamuutto\/#breadcrumb","itemListElement":[{"@type":"ListItem","position":1,"name":"Home","item":"https:\/\/suomenkuvalehti.fi\/tarinoitatieteesta\/"},{"@type":"ListItem","position":2,"name":"Suomi 20 000 vuotta sitten: J\u00e4\u00e4kausi vai maastamuutto?"}]},{"@type":"WebSite","@id":"https:\/\/suomenkuvalehti.fi\/tarinoitatieteesta\/#website","url":"https:\/\/suomenkuvalehti.fi\/tarinoitatieteesta\/","name":"Tarinoita tieteest\u00e4","description":"Biologi Tiina Raevaara tutkailee tieteen maailmaa kaunokirjailijan aivoin.","potentialAction":[{"@type":"SearchAction","target":{"@type":"EntryPoint","urlTemplate":"https:\/\/suomenkuvalehti.fi\/haku\/?q={search_term_string}"},"query-input":{"@type":"PropertyValueSpecification","valueRequired":true,"valueName":"search_term_string"}}],"inLanguage":"fi"},{"@type":"Person","@id":"https:\/\/suomenkuvalehti.fi\/tarinoitatieteesta\/#\/schema\/person\/bb9c6caa48b3f9394f20b9d28415bca6","name":"Tiina Raevaara","image":{"@type":"ImageObject","inLanguage":"fi","@id":"https:\/\/suomenkuvalehti.fi\/tarinoitatieteesta\/#\/schema\/person\/image\/","url":"https:\/\/suomenkuvalehti.fi\/tarinoitatieteesta\/wp-content\/uploads\/sites\/13\/2022\/04\/tiina_raevaara-150x150.jpg","contentUrl":"https:\/\/suomenkuvalehti.fi\/tarinoitatieteesta\/wp-content\/uploads\/sites\/13\/2022\/04\/tiina_raevaara-150x150.jpg","caption":"Tiina Raevaara"},"description":"Kirjoittaja Tiina Raevaara on filosofian tohtori ja kirjailija.","sameAs":["https:\/\/www.facebook.com\/pages\/Tiina-Raevaara-Tarinoita-tieteest\/280663078640821?fref=ts","https:\/\/x.com\/https:\/\/twitter.com\/raevaara"]}]}},"_links":{"self":[{"href":"https:\/\/suomenkuvalehti.fi\/tarinoitatieteesta\/wp-json\/wp\/v2\/posts\/988","targetHints":{"allow":["GET"]}}],"collection":[{"href":"https:\/\/suomenkuvalehti.fi\/tarinoitatieteesta\/wp-json\/wp\/v2\/posts"}],"about":[{"href":"https:\/\/suomenkuvalehti.fi\/tarinoitatieteesta\/wp-json\/wp\/v2\/types\/post"}],"author":[{"embeddable":true,"href":"https:\/\/suomenkuvalehti.fi\/tarinoitatieteesta\/wp-json\/wp\/v2\/users\/146"}],"replies":[{"embeddable":true,"href":"https:\/\/suomenkuvalehti.fi\/tarinoitatieteesta\/wp-json\/wp\/v2\/comments?post=988"}],"version-history":[{"count":3,"href":"https:\/\/suomenkuvalehti.fi\/tarinoitatieteesta\/wp-json\/wp\/v2\/posts\/988\/revisions"}],"predecessor-version":[{"id":991,"href":"https:\/\/suomenkuvalehti.fi\/tarinoitatieteesta\/wp-json\/wp\/v2\/posts\/988\/revisions\/991"}],"wp:attachment":[{"href":"https:\/\/suomenkuvalehti.fi\/tarinoitatieteesta\/wp-json\/wp\/v2\/media?parent=988"}],"wp:term":[{"taxonomy":"category","embeddable":true,"href":"https:\/\/suomenkuvalehti.fi\/tarinoitatieteesta\/wp-json\/wp\/v2\/categories?post=988"},{"taxonomy":"post_tag","embeddable":true,"href":"https:\/\/suomenkuvalehti.fi\/tarinoitatieteesta\/wp-json\/wp\/v2\/tags?post=988"}],"curies":[{"name":"wp","href":"https:\/\/api.w.org\/{rel}","templated":true}]}}