{"id":902,"date":"2015-03-07T17:02:56","date_gmt":"2015-03-07T15:02:56","guid":{"rendered":"https:\/\/suomenkuvalehti.fi\/tarinoitatieteesta\/?p=902"},"modified":"2015-03-07T17:02:56","modified_gmt":"2015-03-07T15:02:56","slug":"avaruuteen-suuntaava-superihminen-selviaisi-sateilysta","status":"publish","type":"post","link":"https:\/\/suomenkuvalehti.fi\/tarinoitatieteesta\/avaruuteen-suuntaava-superihminen-selviaisi-sateilysta\/","title":{"rendered":"Avaruuteen suuntaava superihminen selvi\u00e4isi s\u00e4teilyst\u00e4"},"content":{"rendered":"\n<p>Kirjoitin <a title=\"LongPlay\" href=\"http:\/\/longplay.fi\/fi\/jesus\" target=\"_blank\">Long Play -julkaisuun<\/a> pitk\u00e4n jutun ihmisen mahdollisuuksista levitt\u00e4yty\u00e4 asumaan Maan ulkopuolelle.<\/p>\n\n\n\n<p>Periaatteessahan ihmisell\u00e4 olisi olemassa jo riitt\u00e4v\u00e4 tekniikka esimerkiksi miehitettyyn Mars-lentoon. Mit\u00e4\u00e4n uutta teknolgista mullistusta ei tarvita &#8211; toki hienos\u00e4\u00e4t\u00e4miseen, kokeilemiseen ja hyv\u00e4\u00e4n suunnitteluun pit\u00e4isi k\u00e4ytt\u00e4\u00e4 rutkasti aikaa. My\u00f6s pysyv\u00e4n siirtokunnan pystytt\u00e4minen punaiselle planeetalle olisi ehk\u00e4 mahdollista jo nykyisell\u00e4 osaamisella.<\/p>\n\n\n\n<p>Tekniikkaa suurempi kysymys on se, kuinka ihmisen biologia kest\u00e4\u00e4 avaruuden olosuhteet. Mars-lennolla s\u00e4teily olisi paljon merkitt\u00e4v\u00e4mpi ongelma kuin se on nykyisill\u00e4 miehityill\u00e4 avaruuslennoilla tai avaruusasemalla ollut. Maan magneeettikentt\u00e4 suojelee kansainv\u00e4list\u00e4 avaruusasemaakin kosmiselta s\u00e4teilylt\u00e4. Marsiin suuntautuvalla lennolla Maasta ei en\u00e4\u00e4 olisi hy\u00f6ty\u00e4. S\u00e4teily vahingoittaa soluja esimerkiksi katkomalla niiden dna-juosteita.<\/p>\n\n\n\n<p>Millainen olisi ihminen, joka olisi mahdollisimman hyvin avaruuteen sopiva?<\/p>\n\n\n\n<p>Ihmisiss\u00e4 on valtavasti muuntelua, ja joukosta l\u00f6ytyy varmasti kansoja, sukuja ja yksil\u00f6it\u00e4, joiden ominaisuudet sopisivat ulkoavaruuteen paremmin kuin muiden.<\/p>\n\n\n\n<p>Ihmisi\u00e4 voisi testata sen perusteella, kenen soluissa s\u00e4teilyn aiheuttamia vaurioita korjataan kaikkein tehokkaimmin. Soluissa toimii monta erilaista dna:n korjausmekanismia, jotka korjaavat perim\u00e4ainekseen kertyneit\u00e4 vaurioita. Kosmisen s\u00e4teilyn ulottuvilla n\u00e4m\u00e4 ominaisuudet ovat \u00e4\u00e4rimm\u00e4isen t\u00e4rkeit\u00e4.<\/p>\n\n\n\n<p>Tai ehk\u00e4 voisimme siirt\u00e4\u00e4 ihmiselle er\u00e4\u00e4n bakteerin ominaisuuksia. <i>Deinococcus radiodurans<\/i> on bakteeri, joka kest\u00e4\u00e4 hirvitt\u00e4vi\u00e4 m\u00e4\u00e4ri\u00e4 s\u00e4teily\u00e4. Se l\u00f6ytyi vuonna 1956, kun <strong>Arthur W. Anderson<\/strong> s\u00e4teilytti v\u00e4lipalansa gamma-s\u00e4teilyll\u00e4 aikomuksena parantaa sen s\u00e4ilyvyytt\u00e4. Ruoka kuitenkin pilaantui \u2013 ja siit\u00e4 eristettiin <i>D. radiodurans<\/i>, lempinimelt\u00e4\u00e4n &#8221;Conan Bakteeri&#8221;.<\/p>\n\n\n\n<p>Ihmiselle tappava annos ionisoivaa s\u00e4teily\u00e4 on noin viisi grayta. <i>Deinococcus radiodurans<\/i> kest\u00e4\u00e4 helposti 5 000 grayta, paljon enemm\u00e4nkin.<\/p>\n\n\n\n<p>Bakteerin salaisuus on varmuuskopioinnissa. S\u00e4teily katkoo dna-juosteita, eik\u00e4 esimerkiksi ihmissolu saa p\u00e4tki\u00e4 en\u00e4\u00e4 oikeaan j\u00e4rjestykseen suuren s\u00e4teilyannoksen j\u00e4lkeen. Conan-bakteerilla mallia otetaan varmuuskopioista. Jokaisella bakteerisolulla on v\u00e4hint\u00e4\u00e4n nelj\u00e4 kopioita koko genomista.<\/p>\n\n\n\n<p>T\u00e4htienv\u00e4liseen avaruuteen suuntaava superihminen olisi moneen kertaan varmuuskopioitu.<\/p>\n\n\n\n<p><strong>*<\/strong><\/p>\n\n\n\n<p>P.S. Tiedekeskus Heurekassa on t\u00e4n\u00e4\u00e4n 7.3. aikuisille suunnattu<a title=\"YleX\" href=\"http:\/\/yle.fi\/ylex\/uutiset\/avaruus_ja_seksi_valtaavat_heurekan_-_anteeksi_kuinka\/3-7850349\" target=\"_blank\"> iltatapahtuma<\/a>, jonka aiheena on avaruus ja seksi. Tiedekeskus on varsin m\u00e4\u00e4r\u00e4tietoisesti alkanut j\u00e4rjest\u00e4\u00e4 ohjelmaa my\u00f6s aikuisille. Mukava n\u00e4hd\u00e4, onnistuuko se muuttamaan lapsiperheimagonsa hieman laajemmaksi.<\/p>\n\n\n\n<p>&nbsp;<\/p>\n\n\n\n<p>&nbsp;<\/p>\n\n\n","protected":false},"excerpt":{"rendered":"<p>Kirjoitin Long Play -julkaisuun pitk\u00e4n jutun ihmisen mahdollisuuksista levitt\u00e4yty\u00e4 asumaan Maan ulkopuolelle. Periaatteessahan ihmisell\u00e4 olisi olemassa jo riitt\u00e4v\u00e4 tekniikka esimerkiksi miehitettyyn Mars-lentoon. Mit\u00e4\u00e4n uutta teknolgista mullistusta ei tarvita &#8211;<br \/>\ntoki hi&hellip;<\/p>\n","protected":false},"author":146,"featured_media":0,"comment_status":"open","ping_status":"open","sticky":false,"template":"","format":"standard","meta":{"_acf_changed":false,"asauth_required_access_level":3,"asauth_cansharepaid":"true","om_header_attributes":[],"footnotes":"","om_featured_image_focal_point":[],"om_primary_tag":0,"om_contributors":[],"om_co_authors":[],"beyondwords_generate_audio":"","beyondwords_project_id":"","beyondwords_content_id":"","beyondwords_preview_token":"","beyondwords_player_content":"","beyondwords_player_style":"","beyondwords_language_code":"","beyondwords_language_id":"","beyondwords_title_voice_id":"","beyondwords_body_voice_id":"","beyondwords_summary_voice_id":"","beyondwords_error_message":"","beyondwords_disabled":"","beyondwords_delete_content":"","beyondwords_podcast_id":"","beyondwords_hash":"","publish_post_to_speechkit":"","speechkit_hash":"","speechkit_generate_audio":"","speechkit_project_id":"","speechkit_podcast_id":"","speechkit_error_message":"","speechkit_disabled":"","speechkit_access_key":"","speechkit_error":"","speechkit_info":"","speechkit_response":"","speechkit_retries":"","speechkit_status":"","speechkit_updated_at":"","_speechkit_link":"","_speechkit_text":""},"categories":[1],"tags":[60,803,804,1445,181,613,925,1421,544,187,818,1446,507],"class_list":["post-902","post","type-post","status-publish","format-standard","hentry","category-tarinoita-tieteesta","tag-avaruus","tag-avaruuslennot","tag-avaruusmatkat","tag-avaruussiirtolaisuus","tag-bakteerit","tag-dna","tag-dna-vauriot","tag-ihmiskunta","tag-long-play","tag-mars-planeetta","tag-mars-tutkimus","tag-sateily","tag-sateilysairaudet"],"om_views":null,"acf":{"tuuma_off":false,"tuuma_kysymys":"","tuuma_vastaus":""},"asauth":{"required_access_level":1,"share_token":"","is_paid":false},"yoast_head":"<!-- This site is optimized with the Yoast SEO plugin v26.4 - https:\/\/yoast.com\/wordpress\/plugins\/seo\/ -->\n<title>Avaruuteen suuntaava superihminen selvi\u00e4isi s\u00e4teilyst\u00e4 - Tarinoita tieteest\u00e4<\/title>\n<meta name=\"description\" content=\"Pitkill\u00e4 avaruuslennoilla ja vierailla planeetoilla suurin uhka voi olla s\u00e4teily. Millainen olisi tulevaisuuden s\u00e4teily\u00e4 kest\u00e4v\u00e4 ihminen?\" \/>\n<meta name=\"robots\" content=\"index, follow, max-snippet:-1, max-image-preview:large, max-video-preview:-1\" \/>\n<link rel=\"canonical\" href=\"https:\/\/suomenkuvalehti.fi\/tarinoitatieteesta\/avaruuteen-suuntaava-superihminen-selviaisi-sateilysta\/\" \/>\n<meta property=\"og:locale\" content=\"fi_FI\" \/>\n<meta property=\"og:type\" content=\"article\" \/>\n<meta property=\"og:title\" content=\"Avaruuteen suuntaava superihminen selvi\u00e4isi s\u00e4teilyst\u00e4 - Tarinoita tieteest\u00e4\" \/>\n<meta property=\"og:description\" content=\"Pitkill\u00e4 avaruuslennoilla ja vierailla planeetoilla suurin uhka voi olla s\u00e4teily. Millainen olisi tulevaisuuden s\u00e4teily\u00e4 kest\u00e4v\u00e4 ihminen?\" \/>\n<meta property=\"og:url\" content=\"https:\/\/suomenkuvalehti.fi\/tarinoitatieteesta\/avaruuteen-suuntaava-superihminen-selviaisi-sateilysta\/\" \/>\n<meta property=\"og:site_name\" content=\"Tarinoita tieteest\u00e4\" \/>\n<meta property=\"article:author\" content=\"https:\/\/www.facebook.com\/pages\/Tiina-Raevaara-Tarinoita-tieteest\/280663078640821?fref=ts\" \/>\n<meta property=\"article:published_time\" content=\"2015-03-07T15:02:56+00:00\" \/>\n<meta property=\"og:image\" content=\"https:\/\/suomenkuvalehti.fi\/tarinoitatieteesta\/wp-content\/uploads\/sites\/13\/2022\/04\/tiina_raevaara-scaled.jpg\" \/>\n\t<meta property=\"og:image:width\" content=\"2560\" \/>\n\t<meta property=\"og:image:height\" content=\"1707\" \/>\n\t<meta property=\"og:image:type\" content=\"image\/jpeg\" \/>\n<meta name=\"author\" content=\"Tiina Raevaara\" \/>\n<meta name=\"twitter:card\" content=\"summary_large_image\" \/>\n<meta name=\"twitter:creator\" content=\"@https:\/\/twitter.com\/raevaara\" \/>\n<meta name=\"twitter:label1\" content=\"Written by\" \/>\n\t<meta name=\"twitter:data1\" content=\"Tiina Raevaara\" \/>\n\t<meta name=\"twitter:label2\" content=\"Est. reading time\" \/>\n\t<meta name=\"twitter:data2\" content=\"2 minuuttia\" \/>\n<script type=\"application\/ld+json\" class=\"yoast-schema-graph\">{\"@context\":\"https:\/\/schema.org\",\"@graph\":[{\"@type\":\"WebPage\",\"@id\":\"https:\/\/suomenkuvalehti.fi\/tarinoitatieteesta\/avaruuteen-suuntaava-superihminen-selviaisi-sateilysta\/\",\"url\":\"https:\/\/suomenkuvalehti.fi\/tarinoitatieteesta\/avaruuteen-suuntaava-superihminen-selviaisi-sateilysta\/\",\"name\":\"Avaruuteen suuntaava superihminen selvi\u00e4isi s\u00e4teilyst\u00e4 - Tarinoita tieteest\u00e4\",\"isPartOf\":{\"@id\":\"https:\/\/suomenkuvalehti.fi\/tarinoitatieteesta\/#website\"},\"datePublished\":\"2015-03-07T15:02:56+00:00\",\"author\":{\"@id\":\"https:\/\/suomenkuvalehti.fi\/tarinoitatieteesta\/#\/schema\/person\/bb9c6caa48b3f9394f20b9d28415bca6\"},\"description\":\"Pitkill\u00e4 avaruuslennoilla ja vierailla planeetoilla suurin uhka voi olla s\u00e4teily. Millainen olisi tulevaisuuden s\u00e4teily\u00e4 kest\u00e4v\u00e4 ihminen?\",\"breadcrumb\":{\"@id\":\"https:\/\/suomenkuvalehti.fi\/tarinoitatieteesta\/avaruuteen-suuntaava-superihminen-selviaisi-sateilysta\/#breadcrumb\"},\"inLanguage\":\"fi\",\"potentialAction\":[{\"@type\":\"ReadAction\",\"target\":[\"https:\/\/suomenkuvalehti.fi\/tarinoitatieteesta\/avaruuteen-suuntaava-superihminen-selviaisi-sateilysta\/\"]}]},{\"@type\":\"BreadcrumbList\",\"@id\":\"https:\/\/suomenkuvalehti.fi\/tarinoitatieteesta\/avaruuteen-suuntaava-superihminen-selviaisi-sateilysta\/#breadcrumb\",\"itemListElement\":[{\"@type\":\"ListItem\",\"position\":1,\"name\":\"Home\",\"item\":\"https:\/\/suomenkuvalehti.fi\/tarinoitatieteesta\/\"},{\"@type\":\"ListItem\",\"position\":2,\"name\":\"Avaruuteen suuntaava superihminen selvi\u00e4isi s\u00e4teilyst\u00e4\"}]},{\"@type\":\"WebSite\",\"@id\":\"https:\/\/suomenkuvalehti.fi\/tarinoitatieteesta\/#website\",\"url\":\"https:\/\/suomenkuvalehti.fi\/tarinoitatieteesta\/\",\"name\":\"Tarinoita tieteest\u00e4\",\"description\":\"Biologi Tiina Raevaara tutkailee tieteen maailmaa kaunokirjailijan aivoin.\",\"potentialAction\":[{\"@type\":\"SearchAction\",\"target\":{\"@type\":\"EntryPoint\",\"urlTemplate\":\"https:\/\/suomenkuvalehti.fi\/haku\/?q={search_term_string}\"},\"query-input\":{\"@type\":\"PropertyValueSpecification\",\"valueRequired\":true,\"valueName\":\"search_term_string\"}}],\"inLanguage\":\"fi\"},{\"@type\":\"Person\",\"@id\":\"https:\/\/suomenkuvalehti.fi\/tarinoitatieteesta\/#\/schema\/person\/bb9c6caa48b3f9394f20b9d28415bca6\",\"name\":\"Tiina Raevaara\",\"image\":{\"@type\":\"ImageObject\",\"inLanguage\":\"fi\",\"@id\":\"https:\/\/suomenkuvalehti.fi\/tarinoitatieteesta\/#\/schema\/person\/image\/\",\"url\":\"https:\/\/suomenkuvalehti.fi\/tarinoitatieteesta\/wp-content\/uploads\/sites\/13\/2022\/04\/tiina_raevaara-150x150.jpg\",\"contentUrl\":\"https:\/\/suomenkuvalehti.fi\/tarinoitatieteesta\/wp-content\/uploads\/sites\/13\/2022\/04\/tiina_raevaara-150x150.jpg\",\"caption\":\"Tiina Raevaara\"},\"description\":\"Kirjoittaja Tiina Raevaara on filosofian tohtori ja kirjailija.\",\"sameAs\":[\"https:\/\/www.facebook.com\/pages\/Tiina-Raevaara-Tarinoita-tieteest\/280663078640821?fref=ts\",\"https:\/\/x.com\/https:\/\/twitter.com\/raevaara\"]}]}<\/script>\n<!-- \/ Yoast SEO plugin. -->","yoast_head_json":{"title":"Avaruuteen suuntaava superihminen selvi\u00e4isi s\u00e4teilyst\u00e4 - Tarinoita tieteest\u00e4","description":"Pitkill\u00e4 avaruuslennoilla ja vierailla planeetoilla suurin uhka voi olla s\u00e4teily. Millainen olisi tulevaisuuden s\u00e4teily\u00e4 kest\u00e4v\u00e4 ihminen?","robots":{"index":"index","follow":"follow","max-snippet":"max-snippet:-1","max-image-preview":"max-image-preview:large","max-video-preview":"max-video-preview:-1"},"canonical":"https:\/\/suomenkuvalehti.fi\/tarinoitatieteesta\/avaruuteen-suuntaava-superihminen-selviaisi-sateilysta\/","og_locale":"fi_FI","og_type":"article","og_title":"Avaruuteen suuntaava superihminen selvi\u00e4isi s\u00e4teilyst\u00e4 - Tarinoita tieteest\u00e4","og_description":"Pitkill\u00e4 avaruuslennoilla ja vierailla planeetoilla suurin uhka voi olla s\u00e4teily. Millainen olisi tulevaisuuden s\u00e4teily\u00e4 kest\u00e4v\u00e4 ihminen?","og_url":"https:\/\/suomenkuvalehti.fi\/tarinoitatieteesta\/avaruuteen-suuntaava-superihminen-selviaisi-sateilysta\/","og_site_name":"Tarinoita tieteest\u00e4","article_author":"https:\/\/www.facebook.com\/pages\/Tiina-Raevaara-Tarinoita-tieteest\/280663078640821?fref=ts","article_published_time":"2015-03-07T15:02:56+00:00","og_image":[{"width":2560,"height":1707,"url":"https:\/\/suomenkuvalehti.fi\/tarinoitatieteesta\/wp-content\/uploads\/sites\/13\/2022\/04\/tiina_raevaara-scaled.jpg","type":"image\/jpeg"}],"author":"Tiina Raevaara","twitter_card":"summary_large_image","twitter_creator":"@https:\/\/twitter.com\/raevaara","twitter_misc":{"Written by":"Tiina Raevaara","Est. reading time":"2 minuuttia"},"schema":{"@context":"https:\/\/schema.org","@graph":[{"@type":"WebPage","@id":"https:\/\/suomenkuvalehti.fi\/tarinoitatieteesta\/avaruuteen-suuntaava-superihminen-selviaisi-sateilysta\/","url":"https:\/\/suomenkuvalehti.fi\/tarinoitatieteesta\/avaruuteen-suuntaava-superihminen-selviaisi-sateilysta\/","name":"Avaruuteen suuntaava superihminen selvi\u00e4isi s\u00e4teilyst\u00e4 - Tarinoita tieteest\u00e4","isPartOf":{"@id":"https:\/\/suomenkuvalehti.fi\/tarinoitatieteesta\/#website"},"datePublished":"2015-03-07T15:02:56+00:00","author":{"@id":"https:\/\/suomenkuvalehti.fi\/tarinoitatieteesta\/#\/schema\/person\/bb9c6caa48b3f9394f20b9d28415bca6"},"description":"Pitkill\u00e4 avaruuslennoilla ja vierailla planeetoilla suurin uhka voi olla s\u00e4teily. Millainen olisi tulevaisuuden s\u00e4teily\u00e4 kest\u00e4v\u00e4 ihminen?","breadcrumb":{"@id":"https:\/\/suomenkuvalehti.fi\/tarinoitatieteesta\/avaruuteen-suuntaava-superihminen-selviaisi-sateilysta\/#breadcrumb"},"inLanguage":"fi","potentialAction":[{"@type":"ReadAction","target":["https:\/\/suomenkuvalehti.fi\/tarinoitatieteesta\/avaruuteen-suuntaava-superihminen-selviaisi-sateilysta\/"]}]},{"@type":"BreadcrumbList","@id":"https:\/\/suomenkuvalehti.fi\/tarinoitatieteesta\/avaruuteen-suuntaava-superihminen-selviaisi-sateilysta\/#breadcrumb","itemListElement":[{"@type":"ListItem","position":1,"name":"Home","item":"https:\/\/suomenkuvalehti.fi\/tarinoitatieteesta\/"},{"@type":"ListItem","position":2,"name":"Avaruuteen suuntaava superihminen selvi\u00e4isi s\u00e4teilyst\u00e4"}]},{"@type":"WebSite","@id":"https:\/\/suomenkuvalehti.fi\/tarinoitatieteesta\/#website","url":"https:\/\/suomenkuvalehti.fi\/tarinoitatieteesta\/","name":"Tarinoita tieteest\u00e4","description":"Biologi Tiina Raevaara tutkailee tieteen maailmaa kaunokirjailijan aivoin.","potentialAction":[{"@type":"SearchAction","target":{"@type":"EntryPoint","urlTemplate":"https:\/\/suomenkuvalehti.fi\/haku\/?q={search_term_string}"},"query-input":{"@type":"PropertyValueSpecification","valueRequired":true,"valueName":"search_term_string"}}],"inLanguage":"fi"},{"@type":"Person","@id":"https:\/\/suomenkuvalehti.fi\/tarinoitatieteesta\/#\/schema\/person\/bb9c6caa48b3f9394f20b9d28415bca6","name":"Tiina Raevaara","image":{"@type":"ImageObject","inLanguage":"fi","@id":"https:\/\/suomenkuvalehti.fi\/tarinoitatieteesta\/#\/schema\/person\/image\/","url":"https:\/\/suomenkuvalehti.fi\/tarinoitatieteesta\/wp-content\/uploads\/sites\/13\/2022\/04\/tiina_raevaara-150x150.jpg","contentUrl":"https:\/\/suomenkuvalehti.fi\/tarinoitatieteesta\/wp-content\/uploads\/sites\/13\/2022\/04\/tiina_raevaara-150x150.jpg","caption":"Tiina Raevaara"},"description":"Kirjoittaja Tiina Raevaara on filosofian tohtori ja kirjailija.","sameAs":["https:\/\/www.facebook.com\/pages\/Tiina-Raevaara-Tarinoita-tieteest\/280663078640821?fref=ts","https:\/\/x.com\/https:\/\/twitter.com\/raevaara"]}]}},"_links":{"self":[{"href":"https:\/\/suomenkuvalehti.fi\/tarinoitatieteesta\/wp-json\/wp\/v2\/posts\/902","targetHints":{"allow":["GET"]}}],"collection":[{"href":"https:\/\/suomenkuvalehti.fi\/tarinoitatieteesta\/wp-json\/wp\/v2\/posts"}],"about":[{"href":"https:\/\/suomenkuvalehti.fi\/tarinoitatieteesta\/wp-json\/wp\/v2\/types\/post"}],"author":[{"embeddable":true,"href":"https:\/\/suomenkuvalehti.fi\/tarinoitatieteesta\/wp-json\/wp\/v2\/users\/146"}],"replies":[{"embeddable":true,"href":"https:\/\/suomenkuvalehti.fi\/tarinoitatieteesta\/wp-json\/wp\/v2\/comments?post=902"}],"version-history":[{"count":2,"href":"https:\/\/suomenkuvalehti.fi\/tarinoitatieteesta\/wp-json\/wp\/v2\/posts\/902\/revisions"}],"predecessor-version":[{"id":904,"href":"https:\/\/suomenkuvalehti.fi\/tarinoitatieteesta\/wp-json\/wp\/v2\/posts\/902\/revisions\/904"}],"wp:attachment":[{"href":"https:\/\/suomenkuvalehti.fi\/tarinoitatieteesta\/wp-json\/wp\/v2\/media?parent=902"}],"wp:term":[{"taxonomy":"category","embeddable":true,"href":"https:\/\/suomenkuvalehti.fi\/tarinoitatieteesta\/wp-json\/wp\/v2\/categories?post=902"},{"taxonomy":"post_tag","embeddable":true,"href":"https:\/\/suomenkuvalehti.fi\/tarinoitatieteesta\/wp-json\/wp\/v2\/tags?post=902"}],"curies":[{"name":"wp","href":"https:\/\/api.w.org\/{rel}","templated":true}]}}