{"id":860,"date":"2015-01-26T08:17:44","date_gmt":"2015-01-26T06:17:44","guid":{"rendered":"https:\/\/suomenkuvalehti.fi\/tarinoitatieteesta\/?p=860"},"modified":"2015-01-26T13:05:31","modified_gmt":"2015-01-26T11:05:31","slug":"akateemikot-akateemiset-mita-noita-nyt","status":"publish","type":"post","link":"https:\/\/suomenkuvalehti.fi\/tarinoitatieteesta\/akateemikot-akateemiset-mita-noita-nyt\/","title":{"rendered":"Akateemikot, akateemiset, mit\u00e4 noita nyt on"},"content":{"rendered":"\n<p>Olen luullut, ett\u00e4 akateemikko-sanan v\u00e4\u00e4r\u00e4 k\u00e4ytt\u00f6 on puhtaasti <a title=\"Vauva\" href=\"http:\/\/www.vauva.fi\/keskustelu\/1754656\/ketju\/avlla_suunnilleen_kaksi_kolmesta_ilmoittaa_olevans\" target=\"_blank\">Vauva-lehden<\/a> sin\u00e4ns\u00e4 mainion keskustelupalstan hedelmi\u00e4.<\/p>\n\n\n\n<p>Niinp\u00e4 hieraisin silmi\u00e4ni, kun kaveri kertoi, ett\u00e4 v\u00e4\u00e4rink\u00e4ytt\u00f6\u00f6n oli syyllistynyt my\u00f6s <a title=\"HS\" href=\"http:\/\/www.hs.fi\/matka\/a1421984873446\" target=\"_blank\">Helsingin Sanomat<\/a>. &#8221;Akateemikko tai el\u00e4m\u00e4nkoululainen, suomalaiset ovat yht\u00e4 pihalla maailmasta&#8221; kuului <strong>Riku Rantalan<\/strong> lauantaisen kolumnin otsikko. Kolumnisti itse kirjoitti tekstiss\u00e4\u00e4n vain paljon koulutetuista akateemisista. Varsinaisia akateemikkoja h\u00e4n tuskin tarkoitti &#8211; ja ehk\u00e4p\u00e4 kolumnin olikin otsikoinut joku muu.<\/p>\n\n\n\n<p>Kertauksen vuoksi: <a title=\"Wikipedia\" href=\"http:\/\/fi.wikipedia.org\/wiki\/Akateemikko%20 &nbsp;\" target=\"_blank\">akateemikko<\/a> on arvonimi, jonka tasavallan presidentti my\u00f6nt\u00e4\u00e4 ansioituneille tieteen- ja taiteenharjoittajille. Akateemikon arvonimi voi olla samanaikaisesti enint\u00e4\u00e4n kahdellatoista suomalaisella tieteenharjoittajalla ja yhdell\u00e4toista taiteentekij\u00e4ll\u00e4.<\/p>\n\n\n\n<p>Akateemikkoja <a title=\"Uusi Suomi\" href=\"http:\/\/annamatela.puheenvuoro.uusisuomi.fi\/kayttaja\/annamatela\" target=\"_blank\">eiv\u00e4t ole<\/a> kaikki korkeakoulutetut &nbsp;&#8211; heist\u00e4 voi tosiaan puhua korkeakoulutettuina &#8211; eiv\u00e4tk\u00e4 my\u00f6sk\u00e4\u00e4n kaikki akateemisissa teht\u00e4viss\u00e4 ty\u00f6skentelev\u00e4t. Heist\u00e4 voi puhua&nbsp;esimerkiksi&nbsp;akateemisina, tilanteen ja tarkoituksen mukaan.<\/p>\n\n\n\n<p>* <em>Korjaus klo 13.03: Nyky\u00e4\u00e4n tieteen akateemikkoja voi yhtaikaa olla kaikkiaan 16. (L\u00e4hde: <a title=\"Akatemia\" href=\"http:\/\/www.aka.fi\/fi\/A\/Suomen-Akatemia\/Organisaatio_\/Akateemikot\/\" target=\"_blank\">Suomen Akatemia<\/a>). Korjaan tiedon Wikipediaankin.<\/em><\/p>\n\n\n","protected":false},"excerpt":{"rendered":"<p>Olen luullut, ett\u00e4 akateemikko-sanan v\u00e4\u00e4r\u00e4 k\u00e4ytt\u00f6 on puhtaasti Vauva-lehden sin\u00e4ns\u00e4 mainion keskustelupalstan hedelmi\u00e4. Niinp\u00e4 hieraisin silmi\u00e4ni, kun kaveri kertoi, ett\u00e4 v\u00e4\u00e4rink\u00e4ytt\u00f6\u00f6n oli syyllistynyt my\u00f6s Helsingin Sanomat. &#8221;Akateemikko tai<br \/>\nel\u00e4m\u00e4nkoululainen&hellip;<\/p>\n","protected":false},"author":146,"featured_media":0,"comment_status":"open","ping_status":"open","sticky":false,"template":"","format":"standard","meta":{"_acf_changed":false,"asauth_required_access_level":3,"asauth_cansharepaid":"true","om_header_attributes":[],"footnotes":"","om_featured_image_focal_point":[],"om_primary_tag":0,"om_contributors":[],"om_co_authors":[],"beyondwords_generate_audio":"","beyondwords_project_id":"","beyondwords_content_id":"","beyondwords_preview_token":"","beyondwords_player_content":"","beyondwords_player_style":"","beyondwords_language_code":"","beyondwords_language_id":"","beyondwords_title_voice_id":"","beyondwords_body_voice_id":"","beyondwords_summary_voice_id":"","beyondwords_error_message":"","beyondwords_disabled":"","beyondwords_delete_content":"","beyondwords_podcast_id":"","beyondwords_hash":"","publish_post_to_speechkit":"","speechkit_hash":"","speechkit_generate_audio":"","speechkit_project_id":"","speechkit_podcast_id":"","speechkit_error_message":"","speechkit_disabled":"","speechkit_access_key":"","speechkit_error":"","speechkit_info":"","speechkit_response":"","speechkit_retries":"","speechkit_status":"","speechkit_updated_at":"","_speechkit_link":"","_speechkit_text":""},"categories":[1],"tags":[1425,1426,543,1427,1429,136,466,1428,90],"class_list":["post-860","post","type-post","status-publish","format-standard","hentry","category-tarinoita-tieteesta","tag-akateemikko","tag-akateemikot","tag-akateeminen-tyovoima","tag-akateemiset","tag-akateemiset-arvonimet","tag-journalismi","tag-korkeakoulut","tag-korkeakoulutus","tag-yliopistot"],"om_views":null,"acf":{"tuuma_off":false,"tuuma_kysymys":"","tuuma_vastaus":""},"asauth":{"required_access_level":1,"share_token":"","is_paid":false},"yoast_head":"<!-- This site is optimized with the Yoast SEO plugin v26.4 - https:\/\/yoast.com\/wordpress\/plugins\/seo\/ -->\n<title>Akateemikot, akateemiset, mit\u00e4 noita nyt on - Tarinoita tieteest\u00e4<\/title>\n<meta name=\"description\" content=\"Jokainen meist\u00e4 voi olla pikkuisen akateemikko.\" \/>\n<meta name=\"robots\" content=\"index, follow, max-snippet:-1, max-image-preview:large, max-video-preview:-1\" \/>\n<link rel=\"canonical\" href=\"https:\/\/suomenkuvalehti.fi\/tarinoitatieteesta\/akateemikot-akateemiset-mita-noita-nyt\/\" \/>\n<meta property=\"og:locale\" content=\"fi_FI\" \/>\n<meta property=\"og:type\" content=\"article\" \/>\n<meta property=\"og:title\" content=\"Akateemikot, akateemiset, mit\u00e4 noita nyt on - Tarinoita tieteest\u00e4\" \/>\n<meta property=\"og:description\" content=\"Jokainen meist\u00e4 voi olla pikkuisen akateemikko.\" \/>\n<meta property=\"og:url\" content=\"https:\/\/suomenkuvalehti.fi\/tarinoitatieteesta\/akateemikot-akateemiset-mita-noita-nyt\/\" \/>\n<meta property=\"og:site_name\" content=\"Tarinoita tieteest\u00e4\" \/>\n<meta property=\"article:author\" content=\"https:\/\/www.facebook.com\/pages\/Tiina-Raevaara-Tarinoita-tieteest\/280663078640821?fref=ts\" \/>\n<meta property=\"article:published_time\" content=\"2015-01-26T06:17:44+00:00\" \/>\n<meta property=\"article:modified_time\" content=\"2015-01-26T11:05:31+00:00\" \/>\n<meta property=\"og:image\" content=\"https:\/\/suomenkuvalehti.fi\/tarinoitatieteesta\/wp-content\/uploads\/sites\/13\/2022\/04\/tiina_raevaara-scaled.jpg\" \/>\n\t<meta property=\"og:image:width\" content=\"2560\" \/>\n\t<meta property=\"og:image:height\" content=\"1707\" \/>\n\t<meta property=\"og:image:type\" content=\"image\/jpeg\" \/>\n<meta name=\"author\" content=\"Tiina Raevaara\" \/>\n<meta name=\"twitter:card\" content=\"summary_large_image\" \/>\n<meta name=\"twitter:creator\" content=\"@https:\/\/twitter.com\/raevaara\" \/>\n<meta name=\"twitter:label1\" content=\"Written by\" \/>\n\t<meta name=\"twitter:data1\" content=\"Tiina Raevaara\" \/>\n\t<meta name=\"twitter:label2\" content=\"Est. reading time\" \/>\n\t<meta name=\"twitter:data2\" content=\"1 minuutti\" \/>\n<script type=\"application\/ld+json\" class=\"yoast-schema-graph\">{\"@context\":\"https:\/\/schema.org\",\"@graph\":[{\"@type\":\"WebPage\",\"@id\":\"https:\/\/suomenkuvalehti.fi\/tarinoitatieteesta\/akateemikot-akateemiset-mita-noita-nyt\/\",\"url\":\"https:\/\/suomenkuvalehti.fi\/tarinoitatieteesta\/akateemikot-akateemiset-mita-noita-nyt\/\",\"name\":\"Akateemikot, akateemiset, mit\u00e4 noita nyt on - Tarinoita tieteest\u00e4\",\"isPartOf\":{\"@id\":\"https:\/\/suomenkuvalehti.fi\/tarinoitatieteesta\/#website\"},\"datePublished\":\"2015-01-26T06:17:44+00:00\",\"dateModified\":\"2015-01-26T11:05:31+00:00\",\"author\":{\"@id\":\"https:\/\/suomenkuvalehti.fi\/tarinoitatieteesta\/#\/schema\/person\/bb9c6caa48b3f9394f20b9d28415bca6\"},\"description\":\"Jokainen meist\u00e4 voi olla pikkuisen akateemikko.\",\"breadcrumb\":{\"@id\":\"https:\/\/suomenkuvalehti.fi\/tarinoitatieteesta\/akateemikot-akateemiset-mita-noita-nyt\/#breadcrumb\"},\"inLanguage\":\"fi\",\"potentialAction\":[{\"@type\":\"ReadAction\",\"target\":[\"https:\/\/suomenkuvalehti.fi\/tarinoitatieteesta\/akateemikot-akateemiset-mita-noita-nyt\/\"]}]},{\"@type\":\"BreadcrumbList\",\"@id\":\"https:\/\/suomenkuvalehti.fi\/tarinoitatieteesta\/akateemikot-akateemiset-mita-noita-nyt\/#breadcrumb\",\"itemListElement\":[{\"@type\":\"ListItem\",\"position\":1,\"name\":\"Home\",\"item\":\"https:\/\/suomenkuvalehti.fi\/tarinoitatieteesta\/\"},{\"@type\":\"ListItem\",\"position\":2,\"name\":\"Akateemikot, akateemiset, mit\u00e4 noita nyt on\"}]},{\"@type\":\"WebSite\",\"@id\":\"https:\/\/suomenkuvalehti.fi\/tarinoitatieteesta\/#website\",\"url\":\"https:\/\/suomenkuvalehti.fi\/tarinoitatieteesta\/\",\"name\":\"Tarinoita tieteest\u00e4\",\"description\":\"Biologi Tiina Raevaara tutkailee tieteen maailmaa kaunokirjailijan aivoin.\",\"potentialAction\":[{\"@type\":\"SearchAction\",\"target\":{\"@type\":\"EntryPoint\",\"urlTemplate\":\"https:\/\/suomenkuvalehti.fi\/haku\/?q={search_term_string}\"},\"query-input\":{\"@type\":\"PropertyValueSpecification\",\"valueRequired\":true,\"valueName\":\"search_term_string\"}}],\"inLanguage\":\"fi\"},{\"@type\":\"Person\",\"@id\":\"https:\/\/suomenkuvalehti.fi\/tarinoitatieteesta\/#\/schema\/person\/bb9c6caa48b3f9394f20b9d28415bca6\",\"name\":\"Tiina Raevaara\",\"image\":{\"@type\":\"ImageObject\",\"inLanguage\":\"fi\",\"@id\":\"https:\/\/suomenkuvalehti.fi\/tarinoitatieteesta\/#\/schema\/person\/image\/\",\"url\":\"https:\/\/suomenkuvalehti.fi\/tarinoitatieteesta\/wp-content\/uploads\/sites\/13\/2022\/04\/tiina_raevaara-150x150.jpg\",\"contentUrl\":\"https:\/\/suomenkuvalehti.fi\/tarinoitatieteesta\/wp-content\/uploads\/sites\/13\/2022\/04\/tiina_raevaara-150x150.jpg\",\"caption\":\"Tiina Raevaara\"},\"description\":\"Kirjoittaja Tiina Raevaara on filosofian tohtori ja kirjailija.\",\"sameAs\":[\"https:\/\/www.facebook.com\/pages\/Tiina-Raevaara-Tarinoita-tieteest\/280663078640821?fref=ts\",\"https:\/\/x.com\/https:\/\/twitter.com\/raevaara\"]}]}<\/script>\n<!-- \/ Yoast SEO plugin. -->","yoast_head_json":{"title":"Akateemikot, akateemiset, mit\u00e4 noita nyt on - Tarinoita tieteest\u00e4","description":"Jokainen meist\u00e4 voi olla pikkuisen akateemikko.","robots":{"index":"index","follow":"follow","max-snippet":"max-snippet:-1","max-image-preview":"max-image-preview:large","max-video-preview":"max-video-preview:-1"},"canonical":"https:\/\/suomenkuvalehti.fi\/tarinoitatieteesta\/akateemikot-akateemiset-mita-noita-nyt\/","og_locale":"fi_FI","og_type":"article","og_title":"Akateemikot, akateemiset, mit\u00e4 noita nyt on - Tarinoita tieteest\u00e4","og_description":"Jokainen meist\u00e4 voi olla pikkuisen akateemikko.","og_url":"https:\/\/suomenkuvalehti.fi\/tarinoitatieteesta\/akateemikot-akateemiset-mita-noita-nyt\/","og_site_name":"Tarinoita tieteest\u00e4","article_author":"https:\/\/www.facebook.com\/pages\/Tiina-Raevaara-Tarinoita-tieteest\/280663078640821?fref=ts","article_published_time":"2015-01-26T06:17:44+00:00","article_modified_time":"2015-01-26T11:05:31+00:00","og_image":[{"width":2560,"height":1707,"url":"https:\/\/suomenkuvalehti.fi\/tarinoitatieteesta\/wp-content\/uploads\/sites\/13\/2022\/04\/tiina_raevaara-scaled.jpg","type":"image\/jpeg"}],"author":"Tiina Raevaara","twitter_card":"summary_large_image","twitter_creator":"@https:\/\/twitter.com\/raevaara","twitter_misc":{"Written by":"Tiina Raevaara","Est. reading time":"1 minuutti"},"schema":{"@context":"https:\/\/schema.org","@graph":[{"@type":"WebPage","@id":"https:\/\/suomenkuvalehti.fi\/tarinoitatieteesta\/akateemikot-akateemiset-mita-noita-nyt\/","url":"https:\/\/suomenkuvalehti.fi\/tarinoitatieteesta\/akateemikot-akateemiset-mita-noita-nyt\/","name":"Akateemikot, akateemiset, mit\u00e4 noita nyt on - Tarinoita tieteest\u00e4","isPartOf":{"@id":"https:\/\/suomenkuvalehti.fi\/tarinoitatieteesta\/#website"},"datePublished":"2015-01-26T06:17:44+00:00","dateModified":"2015-01-26T11:05:31+00:00","author":{"@id":"https:\/\/suomenkuvalehti.fi\/tarinoitatieteesta\/#\/schema\/person\/bb9c6caa48b3f9394f20b9d28415bca6"},"description":"Jokainen meist\u00e4 voi olla pikkuisen akateemikko.","breadcrumb":{"@id":"https:\/\/suomenkuvalehti.fi\/tarinoitatieteesta\/akateemikot-akateemiset-mita-noita-nyt\/#breadcrumb"},"inLanguage":"fi","potentialAction":[{"@type":"ReadAction","target":["https:\/\/suomenkuvalehti.fi\/tarinoitatieteesta\/akateemikot-akateemiset-mita-noita-nyt\/"]}]},{"@type":"BreadcrumbList","@id":"https:\/\/suomenkuvalehti.fi\/tarinoitatieteesta\/akateemikot-akateemiset-mita-noita-nyt\/#breadcrumb","itemListElement":[{"@type":"ListItem","position":1,"name":"Home","item":"https:\/\/suomenkuvalehti.fi\/tarinoitatieteesta\/"},{"@type":"ListItem","position":2,"name":"Akateemikot, akateemiset, mit\u00e4 noita nyt on"}]},{"@type":"WebSite","@id":"https:\/\/suomenkuvalehti.fi\/tarinoitatieteesta\/#website","url":"https:\/\/suomenkuvalehti.fi\/tarinoitatieteesta\/","name":"Tarinoita tieteest\u00e4","description":"Biologi Tiina Raevaara tutkailee tieteen maailmaa kaunokirjailijan aivoin.","potentialAction":[{"@type":"SearchAction","target":{"@type":"EntryPoint","urlTemplate":"https:\/\/suomenkuvalehti.fi\/haku\/?q={search_term_string}"},"query-input":{"@type":"PropertyValueSpecification","valueRequired":true,"valueName":"search_term_string"}}],"inLanguage":"fi"},{"@type":"Person","@id":"https:\/\/suomenkuvalehti.fi\/tarinoitatieteesta\/#\/schema\/person\/bb9c6caa48b3f9394f20b9d28415bca6","name":"Tiina Raevaara","image":{"@type":"ImageObject","inLanguage":"fi","@id":"https:\/\/suomenkuvalehti.fi\/tarinoitatieteesta\/#\/schema\/person\/image\/","url":"https:\/\/suomenkuvalehti.fi\/tarinoitatieteesta\/wp-content\/uploads\/sites\/13\/2022\/04\/tiina_raevaara-150x150.jpg","contentUrl":"https:\/\/suomenkuvalehti.fi\/tarinoitatieteesta\/wp-content\/uploads\/sites\/13\/2022\/04\/tiina_raevaara-150x150.jpg","caption":"Tiina Raevaara"},"description":"Kirjoittaja Tiina Raevaara on filosofian tohtori ja kirjailija.","sameAs":["https:\/\/www.facebook.com\/pages\/Tiina-Raevaara-Tarinoita-tieteest\/280663078640821?fref=ts","https:\/\/x.com\/https:\/\/twitter.com\/raevaara"]}]}},"_links":{"self":[{"href":"https:\/\/suomenkuvalehti.fi\/tarinoitatieteesta\/wp-json\/wp\/v2\/posts\/860","targetHints":{"allow":["GET"]}}],"collection":[{"href":"https:\/\/suomenkuvalehti.fi\/tarinoitatieteesta\/wp-json\/wp\/v2\/posts"}],"about":[{"href":"https:\/\/suomenkuvalehti.fi\/tarinoitatieteesta\/wp-json\/wp\/v2\/types\/post"}],"author":[{"embeddable":true,"href":"https:\/\/suomenkuvalehti.fi\/tarinoitatieteesta\/wp-json\/wp\/v2\/users\/146"}],"replies":[{"embeddable":true,"href":"https:\/\/suomenkuvalehti.fi\/tarinoitatieteesta\/wp-json\/wp\/v2\/comments?post=860"}],"version-history":[{"count":4,"href":"https:\/\/suomenkuvalehti.fi\/tarinoitatieteesta\/wp-json\/wp\/v2\/posts\/860\/revisions"}],"predecessor-version":[{"id":865,"href":"https:\/\/suomenkuvalehti.fi\/tarinoitatieteesta\/wp-json\/wp\/v2\/posts\/860\/revisions\/865"}],"wp:attachment":[{"href":"https:\/\/suomenkuvalehti.fi\/tarinoitatieteesta\/wp-json\/wp\/v2\/media?parent=860"}],"wp:term":[{"taxonomy":"category","embeddable":true,"href":"https:\/\/suomenkuvalehti.fi\/tarinoitatieteesta\/wp-json\/wp\/v2\/categories?post=860"},{"taxonomy":"post_tag","embeddable":true,"href":"https:\/\/suomenkuvalehti.fi\/tarinoitatieteesta\/wp-json\/wp\/v2\/tags?post=860"}],"curies":[{"name":"wp","href":"https:\/\/api.w.org\/{rel}","templated":true}]}}