{"id":809,"date":"2014-11-21T20:07:13","date_gmt":"2014-11-21T18:07:13","guid":{"rendered":"https:\/\/suomenkuvalehti.fi\/tarinoitatieteesta\/?p=809"},"modified":"2014-11-21T20:07:13","modified_gmt":"2014-11-21T18:07:13","slug":"metsahallituksella-varaa-lassyttaa","status":"publish","type":"post","link":"https:\/\/suomenkuvalehti.fi\/tarinoitatieteesta\/metsahallituksella-varaa-lassyttaa\/","title":{"rendered":"Mets\u00e4hallituksella on varaa l\u00e4ssytt\u00e4\u00e4"},"content":{"rendered":"\n<p>Luontoarvot ovat joskus my\u00f6s kulttuurisesti t\u00e4rkeit\u00e4. Siit\u00e4 esimerkkin\u00e4 toimii niin kutsuttu Vienan reitti Suomussalmella.<\/p>\n\n\n\n<p>Vienan reitti on polku, jota pitkin <strong>Elias L\u00f6nnrot<\/strong> (1802-1884) kulki kuuluisilla runonkeruumatkoillaan. Ker\u00e4\u00e4mist\u00e4\u00e4n runoista L\u00f6nnrot kokosi muun muassa <em>Kalevalan<\/em> ja <em>Kantelettaren<\/em>. Polku kulki er\u00e4maan l\u00e4pi, mets\u00e4n keskell\u00e4, ja vanhimmat kirjalliset maininnat siit\u00e4 ovat per\u00e4isin jo 1600-luvulta.<\/p>\n\n\n\n<p>Kun suojelemme merkkihenkil\u00f6idemme lapsuudenkoteja, voisimme suojella my\u00f6s ymp\u00e4rist\u00f6j\u00e4, joissa merkkiteokset ovat syntyneet. Kalevala on kulttuuriperim\u00e4\u00e4mme raskaimmillaan.<\/p>\n\n\n\n<p>Mets\u00e4polun rauhoittamisen luulisi olevan helppoa &#8211; vaan ei.<\/p>\n\n\n\n<p>Mets\u00e4hallitus on nyt 2000-luvulla <a title=\"HS\" href=\"http:\/\/www.hs.fi\/kotimaa\/a1415948690322?ref=hs-art-artikkeli\" target=\"_blank\">hakannut mets\u00e4\u00e4<\/a> Vienan reitilt\u00e4 pala palalta. Polun er\u00e4maisesta luonteesta on j\u00e4ljell\u00e4 pian vain muisto. Polun p\u00e4\u00e4ll\u00e4 k\u00e4\u00e4nnet\u00e4\u00e4n tukkirekkoja, ja sen ymp\u00e4rille suunnitellut 30 metrin suojavy\u00f6hykkeet ovat kutistuneet olemattomiin.<\/p>\n\n\n\n<p>Vienan reitti on yhteist\u00e4 kulttuuriperint\u00f6\u00e4mme, mutta sen kohtalo on n\u00e4emm\u00e4 yksitt\u00e4isen valtion liikelaitoksen k\u00e4siss\u00e4.<\/p>\n\n\n\n<p>* * *<\/p>\n\n\n\n<p>Mit\u00e4 tarkoitetaan hallinnon avoimuudella?<\/p>\n\n\n\n<p>Sill\u00e4 tarkoitetaan, ett\u00e4 kansalaisilla on oikeus saada tietoa p\u00e4\u00e4t\u00f6ksist\u00e4 ja toimenpiteist\u00e4, joilla vaikutetaan vaikkapa yhteisen kulttuuriperint\u00f6mme kohtaloon. Hallinnon pit\u00e4\u00e4 olla l\u00e4pin\u00e4kyv\u00e4\u00e4, jotta pimennossa ei poljettaisi maahan ihmisoikeuksia, tasa-arvoa, demokraattista p\u00e4\u00e4t\u00f6ksentekoa &#8211; tai jopa teht\u00e4isi suoranaisesti rikoksia. Hallinnon pit\u00e4\u00e4 olla l\u00e4pin\u00e4kyv\u00e4\u00e4, jotta kansalaiset voivat vaikuttaa ep\u00e4kohtiin.<\/p>\n\n\n\n<p>Valtionvarainministeri\u00f6n <a title=\"VM\" href=\"http:\/\/www.vm.fi\/vm\/fi\/05_hankkeet\/0238_ogp\/index.jsp\" target=\"_blank\">sivujen<\/a> mukaan &#8221;<em>hallinnon toiminnan ja tiedon avaamisella varmistetaan kansalaisen ja kansalaisj\u00e4rjest\u00f6jen mahdollisuus osallistua yhteiskunnan kehitt\u00e4miseen<\/em>&#8221;.<\/p>\n\n\n\n<p>Opetusministeri\u00f6n <a title=\"OPM\" href=\"http:\/\/www.minedu.fi\/etusivu\/arkisto\/2014\/2108\/avoinhallinto.html\" target=\"_blank\">mukaan<\/a> taas Suomen &#8221;avoimen hallinnon toimintasuunnitelman&#8221; tavoitteita ovat &#8221;<em>selke\u00e4n virkakielen edist\u00e4minen, hallinnon valmisteluprosessien avoimuuden lis\u00e4\u00e4minen, tietovarantojen avaaminen sek\u00e4 kansalaisyhteiskunnan omaehtoisen toiminnan tukeminen<\/em>&#8221;.<\/p>\n\n\n\n<p>Mets\u00e4hallitus puolestaan kertoo <a title=\"Mets\u00e4hallitus\" href=\"http:\/\/www.metsa.fi\/sivustot\/metsa\/fi\/konserni\/Toimintatapa\/Vuorovaikutteisuus\/Sivut\/Vuorovaikutteisuustoimintatapana.aspx\" target=\"_blank\">sivuillaan<\/a>, ett\u00e4 sen &#8221;<em>kaikessa toiminnassa pyrit\u00e4\u00e4n avoimuuteen ja vuorovaikutteisuuteen<\/em>&#8221;.<\/p>\n\n\n\n<p>Kun Vienan reitin kohtalosta huolestunut mets\u00e4aktivisti tiedustelee Mets\u00e4hallitukselta, miksi museoviranomaisilta ei ole kysytty kantaa reitti\u00e4 juuri nyt runnoviin hakkuisiin, mit\u00e4 vastaa liikelaitoksen aluejohtaja?<\/p>\n\n\n\n<p>Avoimuus ja vuorovaikutteisuus varmaankin vahvoina mieless\u00e4\u00e4n h\u00e4n vastaa<a title=\"Greenpeace\" href=\"http:\/\/www.greenpeace.org\/finland\/fi\/media\/blogi\/metshallituksen-aluejohtajan-vastaus-vienan-r\/blog\/51421\/\" target=\"_blank\"> n\u00e4in<\/a>:<\/p>\n\n\n\n<p><i>Odottele Matti rauhassa meid\u00e4n vastausta. Meill\u00e4 on muuta kiireellisemp\u00e4\u00e4 ty\u00f6n alla.&nbsp;<\/i><i>Lue vaikka Koirien Kalevalaa vastausta odotellessa\u2026 liittyy aiheeseen.<\/i><\/p>\n\n\n","protected":false},"excerpt":{"rendered":"<p>Luontoarvot ovat joskus my\u00f6s kulttuurisesti t\u00e4rkeit\u00e4. Siit\u00e4 esimerkkin\u00e4 toimii niin kutsuttu Vienan reitti Suomussalmella. Vienan reitti on polku, jota pitkin Elias L\u00f6nnrot (1802-1884) kulki kuuluisilla runonkeruumatkoillaan. Ker\u00e4\u00e4mist\u00e4\u00e4n runoista L\u00f6nnrot kokosi muun muassa<br \/>\nKalevalan &hellip;<\/p>\n","protected":false},"author":146,"featured_media":0,"comment_status":"open","ping_status":"open","sticky":false,"template":"","format":"standard","meta":{"_acf_changed":false,"asauth_required_access_level":3,"asauth_cansharepaid":"true","om_header_attributes":[],"footnotes":"","om_featured_image_focal_point":[],"om_primary_tag":0,"om_contributors":[],"om_co_authors":[],"beyondwords_generate_audio":"","beyondwords_project_id":"","beyondwords_content_id":"","beyondwords_preview_token":"","beyondwords_player_content":"","beyondwords_player_style":"","beyondwords_language_code":"","beyondwords_language_id":"","beyondwords_title_voice_id":"","beyondwords_body_voice_id":"","beyondwords_summary_voice_id":"","beyondwords_error_message":"","beyondwords_disabled":"","beyondwords_delete_content":"","beyondwords_podcast_id":"","beyondwords_hash":"","publish_post_to_speechkit":"","speechkit_hash":"","speechkit_generate_audio":"","speechkit_project_id":"","speechkit_podcast_id":"","speechkit_error_message":"","speechkit_disabled":"","speechkit_access_key":"","speechkit_error":"","speechkit_info":"","speechkit_response":"","speechkit_retries":"","speechkit_status":"","speechkit_updated_at":"","_speechkit_link":"","_speechkit_text":""},"categories":[1],"tags":[1402,1400,1403,1404,532,1247,141,1070,1401,1399],"class_list":["post-809","post","type-post","status-publish","format-standard","hentry","category-tarinoita-tieteesta","tag-aarniometsas","tag-elias-lonnrot","tag-greenpeace","tag-hallinnon-avoimuus","tag-kalevala","tag-kulttuuriperinto","tag-luonnonsuojelu","tag-metsahallitus","tag-metsiensuojelu","tag-vienan-reitti"],"om_views":null,"acf":{"tuuma_off":false,"tuuma_kysymys":"","tuuma_vastaus":""},"asauth":{"required_access_level":1,"share_token":"","is_paid":false},"yoast_head":"<!-- This site is optimized with the Yoast SEO plugin v26.4 - https:\/\/yoast.com\/wordpress\/plugins\/seo\/ -->\n<title>Mets\u00e4hallituksella on varaa l\u00e4ssytt\u00e4\u00e4 - Tarinoita tieteest\u00e4<\/title>\n<meta name=\"description\" content=\"Lue koirien Kalevalaa, vastasi Mets\u00e4hallitus, kun silt\u00e4 pyydettiin tietoja hakkuista. Hallinnon avoimuus ja vuorovaikutteisuus taisivat j\u00e4\u00e4d\u00e4 korulauseeksi.\" \/>\n<meta name=\"robots\" content=\"index, follow, max-snippet:-1, max-image-preview:large, max-video-preview:-1\" \/>\n<link rel=\"canonical\" href=\"https:\/\/suomenkuvalehti.fi\/tarinoitatieteesta\/metsahallituksella-varaa-lassyttaa\/\" \/>\n<meta property=\"og:locale\" content=\"fi_FI\" \/>\n<meta property=\"og:type\" content=\"article\" \/>\n<meta property=\"og:title\" content=\"Mets\u00e4hallituksella on varaa l\u00e4ssytt\u00e4\u00e4 - Tarinoita tieteest\u00e4\" \/>\n<meta property=\"og:description\" content=\"Lue koirien Kalevalaa, vastasi Mets\u00e4hallitus, kun silt\u00e4 pyydettiin tietoja hakkuista. Hallinnon avoimuus ja vuorovaikutteisuus taisivat j\u00e4\u00e4d\u00e4 korulauseeksi.\" \/>\n<meta property=\"og:url\" content=\"https:\/\/suomenkuvalehti.fi\/tarinoitatieteesta\/metsahallituksella-varaa-lassyttaa\/\" \/>\n<meta property=\"og:site_name\" content=\"Tarinoita tieteest\u00e4\" \/>\n<meta property=\"article:author\" content=\"https:\/\/www.facebook.com\/pages\/Tiina-Raevaara-Tarinoita-tieteest\/280663078640821?fref=ts\" \/>\n<meta property=\"article:published_time\" content=\"2014-11-21T18:07:13+00:00\" \/>\n<meta property=\"og:image\" content=\"https:\/\/suomenkuvalehti.fi\/tarinoitatieteesta\/wp-content\/uploads\/sites\/13\/2022\/04\/tiina_raevaara-scaled.jpg\" \/>\n\t<meta property=\"og:image:width\" content=\"2560\" \/>\n\t<meta property=\"og:image:height\" content=\"1707\" \/>\n\t<meta property=\"og:image:type\" content=\"image\/jpeg\" \/>\n<meta name=\"author\" content=\"Tiina Raevaara\" \/>\n<meta name=\"twitter:card\" content=\"summary_large_image\" \/>\n<meta name=\"twitter:creator\" content=\"@https:\/\/twitter.com\/raevaara\" \/>\n<meta name=\"twitter:label1\" content=\"Written by\" \/>\n\t<meta name=\"twitter:data1\" content=\"Tiina Raevaara\" \/>\n\t<meta name=\"twitter:label2\" content=\"Est. reading time\" \/>\n\t<meta name=\"twitter:data2\" content=\"2 minuuttia\" \/>\n<script type=\"application\/ld+json\" class=\"yoast-schema-graph\">{\"@context\":\"https:\/\/schema.org\",\"@graph\":[{\"@type\":\"WebPage\",\"@id\":\"https:\/\/suomenkuvalehti.fi\/tarinoitatieteesta\/metsahallituksella-varaa-lassyttaa\/\",\"url\":\"https:\/\/suomenkuvalehti.fi\/tarinoitatieteesta\/metsahallituksella-varaa-lassyttaa\/\",\"name\":\"Mets\u00e4hallituksella on varaa l\u00e4ssytt\u00e4\u00e4 - Tarinoita tieteest\u00e4\",\"isPartOf\":{\"@id\":\"https:\/\/suomenkuvalehti.fi\/tarinoitatieteesta\/#website\"},\"datePublished\":\"2014-11-21T18:07:13+00:00\",\"author\":{\"@id\":\"https:\/\/suomenkuvalehti.fi\/tarinoitatieteesta\/#\/schema\/person\/bb9c6caa48b3f9394f20b9d28415bca6\"},\"description\":\"Lue koirien Kalevalaa, vastasi Mets\u00e4hallitus, kun silt\u00e4 pyydettiin tietoja hakkuista. Hallinnon avoimuus ja vuorovaikutteisuus taisivat j\u00e4\u00e4d\u00e4 korulauseeksi.\",\"breadcrumb\":{\"@id\":\"https:\/\/suomenkuvalehti.fi\/tarinoitatieteesta\/metsahallituksella-varaa-lassyttaa\/#breadcrumb\"},\"inLanguage\":\"fi\",\"potentialAction\":[{\"@type\":\"ReadAction\",\"target\":[\"https:\/\/suomenkuvalehti.fi\/tarinoitatieteesta\/metsahallituksella-varaa-lassyttaa\/\"]}]},{\"@type\":\"BreadcrumbList\",\"@id\":\"https:\/\/suomenkuvalehti.fi\/tarinoitatieteesta\/metsahallituksella-varaa-lassyttaa\/#breadcrumb\",\"itemListElement\":[{\"@type\":\"ListItem\",\"position\":1,\"name\":\"Home\",\"item\":\"https:\/\/suomenkuvalehti.fi\/tarinoitatieteesta\/\"},{\"@type\":\"ListItem\",\"position\":2,\"name\":\"Mets\u00e4hallituksella on varaa l\u00e4ssytt\u00e4\u00e4\"}]},{\"@type\":\"WebSite\",\"@id\":\"https:\/\/suomenkuvalehti.fi\/tarinoitatieteesta\/#website\",\"url\":\"https:\/\/suomenkuvalehti.fi\/tarinoitatieteesta\/\",\"name\":\"Tarinoita tieteest\u00e4\",\"description\":\"Biologi Tiina Raevaara tutkailee tieteen maailmaa kaunokirjailijan aivoin.\",\"potentialAction\":[{\"@type\":\"SearchAction\",\"target\":{\"@type\":\"EntryPoint\",\"urlTemplate\":\"https:\/\/suomenkuvalehti.fi\/haku\/?q={search_term_string}\"},\"query-input\":{\"@type\":\"PropertyValueSpecification\",\"valueRequired\":true,\"valueName\":\"search_term_string\"}}],\"inLanguage\":\"fi\"},{\"@type\":\"Person\",\"@id\":\"https:\/\/suomenkuvalehti.fi\/tarinoitatieteesta\/#\/schema\/person\/bb9c6caa48b3f9394f20b9d28415bca6\",\"name\":\"Tiina Raevaara\",\"image\":{\"@type\":\"ImageObject\",\"inLanguage\":\"fi\",\"@id\":\"https:\/\/suomenkuvalehti.fi\/tarinoitatieteesta\/#\/schema\/person\/image\/\",\"url\":\"https:\/\/suomenkuvalehti.fi\/tarinoitatieteesta\/wp-content\/uploads\/sites\/13\/2022\/04\/tiina_raevaara-150x150.jpg\",\"contentUrl\":\"https:\/\/suomenkuvalehti.fi\/tarinoitatieteesta\/wp-content\/uploads\/sites\/13\/2022\/04\/tiina_raevaara-150x150.jpg\",\"caption\":\"Tiina Raevaara\"},\"description\":\"Kirjoittaja Tiina Raevaara on filosofian tohtori ja kirjailija.\",\"sameAs\":[\"https:\/\/www.facebook.com\/pages\/Tiina-Raevaara-Tarinoita-tieteest\/280663078640821?fref=ts\",\"https:\/\/x.com\/https:\/\/twitter.com\/raevaara\"]}]}<\/script>\n<!-- \/ Yoast SEO plugin. -->","yoast_head_json":{"title":"Mets\u00e4hallituksella on varaa l\u00e4ssytt\u00e4\u00e4 - Tarinoita tieteest\u00e4","description":"Lue koirien Kalevalaa, vastasi Mets\u00e4hallitus, kun silt\u00e4 pyydettiin tietoja hakkuista. Hallinnon avoimuus ja vuorovaikutteisuus taisivat j\u00e4\u00e4d\u00e4 korulauseeksi.","robots":{"index":"index","follow":"follow","max-snippet":"max-snippet:-1","max-image-preview":"max-image-preview:large","max-video-preview":"max-video-preview:-1"},"canonical":"https:\/\/suomenkuvalehti.fi\/tarinoitatieteesta\/metsahallituksella-varaa-lassyttaa\/","og_locale":"fi_FI","og_type":"article","og_title":"Mets\u00e4hallituksella on varaa l\u00e4ssytt\u00e4\u00e4 - Tarinoita tieteest\u00e4","og_description":"Lue koirien Kalevalaa, vastasi Mets\u00e4hallitus, kun silt\u00e4 pyydettiin tietoja hakkuista. Hallinnon avoimuus ja vuorovaikutteisuus taisivat j\u00e4\u00e4d\u00e4 korulauseeksi.","og_url":"https:\/\/suomenkuvalehti.fi\/tarinoitatieteesta\/metsahallituksella-varaa-lassyttaa\/","og_site_name":"Tarinoita tieteest\u00e4","article_author":"https:\/\/www.facebook.com\/pages\/Tiina-Raevaara-Tarinoita-tieteest\/280663078640821?fref=ts","article_published_time":"2014-11-21T18:07:13+00:00","og_image":[{"width":2560,"height":1707,"url":"https:\/\/suomenkuvalehti.fi\/tarinoitatieteesta\/wp-content\/uploads\/sites\/13\/2022\/04\/tiina_raevaara-scaled.jpg","type":"image\/jpeg"}],"author":"Tiina Raevaara","twitter_card":"summary_large_image","twitter_creator":"@https:\/\/twitter.com\/raevaara","twitter_misc":{"Written by":"Tiina Raevaara","Est. reading time":"2 minuuttia"},"schema":{"@context":"https:\/\/schema.org","@graph":[{"@type":"WebPage","@id":"https:\/\/suomenkuvalehti.fi\/tarinoitatieteesta\/metsahallituksella-varaa-lassyttaa\/","url":"https:\/\/suomenkuvalehti.fi\/tarinoitatieteesta\/metsahallituksella-varaa-lassyttaa\/","name":"Mets\u00e4hallituksella on varaa l\u00e4ssytt\u00e4\u00e4 - Tarinoita tieteest\u00e4","isPartOf":{"@id":"https:\/\/suomenkuvalehti.fi\/tarinoitatieteesta\/#website"},"datePublished":"2014-11-21T18:07:13+00:00","author":{"@id":"https:\/\/suomenkuvalehti.fi\/tarinoitatieteesta\/#\/schema\/person\/bb9c6caa48b3f9394f20b9d28415bca6"},"description":"Lue koirien Kalevalaa, vastasi Mets\u00e4hallitus, kun silt\u00e4 pyydettiin tietoja hakkuista. Hallinnon avoimuus ja vuorovaikutteisuus taisivat j\u00e4\u00e4d\u00e4 korulauseeksi.","breadcrumb":{"@id":"https:\/\/suomenkuvalehti.fi\/tarinoitatieteesta\/metsahallituksella-varaa-lassyttaa\/#breadcrumb"},"inLanguage":"fi","potentialAction":[{"@type":"ReadAction","target":["https:\/\/suomenkuvalehti.fi\/tarinoitatieteesta\/metsahallituksella-varaa-lassyttaa\/"]}]},{"@type":"BreadcrumbList","@id":"https:\/\/suomenkuvalehti.fi\/tarinoitatieteesta\/metsahallituksella-varaa-lassyttaa\/#breadcrumb","itemListElement":[{"@type":"ListItem","position":1,"name":"Home","item":"https:\/\/suomenkuvalehti.fi\/tarinoitatieteesta\/"},{"@type":"ListItem","position":2,"name":"Mets\u00e4hallituksella on varaa l\u00e4ssytt\u00e4\u00e4"}]},{"@type":"WebSite","@id":"https:\/\/suomenkuvalehti.fi\/tarinoitatieteesta\/#website","url":"https:\/\/suomenkuvalehti.fi\/tarinoitatieteesta\/","name":"Tarinoita tieteest\u00e4","description":"Biologi Tiina Raevaara tutkailee tieteen maailmaa kaunokirjailijan aivoin.","potentialAction":[{"@type":"SearchAction","target":{"@type":"EntryPoint","urlTemplate":"https:\/\/suomenkuvalehti.fi\/haku\/?q={search_term_string}"},"query-input":{"@type":"PropertyValueSpecification","valueRequired":true,"valueName":"search_term_string"}}],"inLanguage":"fi"},{"@type":"Person","@id":"https:\/\/suomenkuvalehti.fi\/tarinoitatieteesta\/#\/schema\/person\/bb9c6caa48b3f9394f20b9d28415bca6","name":"Tiina Raevaara","image":{"@type":"ImageObject","inLanguage":"fi","@id":"https:\/\/suomenkuvalehti.fi\/tarinoitatieteesta\/#\/schema\/person\/image\/","url":"https:\/\/suomenkuvalehti.fi\/tarinoitatieteesta\/wp-content\/uploads\/sites\/13\/2022\/04\/tiina_raevaara-150x150.jpg","contentUrl":"https:\/\/suomenkuvalehti.fi\/tarinoitatieteesta\/wp-content\/uploads\/sites\/13\/2022\/04\/tiina_raevaara-150x150.jpg","caption":"Tiina Raevaara"},"description":"Kirjoittaja Tiina Raevaara on filosofian tohtori ja kirjailija.","sameAs":["https:\/\/www.facebook.com\/pages\/Tiina-Raevaara-Tarinoita-tieteest\/280663078640821?fref=ts","https:\/\/x.com\/https:\/\/twitter.com\/raevaara"]}]}},"_links":{"self":[{"href":"https:\/\/suomenkuvalehti.fi\/tarinoitatieteesta\/wp-json\/wp\/v2\/posts\/809","targetHints":{"allow":["GET"]}}],"collection":[{"href":"https:\/\/suomenkuvalehti.fi\/tarinoitatieteesta\/wp-json\/wp\/v2\/posts"}],"about":[{"href":"https:\/\/suomenkuvalehti.fi\/tarinoitatieteesta\/wp-json\/wp\/v2\/types\/post"}],"author":[{"embeddable":true,"href":"https:\/\/suomenkuvalehti.fi\/tarinoitatieteesta\/wp-json\/wp\/v2\/users\/146"}],"replies":[{"embeddable":true,"href":"https:\/\/suomenkuvalehti.fi\/tarinoitatieteesta\/wp-json\/wp\/v2\/comments?post=809"}],"version-history":[{"count":1,"href":"https:\/\/suomenkuvalehti.fi\/tarinoitatieteesta\/wp-json\/wp\/v2\/posts\/809\/revisions"}],"predecessor-version":[{"id":810,"href":"https:\/\/suomenkuvalehti.fi\/tarinoitatieteesta\/wp-json\/wp\/v2\/posts\/809\/revisions\/810"}],"wp:attachment":[{"href":"https:\/\/suomenkuvalehti.fi\/tarinoitatieteesta\/wp-json\/wp\/v2\/media?parent=809"}],"wp:term":[{"taxonomy":"category","embeddable":true,"href":"https:\/\/suomenkuvalehti.fi\/tarinoitatieteesta\/wp-json\/wp\/v2\/categories?post=809"},{"taxonomy":"post_tag","embeddable":true,"href":"https:\/\/suomenkuvalehti.fi\/tarinoitatieteesta\/wp-json\/wp\/v2\/tags?post=809"}],"curies":[{"name":"wp","href":"https:\/\/api.w.org\/{rel}","templated":true}]}}