{"id":70,"date":"2013-05-20T13:24:37","date_gmt":"2013-05-20T10:24:37","guid":{"rendered":"https:\/\/suomenkuvalehti.fi\/tarinoitatieteesta\/2013\/05\/20\/yleistajuisesti-tieteen-yleistajuistamisesta\/"},"modified":"2013-11-29T15:27:23","modified_gmt":"2013-11-29T13:27:23","slug":"yleistajuisesti-tieteen-yleistajuistamisesta","status":"publish","type":"post","link":"https:\/\/suomenkuvalehti.fi\/tarinoitatieteesta\/yleistajuisesti-tieteen-yleistajuistamisesta\/","title":{"rendered":"Yleistajuisesti tieteen yleistajuistamisesta"},"content":{"rendered":"\n<p>Kirjoitin <a title=\"Tarinoita tieteest\u00e4\" href=\"https:\/\/suomenkuvalehti.fi\/tarinoitatieteesta\/2013\/03\/25\/nyt-nousussa-tieteen-popularisointi\/\" target=\"_blank\">pari kuukautta sitten huomiostani<\/a>, ett\u00e4 tieteen popularisoinnista ja tiedeviestinn\u00e4st\u00e4 keskustellaan nyt kiivaasti ainakin yliopistoissa.<\/p>\n\n\n\n<p>Samassa yhteydess\u00e4 mainitsin alkuvuodesta ilmestyneen <em>Tieteen yleistajuistaminen<\/em> &#8211;<a title=\"Gaudeamus\" href=\"http:\/\/www.gaudeamus.fi\/strellman_tieteen\/\" target=\"_blank\">tietokirjan<\/a>. P\u00e4\u00e4tin kirjoittaa kyseisest\u00e4 kirjasta nyt hieman pidemmin.<\/p>\n\n\n\n<p>Olen ollut kirjan ilmestymisest\u00e4 suorastaan onnellinen. Kyseess\u00e4 on nimitt\u00e4in ensimm\u00e4inen aihetta laajasti k\u00e4sittelev\u00e4 suomenkielinen kirja. Tiedeviestint\u00e4\u00e4, tieteest\u00e4 kirjoittamista ja tietokirjallisuutta on toki k\u00e4sitelty kirjallisuudessa paljonkin, mutta <em>Tieteen yleistajuistamisen<\/em> kaltainen kokoava perusteos on puuttunut.<\/p>\n\n\n\n<p>Kirjan ilmestyminen on helpottanut omaa ty\u00f6t\u00e4ni: kerrankin olen voinut suositella lis\u00e4lukemista, kun olen itse ollut puhumassa tai opettamassa aiheesta.<\/p>\n\n\n\n<p>Toisaalta on ylip\u00e4\u00e4t\u00e4\u00e4n ollut mukavaa, kun omia luentoja ja opetuksia valmistellessa tarjolla on ollut kirja, jota vasten omia ajatuksia voi peilata.<\/p>\n\n\n\n<p><em>Tieteen yleistajuistamista<\/em> on ollut kirjoittamassa kaikkiaan 19 tekij\u00e4\u00e4. Kirjan toimittaneet <strong>Urpu Strellman<\/strong> ja <strong>Johanna Vaattovaara<\/strong> edustavat sopivasti kustannus- ja tutkimusmaailmaa: Strellman on kustannustoimittaja ja nykyinen kustannusp\u00e4\u00e4llikk\u00f6, Vaattovaara taustaltaan tutkija.<\/p>\n\n\n\n<p>Kirja alkaa termien ja problematiikan m\u00e4\u00e4rittelyll\u00e4. Tieteen yleistajuistaminen, popularisoiminen ja tiedeviestint\u00e4 saavat selityksens\u00e4. Kirjan johdannon kirjoittanut <strong>Arto Mustajoki <\/strong>pohtii tutkijoiden suhdetta tieteest\u00e4 kertomiseen muille kuin tutkijakollegoille.<\/p>\n\n\n\n<p>Kirja onkin kirjoitettu ennen kaikkea tutkijoille. Neuvot ovat monesti hyvin konkreettisia: Kuinka p\u00e4\u00e4st\u00e4\u00e4 irti tieteellisen tekstin tarkkuudesta ja varovaisuudesta? Kuinka perustella itselleen yleistajuistamisen tarve? Kuinka l\u00e4hesty\u00e4 kustantajia kirjaidean kanssa? Kuinka median kanssa toimitaan?<\/p>\n\n\n\n<p>Kirja on jaettu nelj\u00e4\u00e4n osaan. &#8221;Tieteellisen ja yleistajuisen j\u00e4nnite&#8221; k\u00e4sittelee tiedeviestint\u00e4\u00e4 tutkimusmaailman sis\u00e4ll\u00e4 ja yleistajuistamiseen liittyvi\u00e4 eettisi\u00e4 ongelmia. Toisen osan aiheena on tutkimuksen julkisuus. Osassa pohditaan median tapoja etsi\u00e4 aiheita ja tutkijan ja toimittajan yhteisty\u00f6t\u00e4.<\/p>\n\n\n\n<p>Kolmas osa pureutuu k\u00e4yt\u00e4nn\u00f6n tekemiseen. Huomiota saavat niin yleistajuinen kieli, lehtijutun rakenne, tietokirjan toimittaminen, kirjoittaminen ja arvosteleminen sek\u00e4 verkkokirjoittamisen erityispiirteet. Kirjan nelj\u00e4s osa keskittyy puheviestint\u00e4\u00e4n: esityksen rakentamiseen ja suullisten haastatteluiden antamiseen.<\/p>\n\n\n\n<p><em>Tieteen yleistajuistaminen<\/em> sis\u00e4lt\u00e4\u00e4 siis varsin laajan katsauksen tiedeviestinn\u00e4n teoriaan ja tieteest\u00e4 kertomisen k\u00e4yt\u00e4nn\u00f6n ongelmiin. Laajuus on perusteltua juuri siksi, ett\u00e4 aiemmin aiheita ei ole koottu yksien kansien sis\u00e4\u00e4n. Perusteos ei voi v\u00e4ltt\u00e4\u00e4 laajuutta.<\/p>\n\n\n\n<p>Kuitenkin laajuudessa on my\u00f6s v\u00e4ist\u00e4m\u00e4tt\u00f6m\u00e4t huonot puolensa: kovin syv\u00e4lle ei ehdit\u00e4 pureutua, ja &#8221;jokaiselle jotakin&#8221; -mentaliteetti tylsytt\u00e4\u00e4 hieman kirjan k\u00e4rke\u00e4. Osa artikkeleista pysyy teoreettisin\u00e4 ja esittelevin\u00e4, kun taas k\u00e4yt\u00e4nn\u00f6n tekemiseen ohjaavat tekstit hinaavat kirjaa opasmaisuuden suuntaan &#8211; kykenem\u00e4tt\u00e4 silti nek\u00e4\u00e4n varsinaisen kirjoitusoppaan tarkkuuteen ja yksityiskohtaisuuteen.<\/p>\n\n\n\n<p>Mutta kuten sanoin, t\u00e4llaista ei t\u00e4ysin voi v\u00e4ltt\u00e4\u00e4. Samoin kirjan nimi, sanahirvi\u00f6 &#8221;tieteen yleistajuistaminen&#8221; puolustaa paikkaansa juuri perusteoksen nimen\u00e4.<\/p>\n\n\n\n<p>Yksitt\u00e4isist\u00e4 teksteist\u00e4 on suorastaan pakko nostaa esiin <strong>Markku L\u00f6yt\u00f6sen<\/strong> artikkeli tietokirjan kirjoittamisesta. L\u00f6yt\u00f6nen on maantieteen professori, joka on kirjoittanut lukuisia tietokirjoja sek\u00e4 aikuisille ett\u00e4 lapsille. Pitk\u00e4lti h\u00e4nen omiin kokemuksiinsa pohjautuva pikaopas kirjan kirjoittamisesta on hauska, viisas ja varsin opettava. L\u00f6yt\u00f6sen artikkelissa piilee yll\u00e4tt\u00e4vi\u00e4kin neuvoja popularisoimisen ongelmakohtia varten.<\/p>\n\n\n\n<p>Kaiken kaikkiaan <em>Tieteen yleistajuistaminen<\/em> oli antoisa tietopaketti ja kosolti hyvi\u00e4 vinkkej\u00e4 sis\u00e4lt\u00e4v\u00e4 opus. Vaikka suuri osa asiasta oli toki minulle ennest\u00e4\u00e4n tuttua, kirjoittajien omat kokemukset ja anekdootit toivat tekstiin l\u00e4mp\u00f6\u00e4 ja tuottivat ahaa-el\u00e4myksi\u00e4.<\/p>\n\n\n<figure class=\"wp-block-image size-full alignnone\">\n  <div class=\"wp-block-image__inner-container\">\n    <a href='https:\/\/www.gaudeamuskirja.fi\/wp-content\/uploads\/2012\/06\/97895249526371.jpg'><img decoding=\"async\" src=\"https:\/\/www.gaudeamuskirja.fi\/wp-content\/uploads\/2012\/06\/97895249526371.jpg\" alt=\"jpg\"\/><\/a>  <\/div>\n<\/figure>\n\n\n","protected":false},"excerpt":{"rendered":"<p>Kirjoitin pari kuukautta sitten huomiostani, ett\u00e4 tieteen popularisoinnista ja tiedeviestinn\u00e4st\u00e4 keskustellaan nyt kiivaasti ainakin yliopistoissa. Samassa yhteydess\u00e4 mainitsin alkuvuodesta ilmestyneen Tieteen yleistajuistaminen &#8211;tietokirjan. P\u00e4\u00e4tin kirjoittaa kyseisest\u00e4<br \/>\nkirjas&hellip;<\/p>\n","protected":false},"author":146,"featured_media":0,"comment_status":"open","ping_status":"open","sticky":false,"template":"","format":"standard","meta":{"_acf_changed":false,"asauth_required_access_level":0,"asauth_cansharepaid":"","om_header_attributes":[],"footnotes":"","om_featured_image_focal_point":[],"om_primary_tag":0,"om_contributors":[],"om_co_authors":[],"beyondwords_generate_audio":"","beyondwords_project_id":"","beyondwords_content_id":"","beyondwords_preview_token":"","beyondwords_player_content":"","beyondwords_player_style":"","beyondwords_language_code":"","beyondwords_language_id":"","beyondwords_title_voice_id":"","beyondwords_body_voice_id":"","beyondwords_summary_voice_id":"","beyondwords_error_message":"","beyondwords_disabled":"","beyondwords_delete_content":"","beyondwords_podcast_id":"","beyondwords_hash":"","publish_post_to_speechkit":"","speechkit_hash":"","speechkit_generate_audio":"","speechkit_project_id":"","speechkit_podcast_id":"","speechkit_error_message":"","speechkit_disabled":"","speechkit_access_key":"","speechkit_error":"","speechkit_info":"","speechkit_response":"","speechkit_retries":"","speechkit_status":"","speechkit_updated_at":"","_speechkit_link":"","_speechkit_text":""},"categories":[1],"tags":[403,2,23,24,26,404,405,90],"class_list":["post-70","post","type-post","status-publish","format-standard","hentry","category-tarinoita-tieteesta","tag-tiedeviestinta","tag-tieteen-julkisuus","tag-tieteen-popularisointi","tag-tieteen-yleistajuistaminen","tag-tietokirjallisuus","tag-viestinta","tag-yliopistojen-kolmas-tehtava","tag-yliopistot"],"om_views":null,"acf":{"tuuma_off":false,"tuuma_kysymys":"","tuuma_vastaus":""},"asauth":{"required_access_level":1,"share_token":"","is_paid":false},"yoast_head":"<!-- This site is optimized with the Yoast SEO plugin v26.4 - https:\/\/yoast.com\/wordpress\/plugins\/seo\/ -->\n<title>Yleistajuisesti tieteen yleistajuistamisesta - Tarinoita tieteest\u00e4<\/title>\n<meta name=\"robots\" content=\"index, follow, max-snippet:-1, max-image-preview:large, max-video-preview:-1\" \/>\n<link rel=\"canonical\" href=\"https:\/\/suomenkuvalehti.fi\/tarinoitatieteesta\/yleistajuisesti-tieteen-yleistajuistamisesta\/\" \/>\n<meta property=\"og:locale\" content=\"fi_FI\" \/>\n<meta property=\"og:type\" content=\"article\" \/>\n<meta property=\"og:title\" content=\"Yleistajuisesti tieteen yleistajuistamisesta - Tarinoita tieteest\u00e4\" \/>\n<meta property=\"og:description\" content=\"Kirjoitin pari kuukautta sitten huomiostani, ett\u00e4 tieteen popularisoinnista ja tiedeviestinn\u00e4st\u00e4 keskustellaan nyt kiivaasti ainakin yliopistoissa. Samassa yhteydess\u00e4 mainitsin alkuvuodesta ilmestyneen Tieteen yleistajuistaminen &#8211;tietokirjan. P\u00e4\u00e4tin kirjoittaa kyseisest\u00e4 kirjas&hellip;\" \/>\n<meta property=\"og:url\" content=\"https:\/\/suomenkuvalehti.fi\/tarinoitatieteesta\/yleistajuisesti-tieteen-yleistajuistamisesta\/\" \/>\n<meta property=\"og:site_name\" content=\"Tarinoita tieteest\u00e4\" \/>\n<meta property=\"article:author\" content=\"https:\/\/www.facebook.com\/pages\/Tiina-Raevaara-Tarinoita-tieteest\/280663078640821?fref=ts\" \/>\n<meta property=\"article:published_time\" content=\"2013-05-20T10:24:37+00:00\" \/>\n<meta property=\"article:modified_time\" content=\"2013-11-29T13:27:23+00:00\" \/>\n<meta property=\"og:image\" content=\"https:\/\/www.gaudeamuskirja.fi\/wp-content\/uploads\/2012\/06\/97895249526371.jpg\" \/>\n<meta name=\"author\" content=\"Tiina Raevaara\" \/>\n<meta name=\"twitter:card\" content=\"summary_large_image\" \/>\n<meta name=\"twitter:creator\" content=\"@https:\/\/twitter.com\/raevaara\" \/>\n<meta name=\"twitter:label1\" content=\"Written by\" \/>\n\t<meta name=\"twitter:data1\" content=\"Tiina Raevaara\" \/>\n\t<meta name=\"twitter:label2\" content=\"Est. reading time\" \/>\n\t<meta name=\"twitter:data2\" content=\"2 minuuttia\" \/>\n<script type=\"application\/ld+json\" class=\"yoast-schema-graph\">{\"@context\":\"https:\/\/schema.org\",\"@graph\":[{\"@type\":\"WebPage\",\"@id\":\"https:\/\/suomenkuvalehti.fi\/tarinoitatieteesta\/yleistajuisesti-tieteen-yleistajuistamisesta\/\",\"url\":\"https:\/\/suomenkuvalehti.fi\/tarinoitatieteesta\/yleistajuisesti-tieteen-yleistajuistamisesta\/\",\"name\":\"Yleistajuisesti tieteen yleistajuistamisesta - Tarinoita tieteest\u00e4\",\"isPartOf\":{\"@id\":\"https:\/\/suomenkuvalehti.fi\/tarinoitatieteesta\/#website\"},\"primaryImageOfPage\":{\"@id\":\"https:\/\/suomenkuvalehti.fi\/tarinoitatieteesta\/yleistajuisesti-tieteen-yleistajuistamisesta\/#primaryimage\"},\"image\":{\"@id\":\"https:\/\/suomenkuvalehti.fi\/tarinoitatieteesta\/yleistajuisesti-tieteen-yleistajuistamisesta\/#primaryimage\"},\"thumbnailUrl\":\"https:\/\/www.gaudeamuskirja.fi\/wp-content\/uploads\/2012\/06\/97895249526371.jpg\",\"datePublished\":\"2013-05-20T10:24:37+00:00\",\"dateModified\":\"2013-11-29T13:27:23+00:00\",\"author\":{\"@id\":\"https:\/\/suomenkuvalehti.fi\/tarinoitatieteesta\/#\/schema\/person\/bb9c6caa48b3f9394f20b9d28415bca6\"},\"breadcrumb\":{\"@id\":\"https:\/\/suomenkuvalehti.fi\/tarinoitatieteesta\/yleistajuisesti-tieteen-yleistajuistamisesta\/#breadcrumb\"},\"inLanguage\":\"fi\",\"potentialAction\":[{\"@type\":\"ReadAction\",\"target\":[\"https:\/\/suomenkuvalehti.fi\/tarinoitatieteesta\/yleistajuisesti-tieteen-yleistajuistamisesta\/\"]}]},{\"@type\":\"ImageObject\",\"inLanguage\":\"fi\",\"@id\":\"https:\/\/suomenkuvalehti.fi\/tarinoitatieteesta\/yleistajuisesti-tieteen-yleistajuistamisesta\/#primaryimage\",\"url\":\"https:\/\/www.gaudeamuskirja.fi\/wp-content\/uploads\/2012\/06\/97895249526371.jpg\",\"contentUrl\":\"https:\/\/www.gaudeamuskirja.fi\/wp-content\/uploads\/2012\/06\/97895249526371.jpg\"},{\"@type\":\"BreadcrumbList\",\"@id\":\"https:\/\/suomenkuvalehti.fi\/tarinoitatieteesta\/yleistajuisesti-tieteen-yleistajuistamisesta\/#breadcrumb\",\"itemListElement\":[{\"@type\":\"ListItem\",\"position\":1,\"name\":\"Home\",\"item\":\"https:\/\/suomenkuvalehti.fi\/tarinoitatieteesta\/\"},{\"@type\":\"ListItem\",\"position\":2,\"name\":\"Yleistajuisesti tieteen yleistajuistamisesta\"}]},{\"@type\":\"WebSite\",\"@id\":\"https:\/\/suomenkuvalehti.fi\/tarinoitatieteesta\/#website\",\"url\":\"https:\/\/suomenkuvalehti.fi\/tarinoitatieteesta\/\",\"name\":\"Tarinoita tieteest\u00e4\",\"description\":\"Biologi Tiina Raevaara tutkailee tieteen maailmaa kaunokirjailijan aivoin.\",\"potentialAction\":[{\"@type\":\"SearchAction\",\"target\":{\"@type\":\"EntryPoint\",\"urlTemplate\":\"https:\/\/suomenkuvalehti.fi\/haku\/?q={search_term_string}\"},\"query-input\":{\"@type\":\"PropertyValueSpecification\",\"valueRequired\":true,\"valueName\":\"search_term_string\"}}],\"inLanguage\":\"fi\"},{\"@type\":\"Person\",\"@id\":\"https:\/\/suomenkuvalehti.fi\/tarinoitatieteesta\/#\/schema\/person\/bb9c6caa48b3f9394f20b9d28415bca6\",\"name\":\"Tiina Raevaara\",\"image\":{\"@type\":\"ImageObject\",\"inLanguage\":\"fi\",\"@id\":\"https:\/\/suomenkuvalehti.fi\/tarinoitatieteesta\/#\/schema\/person\/image\/\",\"url\":\"https:\/\/suomenkuvalehti.fi\/tarinoitatieteesta\/wp-content\/uploads\/sites\/13\/2022\/04\/tiina_raevaara-150x150.jpg\",\"contentUrl\":\"https:\/\/suomenkuvalehti.fi\/tarinoitatieteesta\/wp-content\/uploads\/sites\/13\/2022\/04\/tiina_raevaara-150x150.jpg\",\"caption\":\"Tiina Raevaara\"},\"description\":\"Kirjoittaja Tiina Raevaara on filosofian tohtori ja kirjailija.\",\"sameAs\":[\"https:\/\/www.facebook.com\/pages\/Tiina-Raevaara-Tarinoita-tieteest\/280663078640821?fref=ts\",\"https:\/\/x.com\/https:\/\/twitter.com\/raevaara\"]}]}<\/script>\n<!-- \/ Yoast SEO plugin. -->","yoast_head_json":{"title":"Yleistajuisesti tieteen yleistajuistamisesta - Tarinoita tieteest\u00e4","robots":{"index":"index","follow":"follow","max-snippet":"max-snippet:-1","max-image-preview":"max-image-preview:large","max-video-preview":"max-video-preview:-1"},"canonical":"https:\/\/suomenkuvalehti.fi\/tarinoitatieteesta\/yleistajuisesti-tieteen-yleistajuistamisesta\/","og_locale":"fi_FI","og_type":"article","og_title":"Yleistajuisesti tieteen yleistajuistamisesta - Tarinoita tieteest\u00e4","og_description":"Kirjoitin pari kuukautta sitten huomiostani, ett\u00e4 tieteen popularisoinnista ja tiedeviestinn\u00e4st\u00e4 keskustellaan nyt kiivaasti ainakin yliopistoissa. Samassa yhteydess\u00e4 mainitsin alkuvuodesta ilmestyneen Tieteen yleistajuistaminen &#8211;tietokirjan. P\u00e4\u00e4tin kirjoittaa kyseisest\u00e4 kirjas&hellip;","og_url":"https:\/\/suomenkuvalehti.fi\/tarinoitatieteesta\/yleistajuisesti-tieteen-yleistajuistamisesta\/","og_site_name":"Tarinoita tieteest\u00e4","article_author":"https:\/\/www.facebook.com\/pages\/Tiina-Raevaara-Tarinoita-tieteest\/280663078640821?fref=ts","article_published_time":"2013-05-20T10:24:37+00:00","article_modified_time":"2013-11-29T13:27:23+00:00","og_image":[{"url":"https:\/\/www.gaudeamuskirja.fi\/wp-content\/uploads\/2012\/06\/97895249526371.jpg","type":"","width":"","height":""}],"author":"Tiina Raevaara","twitter_card":"summary_large_image","twitter_creator":"@https:\/\/twitter.com\/raevaara","twitter_misc":{"Written by":"Tiina Raevaara","Est. reading time":"2 minuuttia"},"schema":{"@context":"https:\/\/schema.org","@graph":[{"@type":"WebPage","@id":"https:\/\/suomenkuvalehti.fi\/tarinoitatieteesta\/yleistajuisesti-tieteen-yleistajuistamisesta\/","url":"https:\/\/suomenkuvalehti.fi\/tarinoitatieteesta\/yleistajuisesti-tieteen-yleistajuistamisesta\/","name":"Yleistajuisesti tieteen yleistajuistamisesta - Tarinoita tieteest\u00e4","isPartOf":{"@id":"https:\/\/suomenkuvalehti.fi\/tarinoitatieteesta\/#website"},"primaryImageOfPage":{"@id":"https:\/\/suomenkuvalehti.fi\/tarinoitatieteesta\/yleistajuisesti-tieteen-yleistajuistamisesta\/#primaryimage"},"image":{"@id":"https:\/\/suomenkuvalehti.fi\/tarinoitatieteesta\/yleistajuisesti-tieteen-yleistajuistamisesta\/#primaryimage"},"thumbnailUrl":"https:\/\/www.gaudeamuskirja.fi\/wp-content\/uploads\/2012\/06\/97895249526371.jpg","datePublished":"2013-05-20T10:24:37+00:00","dateModified":"2013-11-29T13:27:23+00:00","author":{"@id":"https:\/\/suomenkuvalehti.fi\/tarinoitatieteesta\/#\/schema\/person\/bb9c6caa48b3f9394f20b9d28415bca6"},"breadcrumb":{"@id":"https:\/\/suomenkuvalehti.fi\/tarinoitatieteesta\/yleistajuisesti-tieteen-yleistajuistamisesta\/#breadcrumb"},"inLanguage":"fi","potentialAction":[{"@type":"ReadAction","target":["https:\/\/suomenkuvalehti.fi\/tarinoitatieteesta\/yleistajuisesti-tieteen-yleistajuistamisesta\/"]}]},{"@type":"ImageObject","inLanguage":"fi","@id":"https:\/\/suomenkuvalehti.fi\/tarinoitatieteesta\/yleistajuisesti-tieteen-yleistajuistamisesta\/#primaryimage","url":"https:\/\/www.gaudeamuskirja.fi\/wp-content\/uploads\/2012\/06\/97895249526371.jpg","contentUrl":"https:\/\/www.gaudeamuskirja.fi\/wp-content\/uploads\/2012\/06\/97895249526371.jpg"},{"@type":"BreadcrumbList","@id":"https:\/\/suomenkuvalehti.fi\/tarinoitatieteesta\/yleistajuisesti-tieteen-yleistajuistamisesta\/#breadcrumb","itemListElement":[{"@type":"ListItem","position":1,"name":"Home","item":"https:\/\/suomenkuvalehti.fi\/tarinoitatieteesta\/"},{"@type":"ListItem","position":2,"name":"Yleistajuisesti tieteen yleistajuistamisesta"}]},{"@type":"WebSite","@id":"https:\/\/suomenkuvalehti.fi\/tarinoitatieteesta\/#website","url":"https:\/\/suomenkuvalehti.fi\/tarinoitatieteesta\/","name":"Tarinoita tieteest\u00e4","description":"Biologi Tiina Raevaara tutkailee tieteen maailmaa kaunokirjailijan aivoin.","potentialAction":[{"@type":"SearchAction","target":{"@type":"EntryPoint","urlTemplate":"https:\/\/suomenkuvalehti.fi\/haku\/?q={search_term_string}"},"query-input":{"@type":"PropertyValueSpecification","valueRequired":true,"valueName":"search_term_string"}}],"inLanguage":"fi"},{"@type":"Person","@id":"https:\/\/suomenkuvalehti.fi\/tarinoitatieteesta\/#\/schema\/person\/bb9c6caa48b3f9394f20b9d28415bca6","name":"Tiina Raevaara","image":{"@type":"ImageObject","inLanguage":"fi","@id":"https:\/\/suomenkuvalehti.fi\/tarinoitatieteesta\/#\/schema\/person\/image\/","url":"https:\/\/suomenkuvalehti.fi\/tarinoitatieteesta\/wp-content\/uploads\/sites\/13\/2022\/04\/tiina_raevaara-150x150.jpg","contentUrl":"https:\/\/suomenkuvalehti.fi\/tarinoitatieteesta\/wp-content\/uploads\/sites\/13\/2022\/04\/tiina_raevaara-150x150.jpg","caption":"Tiina Raevaara"},"description":"Kirjoittaja Tiina Raevaara on filosofian tohtori ja kirjailija.","sameAs":["https:\/\/www.facebook.com\/pages\/Tiina-Raevaara-Tarinoita-tieteest\/280663078640821?fref=ts","https:\/\/x.com\/https:\/\/twitter.com\/raevaara"]}]}},"_links":{"self":[{"href":"https:\/\/suomenkuvalehti.fi\/tarinoitatieteesta\/wp-json\/wp\/v2\/posts\/70","targetHints":{"allow":["GET"]}}],"collection":[{"href":"https:\/\/suomenkuvalehti.fi\/tarinoitatieteesta\/wp-json\/wp\/v2\/posts"}],"about":[{"href":"https:\/\/suomenkuvalehti.fi\/tarinoitatieteesta\/wp-json\/wp\/v2\/types\/post"}],"author":[{"embeddable":true,"href":"https:\/\/suomenkuvalehti.fi\/tarinoitatieteesta\/wp-json\/wp\/v2\/users\/146"}],"replies":[{"embeddable":true,"href":"https:\/\/suomenkuvalehti.fi\/tarinoitatieteesta\/wp-json\/wp\/v2\/comments?post=70"}],"version-history":[{"count":1,"href":"https:\/\/suomenkuvalehti.fi\/tarinoitatieteesta\/wp-json\/wp\/v2\/posts\/70\/revisions"}],"predecessor-version":[{"id":296,"href":"https:\/\/suomenkuvalehti.fi\/tarinoitatieteesta\/wp-json\/wp\/v2\/posts\/70\/revisions\/296"}],"wp:attachment":[{"href":"https:\/\/suomenkuvalehti.fi\/tarinoitatieteesta\/wp-json\/wp\/v2\/media?parent=70"}],"wp:term":[{"taxonomy":"category","embeddable":true,"href":"https:\/\/suomenkuvalehti.fi\/tarinoitatieteesta\/wp-json\/wp\/v2\/categories?post=70"},{"taxonomy":"post_tag","embeddable":true,"href":"https:\/\/suomenkuvalehti.fi\/tarinoitatieteesta\/wp-json\/wp\/v2\/tags?post=70"}],"curies":[{"name":"wp","href":"https:\/\/api.w.org\/{rel}","templated":true}]}}