{"id":63,"date":"2013-06-11T07:57:00","date_gmt":"2013-06-11T04:57:00","guid":{"rendered":"https:\/\/suomenkuvalehti.fi\/tarinoitatieteesta\/2013\/06\/11\/aina-loytyy-tilaa-uudelle-hyvalle-susikirjalle\/"},"modified":"2013-06-11T07:57:00","modified_gmt":"2013-06-11T04:57:00","slug":"aina-loytyy-tilaa-uudelle-hyvalle-susikirjalle","status":"publish","type":"post","link":"https:\/\/suomenkuvalehti.fi\/tarinoitatieteesta\/aina-loytyy-tilaa-uudelle-hyvalle-susikirjalle\/","title":{"rendered":"Aina l\u00f6ytyy tilaa uudelle hyv\u00e4lle susikirjalle"},"content":{"rendered":"\n<p>Susikeskustelu on vellonut vilkkaana koko syksyn ja kev\u00e4\u00e4n. Keskustelua on k\u00e4yty eri medioiden kautta ja monenlaisilla tasoilla. Laatukin on vaihdellut.<\/p>\n\n\n\n<p>Kaikkein tulisieluisin ja kiivain susikeskustelu j\u00e4i toivottavasti jo taakse. Nyt voisi olla rauhallisten, punnittujen ja ennen kaikkea asiapitoisten puheenvuorojen aika.<\/p>\n\n\n\n<p>Alkaa nimitt\u00e4in  tulla kiire: <a title=\"Savon sanomat\" href=\"http:\/\/www.savonsanomat.fi\/uutiset\/kotimaa\/salaa-tapetaan-50-sutta-vuosittain\/1338387\" target=\"_blank\">Savon Sanomat<\/a> kertoi pari p\u00e4iv\u00e4\u00e4 sitten, ett\u00e4 salamets\u00e4stettyjen susien vuotuiseksi m\u00e4\u00e4r\u00e4ksi arvioidaan noin 50 yksil\u00f6\u00e4. Nykyiselle alle 150 suden kannalle se on valtava m\u00e4\u00e4r\u00e4.<\/p>\n\n\n\n<p>Yksi uusi puheenvuoro keskusteluun ilmestyi juuri \u00e4skett\u00e4in <a title=\"Maahenki\" href=\"http:\/\/www.maahenki.fi\/tuote\/770\/susi\" target=\"_blank\">Maahenki<\/a>-kustantamolta: biologi <strong>Mervi Laaksosen <\/strong>tietokirja <em>Susi<\/em>. Laaksonen on toiminut Luonto-Liiton susiryhm\u00e4ss\u00e4 ja asuu susialueella Kainuussa.<\/p>\n\n\n\n<p>Sudesta on kirjoitettu paljon. Kotimaisia asiantuntijoita ja tietokirjailijoita l\u00f6ytyy niin runsaasti, ett\u00e4 k\u00e4\u00e4nn\u00f6ksiin susiaiheessa ei ole juuri tarvinnut sortua. Suden biologisesta olemuksesta on kirjoittanut muun muassa <a title=\"Wikipedia\" href=\"http:\/\/fi.wikipedia.org\/wiki\/Erkki_Pulliainen\" target=\"_blank\">Erkki Pulliainen<\/a>, suomalaisten historiallisesta suhteesta suteen <a title=\"Goodreads\" href=\"http:\/\/www.goodreads.com\/book\/show\/12149068-suden-j-ljet\" target=\"_blank\">Antti Lappalainen<\/a> sek\u00e4 susisuhteen etiikasta <a title=\"Adlibris\" href=\"http:\/\/www.adlibris.com\/fi\/product.aspx?isbn=9529993544\" target=\"_blank\">Leena Vilkka<\/a>.<\/p>\n\n\n\n<p>Onko uusille susikirjoille siis tilaa Suomessa? Hyville kirjoille on aina. Uusi tietokirja voi paitsi tarjota tuoretta tietoa sek\u00e4 vanhaa uudella tavalla ryhmiteltyn\u00e4, my\u00f6s esitell\u00e4 kokonaan uusia n\u00e4k\u00f6kulmia asiaan. Ehk\u00e4 joitain osa-alueita on aiemmin k\u00e4sitelty turhan huolimattomasti tai pintapuolisesti.<\/p>\n\n\n\n<p>Mik\u00e4 siis on Mervi Laaksosen kirjan &#8221;k\u00e4rki&#8221; ja kenelle teos on tarkoitettu? Kirja l\u00e4htee liikkeelle suden perusbiologiasta ja -ekologiasta. Elintavat k\u00e4sitell\u00e4\u00e4n monipuolisesti.<\/p>\n\n\n\n<p>Erityist\u00e4 huomiota on kiinnitetty elintapojen vaihtelun kuvailuun eri alueilla ja elinymp\u00e4rist\u00f6iss\u00e4. Susi onkin varsin joustava el\u00e4in, joka on sopeutunut k\u00e4ytt\u00e4m\u00e4\u00e4n monenlaisia resursseja ymp\u00e4rist\u00f6st\u00e4 riippuen.<\/p>\n\n\n\n<p><em>Susi<\/em> sopii siis perusteokseksi kaikille sudesta ja sen elintavoista kiinnostuneille.<\/p>\n\n\n\n<p>Suden ekologian ja etologian lis\u00e4ksi Laaksonen esittelee ihmisen ja suden suhdetta: pelkoa, mets\u00e4styst\u00e4, vainoa, suojelua ja sutta koskevaa lains\u00e4\u00e4d\u00e4nt\u00f6\u00e4.<\/p>\n\n\n\n<p><em>Susi-<\/em>kirjan toinen k\u00e4rki onkin sen ajankohtaisuudessa. Tekstiss\u00e4 esiintyy usein termi &#8221;susikiista&#8221;, jolla viitataan ajoittaisiin konflikteihin susikannan koon oikeellisuudesta ja suden &#8221;oikeuksista&#8221;.<\/p>\n\n\n\n<p>&#8221;<em>Joidenkin mielest\u00e4 susia on liikaa ja joidenkin mielest\u00e4 ei<\/em>&#8221;, Laaksonen tiivist\u00e4\u00e4.<\/p>\n\n\n\n<p>Suteen liittyvien konfliktien mukanaolo kirjassa on ehdottoman perusteltua. Suden nykyisyys on sit\u00e4, ett\u00e4 lajin esiintyminen tuottaa monenlaisia konflikteja.<\/p>\n\n\n\n<p>Silti Laaksosen kirjassa ajankohtaisuus j\u00e4\u00e4 hieman pintapuoliseksi &#8211; ja joskus jopa hienoiseksi sanahelin\u00e4ksi. Esimerkiksi tieteellisen tiedon ja &#8221;paikallisen tiedon&#8221; (eli k\u00e4yt\u00e4nn\u00f6ss\u00e4 ihmisten omien kokemusten) ristiriita mainitaan ja molempien elementtien t\u00e4rkeytt\u00e4 korostetaan, mutta n\u00e4iden tietolajien perustavanlaatuisia eroja ja niiden pohjalta vedett\u00e4vi\u00e4 johtop\u00e4\u00e4t\u00f6ksi\u00e4 ei sen enemp\u00e4\u00e4 k\u00e4sitell\u00e4.<\/p>\n\n\n\n<p>Toisaalta esimerkiksi suden aiheuttamiin koiravahinkoihin Laaksonen keskittyy kiitett\u00e4v\u00e4n perinpohjaisesti ja monelta kantilta.<\/p>\n\n\n\n<p><em>Susi<\/em> on n\u00e4ytt\u00e4v\u00e4 kirja. <strong>Hannu Hutun<\/strong> kuvat ovat saaneet arvoisensa tilan. Kirjasta voi nauttia my\u00f6s pelkkien kuvien kautta.<\/p>\n\n\n\n<p>N\u00e4ytt\u00e4vyydell\u00e4 on k\u00e4\u00e4nt\u00f6puolensa. Kirjan suuruus ja neliv\u00e4rikuvitus nostaa my\u00f6s hinnan korkeaksi. Jos <em>Susi<\/em> on tarkoitettu nimenomaan puheenvuoroksi ajankohtaiseen keskusteluun, ulkoasu (ja hinta) on v\u00e4\u00e4r\u00e4. Pamflettimaisuudella olisi puolensa.<\/p>\n\n\n\n<p>Nykyisell\u00e4 ulkoasulla <em>Susi<\/em> julistaa olevansa alan perusteos, kerran el\u00e4m\u00e4ss\u00e4 teht\u00e4v\u00e4 hankinta. Sellainen se toki voi ollakin, mutta seurauksena teoksen puheenvuoromaisuus k\u00e4rsii.<\/p>\n\n\n\n<p>Kaikkea ei voi saada, ja kirjan ulkoasua koskevat p\u00e4\u00e4t\u00f6kset ohjaavat osaltaan sit\u00e4, millaiselle lukijakunnalle ja millaisiin tarpeisiin kirja p\u00e4\u00e4tyy.<\/p>\n\n\n\n<p>Kaiken kaikkiaan Mervi Laaksosen <em>Susi<\/em> on mietitysti koottu ja sujuva lis\u00e4 suomalaiseen petokirjallisuuteen. Sen vahvuus on nimenomaan monipuolisuus: susi ei ole pelkk\u00e4 biologinen el\u00e4in, vaan my\u00f6s olento, jota pel\u00e4t\u00e4\u00e4n, inhotaan, suojellaan ja ihaillaan.<br><\/p>\n\n\n\n<img loading=\"lazy\" decoding=\"async\" class=\"vasen\" style=\"vertical-align: bottom\" title=\"susi\" src=\"https:\/\/www.adlibris.com\/fi\/covers\/M\/9\/52\/9525870790.jpg\" alt=\"jpg\" width=\"200\" height=\"222\">\n\n\n","protected":false},"excerpt":{"rendered":"<p>Susikeskustelu on vellonut vilkkaana koko syksyn ja kev\u00e4\u00e4n. Keskustelua on k\u00e4yty eri medioiden kautta ja monenlaisilla tasoilla. Laatukin on vaihdellut. Kaikkein tulisieluisin ja kiivain susikeskustelu j\u00e4i toivottavasti jo taakse. Nyt voisi olla rauhallisten, punnittujen ja ennen<br \/>\nkai&hellip;<\/p>\n","protected":false},"author":146,"featured_media":0,"comment_status":"open","ping_status":"open","sticky":false,"template":"","format":"standard","meta":{"_acf_changed":false,"asauth_required_access_level":0,"asauth_cansharepaid":"","om_header_attributes":[],"footnotes":"","om_featured_image_focal_point":[],"om_primary_tag":0,"om_contributors":[],"om_co_authors":[],"beyondwords_generate_audio":"","beyondwords_project_id":"","beyondwords_content_id":"","beyondwords_preview_token":"","beyondwords_player_content":"","beyondwords_player_style":"","beyondwords_language_code":"","beyondwords_language_id":"","beyondwords_title_voice_id":"","beyondwords_body_voice_id":"","beyondwords_summary_voice_id":"","beyondwords_error_message":"","beyondwords_disabled":"","beyondwords_delete_content":"","beyondwords_podcast_id":"","beyondwords_hash":"","publish_post_to_speechkit":"","speechkit_hash":"","speechkit_generate_audio":"","speechkit_project_id":"","speechkit_podcast_id":"","speechkit_error_message":"","speechkit_disabled":"","speechkit_access_key":"","speechkit_error":"","speechkit_info":"","speechkit_response":"","speechkit_retries":"","speechkit_status":"","speechkit_updated_at":"","_speechkit_link":"","_speechkit_text":""},"categories":[1],"tags":[359,216,308,117,313,358,357,26,345],"class_list":["post-63","post","type-post","status-publish","format-standard","hentry","category-tarinoita-tieteesta","tag-ekologia","tag-elaintiede","tag-petoviha","tag-susi","tag-susikeskustelu","tag-susikiista","tag-suurpedot","tag-tietokirjallisuus","tag-tietokirjat"],"om_views":null,"acf":{"tuuma_off":false,"tuuma_kysymys":"","tuuma_vastaus":""},"asauth":{"required_access_level":1,"share_token":"","is_paid":false},"yoast_head":"<!-- This site is optimized with the Yoast SEO plugin v26.4 - https:\/\/yoast.com\/wordpress\/plugins\/seo\/ -->\n<title>Aina l\u00f6ytyy tilaa uudelle hyv\u00e4lle susikirjalle - Tarinoita tieteest\u00e4<\/title>\n<meta name=\"robots\" content=\"index, follow, max-snippet:-1, max-image-preview:large, max-video-preview:-1\" \/>\n<link rel=\"canonical\" href=\"https:\/\/suomenkuvalehti.fi\/tarinoitatieteesta\/aina-loytyy-tilaa-uudelle-hyvalle-susikirjalle\/\" \/>\n<meta property=\"og:locale\" content=\"fi_FI\" \/>\n<meta property=\"og:type\" content=\"article\" \/>\n<meta property=\"og:title\" content=\"Aina l\u00f6ytyy tilaa uudelle hyv\u00e4lle susikirjalle - Tarinoita tieteest\u00e4\" \/>\n<meta property=\"og:description\" content=\"Susikeskustelu on vellonut vilkkaana koko syksyn ja kev\u00e4\u00e4n. Keskustelua on k\u00e4yty eri medioiden kautta ja monenlaisilla tasoilla. Laatukin on vaihdellut. Kaikkein tulisieluisin ja kiivain susikeskustelu j\u00e4i toivottavasti jo taakse. Nyt voisi olla rauhallisten, punnittujen ja ennen kai&hellip;\" \/>\n<meta property=\"og:url\" content=\"https:\/\/suomenkuvalehti.fi\/tarinoitatieteesta\/aina-loytyy-tilaa-uudelle-hyvalle-susikirjalle\/\" \/>\n<meta property=\"og:site_name\" content=\"Tarinoita tieteest\u00e4\" \/>\n<meta property=\"article:author\" content=\"https:\/\/www.facebook.com\/pages\/Tiina-Raevaara-Tarinoita-tieteest\/280663078640821?fref=ts\" \/>\n<meta property=\"article:published_time\" content=\"2013-06-11T04:57:00+00:00\" \/>\n<meta property=\"og:image\" content=\"https:\/\/www.adlibris.com\/fi\/covers\/M\/9\/52\/9525870790.jpg\" \/>\n<meta name=\"author\" content=\"Tiina Raevaara\" \/>\n<meta name=\"twitter:card\" content=\"summary_large_image\" \/>\n<meta name=\"twitter:creator\" content=\"@https:\/\/twitter.com\/raevaara\" \/>\n<meta name=\"twitter:label1\" content=\"Written by\" \/>\n\t<meta name=\"twitter:data1\" content=\"Tiina Raevaara\" \/>\n\t<meta name=\"twitter:label2\" content=\"Est. reading time\" \/>\n\t<meta name=\"twitter:data2\" content=\"3 minuuttia\" \/>\n<script type=\"application\/ld+json\" class=\"yoast-schema-graph\">{\"@context\":\"https:\/\/schema.org\",\"@graph\":[{\"@type\":\"WebPage\",\"@id\":\"https:\/\/suomenkuvalehti.fi\/tarinoitatieteesta\/aina-loytyy-tilaa-uudelle-hyvalle-susikirjalle\/\",\"url\":\"https:\/\/suomenkuvalehti.fi\/tarinoitatieteesta\/aina-loytyy-tilaa-uudelle-hyvalle-susikirjalle\/\",\"name\":\"Aina l\u00f6ytyy tilaa uudelle hyv\u00e4lle susikirjalle - Tarinoita tieteest\u00e4\",\"isPartOf\":{\"@id\":\"https:\/\/suomenkuvalehti.fi\/tarinoitatieteesta\/#website\"},\"primaryImageOfPage\":{\"@id\":\"https:\/\/suomenkuvalehti.fi\/tarinoitatieteesta\/aina-loytyy-tilaa-uudelle-hyvalle-susikirjalle\/#primaryimage\"},\"image\":{\"@id\":\"https:\/\/suomenkuvalehti.fi\/tarinoitatieteesta\/aina-loytyy-tilaa-uudelle-hyvalle-susikirjalle\/#primaryimage\"},\"thumbnailUrl\":\"https:\/\/www.adlibris.com\/fi\/covers\/M\/9\/52\/9525870790.jpg\",\"datePublished\":\"2013-06-11T04:57:00+00:00\",\"author\":{\"@id\":\"https:\/\/suomenkuvalehti.fi\/tarinoitatieteesta\/#\/schema\/person\/bb9c6caa48b3f9394f20b9d28415bca6\"},\"breadcrumb\":{\"@id\":\"https:\/\/suomenkuvalehti.fi\/tarinoitatieteesta\/aina-loytyy-tilaa-uudelle-hyvalle-susikirjalle\/#breadcrumb\"},\"inLanguage\":\"fi\",\"potentialAction\":[{\"@type\":\"ReadAction\",\"target\":[\"https:\/\/suomenkuvalehti.fi\/tarinoitatieteesta\/aina-loytyy-tilaa-uudelle-hyvalle-susikirjalle\/\"]}]},{\"@type\":\"ImageObject\",\"inLanguage\":\"fi\",\"@id\":\"https:\/\/suomenkuvalehti.fi\/tarinoitatieteesta\/aina-loytyy-tilaa-uudelle-hyvalle-susikirjalle\/#primaryimage\",\"url\":\"https:\/\/www.adlibris.com\/fi\/covers\/M\/9\/52\/9525870790.jpg\",\"contentUrl\":\"https:\/\/www.adlibris.com\/fi\/covers\/M\/9\/52\/9525870790.jpg\"},{\"@type\":\"BreadcrumbList\",\"@id\":\"https:\/\/suomenkuvalehti.fi\/tarinoitatieteesta\/aina-loytyy-tilaa-uudelle-hyvalle-susikirjalle\/#breadcrumb\",\"itemListElement\":[{\"@type\":\"ListItem\",\"position\":1,\"name\":\"Home\",\"item\":\"https:\/\/suomenkuvalehti.fi\/tarinoitatieteesta\/\"},{\"@type\":\"ListItem\",\"position\":2,\"name\":\"Aina l\u00f6ytyy tilaa uudelle hyv\u00e4lle susikirjalle\"}]},{\"@type\":\"WebSite\",\"@id\":\"https:\/\/suomenkuvalehti.fi\/tarinoitatieteesta\/#website\",\"url\":\"https:\/\/suomenkuvalehti.fi\/tarinoitatieteesta\/\",\"name\":\"Tarinoita tieteest\u00e4\",\"description\":\"Biologi Tiina Raevaara tutkailee tieteen maailmaa kaunokirjailijan aivoin.\",\"potentialAction\":[{\"@type\":\"SearchAction\",\"target\":{\"@type\":\"EntryPoint\",\"urlTemplate\":\"https:\/\/suomenkuvalehti.fi\/haku\/?q={search_term_string}\"},\"query-input\":{\"@type\":\"PropertyValueSpecification\",\"valueRequired\":true,\"valueName\":\"search_term_string\"}}],\"inLanguage\":\"fi\"},{\"@type\":\"Person\",\"@id\":\"https:\/\/suomenkuvalehti.fi\/tarinoitatieteesta\/#\/schema\/person\/bb9c6caa48b3f9394f20b9d28415bca6\",\"name\":\"Tiina Raevaara\",\"image\":{\"@type\":\"ImageObject\",\"inLanguage\":\"fi\",\"@id\":\"https:\/\/suomenkuvalehti.fi\/tarinoitatieteesta\/#\/schema\/person\/image\/\",\"url\":\"https:\/\/suomenkuvalehti.fi\/tarinoitatieteesta\/wp-content\/uploads\/sites\/13\/2022\/04\/tiina_raevaara-150x150.jpg\",\"contentUrl\":\"https:\/\/suomenkuvalehti.fi\/tarinoitatieteesta\/wp-content\/uploads\/sites\/13\/2022\/04\/tiina_raevaara-150x150.jpg\",\"caption\":\"Tiina Raevaara\"},\"description\":\"Kirjoittaja Tiina Raevaara on filosofian tohtori ja kirjailija.\",\"sameAs\":[\"https:\/\/www.facebook.com\/pages\/Tiina-Raevaara-Tarinoita-tieteest\/280663078640821?fref=ts\",\"https:\/\/x.com\/https:\/\/twitter.com\/raevaara\"]}]}<\/script>\n<!-- \/ Yoast SEO plugin. -->","yoast_head_json":{"title":"Aina l\u00f6ytyy tilaa uudelle hyv\u00e4lle susikirjalle - Tarinoita tieteest\u00e4","robots":{"index":"index","follow":"follow","max-snippet":"max-snippet:-1","max-image-preview":"max-image-preview:large","max-video-preview":"max-video-preview:-1"},"canonical":"https:\/\/suomenkuvalehti.fi\/tarinoitatieteesta\/aina-loytyy-tilaa-uudelle-hyvalle-susikirjalle\/","og_locale":"fi_FI","og_type":"article","og_title":"Aina l\u00f6ytyy tilaa uudelle hyv\u00e4lle susikirjalle - Tarinoita tieteest\u00e4","og_description":"Susikeskustelu on vellonut vilkkaana koko syksyn ja kev\u00e4\u00e4n. Keskustelua on k\u00e4yty eri medioiden kautta ja monenlaisilla tasoilla. Laatukin on vaihdellut. Kaikkein tulisieluisin ja kiivain susikeskustelu j\u00e4i toivottavasti jo taakse. Nyt voisi olla rauhallisten, punnittujen ja ennen kai&hellip;","og_url":"https:\/\/suomenkuvalehti.fi\/tarinoitatieteesta\/aina-loytyy-tilaa-uudelle-hyvalle-susikirjalle\/","og_site_name":"Tarinoita tieteest\u00e4","article_author":"https:\/\/www.facebook.com\/pages\/Tiina-Raevaara-Tarinoita-tieteest\/280663078640821?fref=ts","article_published_time":"2013-06-11T04:57:00+00:00","og_image":[{"url":"https:\/\/www.adlibris.com\/fi\/covers\/M\/9\/52\/9525870790.jpg","type":"","width":"","height":""}],"author":"Tiina Raevaara","twitter_card":"summary_large_image","twitter_creator":"@https:\/\/twitter.com\/raevaara","twitter_misc":{"Written by":"Tiina Raevaara","Est. reading time":"3 minuuttia"},"schema":{"@context":"https:\/\/schema.org","@graph":[{"@type":"WebPage","@id":"https:\/\/suomenkuvalehti.fi\/tarinoitatieteesta\/aina-loytyy-tilaa-uudelle-hyvalle-susikirjalle\/","url":"https:\/\/suomenkuvalehti.fi\/tarinoitatieteesta\/aina-loytyy-tilaa-uudelle-hyvalle-susikirjalle\/","name":"Aina l\u00f6ytyy tilaa uudelle hyv\u00e4lle susikirjalle - Tarinoita tieteest\u00e4","isPartOf":{"@id":"https:\/\/suomenkuvalehti.fi\/tarinoitatieteesta\/#website"},"primaryImageOfPage":{"@id":"https:\/\/suomenkuvalehti.fi\/tarinoitatieteesta\/aina-loytyy-tilaa-uudelle-hyvalle-susikirjalle\/#primaryimage"},"image":{"@id":"https:\/\/suomenkuvalehti.fi\/tarinoitatieteesta\/aina-loytyy-tilaa-uudelle-hyvalle-susikirjalle\/#primaryimage"},"thumbnailUrl":"https:\/\/www.adlibris.com\/fi\/covers\/M\/9\/52\/9525870790.jpg","datePublished":"2013-06-11T04:57:00+00:00","author":{"@id":"https:\/\/suomenkuvalehti.fi\/tarinoitatieteesta\/#\/schema\/person\/bb9c6caa48b3f9394f20b9d28415bca6"},"breadcrumb":{"@id":"https:\/\/suomenkuvalehti.fi\/tarinoitatieteesta\/aina-loytyy-tilaa-uudelle-hyvalle-susikirjalle\/#breadcrumb"},"inLanguage":"fi","potentialAction":[{"@type":"ReadAction","target":["https:\/\/suomenkuvalehti.fi\/tarinoitatieteesta\/aina-loytyy-tilaa-uudelle-hyvalle-susikirjalle\/"]}]},{"@type":"ImageObject","inLanguage":"fi","@id":"https:\/\/suomenkuvalehti.fi\/tarinoitatieteesta\/aina-loytyy-tilaa-uudelle-hyvalle-susikirjalle\/#primaryimage","url":"https:\/\/www.adlibris.com\/fi\/covers\/M\/9\/52\/9525870790.jpg","contentUrl":"https:\/\/www.adlibris.com\/fi\/covers\/M\/9\/52\/9525870790.jpg"},{"@type":"BreadcrumbList","@id":"https:\/\/suomenkuvalehti.fi\/tarinoitatieteesta\/aina-loytyy-tilaa-uudelle-hyvalle-susikirjalle\/#breadcrumb","itemListElement":[{"@type":"ListItem","position":1,"name":"Home","item":"https:\/\/suomenkuvalehti.fi\/tarinoitatieteesta\/"},{"@type":"ListItem","position":2,"name":"Aina l\u00f6ytyy tilaa uudelle hyv\u00e4lle susikirjalle"}]},{"@type":"WebSite","@id":"https:\/\/suomenkuvalehti.fi\/tarinoitatieteesta\/#website","url":"https:\/\/suomenkuvalehti.fi\/tarinoitatieteesta\/","name":"Tarinoita tieteest\u00e4","description":"Biologi Tiina Raevaara tutkailee tieteen maailmaa kaunokirjailijan aivoin.","potentialAction":[{"@type":"SearchAction","target":{"@type":"EntryPoint","urlTemplate":"https:\/\/suomenkuvalehti.fi\/haku\/?q={search_term_string}"},"query-input":{"@type":"PropertyValueSpecification","valueRequired":true,"valueName":"search_term_string"}}],"inLanguage":"fi"},{"@type":"Person","@id":"https:\/\/suomenkuvalehti.fi\/tarinoitatieteesta\/#\/schema\/person\/bb9c6caa48b3f9394f20b9d28415bca6","name":"Tiina Raevaara","image":{"@type":"ImageObject","inLanguage":"fi","@id":"https:\/\/suomenkuvalehti.fi\/tarinoitatieteesta\/#\/schema\/person\/image\/","url":"https:\/\/suomenkuvalehti.fi\/tarinoitatieteesta\/wp-content\/uploads\/sites\/13\/2022\/04\/tiina_raevaara-150x150.jpg","contentUrl":"https:\/\/suomenkuvalehti.fi\/tarinoitatieteesta\/wp-content\/uploads\/sites\/13\/2022\/04\/tiina_raevaara-150x150.jpg","caption":"Tiina Raevaara"},"description":"Kirjoittaja Tiina Raevaara on filosofian tohtori ja kirjailija.","sameAs":["https:\/\/www.facebook.com\/pages\/Tiina-Raevaara-Tarinoita-tieteest\/280663078640821?fref=ts","https:\/\/x.com\/https:\/\/twitter.com\/raevaara"]}]}},"_links":{"self":[{"href":"https:\/\/suomenkuvalehti.fi\/tarinoitatieteesta\/wp-json\/wp\/v2\/posts\/63","targetHints":{"allow":["GET"]}}],"collection":[{"href":"https:\/\/suomenkuvalehti.fi\/tarinoitatieteesta\/wp-json\/wp\/v2\/posts"}],"about":[{"href":"https:\/\/suomenkuvalehti.fi\/tarinoitatieteesta\/wp-json\/wp\/v2\/types\/post"}],"author":[{"embeddable":true,"href":"https:\/\/suomenkuvalehti.fi\/tarinoitatieteesta\/wp-json\/wp\/v2\/users\/146"}],"replies":[{"embeddable":true,"href":"https:\/\/suomenkuvalehti.fi\/tarinoitatieteesta\/wp-json\/wp\/v2\/comments?post=63"}],"version-history":[{"count":0,"href":"https:\/\/suomenkuvalehti.fi\/tarinoitatieteesta\/wp-json\/wp\/v2\/posts\/63\/revisions"}],"wp:attachment":[{"href":"https:\/\/suomenkuvalehti.fi\/tarinoitatieteesta\/wp-json\/wp\/v2\/media?parent=63"}],"wp:term":[{"taxonomy":"category","embeddable":true,"href":"https:\/\/suomenkuvalehti.fi\/tarinoitatieteesta\/wp-json\/wp\/v2\/categories?post=63"},{"taxonomy":"post_tag","embeddable":true,"href":"https:\/\/suomenkuvalehti.fi\/tarinoitatieteesta\/wp-json\/wp\/v2\/tags?post=63"}],"curies":[{"name":"wp","href":"https:\/\/api.w.org\/{rel}","templated":true}]}}