{"id":44,"date":"2013-08-05T11:32:45","date_gmt":"2013-08-05T08:32:45","guid":{"rendered":"https:\/\/suomenkuvalehti.fi\/tarinoitatieteesta\/2013\/08\/05\/saaksien-kuolema-ja-elama\/"},"modified":"2013-11-29T15:27:16","modified_gmt":"2013-11-29T13:27:16","slug":"saaksien-kuolema-ja-elama","status":"publish","type":"post","link":"https:\/\/suomenkuvalehti.fi\/tarinoitatieteesta\/saaksien-kuolema-ja-elama\/","title":{"rendered":"S\u00e4\u00e4ksien kuolema ja el\u00e4m\u00e4"},"content":{"rendered":"\n<p>Olen taas t\u00e4hyillyt virolaisten s\u00e4\u00e4ksien perhe-el\u00e4m\u00e4\u00e4. T\u00e4ll\u00e4 kertaa t\u00e4htin\u00e4 ovat olleet s\u00e4\u00e4ksipariskunta <a title=\"Kalakotkas\" href=\"http:\/\/pontu.eenet.ee\/player\/kalakotkas2.html\" target=\"_blank\">Ilmar ja Irma<\/a> sek\u00e4 heid\u00e4n pesueensa.<\/p>\n\n\n\n<p>Ilmar ja Irma sek\u00e4 muut virolaiset nettis\u00e4\u00e4kset asustavat tekopesiss\u00e4, joita harrastajat ovat rakentaneet.<\/p>\n\n\n\n<p>Asia on pitk\u00e4lti n\u00e4in my\u00f6s Suomessa. <a title=\"HS\" href=\"http:\/\/www.hs.fi\/ihmiset\/S%C3%A4%C3%A4ksi+lensi+etel%C3%A4%C3%A4n\/a1374895022009\" target=\"_blank\">Helsingin Sanomissa<\/a> oli v\u00e4h\u00e4n aikaa sitten artikkeli 74-vuotiaasta emeritusprofessori <strong>Pertti Saurolasta<\/strong>, jonka kes\u00e4t t\u00e4yttyv\u00e4t s\u00e4\u00e4ksen- ja p\u00f6ll\u00f6npoikasten rengastamisesta.<\/p>\n\n\n\n<p>T\u00e4n\u00e4 vuonna Saurolalla oli uusi projekti: h\u00e4n valitsi s\u00e4\u00e4ksenpesist\u00e4 kuusi poikasta, jotka l\u00e4hetettiin Portugaliin tuomaan sik\u00e4l\u00e4iseen s\u00e4\u00e4ksikantaan lis\u00e4p\u00e4it\u00e4 ja -geenej\u00e4.<\/p>\n\n\n\n<p>Jutussa kerrottiin, ett\u00e4 Suomessa jo 45 prosenttia s\u00e4\u00e4ksen pesinn\u00f6ist\u00e4 tapahtuu keinopesiss\u00e4. Keinopes\u00e4t ovatkin pitk\u00e4lti pelastaneet s\u00e4\u00e4ksen. S\u00e4\u00e4ksikanta alkoi pienenty\u00e4 Suomessa rajusti 1960-luvulta alkaen, kun tehomets\u00e4talous jyr\u00e4si alleen <a title=\"Tarinoita tieteest\u00e4\" href=\"https:\/\/suomenkuvalehti.fi\/tarinoitatieteesta\/2012\/04\/28\/elavaa-kuvaa-saaksenpesalta\/\" target=\"_blank\">pesint\u00e4\u00e4n sopivat <\/a>p\u00f6yt\u00e4latvaiset m\u00e4nnyt. Nyt s\u00e4\u00e4kset voivat paljon paremmin.<\/p>\n\n\n\n<p>Niin iloinen asia kuin s\u00e4\u00e4ksikannan toipuminen onkin, yhdyn Pertti Saurolan kommenttiin: &#8221;<em>On kansallinen h\u00e4pe\u00e4, ett\u00e4 on pakko rakentaa tekopesi\u00e4, koska mets\u00e4t ovat niin huonossa kunnossa<\/em>.&#8221;<\/p>\n\n\n\n<p>Viel\u00e4 keinotekoisempi tilanne tulee olemaan Portugalissa, jonka oma s\u00e4\u00e4ksikanta ehti jo kuolla sukupuuttoon 1990-luvulla.<\/p>\n\n\n\n<p>Ilmarin ja Irman perhekeskeiseen kes\u00e4\u00e4n mahtuu my\u00f6s surullinen tapahtuma: yksi poikasista menehtyi pari p\u00e4iv\u00e4\u00e4 sitten.<\/p>\n\n\n\n<p>En n\u00e4hnyt edelt\u00e4vi\u00e4 tapahtumia, mutta ilmeisesti poikanen vain muuttui v\u00e4hitellen apaattiseksi, lakkasi sy\u00f6m\u00e4st\u00e4 ja lopulta liikkumastakin. Se oli poikasista pienin ja viimeiseksi kuoriutunut, mutta kasvanut kuitenkin hyv\u00e4ss\u00e4 tahdissa ja saanut ruokaa siin\u00e4 miss\u00e4 muutkin.<\/p>\n\n\n\n<p>Kuollut poikanen on yh\u00e4 pes\u00e4ss\u00e4. Muut kaksi harjoittelevat ahkerasti jo lent\u00e4mist\u00e4.<\/p>\n\n\n\n<p>El\u00e4m\u00e4 jatkuu suomalaisissa ja virolaisissa s\u00e4\u00e4ksenpesiss\u00e4, onneksi. Toivottavasti s\u00e4\u00e4kset pesiv\u00e4t kohta Portugalissakin.<\/p>\n\n\n","protected":false},"excerpt":{"rendered":"<p>Olen taas t\u00e4hyillyt virolaisten s\u00e4\u00e4ksien perhe-el\u00e4m\u00e4\u00e4. T\u00e4ll\u00e4 kertaa t\u00e4htin\u00e4 ovat olleet s\u00e4\u00e4ksipariskunta Ilmar ja Irma sek\u00e4 heid\u00e4n pesueensa. Ilmar ja Irma sek\u00e4 muut virolaiset nettis\u00e4\u00e4kset asustavat tekopesiss\u00e4, joita harrastajat ovat rakentaneet. Asia on pitk\u00e4lti n\u00e4in my\u00f6s<br \/>\nSuomessa. Helsingin &hellip;<\/p>\n","protected":false},"author":146,"featured_media":0,"comment_status":"open","ping_status":"open","sticky":false,"template":"","format":"standard","meta":{"_acf_changed":false,"asauth_required_access_level":0,"asauth_cansharepaid":"","om_header_attributes":[],"footnotes":"","om_featured_image_focal_point":[],"om_primary_tag":0,"om_contributors":[],"om_co_authors":[],"beyondwords_generate_audio":"","beyondwords_project_id":"","beyondwords_content_id":"","beyondwords_preview_token":"","beyondwords_player_content":"","beyondwords_player_style":"","beyondwords_language_code":"","beyondwords_language_id":"","beyondwords_title_voice_id":"","beyondwords_body_voice_id":"","beyondwords_summary_voice_id":"","beyondwords_error_message":"","beyondwords_disabled":"","beyondwords_delete_content":"","beyondwords_podcast_id":"","beyondwords_hash":"","publish_post_to_speechkit":"","speechkit_hash":"","speechkit_generate_audio":"","speechkit_project_id":"","speechkit_podcast_id":"","speechkit_error_message":"","speechkit_disabled":"","speechkit_access_key":"","speechkit_error":"","speechkit_info":"","speechkit_response":"","speechkit_retries":"","speechkit_status":"","speechkit_updated_at":"","_speechkit_link":"","_speechkit_text":""},"categories":[1],"tags":[240,243,141,244,241,242,245],"class_list":["post-44","post","type-post","status-publish","format-standard","hentry","category-tarinoita-tieteesta","tag-kalasaaski","tag-lintukannat","tag-luonnonsuojelu","tag-metsatalous","tag-saaksi","tag-saaksikamera","tag-tehometsatalous"],"om_views":null,"acf":{"tuuma_off":false,"tuuma_kysymys":"","tuuma_vastaus":""},"asauth":{"required_access_level":1,"share_token":"","is_paid":false},"yoast_head":"<!-- This site is optimized with the Yoast SEO plugin v26.4 - https:\/\/yoast.com\/wordpress\/plugins\/seo\/ -->\n<title>S\u00e4\u00e4ksien kuolema ja el\u00e4m\u00e4 - Tarinoita tieteest\u00e4<\/title>\n<meta name=\"robots\" content=\"index, follow, max-snippet:-1, max-image-preview:large, max-video-preview:-1\" \/>\n<link rel=\"canonical\" href=\"https:\/\/suomenkuvalehti.fi\/tarinoitatieteesta\/saaksien-kuolema-ja-elama\/\" \/>\n<meta property=\"og:locale\" content=\"fi_FI\" \/>\n<meta property=\"og:type\" content=\"article\" \/>\n<meta property=\"og:title\" content=\"S\u00e4\u00e4ksien kuolema ja el\u00e4m\u00e4 - Tarinoita tieteest\u00e4\" \/>\n<meta property=\"og:description\" content=\"Olen taas t\u00e4hyillyt virolaisten s\u00e4\u00e4ksien perhe-el\u00e4m\u00e4\u00e4. T\u00e4ll\u00e4 kertaa t\u00e4htin\u00e4 ovat olleet s\u00e4\u00e4ksipariskunta Ilmar ja Irma sek\u00e4 heid\u00e4n pesueensa. Ilmar ja Irma sek\u00e4 muut virolaiset nettis\u00e4\u00e4kset asustavat tekopesiss\u00e4, joita harrastajat ovat rakentaneet. Asia on pitk\u00e4lti n\u00e4in my\u00f6s Suomessa. Helsingin &hellip;\" \/>\n<meta property=\"og:url\" content=\"https:\/\/suomenkuvalehti.fi\/tarinoitatieteesta\/saaksien-kuolema-ja-elama\/\" \/>\n<meta property=\"og:site_name\" content=\"Tarinoita tieteest\u00e4\" \/>\n<meta property=\"article:author\" content=\"https:\/\/www.facebook.com\/pages\/Tiina-Raevaara-Tarinoita-tieteest\/280663078640821?fref=ts\" \/>\n<meta property=\"article:published_time\" content=\"2013-08-05T08:32:45+00:00\" \/>\n<meta property=\"article:modified_time\" content=\"2013-11-29T13:27:16+00:00\" \/>\n<meta property=\"og:image\" content=\"https:\/\/suomenkuvalehti.fi\/tarinoitatieteesta\/wp-content\/uploads\/sites\/13\/2022\/04\/tiina_raevaara-scaled.jpg\" \/>\n\t<meta property=\"og:image:width\" content=\"2560\" \/>\n\t<meta property=\"og:image:height\" content=\"1707\" \/>\n\t<meta property=\"og:image:type\" content=\"image\/jpeg\" \/>\n<meta name=\"author\" content=\"Tiina Raevaara\" \/>\n<meta name=\"twitter:card\" content=\"summary_large_image\" \/>\n<meta name=\"twitter:creator\" content=\"@https:\/\/twitter.com\/raevaara\" \/>\n<meta name=\"twitter:label1\" content=\"Written by\" \/>\n\t<meta name=\"twitter:data1\" content=\"Tiina Raevaara\" \/>\n\t<meta name=\"twitter:label2\" content=\"Est. reading time\" \/>\n\t<meta name=\"twitter:data2\" content=\"1 minuutti\" \/>\n<script type=\"application\/ld+json\" class=\"yoast-schema-graph\">{\"@context\":\"https:\/\/schema.org\",\"@graph\":[{\"@type\":\"WebPage\",\"@id\":\"https:\/\/suomenkuvalehti.fi\/tarinoitatieteesta\/saaksien-kuolema-ja-elama\/\",\"url\":\"https:\/\/suomenkuvalehti.fi\/tarinoitatieteesta\/saaksien-kuolema-ja-elama\/\",\"name\":\"S\u00e4\u00e4ksien kuolema ja el\u00e4m\u00e4 - Tarinoita tieteest\u00e4\",\"isPartOf\":{\"@id\":\"https:\/\/suomenkuvalehti.fi\/tarinoitatieteesta\/#website\"},\"datePublished\":\"2013-08-05T08:32:45+00:00\",\"dateModified\":\"2013-11-29T13:27:16+00:00\",\"author\":{\"@id\":\"https:\/\/suomenkuvalehti.fi\/tarinoitatieteesta\/#\/schema\/person\/bb9c6caa48b3f9394f20b9d28415bca6\"},\"breadcrumb\":{\"@id\":\"https:\/\/suomenkuvalehti.fi\/tarinoitatieteesta\/saaksien-kuolema-ja-elama\/#breadcrumb\"},\"inLanguage\":\"fi\",\"potentialAction\":[{\"@type\":\"ReadAction\",\"target\":[\"https:\/\/suomenkuvalehti.fi\/tarinoitatieteesta\/saaksien-kuolema-ja-elama\/\"]}]},{\"@type\":\"BreadcrumbList\",\"@id\":\"https:\/\/suomenkuvalehti.fi\/tarinoitatieteesta\/saaksien-kuolema-ja-elama\/#breadcrumb\",\"itemListElement\":[{\"@type\":\"ListItem\",\"position\":1,\"name\":\"Home\",\"item\":\"https:\/\/suomenkuvalehti.fi\/tarinoitatieteesta\/\"},{\"@type\":\"ListItem\",\"position\":2,\"name\":\"S\u00e4\u00e4ksien kuolema ja el\u00e4m\u00e4\"}]},{\"@type\":\"WebSite\",\"@id\":\"https:\/\/suomenkuvalehti.fi\/tarinoitatieteesta\/#website\",\"url\":\"https:\/\/suomenkuvalehti.fi\/tarinoitatieteesta\/\",\"name\":\"Tarinoita tieteest\u00e4\",\"description\":\"Biologi Tiina Raevaara tutkailee tieteen maailmaa kaunokirjailijan aivoin.\",\"potentialAction\":[{\"@type\":\"SearchAction\",\"target\":{\"@type\":\"EntryPoint\",\"urlTemplate\":\"https:\/\/suomenkuvalehti.fi\/haku\/?q={search_term_string}\"},\"query-input\":{\"@type\":\"PropertyValueSpecification\",\"valueRequired\":true,\"valueName\":\"search_term_string\"}}],\"inLanguage\":\"fi\"},{\"@type\":\"Person\",\"@id\":\"https:\/\/suomenkuvalehti.fi\/tarinoitatieteesta\/#\/schema\/person\/bb9c6caa48b3f9394f20b9d28415bca6\",\"name\":\"Tiina Raevaara\",\"image\":{\"@type\":\"ImageObject\",\"inLanguage\":\"fi\",\"@id\":\"https:\/\/suomenkuvalehti.fi\/tarinoitatieteesta\/#\/schema\/person\/image\/\",\"url\":\"https:\/\/suomenkuvalehti.fi\/tarinoitatieteesta\/wp-content\/uploads\/sites\/13\/2022\/04\/tiina_raevaara-150x150.jpg\",\"contentUrl\":\"https:\/\/suomenkuvalehti.fi\/tarinoitatieteesta\/wp-content\/uploads\/sites\/13\/2022\/04\/tiina_raevaara-150x150.jpg\",\"caption\":\"Tiina Raevaara\"},\"description\":\"Kirjoittaja Tiina Raevaara on filosofian tohtori ja kirjailija.\",\"sameAs\":[\"https:\/\/www.facebook.com\/pages\/Tiina-Raevaara-Tarinoita-tieteest\/280663078640821?fref=ts\",\"https:\/\/x.com\/https:\/\/twitter.com\/raevaara\"]}]}<\/script>\n<!-- \/ Yoast SEO plugin. -->","yoast_head_json":{"title":"S\u00e4\u00e4ksien kuolema ja el\u00e4m\u00e4 - Tarinoita tieteest\u00e4","robots":{"index":"index","follow":"follow","max-snippet":"max-snippet:-1","max-image-preview":"max-image-preview:large","max-video-preview":"max-video-preview:-1"},"canonical":"https:\/\/suomenkuvalehti.fi\/tarinoitatieteesta\/saaksien-kuolema-ja-elama\/","og_locale":"fi_FI","og_type":"article","og_title":"S\u00e4\u00e4ksien kuolema ja el\u00e4m\u00e4 - Tarinoita tieteest\u00e4","og_description":"Olen taas t\u00e4hyillyt virolaisten s\u00e4\u00e4ksien perhe-el\u00e4m\u00e4\u00e4. T\u00e4ll\u00e4 kertaa t\u00e4htin\u00e4 ovat olleet s\u00e4\u00e4ksipariskunta Ilmar ja Irma sek\u00e4 heid\u00e4n pesueensa. Ilmar ja Irma sek\u00e4 muut virolaiset nettis\u00e4\u00e4kset asustavat tekopesiss\u00e4, joita harrastajat ovat rakentaneet. Asia on pitk\u00e4lti n\u00e4in my\u00f6s Suomessa. Helsingin &hellip;","og_url":"https:\/\/suomenkuvalehti.fi\/tarinoitatieteesta\/saaksien-kuolema-ja-elama\/","og_site_name":"Tarinoita tieteest\u00e4","article_author":"https:\/\/www.facebook.com\/pages\/Tiina-Raevaara-Tarinoita-tieteest\/280663078640821?fref=ts","article_published_time":"2013-08-05T08:32:45+00:00","article_modified_time":"2013-11-29T13:27:16+00:00","og_image":[{"width":2560,"height":1707,"url":"https:\/\/suomenkuvalehti.fi\/tarinoitatieteesta\/wp-content\/uploads\/sites\/13\/2022\/04\/tiina_raevaara-scaled.jpg","type":"image\/jpeg"}],"author":"Tiina Raevaara","twitter_card":"summary_large_image","twitter_creator":"@https:\/\/twitter.com\/raevaara","twitter_misc":{"Written by":"Tiina Raevaara","Est. reading time":"1 minuutti"},"schema":{"@context":"https:\/\/schema.org","@graph":[{"@type":"WebPage","@id":"https:\/\/suomenkuvalehti.fi\/tarinoitatieteesta\/saaksien-kuolema-ja-elama\/","url":"https:\/\/suomenkuvalehti.fi\/tarinoitatieteesta\/saaksien-kuolema-ja-elama\/","name":"S\u00e4\u00e4ksien kuolema ja el\u00e4m\u00e4 - Tarinoita tieteest\u00e4","isPartOf":{"@id":"https:\/\/suomenkuvalehti.fi\/tarinoitatieteesta\/#website"},"datePublished":"2013-08-05T08:32:45+00:00","dateModified":"2013-11-29T13:27:16+00:00","author":{"@id":"https:\/\/suomenkuvalehti.fi\/tarinoitatieteesta\/#\/schema\/person\/bb9c6caa48b3f9394f20b9d28415bca6"},"breadcrumb":{"@id":"https:\/\/suomenkuvalehti.fi\/tarinoitatieteesta\/saaksien-kuolema-ja-elama\/#breadcrumb"},"inLanguage":"fi","potentialAction":[{"@type":"ReadAction","target":["https:\/\/suomenkuvalehti.fi\/tarinoitatieteesta\/saaksien-kuolema-ja-elama\/"]}]},{"@type":"BreadcrumbList","@id":"https:\/\/suomenkuvalehti.fi\/tarinoitatieteesta\/saaksien-kuolema-ja-elama\/#breadcrumb","itemListElement":[{"@type":"ListItem","position":1,"name":"Home","item":"https:\/\/suomenkuvalehti.fi\/tarinoitatieteesta\/"},{"@type":"ListItem","position":2,"name":"S\u00e4\u00e4ksien kuolema ja el\u00e4m\u00e4"}]},{"@type":"WebSite","@id":"https:\/\/suomenkuvalehti.fi\/tarinoitatieteesta\/#website","url":"https:\/\/suomenkuvalehti.fi\/tarinoitatieteesta\/","name":"Tarinoita tieteest\u00e4","description":"Biologi Tiina Raevaara tutkailee tieteen maailmaa kaunokirjailijan aivoin.","potentialAction":[{"@type":"SearchAction","target":{"@type":"EntryPoint","urlTemplate":"https:\/\/suomenkuvalehti.fi\/haku\/?q={search_term_string}"},"query-input":{"@type":"PropertyValueSpecification","valueRequired":true,"valueName":"search_term_string"}}],"inLanguage":"fi"},{"@type":"Person","@id":"https:\/\/suomenkuvalehti.fi\/tarinoitatieteesta\/#\/schema\/person\/bb9c6caa48b3f9394f20b9d28415bca6","name":"Tiina Raevaara","image":{"@type":"ImageObject","inLanguage":"fi","@id":"https:\/\/suomenkuvalehti.fi\/tarinoitatieteesta\/#\/schema\/person\/image\/","url":"https:\/\/suomenkuvalehti.fi\/tarinoitatieteesta\/wp-content\/uploads\/sites\/13\/2022\/04\/tiina_raevaara-150x150.jpg","contentUrl":"https:\/\/suomenkuvalehti.fi\/tarinoitatieteesta\/wp-content\/uploads\/sites\/13\/2022\/04\/tiina_raevaara-150x150.jpg","caption":"Tiina Raevaara"},"description":"Kirjoittaja Tiina Raevaara on filosofian tohtori ja kirjailija.","sameAs":["https:\/\/www.facebook.com\/pages\/Tiina-Raevaara-Tarinoita-tieteest\/280663078640821?fref=ts","https:\/\/x.com\/https:\/\/twitter.com\/raevaara"]}]}},"_links":{"self":[{"href":"https:\/\/suomenkuvalehti.fi\/tarinoitatieteesta\/wp-json\/wp\/v2\/posts\/44","targetHints":{"allow":["GET"]}}],"collection":[{"href":"https:\/\/suomenkuvalehti.fi\/tarinoitatieteesta\/wp-json\/wp\/v2\/posts"}],"about":[{"href":"https:\/\/suomenkuvalehti.fi\/tarinoitatieteesta\/wp-json\/wp\/v2\/types\/post"}],"author":[{"embeddable":true,"href":"https:\/\/suomenkuvalehti.fi\/tarinoitatieteesta\/wp-json\/wp\/v2\/users\/146"}],"replies":[{"embeddable":true,"href":"https:\/\/suomenkuvalehti.fi\/tarinoitatieteesta\/wp-json\/wp\/v2\/comments?post=44"}],"version-history":[{"count":1,"href":"https:\/\/suomenkuvalehti.fi\/tarinoitatieteesta\/wp-json\/wp\/v2\/posts\/44\/revisions"}],"predecessor-version":[{"id":286,"href":"https:\/\/suomenkuvalehti.fi\/tarinoitatieteesta\/wp-json\/wp\/v2\/posts\/44\/revisions\/286"}],"wp:attachment":[{"href":"https:\/\/suomenkuvalehti.fi\/tarinoitatieteesta\/wp-json\/wp\/v2\/media?parent=44"}],"wp:term":[{"taxonomy":"category","embeddable":true,"href":"https:\/\/suomenkuvalehti.fi\/tarinoitatieteesta\/wp-json\/wp\/v2\/categories?post=44"},{"taxonomy":"post_tag","embeddable":true,"href":"https:\/\/suomenkuvalehti.fi\/tarinoitatieteesta\/wp-json\/wp\/v2\/tags?post=44"}],"curies":[{"name":"wp","href":"https:\/\/api.w.org\/{rel}","templated":true}]}}