{"id":268,"date":"2011-09-23T21:30:32","date_gmt":"2011-09-23T18:30:32","guid":{"rendered":"https:\/\/suomenkuvalehti.fi\/tarinoitatieteesta\/2011\/09\/23\/no-voinko-matkustaa-ajassa-vai-en\/"},"modified":"2011-09-23T21:30:32","modified_gmt":"2011-09-23T18:30:32","slug":"no-voinko-matkustaa-ajassa-vai-en","status":"publish","type":"post","link":"https:\/\/suomenkuvalehti.fi\/tarinoitatieteesta\/no-voinko-matkustaa-ajassa-vai-en\/","title":{"rendered":"No voinko matkustaa ajassa vai en?"},"content":{"rendered":"\n<p>&#8221;Fysiikan lait saattavat menn\u00e4 uusiksi&#8221;, julistivat otsikot eilen.<\/p>\n\n\n\n<p>Kyse oli CERN:in hiukkasfysiikan tutkimuskeskuksessa saaduista tuloksista &#8211; &#8221;<em>OPERA experiment reports anomaly in flight time of neutrinos from CERN to Gran Sasso<\/em>&#8221; kertoi <a title=\"CERN\" href=\"http:\/\/press.web.cern.ch\/press\/PressReleases\/Releases2011\/PR19.11E.html\" target=\"_blank\">CERN:in oma tiedote<\/a>. Tutkijat olivat mitanneet neutriino-alkeishiukkasille nopeuden, joka ylitti valon nopeuden.<\/p>\n\n\n\n<p>L\u00f6yt\u00f6 ei sovi yhteen <strong>Einsteinin <\/strong>vuonna 1905 julkaiseman <a title=\"Wikipedia\" href=\"http:\/\/en.wikipedia.org\/wiki\/Special_theory_of_relativity\" target=\"_blank\">suppean suhteellisuusteorian<\/a> kanssa. Se ei sovi aiempiin havaintoihin neutriinojen nopeudesta, joita on tehty supernovar\u00e4j\u00e4hdysten avulla, eik\u00e4 se sovi oikein mihink\u00e4\u00e4n. Ei ole my\u00f6sk\u00e4\u00e4n mit\u00e4\u00e4n muuta vihjett\u00e4 siit\u00e4, ett\u00e4 Einsteinien teorioissa olisi jotakin pieless\u00e4.<\/p>\n\n\n\n<p>Toisaalta tutkijat eiv\u00e4t ole l\u00f6yt\u00e4neet mittauksistaan systemaattista vikaa. Paljon ep\u00e4varmuustekij\u00f6it\u00e4 niihin toki liittyy, yksi sellainen on hiukkasten l\u00e4ht\u00f6hetken m\u00e4\u00e4ritt\u00e4misen vaikeus.<\/p>\n\n\n\n<p>Mit\u00e4 pit\u00e4isi ajatella? Skeptikko suhtautuu t\u00e4h\u00e4n varovaisesti ja seuraa itse\u00e4\u00e4n viisaampien ajatuksia.<\/p>\n\n\n\n<p>T\u00e4ss\u00e4 niist\u00e4 muutamia:<\/p>\n\n\n\n<p>&#8221;Valtaosa tutkijoista varmaan ajattelee, ett\u00e4 kokeessa on jotain v\u00e4\u00e4rin. Niin uskon itsekin. Aivan oleellinen kysymys on se, kuinka tarkasti pystyt\u00e4\u00e4n m\u00e4\u00e4ritt\u00e4m\u00e4\u00e4n se hetki, jolloin CERNiss\u00e4 syntyv\u00e4t neutriinot l\u00e4htev\u00e4t matkalle kohti Italiaan &#8211; tunnetaanko neutriinon synty sekunnin miljardisosan tarkkuudella. Jos siin\u00e4 menee ihan v\u00e4h\u00e4nkin pieleen, tietysti saadaan nopeuskin v\u00e4h\u00e4n pieleen. Neutriinon synty\u00e4 ei voi n\u00e4hd\u00e4 vaan se pit\u00e4\u00e4 laskea teoreettisesti.&#8221; &#8211; <strong>Kari Enqvist<\/strong> (<a title=\"Iltalehti\" href=\"http:\/\/www.iltalehti.fi\/uutiset\/2011092314444074_uu.shtml?fb_ref=flb&amp;fb_source=profile_oneline\" target=\"_blank\"><em>Iltalehti<\/em><\/a>)<\/p>\n\n\n\n<p>&#8221;Olen valmis ly\u00f6m\u00e4\u00e4n mallasviskipullon vetoa, ett\u00e4 t\u00e4m\u00e4 ei pid\u00e4 paikkaansa. Olisihan se tavattoman j\u00e4nnitt\u00e4v\u00e4\u00e4, ja siin\u00e4 mieless\u00e4 varmasti jokainen toivoo, ett\u00e4 se olisikin totta. Silloin kaikki menisi ihan uusiksi, ja avautuisi ihan uudet n\u00e4kym\u00e4t. Siin\u00e4 t\u00e4ytyy panna j\u00e4it\u00e4 hattuun, sill\u00e4 t\u00e4llaisia tulee tasaisin v\u00e4liajoin: Yksitt\u00e4isi\u00e4 havaintoja ja tutkimustuloksia, jotka n\u00e4ytt\u00e4v\u00e4t mullistavan tiedemaailman, mutta joita ei saada toistettua ja jotka j\u00e4\u00e4v\u00e4t vain selitt\u00e4m\u00e4tt\u00f6m\u00e4ksi havainnoksi.&#8221; &#8211; <strong>Esko Valtaoja<\/strong> (<a title=\"Iltalehti\" href=\"http:\/\/www.iltalehti.fi\/uutiset\/2011092314444074_uu.shtml?fb_ref=flb&amp;fb_source=profile_oneline\" target=\"_blank\"><em>Iltalehti<\/em><\/a>)<\/p>\n\n\n\n<p>&#8221;Tulos oli t\u00e4ydellinen yll\u00e4tys. Kuukausienkaan tutkimusten ja tarkistusten j\u00e4lkeen emme l\u00f6yt\u00e4neet menetelmist\u00e4 johtuvaa tekij\u00e4\u00e4, joka selitt\u00e4isi mittaustuloksen. Samaan aikaan kun OPERA:n tutkijat jatkavat ty\u00f6t\u00e4\u00e4n, odotamme my\u00f6s riippumattomia mittauksia m\u00e4\u00e4ritt\u00e4m\u00e4\u00e4n l\u00f6yd\u00f6n luonteen.&#8221;- <strong>Antonio Ereditato<\/strong>, CERN (<a title=\"CERN\" href=\"http:\/\/press.web.cern.ch\/press\/PressReleases\/Releases2011\/PR19.11E.html\" target=\"_blank\">CERN Press release<\/a>)<\/p>\n\n\n\n<p>&#8221;Nostakaa fysiikankirjanne kuitenkin yl\u00f6s roskakorista. Uudet tulokset ovat nimitt\u00e4in ristiriidassa aiempien tulosten kanssa, joita on saatu supernovar\u00e4j\u00e4hdysten avulla. Lis\u00e4ksi on mahdollista, ett\u00e4 hiukkasten lasketussa l\u00e4ht\u00f6ajassa on virheit\u00e4. Ja vaikka tulos olisi oikea, se ei v\u00e4ltt\u00e4m\u00e4tt\u00e4 tarkoita, ett\u00e4 valonnopeus olisi ylittynyt, kiitos teorioiden, jotka mahdollistavat ylim\u00e4\u00e4r\u00e4isten ulottuvuuksien olemassaolon.&#8221; &#8211; <strong>Lisa Grossman<\/strong> (<a title=\"New Scientist\" href=\"http:\/\/www.newscientist.com\/article\/dn20957-dimensionhop-may-allow-neutrinos-to-cheat-light-speed.html\" target=\"_blank\"><em>New Scientist<\/em><\/a>) (T\u00e4m\u00e4 on muutenkin hyv\u00e4 artikkeli aiheesta, kannattaa lukea!)<\/p>\n\n\n\n<p>&#8221;Jos se on totta, se on fantastista. Se hajottaa fysiikan perusteet. Meid\u00e4n t\u00e4ytyy kuitenkin viel\u00e4 vahvistaa se.&#8221; &#8211; <strong>Stephen Parke<\/strong>,  Fermilab (<a title=\"New Scientist\" href=\"http:\/\/www.newscientist.com\/article\/dn20957-dimensionhop-may-allow-neutrinos-to-cheat-light-speed.html\" target=\"_blank\"><em>New Scientist<\/em><\/a>)<\/p>\n\n\n\n<p>&#8221;T\u00e4h\u00e4n liittyy hyvin, hyvin suuri \u2018jos&#8217;. Koska t\u00e4m\u00e4 on ainoa viite siit\u00e4, ett\u00e4 Einsteinin teorioissa olisi jotain vikaa, meid\u00e4n t\u00e4ytyy tarkistaa, l\u00f6ytyyk\u00f6 jokin mittausvirhe, joka on v\u00e4\u00e4rist\u00e4nyt tuloksen.&#8221; &#8211; <strong>Alfons Weber<\/strong>, Oxfordin yliopisto (<a title=\"PhysOrg\" href=\"http:\/\/www.physorg.com\/news\/2011-09-scientists-stunned-sceptical-faster-than-light-particles.html\" target=\"_blank\"><em>PhysOrg.com<\/em><\/a>)<\/p>\n\n\n\n<p>&#8221;Ihmiset tulevat haastamaan t\u00e4m\u00e4n l\u00f6yd\u00f6n &#8211; jos mit\u00e4\u00e4n l\u00f6yt\u00f6\u00e4 onkaan.&#8221; &#8211; <strong>Jonathan Ellis<\/strong>, CERN (<a title=\"PhysOrg\" href=\"http:\/\/www.physorg.com\/news\/2011-09-scientists-stunned-sceptical-faster-than-light-particles.html\" target=\"_blank\"><em>PhysOrg.com<\/em><\/a>)<\/p>\n\n\n\n<p>Skeptist\u00e4 on. Mutta aina kannattaa ajatella, mit\u00e4 kapteeni Picard sanoisi potentiaalisista uusista havainnoista suhteellisuusteorian saralla:<\/p>\n\n\n\n","protected":false},"excerpt":{"rendered":"<p>&#8221;Fysiikan lait saattavat menn\u00e4 uusiksi&#8221;, julistivat otsikot eilen. Kyse oli CERN:in hiukkasfysiikan tutkimuskeskuksessa saaduista tuloksista &#8211; &#8221;OPERA experiment reports anomaly in flight time of neutrinos from CERN to Gran Sasso&#8221; kertoi CERN:in oma tiedote.<br \/>\n&hellip;<\/p>\n","protected":false},"author":146,"featured_media":0,"comment_status":"open","ping_status":"open","sticky":false,"template":"","format":"standard","meta":{"_acf_changed":false,"asauth_required_access_level":0,"asauth_cansharepaid":"","om_header_attributes":[],"footnotes":"","om_featured_image_focal_point":[],"om_primary_tag":0,"om_contributors":[],"om_co_authors":[],"beyondwords_generate_audio":"","beyondwords_project_id":"","beyondwords_content_id":"","beyondwords_preview_token":"","beyondwords_player_content":"","beyondwords_player_style":"","beyondwords_language_code":"","beyondwords_language_id":"","beyondwords_title_voice_id":"","beyondwords_body_voice_id":"","beyondwords_summary_voice_id":"","beyondwords_error_message":"","beyondwords_disabled":"","beyondwords_delete_content":"","beyondwords_podcast_id":"","beyondwords_hash":"","publish_post_to_speechkit":"","speechkit_hash":"","speechkit_generate_audio":"","speechkit_project_id":"","speechkit_podcast_id":"","speechkit_error_message":"","speechkit_disabled":"","speechkit_access_key":"","speechkit_error":"","speechkit_info":"","speechkit_response":"","speechkit_retries":"","speechkit_status":"","speechkit_updated_at":"","_speechkit_link":"","_speechkit_text":""},"categories":[1],"tags":[1127,863,8,417,1128,1126],"class_list":["post-268","post","type-post","status-publish","format-standard","hentry","category-tarinoita-tieteesta","tag-albert-einstein","tag-cern","tag-esko-valtaoja","tag-kari-enqvist","tag-neutriinot","tag-valonnopeus"],"om_views":null,"acf":{"tuuma_off":false,"tuuma_kysymys":"","tuuma_vastaus":""},"asauth":{"required_access_level":1,"share_token":"","is_paid":false},"yoast_head":"<!-- This site is optimized with the Yoast SEO plugin v26.4 - https:\/\/yoast.com\/wordpress\/plugins\/seo\/ -->\n<title>No voinko matkustaa ajassa vai en? - Tarinoita tieteest\u00e4<\/title>\n<meta name=\"robots\" content=\"index, follow, max-snippet:-1, max-image-preview:large, max-video-preview:-1\" \/>\n<link rel=\"canonical\" href=\"https:\/\/suomenkuvalehti.fi\/tarinoitatieteesta\/no-voinko-matkustaa-ajassa-vai-en\/\" \/>\n<meta property=\"og:locale\" content=\"fi_FI\" \/>\n<meta property=\"og:type\" content=\"article\" \/>\n<meta property=\"og:title\" content=\"No voinko matkustaa ajassa vai en? - Tarinoita tieteest\u00e4\" \/>\n<meta property=\"og:description\" content=\"&#8221;Fysiikan lait saattavat menn\u00e4 uusiksi&#8221;, julistivat otsikot eilen. Kyse oli CERN:in hiukkasfysiikan tutkimuskeskuksessa saaduista tuloksista &#8211; &#8221;OPERA experiment reports anomaly in flight time of neutrinos from CERN to Gran Sasso&#8221; kertoi CERN:in oma tiedote. &hellip;\" \/>\n<meta property=\"og:url\" content=\"https:\/\/suomenkuvalehti.fi\/tarinoitatieteesta\/no-voinko-matkustaa-ajassa-vai-en\/\" \/>\n<meta property=\"og:site_name\" content=\"Tarinoita tieteest\u00e4\" \/>\n<meta property=\"article:author\" content=\"https:\/\/www.facebook.com\/pages\/Tiina-Raevaara-Tarinoita-tieteest\/280663078640821?fref=ts\" \/>\n<meta property=\"article:published_time\" content=\"2011-09-23T18:30:32+00:00\" \/>\n<meta property=\"og:image\" content=\"https:\/\/suomenkuvalehti.fi\/tarinoitatieteesta\/wp-content\/uploads\/sites\/13\/2022\/04\/tiina_raevaara-scaled.jpg\" \/>\n\t<meta property=\"og:image:width\" content=\"2560\" \/>\n\t<meta property=\"og:image:height\" content=\"1707\" \/>\n\t<meta property=\"og:image:type\" content=\"image\/jpeg\" \/>\n<meta name=\"author\" content=\"Tiina Raevaara\" \/>\n<meta name=\"twitter:card\" content=\"summary_large_image\" \/>\n<meta name=\"twitter:creator\" content=\"@https:\/\/twitter.com\/raevaara\" \/>\n<meta name=\"twitter:label1\" content=\"Written by\" \/>\n\t<meta name=\"twitter:data1\" content=\"Tiina Raevaara\" \/>\n\t<meta name=\"twitter:label2\" content=\"Est. reading time\" \/>\n\t<meta name=\"twitter:data2\" content=\"3 minuuttia\" \/>\n<script type=\"application\/ld+json\" class=\"yoast-schema-graph\">{\"@context\":\"https:\/\/schema.org\",\"@graph\":[{\"@type\":\"WebPage\",\"@id\":\"https:\/\/suomenkuvalehti.fi\/tarinoitatieteesta\/no-voinko-matkustaa-ajassa-vai-en\/\",\"url\":\"https:\/\/suomenkuvalehti.fi\/tarinoitatieteesta\/no-voinko-matkustaa-ajassa-vai-en\/\",\"name\":\"No voinko matkustaa ajassa vai en? - Tarinoita tieteest\u00e4\",\"isPartOf\":{\"@id\":\"https:\/\/suomenkuvalehti.fi\/tarinoitatieteesta\/#website\"},\"datePublished\":\"2011-09-23T18:30:32+00:00\",\"author\":{\"@id\":\"https:\/\/suomenkuvalehti.fi\/tarinoitatieteesta\/#\/schema\/person\/bb9c6caa48b3f9394f20b9d28415bca6\"},\"breadcrumb\":{\"@id\":\"https:\/\/suomenkuvalehti.fi\/tarinoitatieteesta\/no-voinko-matkustaa-ajassa-vai-en\/#breadcrumb\"},\"inLanguage\":\"fi\",\"potentialAction\":[{\"@type\":\"ReadAction\",\"target\":[\"https:\/\/suomenkuvalehti.fi\/tarinoitatieteesta\/no-voinko-matkustaa-ajassa-vai-en\/\"]}]},{\"@type\":\"BreadcrumbList\",\"@id\":\"https:\/\/suomenkuvalehti.fi\/tarinoitatieteesta\/no-voinko-matkustaa-ajassa-vai-en\/#breadcrumb\",\"itemListElement\":[{\"@type\":\"ListItem\",\"position\":1,\"name\":\"Home\",\"item\":\"https:\/\/suomenkuvalehti.fi\/tarinoitatieteesta\/\"},{\"@type\":\"ListItem\",\"position\":2,\"name\":\"No voinko matkustaa ajassa vai en?\"}]},{\"@type\":\"WebSite\",\"@id\":\"https:\/\/suomenkuvalehti.fi\/tarinoitatieteesta\/#website\",\"url\":\"https:\/\/suomenkuvalehti.fi\/tarinoitatieteesta\/\",\"name\":\"Tarinoita tieteest\u00e4\",\"description\":\"Biologi Tiina Raevaara tutkailee tieteen maailmaa kaunokirjailijan aivoin.\",\"potentialAction\":[{\"@type\":\"SearchAction\",\"target\":{\"@type\":\"EntryPoint\",\"urlTemplate\":\"https:\/\/suomenkuvalehti.fi\/haku\/?q={search_term_string}\"},\"query-input\":{\"@type\":\"PropertyValueSpecification\",\"valueRequired\":true,\"valueName\":\"search_term_string\"}}],\"inLanguage\":\"fi\"},{\"@type\":\"Person\",\"@id\":\"https:\/\/suomenkuvalehti.fi\/tarinoitatieteesta\/#\/schema\/person\/bb9c6caa48b3f9394f20b9d28415bca6\",\"name\":\"Tiina Raevaara\",\"image\":{\"@type\":\"ImageObject\",\"inLanguage\":\"fi\",\"@id\":\"https:\/\/suomenkuvalehti.fi\/tarinoitatieteesta\/#\/schema\/person\/image\/\",\"url\":\"https:\/\/suomenkuvalehti.fi\/tarinoitatieteesta\/wp-content\/uploads\/sites\/13\/2022\/04\/tiina_raevaara-150x150.jpg\",\"contentUrl\":\"https:\/\/suomenkuvalehti.fi\/tarinoitatieteesta\/wp-content\/uploads\/sites\/13\/2022\/04\/tiina_raevaara-150x150.jpg\",\"caption\":\"Tiina Raevaara\"},\"description\":\"Kirjoittaja Tiina Raevaara on filosofian tohtori ja kirjailija.\",\"sameAs\":[\"https:\/\/www.facebook.com\/pages\/Tiina-Raevaara-Tarinoita-tieteest\/280663078640821?fref=ts\",\"https:\/\/x.com\/https:\/\/twitter.com\/raevaara\"]}]}<\/script>\n<!-- \/ Yoast SEO plugin. -->","yoast_head_json":{"title":"No voinko matkustaa ajassa vai en? - Tarinoita tieteest\u00e4","robots":{"index":"index","follow":"follow","max-snippet":"max-snippet:-1","max-image-preview":"max-image-preview:large","max-video-preview":"max-video-preview:-1"},"canonical":"https:\/\/suomenkuvalehti.fi\/tarinoitatieteesta\/no-voinko-matkustaa-ajassa-vai-en\/","og_locale":"fi_FI","og_type":"article","og_title":"No voinko matkustaa ajassa vai en? - Tarinoita tieteest\u00e4","og_description":"&#8221;Fysiikan lait saattavat menn\u00e4 uusiksi&#8221;, julistivat otsikot eilen. Kyse oli CERN:in hiukkasfysiikan tutkimuskeskuksessa saaduista tuloksista &#8211; &#8221;OPERA experiment reports anomaly in flight time of neutrinos from CERN to Gran Sasso&#8221; kertoi CERN:in oma tiedote. &hellip;","og_url":"https:\/\/suomenkuvalehti.fi\/tarinoitatieteesta\/no-voinko-matkustaa-ajassa-vai-en\/","og_site_name":"Tarinoita tieteest\u00e4","article_author":"https:\/\/www.facebook.com\/pages\/Tiina-Raevaara-Tarinoita-tieteest\/280663078640821?fref=ts","article_published_time":"2011-09-23T18:30:32+00:00","og_image":[{"width":2560,"height":1707,"url":"https:\/\/suomenkuvalehti.fi\/tarinoitatieteesta\/wp-content\/uploads\/sites\/13\/2022\/04\/tiina_raevaara-scaled.jpg","type":"image\/jpeg"}],"author":"Tiina Raevaara","twitter_card":"summary_large_image","twitter_creator":"@https:\/\/twitter.com\/raevaara","twitter_misc":{"Written by":"Tiina Raevaara","Est. reading time":"3 minuuttia"},"schema":{"@context":"https:\/\/schema.org","@graph":[{"@type":"WebPage","@id":"https:\/\/suomenkuvalehti.fi\/tarinoitatieteesta\/no-voinko-matkustaa-ajassa-vai-en\/","url":"https:\/\/suomenkuvalehti.fi\/tarinoitatieteesta\/no-voinko-matkustaa-ajassa-vai-en\/","name":"No voinko matkustaa ajassa vai en? - Tarinoita tieteest\u00e4","isPartOf":{"@id":"https:\/\/suomenkuvalehti.fi\/tarinoitatieteesta\/#website"},"datePublished":"2011-09-23T18:30:32+00:00","author":{"@id":"https:\/\/suomenkuvalehti.fi\/tarinoitatieteesta\/#\/schema\/person\/bb9c6caa48b3f9394f20b9d28415bca6"},"breadcrumb":{"@id":"https:\/\/suomenkuvalehti.fi\/tarinoitatieteesta\/no-voinko-matkustaa-ajassa-vai-en\/#breadcrumb"},"inLanguage":"fi","potentialAction":[{"@type":"ReadAction","target":["https:\/\/suomenkuvalehti.fi\/tarinoitatieteesta\/no-voinko-matkustaa-ajassa-vai-en\/"]}]},{"@type":"BreadcrumbList","@id":"https:\/\/suomenkuvalehti.fi\/tarinoitatieteesta\/no-voinko-matkustaa-ajassa-vai-en\/#breadcrumb","itemListElement":[{"@type":"ListItem","position":1,"name":"Home","item":"https:\/\/suomenkuvalehti.fi\/tarinoitatieteesta\/"},{"@type":"ListItem","position":2,"name":"No voinko matkustaa ajassa vai en?"}]},{"@type":"WebSite","@id":"https:\/\/suomenkuvalehti.fi\/tarinoitatieteesta\/#website","url":"https:\/\/suomenkuvalehti.fi\/tarinoitatieteesta\/","name":"Tarinoita tieteest\u00e4","description":"Biologi Tiina Raevaara tutkailee tieteen maailmaa kaunokirjailijan aivoin.","potentialAction":[{"@type":"SearchAction","target":{"@type":"EntryPoint","urlTemplate":"https:\/\/suomenkuvalehti.fi\/haku\/?q={search_term_string}"},"query-input":{"@type":"PropertyValueSpecification","valueRequired":true,"valueName":"search_term_string"}}],"inLanguage":"fi"},{"@type":"Person","@id":"https:\/\/suomenkuvalehti.fi\/tarinoitatieteesta\/#\/schema\/person\/bb9c6caa48b3f9394f20b9d28415bca6","name":"Tiina Raevaara","image":{"@type":"ImageObject","inLanguage":"fi","@id":"https:\/\/suomenkuvalehti.fi\/tarinoitatieteesta\/#\/schema\/person\/image\/","url":"https:\/\/suomenkuvalehti.fi\/tarinoitatieteesta\/wp-content\/uploads\/sites\/13\/2022\/04\/tiina_raevaara-150x150.jpg","contentUrl":"https:\/\/suomenkuvalehti.fi\/tarinoitatieteesta\/wp-content\/uploads\/sites\/13\/2022\/04\/tiina_raevaara-150x150.jpg","caption":"Tiina Raevaara"},"description":"Kirjoittaja Tiina Raevaara on filosofian tohtori ja kirjailija.","sameAs":["https:\/\/www.facebook.com\/pages\/Tiina-Raevaara-Tarinoita-tieteest\/280663078640821?fref=ts","https:\/\/x.com\/https:\/\/twitter.com\/raevaara"]}]}},"_links":{"self":[{"href":"https:\/\/suomenkuvalehti.fi\/tarinoitatieteesta\/wp-json\/wp\/v2\/posts\/268","targetHints":{"allow":["GET"]}}],"collection":[{"href":"https:\/\/suomenkuvalehti.fi\/tarinoitatieteesta\/wp-json\/wp\/v2\/posts"}],"about":[{"href":"https:\/\/suomenkuvalehti.fi\/tarinoitatieteesta\/wp-json\/wp\/v2\/types\/post"}],"author":[{"embeddable":true,"href":"https:\/\/suomenkuvalehti.fi\/tarinoitatieteesta\/wp-json\/wp\/v2\/users\/146"}],"replies":[{"embeddable":true,"href":"https:\/\/suomenkuvalehti.fi\/tarinoitatieteesta\/wp-json\/wp\/v2\/comments?post=268"}],"version-history":[{"count":0,"href":"https:\/\/suomenkuvalehti.fi\/tarinoitatieteesta\/wp-json\/wp\/v2\/posts\/268\/revisions"}],"wp:attachment":[{"href":"https:\/\/suomenkuvalehti.fi\/tarinoitatieteesta\/wp-json\/wp\/v2\/media?parent=268"}],"wp:term":[{"taxonomy":"category","embeddable":true,"href":"https:\/\/suomenkuvalehti.fi\/tarinoitatieteesta\/wp-json\/wp\/v2\/categories?post=268"},{"taxonomy":"post_tag","embeddable":true,"href":"https:\/\/suomenkuvalehti.fi\/tarinoitatieteesta\/wp-json\/wp\/v2\/tags?post=268"}],"curies":[{"name":"wp","href":"https:\/\/api.w.org\/{rel}","templated":true}]}}