{"id":262,"date":"2011-10-13T09:57:00","date_gmt":"2011-10-13T06:57:00","guid":{"rendered":"https:\/\/suomenkuvalehti.fi\/tarinoitatieteesta\/2011\/10\/13\/vitamiinit-kaatavat-kansaa\/"},"modified":"2011-10-13T09:57:00","modified_gmt":"2011-10-13T06:57:00","slug":"vitamiinit-kaatavat-kansaa","status":"publish","type":"post","link":"https:\/\/suomenkuvalehti.fi\/tarinoitatieteesta\/vitamiinit-kaatavat-kansaa\/","title":{"rendered":"Vitamiinit kaatavat kansaa"},"content":{"rendered":"\n<p>No niin. Edess\u00e4 on suo. T\u00e4ytyy menn\u00e4 l\u00e4pi.<\/p>\n\n\n\n<p>Maanantaina uutisoitiin n\u00e4ytt\u00e4v\u00e4sti Yhdysvalloissa toteutetun <a title=\"PubMed\" href=\"http:\/\/www.ncbi.nlm.nih.gov\/pubmed\/21987192\" target=\"_blank\">ravintotutkimuksen tulokset<\/a>.<\/p>\n\n\n\n<p>Kyseess\u00e4 on seurantatutkimus, jossa oli mukana 38 772 yhdysvaltalaista valkoihoista naista. Julkaistu tutkimus kuuluu suuren <a title=\"University of Minnesota\" href=\"http:\/\/www.cancer.umn.edu\/research\/programs\/peiowa.html\" target=\"_blank\">Iowa Women&#8217;s Health Studyn<\/a> piiriin. Se on alun perin 41 836 naisen kohortti, joka kasattiin vuonna 1986 postmenopausaalisista &#8211; siis vaihdevuodet jo ohittaneista &#8211; naisista, jotka aloitusvuonna olivat 55-69 vuoden ik\u00e4isi\u00e4. Nyt tarkastelussa olivat A, C, D ja E-vitamiinien, beetakaroteenin, B6-vitamiinin, foolihapon, B-monivitamiinin, raudan, kalsiumin, kuparin, magnesiumin, seleenin, sinkin sek\u00e4 monivitamiinivalmisteiden nauttimisen yhteys kuolleisuuteen.<\/p>\n\n\n\n<p>Koska julkaisussa oli mukana suomalaisia tutkijoita It\u00e4-Suomen yliopistosta, tulokset saivat t\u00e4\u00e4ll\u00e4 laajasti julkisuutta, ehk\u00e4 jopa enemm\u00e4n kuin muualla.<\/p>\n\n\n\n<p>Uutisten k\u00e4rki oli pitk\u00e4lti se, ett\u00e4 vitamiinilis\u00e4t voivat jopa lis\u00e4t\u00e4 kuolleisuutta. T\u00e4llainen yhteys l\u00f6ytyi monivitamiinien, B6-vitamiinin, foolihapon, raudan, magnesiumin ja kuparin kohdalta. Vain kalsium n\u00e4ytti v\u00e4hent\u00e4v\u00e4n kuolleisuutta.<\/p>\n\n\n\n<p>Siisp\u00e4:<em><em><em><br><em><\/em><\/em><\/em><\/em><\/p>\n\n\n\n<p><em><em><em><em><em><em><em><em><em>Uusi Suomi<\/em>:<\/em><\/em><\/em><\/em><\/em><\/em><\/em><\/em><a title=\"Uusi Suomi\" href=\"http:\/\/www.uusisuomi.fi\/ymparisto\/116648-ikava-havainto-vitamiinipillereista-%E2%80%93%C2%A0tutkijat-yllattyivat\" target=\"_blank\">&#8221;Ik\u00e4v\u00e4 havainto vitamiinipillereist\u00e4 &#8211; tutkijat yll\u00e4ttyiv\u00e4t&#8221; <\/a><\/p>\n\n\n\n<p>Ja jopa:<\/p>\n\n\n\n<p><em><em><em>Ilta-Sanomat<\/em>: <\/em><\/em><a title=\"Ilta-Sanomat\" href=\"http:\/\/www.iltasanomat.fi\/kotimaa\/raju-tutkimus-ravintolisat-saattavat-olla-hengenvaarallisia\/art-1288419718391.html?fb_source=home_oneline&amp;fb_ref=artikkeli_likea\" target=\"_blank\">&#8221;Raju tutkimus: ravintolis\u00e4t saattavat olla hengenvaarallisia!&#8221;<\/a><\/p>\n\n\n\n<p>Maltillisenakin muistettiin pysy\u00e4:<\/p>\n\n\n\n<p><em><em><em>Helsingin Sanomat<\/em>: <\/em><\/em><a title=\"Helsingin Sanomat\" href=\"http:\/\/www.hs.fi\/kotimaa\/Tutkimus+Ravintolis%C3%A4-+ja+vitamiinivalmisteista+ei+juuri+hy%C3%B6ty%C3%A4\/a1305546891272\" target=\"_blank\">&#8221;Tutkimus: Ravintolis\u00e4- ja vitamiinivalmisteista ei juuri hy\u00f6ty\u00e4&#8221;<\/a><\/p>\n\n\n\n<p>Uutisten perusteella kuvaksi siis j\u00e4i, ett\u00e4 vitamiinien sy\u00f6nnist\u00e4 ei ole kellek\u00e4\u00e4n mit\u00e4\u00e4n hy\u00f6ty\u00e4, pikemminkin ne voivat tappaa.<\/p>\n\n\n\n<p>Uutisen yll\u00e4tt\u00e4vyytt\u00e4kin korostettiin: &#8221;Ravintolisien k\u00e4ytt\u00f6\u00f6n liittyv\u00e4 kuolleisuuden riskin lis\u00e4ys oli tutkijoille yll\u00e4tys, jollaista ei muissa tutkimuksissa ole havaittu&#8221;, v\u00e4itettiin It\u00e4-Suomen yliopiston <a title=\"It\u00e4-Suomen yliopisto\" href=\"http:\/\/www.uef.fi\/uef\/uutiset1;jsessionid=7A12BF308BBA85D25434F3FB00679DBB?p_p_id=101_INSTANCE_3IgZ&amp;p_p_lifecycle=0&amp;p_p_state=normal&amp;p_p_mode=view&amp;p_p_col_id=column-2&amp;p_p_col_pos=1&amp;p_p_col_count=7&amp;_101_INSTANCE_3IgZ_struts_action=%2Fasset_publisher%2Fview_content&amp;_101_INSTANCE_3IgZ_urlTitle=20111010-mursu&amp;_101_INSTANCE_3IgZ_type=content&amp;redirect=%2Fuef%2Fhome\" target=\"_blank\">omassa tiedotteessa<\/a>.<\/p>\n\n\n\n<p>Ep\u00e4selvyyden rajoja koeteltiin. N\u00e4in sanoi THL:n tutkimusprofessori <strong>Suvi Virtanen<\/strong> MTV3:n <a title=\"MTV3\" href=\"http:\/\/www.mtv3.fi\/uutiset\/kotimaa.shtml\/2011\/10\/1409412\/thln-professori-tulokset-yksiselitteisia-monivitamiinipillerien-syonti-taysin-turhaa\" target=\"_blank\">mukaan<\/a>: &#8221;Satunnaistetut, kontrolloidut kokeet ihan yksiselitteisesti eiv\u00e4t osoita, ett\u00e4 mist\u00e4\u00e4n ravintoainevalmisteesta olisi mit\u00e4\u00e4n hy\u00f6ty\u00e4. Joidenkin valmisteiden kohdalla niist\u00e4 on jopa haittaa.&#8221;<\/p>\n\n\n\n<p>Virtasen mielest\u00e4 tulokset eiv\u00e4t olleet ensimm\u00e4isi\u00e4 laatuaan, toisin kuin It\u00e4-Suomen yliopisto v\u00e4itt\u00e4\u00e4: &#8221;Lis\u00e4ksi useiden ravintovalmisteiden k\u00e4ytt\u00f6 liitettiin kuolleisuuteen eli niit\u00e4 k\u00e4ytt\u00e4neill\u00e4 oli suurempi kuolleisuus kuin muilla, ja t\u00e4m\u00e4 ei ole ensimm\u00e4inen asiaa koskeva tutkimustulos.<\/p>\n\n\n\n<p>Ko. yliopistoa tutkimuksessa edustanut tutkija <strong>Jaakko Mursu<\/strong> puhuu onneksi huomattavan harkiten:  &#8221;Yhdysvalloissa ravintolisien jatkuva k\u00e4ytt\u00f6 on selv\u00e4sti yleisemp\u00e4\u00e4 kuin Euroopassa. Valmisteiden ainepitoisuudet ovat my\u00f6s suuria, kun taas EU:ssa s\u00e4\u00e4tely suojaa ihmisi\u00e4 paremmin. &#8211; &#8211; Tutkimustuloksista ei voida p\u00e4\u00e4tell\u00e4 kaikkien ravintolisien olevan terveydelle turhia. Vitamiinit voivat auttaa esimerkiksi erilaisten ravitsemuksellisten puutostilojen korjaamisessa.&#8221; (HS)<\/p>\n\n\n\n<p>L\u00e4hteest\u00e4 riippuen k\u00e4sitys l\u00f6yt\u00f6jen merkityksest\u00e4 siis vaihteli paljon.<\/p>\n\n\n\n<p>Luin alkuper\u00e4isen tutkimusraportin l\u00e4pi, t\u00e4ss\u00e4 huomioita:<\/p>\n\n\n\n<ul class=\"wp-block-list\">\n<li>Tutkimuksessa oli tosiaan mukana vain valkoihoisia, lis\u00e4\u00e4ntymisi\u00e4n ylitt\u00e4neit\u00e4 naisia. Heist\u00e4 noin 40 prosenttia kuoli 19 tarkasteluvuoden aikana. On vaikea yleist\u00e4\u00e4 t\u00e4llaisella kohortilla saatuja tuloksia esimerkiksi kasvuik\u00e4isiin lapsiin tai toisenlaisiin etnisiin ryhmiin. Esimerkiksi tummaihoiset <a title=\"Nelonen\" href=\"http:\/\/www.nelonen.fi\/uutiset\/kaikki\/kotimaa\/somaleilla-talvisin-yll%C3%A4tt%C3%A4v%C3%A4-terveysongelma\" target=\"_blank\">tarvitsevat lyhyen p\u00e4iv\u00e4n alueilla D-vitamiinilis\u00e4n<\/a>.<\/li>\n<li>Ravintolisille on aiemminkin l\u00f6ydetty vakavia haittavaikutuksia. Esimerkiksi tutkimuksessa mukana ollut beetakaroteeni on tutkimuksissa <a title=\"PubMed\" href=\"http:\/\/www.ncbi.nlm.nih.gov\/pubmed\/?term=Beta-carotene%20in%20multivitamins%20and%20the%20possible%20risk%20of%20lung%20cancer%20among%20smokers%20versus%20former%20smokers%3A%20a%20meta-analysis%20and%20evaluation%20of%20national%20brands\" target=\"_blank\">lis\u00e4nnyt joitakin sy\u00f6pi\u00e4<\/a>. Joka tapauksessa vitamiinilisien haittavaikutuksiin ovat aiemmissa tutkimuksissa vaikuttaneet esimerkiksi annostus ja tupakointi. Erot voivat siis olla hyvin yksil\u00f6llisi\u00e4 ymp\u00e4rist\u00f6tekij\u00f6ist\u00e4 ja varmasti my\u00f6s geeneist\u00e4 johtuen. Tutkimuksen tulokset eiv\u00e4t olleet niin p\u00f6yristytt\u00e4v\u00e4n poikkeuksellisia, joina ne ehk\u00e4 haluttiin esitt\u00e4\u00e4.<\/li>\n<li>Tarkastelussa n\u00e4kyi se ilmi\u00f6, ett\u00e4 vitamiinilisi\u00e4 k\u00e4ytt\u00e4v\u00e4t naisista eniten terveet, hyvinvoinnistaan muutenkin huolehtivat yksil\u00f6t. Heill\u00e4 esiintyi lisi\u00e4 k\u00e4ytt\u00e4m\u00e4tt\u00f6mi\u00e4 v\u00e4hemm\u00e4n mm. kakkostyypin diabetesta ja korkeaa verenpainetta, he olivat laihempia ja tupakoivat v\u00e4hemm\u00e4n, olivat koulutetumpia ja liikkuivat enemm\u00e4n. Siksi t\u00e4ytyy pit\u00e4\u00e4 mieless\u00e4, ett\u00e4 toisenlaisilla ihmisill\u00e4 vitamiinilis\u00e4t voivat olla hyvinkin tarpeellisia ja toisaalta vitamiinien haittavaikutus pienemp\u00e4\u00e4. Huonolaatuista ravintoa voi jonkin verran kompensoida purkista otetuilla vitamiineilla. Vitamiineja k\u00e4ytt\u00e4v\u00e4t s\u00f6iv\u00e4t jo valmiiksi terveellisesti, ja voi my\u00f6s olla, ett\u00e4 he k\u00e4yttiv\u00e4t paljon nyky\u00e4\u00e4n niin suosittuja &#8221;funktionaalisia&#8221; elintarvikkeita lis\u00e4ttyine vitamiineineen. Saatuja vitamiinim\u00e4\u00e4ri\u00e4 oli siksi tietenkin mahdotonta m\u00e4\u00e4ritt\u00e4\u00e4, eik\u00e4 osallistujille tehtyk\u00e4\u00e4n tarkkoja ravitsemustutkimuksia.<\/li>\n<li>Tarkasteluaika oli 19 vuotta, johon noin i\u00e4kk\u00e4\u00e4ll\u00e4 kohortilla mahtuu paljon sairastumisia ja tietysti kuolemantapauksia eri syist\u00e4. Tutkimuksessa ei kontrolloitu, mist\u00e4 syyst\u00e4 ihmiset ravintolisi\u00e4 nauttivat. Esimerkiksi rautalis\u00e4\u00e4 (joka tarkastelussa yhdistyi kohonneeseen kuolleisuuteen) saatettiinkin nauttia anemiaan &#8211; jonka syy lis\u00e4si kuolleisuutta. T\u00e4llaisia seikkoja ei aineistoissa pystytty t\u00e4ysin sulkemaan pois.<\/li>\n<li>Toisaalta ravintolisien vaikutusta l\u00e4\u00e4kitykseen ei voitu tarkastella. Esimerkiksi sinkki est\u00e4\u00e4 monien l\u00e4\u00e4keaineiden imeytymist\u00e4. My\u00f6s varsinaisia yhteisvaikutuksia voi esiinty\u00e4. Sit\u00e4k\u00e4\u00e4n, mill\u00e4 tavoin sairastuminen kesken tarkasteluajan vaikutti ihmisten vitamiinien k\u00e4ytt\u00f6\u00f6n, ei voitu selvitt\u00e4\u00e4.<\/li>\n<li>Se, ett\u00e4 tutkimus on uudempi kuin edelt\u00e4j\u00e4ns\u00e4, ei tarkoita, ett\u00e4 se olisi oikeammassa kuin ne. Tuloksissa on paljon ristiriitaisuuksia vanhempien julkaisujen kanssa. Nyt esimerkiksi D-vitamiinilis\u00e4n hy\u00f6ty\u00e4 ei saatu n\u00e4kyviin, vaikka monessa muussa tutkimuksessa on saatu.<\/li>\n<li>Monella vitamiinilla tai hivenaineella on selke\u00e4sti osoitetut hy\u00f6tyns\u00e4 tietyiss\u00e4 tilanteissa. Esimerkiksi B-vitamiineihin kuuluva foolihappo on t\u00e4rke\u00e4\u00e4 siki\u00f6nkehityksess\u00e4 ja siksi sit\u00e4 monissa maissa suositellaan raskaana oleville. Postmenopausaalisten naisten kohortissa tuollaisia hy\u00f6tyj\u00e4 ei tietenk\u00e4\u00e4n tarkasteltu.<\/li>\n<\/ul>\n\n\n\n<p>Asia on, niin kuin asiat aina ovat, huomattavan monitahoinen, eik\u00e4 siit\u00e4 pit\u00e4isi antaa muunlaisia kuin maltillisia lausuntoja. <br>Yleisen hokeman &#8221;terveellist\u00e4 ruokavaliota ei voi korvata ravintolisill\u00e4&#8221; voisi ehk\u00e4 kuitenkin muuttaa muotoon &#8221;terveellist\u00e4 ravintoa ei pid\u00e4 yritt\u00e4\u00e4 t\u00e4ydent\u00e4\u00e4 ravintolisill\u00e4&#8221;. Mutta jos terveellist\u00e4 ruokavaliota ei jostain syyst\u00e4 pysty toteuttamaan, vitamiini- ja hivenainelisill\u00e4 voi olla paikkansa.<\/p>\n\n\n\n<p>D-vitamiinin ja kalsiumin saannista kannattaa todellakin pit\u00e4\u00e4 huoli, ja jos muihin vitamiineihin tuntee pakottavaa tarvetta, annostuksen kannattaa olla kohdallaan ja lisi\u00e4 k\u00e4ytt\u00e4\u00e4 vain kuuriluontoisesti. Monivitamiinivalmisteiden kanssa kannattaa olla erityisen tarkkana. Mutta jos joku kokee C-vitamiinikuurin lyhent\u00e4v\u00e4n flunssaansa, pysyk\u00f6\u00f6n rutiinissaan. Se ei tapa.<\/p>\n\n\n\n<p>Huoh.<\/p>\n\n\n","protected":false},"excerpt":{"rendered":"<p>No niin. Edess\u00e4 on suo. T\u00e4ytyy menn\u00e4 l\u00e4pi. Maanantaina uutisoitiin n\u00e4ytt\u00e4v\u00e4sti Yhdysvalloissa toteutetun ravintotutkimuksen tulokset. Kyseess\u00e4 on seurantatutkimus, jossa oli mukana 38 772 yhdysvaltalaista valkoihoista naista. Julkaistu tutkimus kuuluu suuren Iowa Women&#8217;s Health Studyn<br \/>\npiiriin&hellip;<\/p>\n","protected":false},"author":146,"featured_media":0,"comment_status":"open","ping_status":"open","sticky":false,"template":"","format":"standard","meta":{"_acf_changed":false,"asauth_required_access_level":0,"asauth_cansharepaid":"","om_header_attributes":[],"footnotes":"","om_featured_image_focal_point":[],"om_primary_tag":0,"om_contributors":[],"om_co_authors":[],"beyondwords_generate_audio":"","beyondwords_project_id":"","beyondwords_content_id":"","beyondwords_preview_token":"","beyondwords_player_content":"","beyondwords_player_style":"","beyondwords_language_code":"","beyondwords_language_id":"","beyondwords_title_voice_id":"","beyondwords_body_voice_id":"","beyondwords_summary_voice_id":"","beyondwords_error_message":"","beyondwords_disabled":"","beyondwords_delete_content":"","beyondwords_podcast_id":"","beyondwords_hash":"","publish_post_to_speechkit":"","speechkit_hash":"","speechkit_generate_audio":"","speechkit_project_id":"","speechkit_podcast_id":"","speechkit_error_message":"","speechkit_disabled":"","speechkit_access_key":"","speechkit_error":"","speechkit_info":"","speechkit_response":"","speechkit_retries":"","speechkit_status":"","speechkit_updated_at":"","_speechkit_link":"","_speechkit_text":""},"categories":[1],"tags":[761,6,40,1116],"class_list":["post-262","post","type-post","status-publish","format-standard","hentry","category-tarinoita-tieteesta","tag-ravinto","tag-tiedejournalismi","tag-tutkimuksen-julkisuus","tag-vitamiinit"],"om_views":null,"acf":{"tuuma_off":false,"tuuma_kysymys":"","tuuma_vastaus":""},"asauth":{"required_access_level":1,"share_token":"","is_paid":false},"yoast_head":"<!-- This site is optimized with the Yoast SEO plugin v26.4 - https:\/\/yoast.com\/wordpress\/plugins\/seo\/ -->\n<title>Vitamiinit kaatavat kansaa - Tarinoita tieteest\u00e4<\/title>\n<meta name=\"robots\" content=\"index, follow, max-snippet:-1, max-image-preview:large, max-video-preview:-1\" \/>\n<link rel=\"canonical\" href=\"https:\/\/suomenkuvalehti.fi\/tarinoitatieteesta\/vitamiinit-kaatavat-kansaa\/\" \/>\n<meta property=\"og:locale\" content=\"fi_FI\" \/>\n<meta property=\"og:type\" content=\"article\" \/>\n<meta property=\"og:title\" content=\"Vitamiinit kaatavat kansaa - Tarinoita tieteest\u00e4\" \/>\n<meta property=\"og:description\" content=\"No niin. Edess\u00e4 on suo. T\u00e4ytyy menn\u00e4 l\u00e4pi. Maanantaina uutisoitiin n\u00e4ytt\u00e4v\u00e4sti Yhdysvalloissa toteutetun ravintotutkimuksen tulokset. Kyseess\u00e4 on seurantatutkimus, jossa oli mukana 38 772 yhdysvaltalaista valkoihoista naista. Julkaistu tutkimus kuuluu suuren Iowa Women&#8217;s Health Studyn piiriin&hellip;\" \/>\n<meta property=\"og:url\" content=\"https:\/\/suomenkuvalehti.fi\/tarinoitatieteesta\/vitamiinit-kaatavat-kansaa\/\" \/>\n<meta property=\"og:site_name\" content=\"Tarinoita tieteest\u00e4\" \/>\n<meta property=\"article:author\" content=\"https:\/\/www.facebook.com\/pages\/Tiina-Raevaara-Tarinoita-tieteest\/280663078640821?fref=ts\" \/>\n<meta property=\"article:published_time\" content=\"2011-10-13T06:57:00+00:00\" \/>\n<meta property=\"og:image\" content=\"https:\/\/suomenkuvalehti.fi\/tarinoitatieteesta\/wp-content\/uploads\/sites\/13\/2022\/04\/tiina_raevaara-scaled.jpg\" \/>\n\t<meta property=\"og:image:width\" content=\"2560\" \/>\n\t<meta property=\"og:image:height\" content=\"1707\" \/>\n\t<meta property=\"og:image:type\" content=\"image\/jpeg\" \/>\n<meta name=\"author\" content=\"Tiina Raevaara\" \/>\n<meta name=\"twitter:card\" content=\"summary_large_image\" \/>\n<meta name=\"twitter:creator\" content=\"@https:\/\/twitter.com\/raevaara\" \/>\n<meta name=\"twitter:label1\" content=\"Written by\" \/>\n\t<meta name=\"twitter:data1\" content=\"Tiina Raevaara\" \/>\n\t<meta name=\"twitter:label2\" content=\"Est. reading time\" \/>\n\t<meta name=\"twitter:data2\" content=\"4 minuuttia\" \/>\n<script type=\"application\/ld+json\" class=\"yoast-schema-graph\">{\"@context\":\"https:\/\/schema.org\",\"@graph\":[{\"@type\":\"WebPage\",\"@id\":\"https:\/\/suomenkuvalehti.fi\/tarinoitatieteesta\/vitamiinit-kaatavat-kansaa\/\",\"url\":\"https:\/\/suomenkuvalehti.fi\/tarinoitatieteesta\/vitamiinit-kaatavat-kansaa\/\",\"name\":\"Vitamiinit kaatavat kansaa - Tarinoita tieteest\u00e4\",\"isPartOf\":{\"@id\":\"https:\/\/suomenkuvalehti.fi\/tarinoitatieteesta\/#website\"},\"datePublished\":\"2011-10-13T06:57:00+00:00\",\"author\":{\"@id\":\"https:\/\/suomenkuvalehti.fi\/tarinoitatieteesta\/#\/schema\/person\/bb9c6caa48b3f9394f20b9d28415bca6\"},\"breadcrumb\":{\"@id\":\"https:\/\/suomenkuvalehti.fi\/tarinoitatieteesta\/vitamiinit-kaatavat-kansaa\/#breadcrumb\"},\"inLanguage\":\"fi\",\"potentialAction\":[{\"@type\":\"ReadAction\",\"target\":[\"https:\/\/suomenkuvalehti.fi\/tarinoitatieteesta\/vitamiinit-kaatavat-kansaa\/\"]}]},{\"@type\":\"BreadcrumbList\",\"@id\":\"https:\/\/suomenkuvalehti.fi\/tarinoitatieteesta\/vitamiinit-kaatavat-kansaa\/#breadcrumb\",\"itemListElement\":[{\"@type\":\"ListItem\",\"position\":1,\"name\":\"Home\",\"item\":\"https:\/\/suomenkuvalehti.fi\/tarinoitatieteesta\/\"},{\"@type\":\"ListItem\",\"position\":2,\"name\":\"Vitamiinit kaatavat kansaa\"}]},{\"@type\":\"WebSite\",\"@id\":\"https:\/\/suomenkuvalehti.fi\/tarinoitatieteesta\/#website\",\"url\":\"https:\/\/suomenkuvalehti.fi\/tarinoitatieteesta\/\",\"name\":\"Tarinoita tieteest\u00e4\",\"description\":\"Biologi Tiina Raevaara tutkailee tieteen maailmaa kaunokirjailijan aivoin.\",\"potentialAction\":[{\"@type\":\"SearchAction\",\"target\":{\"@type\":\"EntryPoint\",\"urlTemplate\":\"https:\/\/suomenkuvalehti.fi\/haku\/?q={search_term_string}\"},\"query-input\":{\"@type\":\"PropertyValueSpecification\",\"valueRequired\":true,\"valueName\":\"search_term_string\"}}],\"inLanguage\":\"fi\"},{\"@type\":\"Person\",\"@id\":\"https:\/\/suomenkuvalehti.fi\/tarinoitatieteesta\/#\/schema\/person\/bb9c6caa48b3f9394f20b9d28415bca6\",\"name\":\"Tiina Raevaara\",\"image\":{\"@type\":\"ImageObject\",\"inLanguage\":\"fi\",\"@id\":\"https:\/\/suomenkuvalehti.fi\/tarinoitatieteesta\/#\/schema\/person\/image\/\",\"url\":\"https:\/\/suomenkuvalehti.fi\/tarinoitatieteesta\/wp-content\/uploads\/sites\/13\/2022\/04\/tiina_raevaara-150x150.jpg\",\"contentUrl\":\"https:\/\/suomenkuvalehti.fi\/tarinoitatieteesta\/wp-content\/uploads\/sites\/13\/2022\/04\/tiina_raevaara-150x150.jpg\",\"caption\":\"Tiina Raevaara\"},\"description\":\"Kirjoittaja Tiina Raevaara on filosofian tohtori ja kirjailija.\",\"sameAs\":[\"https:\/\/www.facebook.com\/pages\/Tiina-Raevaara-Tarinoita-tieteest\/280663078640821?fref=ts\",\"https:\/\/x.com\/https:\/\/twitter.com\/raevaara\"]}]}<\/script>\n<!-- \/ Yoast SEO plugin. -->","yoast_head_json":{"title":"Vitamiinit kaatavat kansaa - Tarinoita tieteest\u00e4","robots":{"index":"index","follow":"follow","max-snippet":"max-snippet:-1","max-image-preview":"max-image-preview:large","max-video-preview":"max-video-preview:-1"},"canonical":"https:\/\/suomenkuvalehti.fi\/tarinoitatieteesta\/vitamiinit-kaatavat-kansaa\/","og_locale":"fi_FI","og_type":"article","og_title":"Vitamiinit kaatavat kansaa - Tarinoita tieteest\u00e4","og_description":"No niin. Edess\u00e4 on suo. T\u00e4ytyy menn\u00e4 l\u00e4pi. Maanantaina uutisoitiin n\u00e4ytt\u00e4v\u00e4sti Yhdysvalloissa toteutetun ravintotutkimuksen tulokset. Kyseess\u00e4 on seurantatutkimus, jossa oli mukana 38 772 yhdysvaltalaista valkoihoista naista. Julkaistu tutkimus kuuluu suuren Iowa Women&#8217;s Health Studyn piiriin&hellip;","og_url":"https:\/\/suomenkuvalehti.fi\/tarinoitatieteesta\/vitamiinit-kaatavat-kansaa\/","og_site_name":"Tarinoita tieteest\u00e4","article_author":"https:\/\/www.facebook.com\/pages\/Tiina-Raevaara-Tarinoita-tieteest\/280663078640821?fref=ts","article_published_time":"2011-10-13T06:57:00+00:00","og_image":[{"width":2560,"height":1707,"url":"https:\/\/suomenkuvalehti.fi\/tarinoitatieteesta\/wp-content\/uploads\/sites\/13\/2022\/04\/tiina_raevaara-scaled.jpg","type":"image\/jpeg"}],"author":"Tiina Raevaara","twitter_card":"summary_large_image","twitter_creator":"@https:\/\/twitter.com\/raevaara","twitter_misc":{"Written by":"Tiina Raevaara","Est. reading time":"4 minuuttia"},"schema":{"@context":"https:\/\/schema.org","@graph":[{"@type":"WebPage","@id":"https:\/\/suomenkuvalehti.fi\/tarinoitatieteesta\/vitamiinit-kaatavat-kansaa\/","url":"https:\/\/suomenkuvalehti.fi\/tarinoitatieteesta\/vitamiinit-kaatavat-kansaa\/","name":"Vitamiinit kaatavat kansaa - Tarinoita tieteest\u00e4","isPartOf":{"@id":"https:\/\/suomenkuvalehti.fi\/tarinoitatieteesta\/#website"},"datePublished":"2011-10-13T06:57:00+00:00","author":{"@id":"https:\/\/suomenkuvalehti.fi\/tarinoitatieteesta\/#\/schema\/person\/bb9c6caa48b3f9394f20b9d28415bca6"},"breadcrumb":{"@id":"https:\/\/suomenkuvalehti.fi\/tarinoitatieteesta\/vitamiinit-kaatavat-kansaa\/#breadcrumb"},"inLanguage":"fi","potentialAction":[{"@type":"ReadAction","target":["https:\/\/suomenkuvalehti.fi\/tarinoitatieteesta\/vitamiinit-kaatavat-kansaa\/"]}]},{"@type":"BreadcrumbList","@id":"https:\/\/suomenkuvalehti.fi\/tarinoitatieteesta\/vitamiinit-kaatavat-kansaa\/#breadcrumb","itemListElement":[{"@type":"ListItem","position":1,"name":"Home","item":"https:\/\/suomenkuvalehti.fi\/tarinoitatieteesta\/"},{"@type":"ListItem","position":2,"name":"Vitamiinit kaatavat kansaa"}]},{"@type":"WebSite","@id":"https:\/\/suomenkuvalehti.fi\/tarinoitatieteesta\/#website","url":"https:\/\/suomenkuvalehti.fi\/tarinoitatieteesta\/","name":"Tarinoita tieteest\u00e4","description":"Biologi Tiina Raevaara tutkailee tieteen maailmaa kaunokirjailijan aivoin.","potentialAction":[{"@type":"SearchAction","target":{"@type":"EntryPoint","urlTemplate":"https:\/\/suomenkuvalehti.fi\/haku\/?q={search_term_string}"},"query-input":{"@type":"PropertyValueSpecification","valueRequired":true,"valueName":"search_term_string"}}],"inLanguage":"fi"},{"@type":"Person","@id":"https:\/\/suomenkuvalehti.fi\/tarinoitatieteesta\/#\/schema\/person\/bb9c6caa48b3f9394f20b9d28415bca6","name":"Tiina Raevaara","image":{"@type":"ImageObject","inLanguage":"fi","@id":"https:\/\/suomenkuvalehti.fi\/tarinoitatieteesta\/#\/schema\/person\/image\/","url":"https:\/\/suomenkuvalehti.fi\/tarinoitatieteesta\/wp-content\/uploads\/sites\/13\/2022\/04\/tiina_raevaara-150x150.jpg","contentUrl":"https:\/\/suomenkuvalehti.fi\/tarinoitatieteesta\/wp-content\/uploads\/sites\/13\/2022\/04\/tiina_raevaara-150x150.jpg","caption":"Tiina Raevaara"},"description":"Kirjoittaja Tiina Raevaara on filosofian tohtori ja kirjailija.","sameAs":["https:\/\/www.facebook.com\/pages\/Tiina-Raevaara-Tarinoita-tieteest\/280663078640821?fref=ts","https:\/\/x.com\/https:\/\/twitter.com\/raevaara"]}]}},"_links":{"self":[{"href":"https:\/\/suomenkuvalehti.fi\/tarinoitatieteesta\/wp-json\/wp\/v2\/posts\/262","targetHints":{"allow":["GET"]}}],"collection":[{"href":"https:\/\/suomenkuvalehti.fi\/tarinoitatieteesta\/wp-json\/wp\/v2\/posts"}],"about":[{"href":"https:\/\/suomenkuvalehti.fi\/tarinoitatieteesta\/wp-json\/wp\/v2\/types\/post"}],"author":[{"embeddable":true,"href":"https:\/\/suomenkuvalehti.fi\/tarinoitatieteesta\/wp-json\/wp\/v2\/users\/146"}],"replies":[{"embeddable":true,"href":"https:\/\/suomenkuvalehti.fi\/tarinoitatieteesta\/wp-json\/wp\/v2\/comments?post=262"}],"version-history":[{"count":1,"href":"https:\/\/suomenkuvalehti.fi\/tarinoitatieteesta\/wp-json\/wp\/v2\/posts\/262\/revisions"}],"predecessor-version":[{"id":2358,"href":"https:\/\/suomenkuvalehti.fi\/tarinoitatieteesta\/wp-json\/wp\/v2\/posts\/262\/revisions\/2358"}],"wp:attachment":[{"href":"https:\/\/suomenkuvalehti.fi\/tarinoitatieteesta\/wp-json\/wp\/v2\/media?parent=262"}],"wp:term":[{"taxonomy":"category","embeddable":true,"href":"https:\/\/suomenkuvalehti.fi\/tarinoitatieteesta\/wp-json\/wp\/v2\/categories?post=262"},{"taxonomy":"post_tag","embeddable":true,"href":"https:\/\/suomenkuvalehti.fi\/tarinoitatieteesta\/wp-json\/wp\/v2\/tags?post=262"}],"curies":[{"name":"wp","href":"https:\/\/api.w.org\/{rel}","templated":true}]}}