{"id":234,"date":"2012-01-08T18:41:55","date_gmt":"2012-01-08T16:41:55","guid":{"rendered":"https:\/\/suomenkuvalehti.fi\/tarinoitatieteesta\/2012\/01\/08\/ajan-lyhyt-ja-alsn-pitka-historia\/"},"modified":"2012-01-08T18:41:55","modified_gmt":"2012-01-08T16:41:55","slug":"ajan-lyhyt-ja-alsn-pitka-historia","status":"publish","type":"post","link":"https:\/\/suomenkuvalehti.fi\/tarinoitatieteesta\/ajan-lyhyt-ja-alsn-pitka-historia\/","title":{"rendered":"Ajan lyhyt ja ALS:n pitk\u00e4 historia"},"content":{"rendered":"\n<p><strong>Stephen Hawking<\/strong> on varmaankin maailman <a title=\"Wikipedia\" href=\"http:\/\/fi.wikipedia.org\/wiki\/Stephen_Hawking\" target=\"_blank\">tunnetuin elossa oleva fyysikko<\/a>. H\u00e4n t\u00e4ytt\u00e4\u00e4 t\u00e4n\u00e4\u00e4n 70 vuotta, ja on edelleen n\u00e4kyv\u00e4 hahmo alallaan.<\/p>\n\n\n\n<p>Wikipedia kertoo, ett\u00e4 Hawking on &#8221;suuren yleis\u00f6n keskuudessa&#8221; tunnettu ennen kaikkea sairaudestaan. En itse n\u00e4e asiaa ihan n\u00e4in: uskon ett\u00e4 suurimmalle osalle Hawking on tuttu ennen kaikkea fyysikko-kosmologina ja <a title=\"Wikipedia\" href=\"http:\/\/fi.wikipedia.org\/wiki\/Ajan_lyhyt_historia\" target=\"_blank\"><em>Ajan lyhyt historia<\/em> -kirjan<\/a> kirjoittajana, toki sairastavana sellaisena. H\u00e4nen t\u00e4rkeimm\u00e4t tutkimuksensa k\u00e4sittelev\u00e4t mustia aukkoja, niiden tuottamaa s\u00e4teily\u00e4 eli ns. <a title=\"Wikipedia\" href=\"http:\/\/fi.wikipedia.org\/wiki\/Hawkingin_s%C3%A4teily\" target=\"_blank\">Hawkingin s\u00e4teily\u00e4 <\/a>sek\u00e4 <a title=\"Wikipedia\" href=\"http:\/\/fi.wikipedia.org\/wiki\/Singulariteetti\" target=\"_blank\">singulariteettia<\/a>.<\/p>\n\n\n\n<p>Stephen Hawkingin sairastama tauti on nimelt\u00e4\u00e4n <a title=\"Wikipedia\" href=\"http:\/\/fi.wikipedia.org\/wiki\/Amyotrofinen_lateraaliskleroosi\" target=\"_blank\">amyotrofinen lateraaliskleroosi<\/a>, ALS. Se rappeuttaa liikehermosoluja aivoissa ja selk\u00e4ytimess\u00e4. Taudin aiheuttajaa ei kunnolla tunneta. Taudista on olemassa my\u00f6s periytyv\u00e4 muoto, mutta 95 prosenttia ALS-potilaista on suvussaan ainoita sairastuneita.<\/p>\n\n\n\n<p>Aiheuttajaksi on ehditty ep\u00e4ill\u00e4 ainakin tuholaismyrkkyj\u00e4, sotatantereilla k\u00e4ytettyj\u00e4 kemikaaleja, bakteerien eritt\u00e4mi\u00e4 toksiineja ja toistuvia p\u00e4\u00e4h\u00e4n kohdistuneita iskuja. Nyky\u00e4\u00e4n alkaa olla selv\u00e4\u00e4, ett\u00e4 kuten monissa muissakin neurodegeneratiivisissa sairauksissa, my\u00f6s ALS:ssa hermosoluihin kertyy proteiineja ep\u00e4normaalisti. Selv\u00e4sti periytyviss\u00e4 taudin muodoissa taustalta l\u00f6ytyy periytyv\u00e4 geenimutaatio, ja ehk\u00e4 muillakin sairastuneilla on joitakin taudille altistavia geenimuotoja.<\/p>\n\n\n\n<p>Tauti johtaa paitsi liikkumis-, my\u00f6s puhekyvyn menetykseen ja lopulta hengityst\u00e4 yll\u00e4pit\u00e4vien lihasten lamaantumiseen. Nielemisen vaikeutuminen voi taas johtaa kuivumiseen ja aliravitsemukseen. Miehet sairastuvat useammin kuin naiset, ja tyypillinen sairastumisik\u00e4 on 40 &#8211; 60 vuotta. Kymmenen vuoden p\u00e4\u00e4st\u00e4 sairastumisesta noin kymmenen prosenttia on viel\u00e4 elossa. \u00c4lyllist\u00e4 suorituskyky\u00e4 tauti ei yleens\u00e4 uhkaa, mutta noin yhdell\u00e4 kymmenest\u00e4 sairastuneesta tauti levi\u00e4\u00e4 muuallekin aivoihin ja aiheuttaa dementian.<\/p>\n\n\n\n<p>Hawking on mielenkiintoinen poikkeus: h\u00e4nen sairautensa havaittiin vuonna 1963, 21 vuoden i\u00e4ss\u00e4, ja parin vuoden elinaikaennusteesta huolimatta mies on el\u00e4nyt taudin kanssa 49 vuotta. H\u00e4n liikkuu py\u00f6r\u00e4tuolilla, on ymp\u00e4rivuorokautisessa hoidossa ja sai puhesyntetisaattorin vuonna 1985.<\/p>\n\n\n\n<p><em>Scientific Americanissa <\/em><a title=\"SciAm\" href=\"http:\/\/www.scientificamerican.com\/article.cfm?id=stephen-hawking-als\" target=\"_blank\">pohdiskeltiin syit\u00e4<\/a>, joita Hawkingin selviytymisen takana voisi olla. Ehk\u00e4 h\u00e4nen tautinsa vain on hitaasti edistyv\u00e4\u00e4 muotoa. Varsinkin niiss\u00e4 parissa prosentissa sairastumisista, joissa ALS puhkeaa jo teini-i\u00e4ss\u00e4, sen kehittyminen on usein ollut hyvin hidasta tyypillisimpiin tapauksiin verrattuna. <\/p>\n\n\n\n<p>Hawking saa toki parasta mahdollista hoitoa, ehk\u00e4 hoitoja ja apuv\u00e4lineit\u00e4, jotka eiv\u00e4t ole tavallisen ALS-potilaan saatavilla. Aliravitsemus voidaan ehk\u00e4ist\u00e4 esimerkiksi ruokintaletkulla, mutta toisaalta Hawking hengitt\u00e4\u00e4 toistaiseksi itse.<em> Scientific Americanin<\/em> haastattelema asiantuntija ei pid\u00e4 fyysikon suurta henkist\u00e4 kapasiteettia tai innostusta tekij\u00e4n\u00e4, joka olisi hidastanut taudin etenemist\u00e4. Toki Hawkingin tarina voi nostattaa mielialaa muissa tautiin sairastuneissa.<\/p>\n\n\n\n\n<hr class=\"wp-block-separator\"\/>\n\n\n\n<p><br>No niin, nyt min\u00e4 ainakin olen tehnyt Hawkingia tunnetuksi ennen kaikkea ALS-potilaana. Viis fysiikasta. Toisellakin herrasmiehell\u00e4 on t\u00e4n\u00e4\u00e4n syntym\u00e4p\u00e4iv\u00e4. T\u00e4ss\u00e4 h\u00e4nelt\u00e4 aiheeseen sopiva kappale:<\/p>\n\n\n\n<p><br><\/p>\n\n\n","protected":false},"excerpt":{"rendered":"<p>Stephen Hawking on varmaankin maailman tunnetuin elossa oleva fyysikko. H\u00e4n t\u00e4ytt\u00e4\u00e4 t\u00e4n\u00e4\u00e4n 70 vuotta, ja on edelleen n\u00e4kyv\u00e4 hahmo alallaan. Wikipedia kertoo, ett\u00e4 Hawking on &#8221;suuren yleis\u00f6n keskuudessa&#8221; tunnettu ennen kaikkea sairaudestaan. En itse n\u00e4e asiaa ihan n\u00e4in:<br \/>\nuskon ett\u00e4 s&hellip;<\/p>\n","protected":false},"author":146,"featured_media":0,"comment_status":"open","ping_status":"open","sticky":false,"template":"","format":"standard","meta":{"_acf_changed":false,"asauth_required_access_level":0,"asauth_cansharepaid":"","om_header_attributes":[],"footnotes":"","om_featured_image_focal_point":[],"om_primary_tag":0,"om_contributors":[],"om_co_authors":[],"beyondwords_generate_audio":"","beyondwords_project_id":"","beyondwords_content_id":"","beyondwords_preview_token":"","beyondwords_player_content":"","beyondwords_player_style":"","beyondwords_language_code":"","beyondwords_language_id":"","beyondwords_title_voice_id":"","beyondwords_body_voice_id":"","beyondwords_summary_voice_id":"","beyondwords_error_message":"","beyondwords_disabled":"","beyondwords_delete_content":"","beyondwords_podcast_id":"","beyondwords_hash":"","publish_post_to_speechkit":"","speechkit_hash":"","speechkit_generate_audio":"","speechkit_project_id":"","speechkit_podcast_id":"","speechkit_error_message":"","speechkit_disabled":"","speechkit_access_key":"","speechkit_error":"","speechkit_info":"","speechkit_response":"","speechkit_retries":"","speechkit_status":"","speechkit_updated_at":"","_speechkit_link":"","_speechkit_text":""},"categories":[1],"tags":[1053,1055,415,1052,1054,1051],"class_list":["post-234","post","type-post","status-publish","format-standard","hentry","category-tarinoita-tieteesta","tag-als","tag-david-bowie","tag-kosmologia","tag-mustat-aukot","tag-neurodegeneratiiviset-sairaudet","tag-stephen-hawking"],"om_views":null,"acf":{"tuuma_off":false,"tuuma_kysymys":"","tuuma_vastaus":""},"asauth":{"required_access_level":1,"share_token":"","is_paid":false},"yoast_head":"<!-- This site is optimized with the Yoast SEO plugin v26.4 - https:\/\/yoast.com\/wordpress\/plugins\/seo\/ -->\n<title>Ajan lyhyt ja ALS:n pitk\u00e4 historia - Tarinoita tieteest\u00e4<\/title>\n<meta name=\"robots\" content=\"index, follow, max-snippet:-1, max-image-preview:large, max-video-preview:-1\" \/>\n<link rel=\"canonical\" href=\"https:\/\/suomenkuvalehti.fi\/tarinoitatieteesta\/ajan-lyhyt-ja-alsn-pitka-historia\/\" \/>\n<meta property=\"og:locale\" content=\"fi_FI\" \/>\n<meta property=\"og:type\" content=\"article\" \/>\n<meta property=\"og:title\" content=\"Ajan lyhyt ja ALS:n pitk\u00e4 historia - Tarinoita tieteest\u00e4\" \/>\n<meta property=\"og:description\" content=\"Stephen Hawking on varmaankin maailman tunnetuin elossa oleva fyysikko. H\u00e4n t\u00e4ytt\u00e4\u00e4 t\u00e4n\u00e4\u00e4n 70 vuotta, ja on edelleen n\u00e4kyv\u00e4 hahmo alallaan. Wikipedia kertoo, ett\u00e4 Hawking on &#8221;suuren yleis\u00f6n keskuudessa&#8221; tunnettu ennen kaikkea sairaudestaan. En itse n\u00e4e asiaa ihan n\u00e4in: uskon ett\u00e4 s&hellip;\" \/>\n<meta property=\"og:url\" content=\"https:\/\/suomenkuvalehti.fi\/tarinoitatieteesta\/ajan-lyhyt-ja-alsn-pitka-historia\/\" \/>\n<meta property=\"og:site_name\" content=\"Tarinoita tieteest\u00e4\" \/>\n<meta property=\"article:author\" content=\"https:\/\/www.facebook.com\/pages\/Tiina-Raevaara-Tarinoita-tieteest\/280663078640821?fref=ts\" \/>\n<meta property=\"article:published_time\" content=\"2012-01-08T16:41:55+00:00\" \/>\n<meta property=\"og:image\" content=\"https:\/\/suomenkuvalehti.fi\/tarinoitatieteesta\/wp-content\/uploads\/sites\/13\/2022\/04\/tiina_raevaara-scaled.jpg\" \/>\n\t<meta property=\"og:image:width\" content=\"2560\" \/>\n\t<meta property=\"og:image:height\" content=\"1707\" \/>\n\t<meta property=\"og:image:type\" content=\"image\/jpeg\" \/>\n<meta name=\"author\" content=\"Tiina Raevaara\" \/>\n<meta name=\"twitter:card\" content=\"summary_large_image\" \/>\n<meta name=\"twitter:creator\" content=\"@https:\/\/twitter.com\/raevaara\" \/>\n<meta name=\"twitter:label1\" content=\"Written by\" \/>\n\t<meta name=\"twitter:data1\" content=\"Tiina Raevaara\" \/>\n\t<meta name=\"twitter:label2\" content=\"Est. reading time\" \/>\n\t<meta name=\"twitter:data2\" content=\"2 minuuttia\" \/>\n<script type=\"application\/ld+json\" class=\"yoast-schema-graph\">{\"@context\":\"https:\/\/schema.org\",\"@graph\":[{\"@type\":\"WebPage\",\"@id\":\"https:\/\/suomenkuvalehti.fi\/tarinoitatieteesta\/ajan-lyhyt-ja-alsn-pitka-historia\/\",\"url\":\"https:\/\/suomenkuvalehti.fi\/tarinoitatieteesta\/ajan-lyhyt-ja-alsn-pitka-historia\/\",\"name\":\"Ajan lyhyt ja ALS:n pitk\u00e4 historia - Tarinoita tieteest\u00e4\",\"isPartOf\":{\"@id\":\"https:\/\/suomenkuvalehti.fi\/tarinoitatieteesta\/#website\"},\"datePublished\":\"2012-01-08T16:41:55+00:00\",\"author\":{\"@id\":\"https:\/\/suomenkuvalehti.fi\/tarinoitatieteesta\/#\/schema\/person\/bb9c6caa48b3f9394f20b9d28415bca6\"},\"breadcrumb\":{\"@id\":\"https:\/\/suomenkuvalehti.fi\/tarinoitatieteesta\/ajan-lyhyt-ja-alsn-pitka-historia\/#breadcrumb\"},\"inLanguage\":\"fi\",\"potentialAction\":[{\"@type\":\"ReadAction\",\"target\":[\"https:\/\/suomenkuvalehti.fi\/tarinoitatieteesta\/ajan-lyhyt-ja-alsn-pitka-historia\/\"]}]},{\"@type\":\"BreadcrumbList\",\"@id\":\"https:\/\/suomenkuvalehti.fi\/tarinoitatieteesta\/ajan-lyhyt-ja-alsn-pitka-historia\/#breadcrumb\",\"itemListElement\":[{\"@type\":\"ListItem\",\"position\":1,\"name\":\"Home\",\"item\":\"https:\/\/suomenkuvalehti.fi\/tarinoitatieteesta\/\"},{\"@type\":\"ListItem\",\"position\":2,\"name\":\"Ajan lyhyt ja ALS:n pitk\u00e4 historia\"}]},{\"@type\":\"WebSite\",\"@id\":\"https:\/\/suomenkuvalehti.fi\/tarinoitatieteesta\/#website\",\"url\":\"https:\/\/suomenkuvalehti.fi\/tarinoitatieteesta\/\",\"name\":\"Tarinoita tieteest\u00e4\",\"description\":\"Biologi Tiina Raevaara tutkailee tieteen maailmaa kaunokirjailijan aivoin.\",\"potentialAction\":[{\"@type\":\"SearchAction\",\"target\":{\"@type\":\"EntryPoint\",\"urlTemplate\":\"https:\/\/suomenkuvalehti.fi\/haku\/?q={search_term_string}\"},\"query-input\":{\"@type\":\"PropertyValueSpecification\",\"valueRequired\":true,\"valueName\":\"search_term_string\"}}],\"inLanguage\":\"fi\"},{\"@type\":\"Person\",\"@id\":\"https:\/\/suomenkuvalehti.fi\/tarinoitatieteesta\/#\/schema\/person\/bb9c6caa48b3f9394f20b9d28415bca6\",\"name\":\"Tiina Raevaara\",\"image\":{\"@type\":\"ImageObject\",\"inLanguage\":\"fi\",\"@id\":\"https:\/\/suomenkuvalehti.fi\/tarinoitatieteesta\/#\/schema\/person\/image\/\",\"url\":\"https:\/\/suomenkuvalehti.fi\/tarinoitatieteesta\/wp-content\/uploads\/sites\/13\/2022\/04\/tiina_raevaara-150x150.jpg\",\"contentUrl\":\"https:\/\/suomenkuvalehti.fi\/tarinoitatieteesta\/wp-content\/uploads\/sites\/13\/2022\/04\/tiina_raevaara-150x150.jpg\",\"caption\":\"Tiina Raevaara\"},\"description\":\"Kirjoittaja Tiina Raevaara on filosofian tohtori ja kirjailija.\",\"sameAs\":[\"https:\/\/www.facebook.com\/pages\/Tiina-Raevaara-Tarinoita-tieteest\/280663078640821?fref=ts\",\"https:\/\/x.com\/https:\/\/twitter.com\/raevaara\"]}]}<\/script>\n<!-- \/ Yoast SEO plugin. -->","yoast_head_json":{"title":"Ajan lyhyt ja ALS:n pitk\u00e4 historia - Tarinoita tieteest\u00e4","robots":{"index":"index","follow":"follow","max-snippet":"max-snippet:-1","max-image-preview":"max-image-preview:large","max-video-preview":"max-video-preview:-1"},"canonical":"https:\/\/suomenkuvalehti.fi\/tarinoitatieteesta\/ajan-lyhyt-ja-alsn-pitka-historia\/","og_locale":"fi_FI","og_type":"article","og_title":"Ajan lyhyt ja ALS:n pitk\u00e4 historia - Tarinoita tieteest\u00e4","og_description":"Stephen Hawking on varmaankin maailman tunnetuin elossa oleva fyysikko. H\u00e4n t\u00e4ytt\u00e4\u00e4 t\u00e4n\u00e4\u00e4n 70 vuotta, ja on edelleen n\u00e4kyv\u00e4 hahmo alallaan. Wikipedia kertoo, ett\u00e4 Hawking on &#8221;suuren yleis\u00f6n keskuudessa&#8221; tunnettu ennen kaikkea sairaudestaan. En itse n\u00e4e asiaa ihan n\u00e4in: uskon ett\u00e4 s&hellip;","og_url":"https:\/\/suomenkuvalehti.fi\/tarinoitatieteesta\/ajan-lyhyt-ja-alsn-pitka-historia\/","og_site_name":"Tarinoita tieteest\u00e4","article_author":"https:\/\/www.facebook.com\/pages\/Tiina-Raevaara-Tarinoita-tieteest\/280663078640821?fref=ts","article_published_time":"2012-01-08T16:41:55+00:00","og_image":[{"width":2560,"height":1707,"url":"https:\/\/suomenkuvalehti.fi\/tarinoitatieteesta\/wp-content\/uploads\/sites\/13\/2022\/04\/tiina_raevaara-scaled.jpg","type":"image\/jpeg"}],"author":"Tiina Raevaara","twitter_card":"summary_large_image","twitter_creator":"@https:\/\/twitter.com\/raevaara","twitter_misc":{"Written by":"Tiina Raevaara","Est. reading time":"2 minuuttia"},"schema":{"@context":"https:\/\/schema.org","@graph":[{"@type":"WebPage","@id":"https:\/\/suomenkuvalehti.fi\/tarinoitatieteesta\/ajan-lyhyt-ja-alsn-pitka-historia\/","url":"https:\/\/suomenkuvalehti.fi\/tarinoitatieteesta\/ajan-lyhyt-ja-alsn-pitka-historia\/","name":"Ajan lyhyt ja ALS:n pitk\u00e4 historia - Tarinoita tieteest\u00e4","isPartOf":{"@id":"https:\/\/suomenkuvalehti.fi\/tarinoitatieteesta\/#website"},"datePublished":"2012-01-08T16:41:55+00:00","author":{"@id":"https:\/\/suomenkuvalehti.fi\/tarinoitatieteesta\/#\/schema\/person\/bb9c6caa48b3f9394f20b9d28415bca6"},"breadcrumb":{"@id":"https:\/\/suomenkuvalehti.fi\/tarinoitatieteesta\/ajan-lyhyt-ja-alsn-pitka-historia\/#breadcrumb"},"inLanguage":"fi","potentialAction":[{"@type":"ReadAction","target":["https:\/\/suomenkuvalehti.fi\/tarinoitatieteesta\/ajan-lyhyt-ja-alsn-pitka-historia\/"]}]},{"@type":"BreadcrumbList","@id":"https:\/\/suomenkuvalehti.fi\/tarinoitatieteesta\/ajan-lyhyt-ja-alsn-pitka-historia\/#breadcrumb","itemListElement":[{"@type":"ListItem","position":1,"name":"Home","item":"https:\/\/suomenkuvalehti.fi\/tarinoitatieteesta\/"},{"@type":"ListItem","position":2,"name":"Ajan lyhyt ja ALS:n pitk\u00e4 historia"}]},{"@type":"WebSite","@id":"https:\/\/suomenkuvalehti.fi\/tarinoitatieteesta\/#website","url":"https:\/\/suomenkuvalehti.fi\/tarinoitatieteesta\/","name":"Tarinoita tieteest\u00e4","description":"Biologi Tiina Raevaara tutkailee tieteen maailmaa kaunokirjailijan aivoin.","potentialAction":[{"@type":"SearchAction","target":{"@type":"EntryPoint","urlTemplate":"https:\/\/suomenkuvalehti.fi\/haku\/?q={search_term_string}"},"query-input":{"@type":"PropertyValueSpecification","valueRequired":true,"valueName":"search_term_string"}}],"inLanguage":"fi"},{"@type":"Person","@id":"https:\/\/suomenkuvalehti.fi\/tarinoitatieteesta\/#\/schema\/person\/bb9c6caa48b3f9394f20b9d28415bca6","name":"Tiina Raevaara","image":{"@type":"ImageObject","inLanguage":"fi","@id":"https:\/\/suomenkuvalehti.fi\/tarinoitatieteesta\/#\/schema\/person\/image\/","url":"https:\/\/suomenkuvalehti.fi\/tarinoitatieteesta\/wp-content\/uploads\/sites\/13\/2022\/04\/tiina_raevaara-150x150.jpg","contentUrl":"https:\/\/suomenkuvalehti.fi\/tarinoitatieteesta\/wp-content\/uploads\/sites\/13\/2022\/04\/tiina_raevaara-150x150.jpg","caption":"Tiina Raevaara"},"description":"Kirjoittaja Tiina Raevaara on filosofian tohtori ja kirjailija.","sameAs":["https:\/\/www.facebook.com\/pages\/Tiina-Raevaara-Tarinoita-tieteest\/280663078640821?fref=ts","https:\/\/x.com\/https:\/\/twitter.com\/raevaara"]}]}},"_links":{"self":[{"href":"https:\/\/suomenkuvalehti.fi\/tarinoitatieteesta\/wp-json\/wp\/v2\/posts\/234","targetHints":{"allow":["GET"]}}],"collection":[{"href":"https:\/\/suomenkuvalehti.fi\/tarinoitatieteesta\/wp-json\/wp\/v2\/posts"}],"about":[{"href":"https:\/\/suomenkuvalehti.fi\/tarinoitatieteesta\/wp-json\/wp\/v2\/types\/post"}],"author":[{"embeddable":true,"href":"https:\/\/suomenkuvalehti.fi\/tarinoitatieteesta\/wp-json\/wp\/v2\/users\/146"}],"replies":[{"embeddable":true,"href":"https:\/\/suomenkuvalehti.fi\/tarinoitatieteesta\/wp-json\/wp\/v2\/comments?post=234"}],"version-history":[{"count":0,"href":"https:\/\/suomenkuvalehti.fi\/tarinoitatieteesta\/wp-json\/wp\/v2\/posts\/234\/revisions"}],"wp:attachment":[{"href":"https:\/\/suomenkuvalehti.fi\/tarinoitatieteesta\/wp-json\/wp\/v2\/media?parent=234"}],"wp:term":[{"taxonomy":"category","embeddable":true,"href":"https:\/\/suomenkuvalehti.fi\/tarinoitatieteesta\/wp-json\/wp\/v2\/categories?post=234"},{"taxonomy":"post_tag","embeddable":true,"href":"https:\/\/suomenkuvalehti.fi\/tarinoitatieteesta\/wp-json\/wp\/v2\/tags?post=234"}],"curies":[{"name":"wp","href":"https:\/\/api.w.org\/{rel}","templated":true}]}}