{"id":2248,"date":"2024-08-26T10:51:46","date_gmt":"2024-08-26T07:51:46","guid":{"rendered":"https:\/\/suomenkuvalehti.fi\/tarinoitatieteesta\/?p=2248"},"modified":"2024-08-26T10:51:47","modified_gmt":"2024-08-26T07:51:47","slug":"raakut-ovat-jaavuoren-huippu","status":"publish","type":"post","link":"https:\/\/suomenkuvalehti.fi\/tarinoitatieteesta\/raakut-ovat-jaavuoren-huippu\/","title":{"rendered":"Raakut ovat j\u00e4\u00e4vuoren huippu"},"content":{"rendered":"\n<p>Uutisoidaanko Suomussalmen raakkutuhosta liikaa?&nbsp;<\/p>\n\n\n\n<p>Kyll\u00e4, jos kysyt\u00e4\u00e4n perussuomalaisten eduskuntaryhm\u00e4n puheenjohtajalta Jani M\u00e4kel\u00e4lt\u00e4. <a href=\"https:\/\/www.hs.fi\/politiikka\/art-2000010652922.html\">Helsingin Sanomien haastattelussa<\/a> h\u00e4n sanoo, ett\u00e4 tapausta k\u00e4ytt\u00e4v\u00e4t hyv\u00e4ksi ne, jotka haluavat hy\u00f6k\u00e4t\u00e4 yleisesti mets\u00e4taloutta vastaan.<\/p>\n\n\n\n<p>Ei, jos kysyt\u00e4\u00e4n minulta. Mutta minusta tapausta pit\u00e4isi nimenomaan k\u00e4ytt\u00e4\u00e4 avauksena siihen, ett\u00e4 mets\u00e4sektorin tekemisi\u00e4 puitaisiin nykyist\u00e4 laajemmin ja tarkemmin.&nbsp;<\/p>\n\n\n\n<p>Kaipaisin median pureutumista muun muassa seuraaviin n\u00e4k\u00f6kulmiin:<\/p>\n\n\n\n<p><strong>1) Kuinka yleisi\u00e4 v\u00e4\u00e4rink\u00e4yt\u00f6kset ovat?<\/strong> Raakkujoen yliajaja j\u00e4i kiinni vain sattuman ansiosta, kun raakkukartoituksen tekij\u00e4t osuivat ty\u00f6maalle oikeaan aikaan. Mit\u00e4 kaikkea j\u00e4\u00e4 huomaamatta? Minulla on paljon tuttavia, jotka tekev\u00e4t luontokartoituksia suomalaisissa metsiss\u00e4, ja he n\u00e4kev\u00e4t sek\u00e4 laittomuuksia ett\u00e4 suositusten vastaista toimintaa jatkuvasti.\u00a0<\/p>\n\n\n\n<p><strong>2) Kuinka mets\u00e4nomistajat kantavat vastuunsa? <\/strong>Stora Enso on saanut tapauksen kohdalla osakseen eniten mediahuomiota ja kritiikki\u00e4, mik\u00e4 on oikein &#8211; sill\u00e4 on eniten valtaa. Puun ostaja p\u00e4\u00e4tt\u00e4\u00e4, millaisesta mets\u00e4st\u00e4 puun ostaa ja millaisiin mets\u00e4nk\u00e4ytt\u00f6tapoihin kannustaa. Pit\u00e4isi kuitenkin suunnata valokeila my\u00f6s ketjun toiseen p\u00e4\u00e4h\u00e4n, eli mets\u00e4nomistajiin. He p\u00e4\u00e4tt\u00e4v\u00e4t metsiens\u00e4 myynnist\u00e4 ja hoidosta. Mit\u00e4 v\u00e4hemm\u00e4n suojavy\u00f6hykkeit\u00e4 ja s\u00e4\u00e4stett\u00e4v\u00e4\u00e4 mets\u00e4\u00e4, sit\u00e4 enemm\u00e4n mets\u00e4nomistajan tilille kilahtaa rahaa. Mets\u00e4nomistajilla on ihan j\u00e4rjet\u00f6n valta sen suhteen, millaiset elinmahdollisuudet metsien eli\u00f6lajeilla Suomessa on. Toisaalta metsien k\u00e4sittelyn vaikutukset ulottuvat paljon laajemmalle kuin metsiin: esimerkiksi ojitettujen metsien valumat pilaavat niin j\u00e4rvi\u00e4 kuin It\u00e4merta.\u00a0<\/p>\n\n\n\n<p><strong>3) Miksi pienvesi\u00e4 ja rantoja ei saada suojeltua? <\/strong>Purojen ja l\u00e4hteikk\u00f6jen kohdalla aiheesta jo <a href=\"https:\/\/www.hs.fi\/politiikka\/art-2000010642506.html\">uutisoitu jonkin verran<\/a>. Viime hallituskauden lopussa n\u00e4htiin ihmeellinen n\u00e4ytelm\u00e4, jossa keskusta yht\u00e4kki\u00e4 per\u00e4\u00e4ntyi jo sovitusta asiasta ja halusi poistaa kalkkilammet, purot ja l\u00e4hteik\u00f6t suojeltavien paikkojen luettelosta. Asia ratkesi lopullisesti siihen, ett\u00e4 osa kokoomuksen edustajista, mukaanlukien Petteri Orpo, \u00e4\u00e4nesti vahingossa toisin kuin oli tarkoitus. Orpo on luvannut, ett\u00e4 asia korjataan, mutta sille ei ole tehty mit\u00e4\u00e4n.\u00a0<\/p>\n\n\n\n<p>Toinen puroihin liittyv\u00e4 ihmeellisyys tapahtui viitisen vuotta sitten, kun Mets\u00e4keskus pudotti \u00e4kki\u00e4 osan puronvarsimetsist\u00e4 pois suojelun piirist\u00e4.&nbsp;<\/p>\n\n\n\n<figure class=\"wp-block-embed is-type-wp-embed is-provider-suomen-luonto wp-block-embed-suomen-luonto\"><div class=\"wp-block-embed__wrapper\">\n<blockquote class=\"wp-embedded-content\" data-secret=\"E0TcBFQ6XF\"><a href=\"https:\/\/suomenluonto.fi\/uutiset\/metsalain-tulkinnan-muutos-vesitti-luontolahjan-100-vuotiaalle-suomelle\/\">Mets\u00e4lain tulkinnan muutos vesitti luontolahjan 100-vuotiaalle Suomelle<\/a><\/blockquote><iframe loading=\"lazy\" class=\"wp-embedded-content\" sandbox=\"allow-scripts\" security=\"restricted\" style=\"position: absolute; visibility: hidden;\" title=\"&#8220;Mets\u00e4lain tulkinnan muutos vesitti luontolahjan 100-vuotiaalle Suomelle&#8221; &#8212; Suomen Luonto\" src=\"https:\/\/suomenluonto.fi\/uutiset\/metsalain-tulkinnan-muutos-vesitti-luontolahjan-100-vuotiaalle-suomelle\/embed\/#?secret=JwLmNrKqgz#?secret=E0TcBFQ6XF\" data-secret=\"E0TcBFQ6XF\" width=\"600\" height=\"338\" frameborder=\"0\" marginwidth=\"0\" marginheight=\"0\" scrolling=\"no\"><\/iframe>\n<\/div><\/figure>\n\n\n\n<p><strong>4) Miksei hakkuita valvota enemp\u00e4\u00e4?<\/strong> Olisiko se lopulta niin hankalaa? <a href=\"https:\/\/www.is.fi\/kotimaa\/art-2000010653865.html?utm_medium=promobox&amp;utm_campaign=is_tf&amp;utm_source=hs.fi&amp;utm_content=promobox\">Stora Enso ilmoitti t\u00e4n\u00e4\u00e4n<\/a>, ett\u00e4 se keskeytt\u00e4\u00e4 hakkuunsa kaikissa niiss\u00e4 suomalaisissa kohteissa, &#8221;joihin liittyy vesi-, mets\u00e4- tai luonnonsuojelulakeihin liittyvi\u00e4 rajoituksia&#8221;, ja arvioi uudelleen kohteisiin liittyvi\u00e4 suunnitelmia ja toimintaohjeita. Yhti\u00f6ll\u00e4 siis selv\u00e4sti on resursseja tarkastella k\u00e4ynniss\u00e4 olevia hakkuita nykyist\u00e4 tehokkaammin ja yksityiskohtaisemmin. Miksi toimia j\u00e4lkik\u00e4teen, kun voisi toimia etuk\u00e4teen? Ent\u00e4 hy\u00f6dynnet\u00e4\u00e4nk\u00f6 nykyist\u00e4 tekniikkaa kuten droneja ja paikkatietoj\u00e4rjestelmi\u00e4 todella tarpeeksi?<\/p>\n\n\n\n<p><strong>5) Miksi mets\u00e4talous on Suomessa aivan erityisess\u00e4 suojelussa? <\/strong>On h\u00e4mm\u00e4stytt\u00e4v\u00e4\u00e4, ett\u00e4 esimerkiksi lintujen pesint\u00f6jen aikaisia hakkuita ei kyet\u00e4 lopettamaan. Asiasta ei kunnolla edes keskustella, vaikka samaan aikaan lintukantojen dramaattisesta taantumisesta kirjoitetaan kyll\u00e4 mediassa. Mink\u00e4\u00e4nlaisia ratkaisuehdotuksia asiaan ei esitet\u00e4, vaan pesim\u00e4aikaisten hakkuiden lopettaminen tai edes merkitt\u00e4v\u00e4 v\u00e4hent\u00e4minen on julkisessa keskustelussa t\u00e4ydellinen tabu.\u00a0<\/p>\n\n\n\n<p>Tuhottujen raakkujen hyv\u00e4ksi ei ole kovin paljon teht\u00e4viss\u00e4, mutta opiksi t\u00e4st\u00e4 voidaan ottaa.&nbsp;<\/p>\n","protected":false},"excerpt":{"rendered":"<p>Uutisoidaanko Suomussalmen raakkutuhosta liikaa?&nbsp; Kyll\u00e4, jos kysyt\u00e4\u00e4n perussuomalaisten eduskuntaryhm\u00e4n puheenjohtajalta Jani M\u00e4kel\u00e4lt\u00e4. Helsingin Sanomien haastattelussa h\u00e4n sanoo, ett\u00e4 tapausta k\u00e4ytt\u00e4v\u00e4t hyv\u00e4ksi ne, jotka haluavat hy\u00f6k\u00e4t\u00e4 yleisesti mets\u00e4taloutta vastaan. Ei,<br \/>\njos kysyt\u00e4\u00e4n min&hellip;<\/p>\n","protected":false},"author":146,"featured_media":0,"comment_status":"open","ping_status":"open","sticky":false,"template":"","format":"standard","meta":{"_acf_changed":false,"asauth_required_access_level":3,"asauth_cansharepaid":"true","om_header_attributes":[],"footnotes":"","om_featured_image_focal_point":[],"om_primary_tag":141,"om_contributors":[],"om_co_authors":[],"beyondwords_generate_audio":"","beyondwords_project_id":"","beyondwords_content_id":"","beyondwords_preview_token":"","beyondwords_player_content":"","beyondwords_player_style":"","beyondwords_language_code":"","beyondwords_language_id":"","beyondwords_title_voice_id":"","beyondwords_body_voice_id":"","beyondwords_summary_voice_id":"","beyondwords_error_message":"","beyondwords_disabled":"","beyondwords_delete_content":"","beyondwords_podcast_id":"","beyondwords_hash":"","publish_post_to_speechkit":"","speechkit_hash":"","speechkit_generate_audio":"","speechkit_project_id":"","speechkit_podcast_id":"","speechkit_error_message":"","speechkit_disabled":"","speechkit_access_key":"","speechkit_error":"","speechkit_info":"","speechkit_response":"","speechkit_retries":"","speechkit_status":"","speechkit_updated_at":"","_speechkit_link":"","_speechkit_text":""},"categories":[1],"tags":[1073,1548,136,141,650,1975,244,1401,2063,1273,1637,788],"class_list":["post-2248","post","type-post","status-publish","format-standard","hentry","category-tarinoita-tieteesta","tag-avohakkuut","tag-hakkuut","tag-journalismi","tag-luonnonsuojelu","tag-luonnonsuojelulaki","tag-luontokato","tag-metsatalous","tag-metsiensuojelu","tag-raakku","tag-uhanalaisuus","tag-ymparistojournalismi","tag-ymparistonsuojelu"],"om_views":null,"acf":{"tuuma_off":false,"tuuma_kysymys":"","tuuma_vastaus":""},"asauth":{"required_access_level":1,"share_token":"","is_paid":false},"yoast_head":"<!-- This site is optimized with the Yoast SEO plugin v26.4 - https:\/\/yoast.com\/wordpress\/plugins\/seo\/ -->\n<title>Raakut ovat j\u00e4\u00e4vuoren huippu - Tarinoita tieteest\u00e4<\/title>\n<meta name=\"description\" content=\"Osaa Suomussalmen raakkutuhon saama julkisuus alkaa jo tympi\u00e4, mutta todellisuudessa pit\u00e4isi menn\u00e4 vain syvemm\u00e4lle ja yksityiskohtaisemmin siihen, mit\u00e4 suomalaisissa metsiss\u00e4 tapahtuu.\" \/>\n<meta name=\"robots\" content=\"index, follow, max-snippet:-1, max-image-preview:large, max-video-preview:-1\" \/>\n<link rel=\"canonical\" href=\"https:\/\/suomenkuvalehti.fi\/tarinoitatieteesta\/raakut-ovat-jaavuoren-huippu\/\" \/>\n<meta property=\"og:locale\" content=\"fi_FI\" \/>\n<meta property=\"og:type\" content=\"article\" \/>\n<meta property=\"og:title\" content=\"Raakut ovat j\u00e4\u00e4vuoren huippu - Tarinoita tieteest\u00e4\" \/>\n<meta property=\"og:description\" content=\"Osaa Suomussalmen raakkutuhon saama julkisuus alkaa jo tympi\u00e4, mutta todellisuudessa pit\u00e4isi menn\u00e4 vain syvemm\u00e4lle ja yksityiskohtaisemmin siihen, mit\u00e4 suomalaisissa metsiss\u00e4 tapahtuu.\" \/>\n<meta property=\"og:url\" content=\"https:\/\/suomenkuvalehti.fi\/tarinoitatieteesta\/raakut-ovat-jaavuoren-huippu\/\" \/>\n<meta property=\"og:site_name\" content=\"Tarinoita tieteest\u00e4\" \/>\n<meta property=\"article:author\" content=\"https:\/\/www.facebook.com\/pages\/Tiina-Raevaara-Tarinoita-tieteest\/280663078640821?fref=ts\" \/>\n<meta property=\"article:published_time\" content=\"2024-08-26T07:51:46+00:00\" \/>\n<meta property=\"article:modified_time\" content=\"2024-08-26T07:51:47+00:00\" \/>\n<meta property=\"og:image\" content=\"https:\/\/suomenkuvalehti.fi\/tarinoitatieteesta\/wp-content\/uploads\/sites\/13\/2022\/04\/tiina_raevaara-scaled.jpg\" \/>\n\t<meta property=\"og:image:width\" content=\"2560\" \/>\n\t<meta property=\"og:image:height\" content=\"1707\" \/>\n\t<meta property=\"og:image:type\" content=\"image\/jpeg\" \/>\n<meta name=\"author\" content=\"Tiina Raevaara\" \/>\n<meta name=\"twitter:card\" content=\"summary_large_image\" \/>\n<meta name=\"twitter:creator\" content=\"@https:\/\/twitter.com\/raevaara\" \/>\n<meta name=\"twitter:label1\" content=\"Written by\" \/>\n\t<meta name=\"twitter:data1\" content=\"Tiina Raevaara\" \/>\n\t<meta name=\"twitter:label2\" content=\"Est. reading time\" \/>\n\t<meta name=\"twitter:data2\" content=\"3 minuuttia\" \/>\n<script type=\"application\/ld+json\" class=\"yoast-schema-graph\">{\"@context\":\"https:\/\/schema.org\",\"@graph\":[{\"@type\":\"WebPage\",\"@id\":\"https:\/\/suomenkuvalehti.fi\/tarinoitatieteesta\/raakut-ovat-jaavuoren-huippu\/\",\"url\":\"https:\/\/suomenkuvalehti.fi\/tarinoitatieteesta\/raakut-ovat-jaavuoren-huippu\/\",\"name\":\"Raakut ovat j\u00e4\u00e4vuoren huippu - Tarinoita tieteest\u00e4\",\"isPartOf\":{\"@id\":\"https:\/\/suomenkuvalehti.fi\/tarinoitatieteesta\/#website\"},\"datePublished\":\"2024-08-26T07:51:46+00:00\",\"dateModified\":\"2024-08-26T07:51:47+00:00\",\"author\":{\"@id\":\"https:\/\/suomenkuvalehti.fi\/tarinoitatieteesta\/#\/schema\/person\/bb9c6caa48b3f9394f20b9d28415bca6\"},\"description\":\"Osaa Suomussalmen raakkutuhon saama julkisuus alkaa jo tympi\u00e4, mutta todellisuudessa pit\u00e4isi menn\u00e4 vain syvemm\u00e4lle ja yksityiskohtaisemmin siihen, mit\u00e4 suomalaisissa metsiss\u00e4 tapahtuu.\",\"breadcrumb\":{\"@id\":\"https:\/\/suomenkuvalehti.fi\/tarinoitatieteesta\/raakut-ovat-jaavuoren-huippu\/#breadcrumb\"},\"inLanguage\":\"fi\",\"potentialAction\":[{\"@type\":\"ReadAction\",\"target\":[\"https:\/\/suomenkuvalehti.fi\/tarinoitatieteesta\/raakut-ovat-jaavuoren-huippu\/\"]}]},{\"@type\":\"BreadcrumbList\",\"@id\":\"https:\/\/suomenkuvalehti.fi\/tarinoitatieteesta\/raakut-ovat-jaavuoren-huippu\/#breadcrumb\",\"itemListElement\":[{\"@type\":\"ListItem\",\"position\":1,\"name\":\"Home\",\"item\":\"https:\/\/suomenkuvalehti.fi\/tarinoitatieteesta\/\"},{\"@type\":\"ListItem\",\"position\":2,\"name\":\"Raakut ovat j\u00e4\u00e4vuoren huippu\"}]},{\"@type\":\"WebSite\",\"@id\":\"https:\/\/suomenkuvalehti.fi\/tarinoitatieteesta\/#website\",\"url\":\"https:\/\/suomenkuvalehti.fi\/tarinoitatieteesta\/\",\"name\":\"Tarinoita tieteest\u00e4\",\"description\":\"Biologi Tiina Raevaara tutkailee tieteen maailmaa kaunokirjailijan aivoin.\",\"potentialAction\":[{\"@type\":\"SearchAction\",\"target\":{\"@type\":\"EntryPoint\",\"urlTemplate\":\"https:\/\/suomenkuvalehti.fi\/haku\/?q={search_term_string}\"},\"query-input\":{\"@type\":\"PropertyValueSpecification\",\"valueRequired\":true,\"valueName\":\"search_term_string\"}}],\"inLanguage\":\"fi\"},{\"@type\":\"Person\",\"@id\":\"https:\/\/suomenkuvalehti.fi\/tarinoitatieteesta\/#\/schema\/person\/bb9c6caa48b3f9394f20b9d28415bca6\",\"name\":\"Tiina Raevaara\",\"image\":{\"@type\":\"ImageObject\",\"inLanguage\":\"fi\",\"@id\":\"https:\/\/suomenkuvalehti.fi\/tarinoitatieteesta\/#\/schema\/person\/image\/\",\"url\":\"https:\/\/suomenkuvalehti.fi\/tarinoitatieteesta\/wp-content\/uploads\/sites\/13\/2022\/04\/tiina_raevaara-150x150.jpg\",\"contentUrl\":\"https:\/\/suomenkuvalehti.fi\/tarinoitatieteesta\/wp-content\/uploads\/sites\/13\/2022\/04\/tiina_raevaara-150x150.jpg\",\"caption\":\"Tiina Raevaara\"},\"description\":\"Kirjoittaja Tiina Raevaara on filosofian tohtori ja kirjailija.\",\"sameAs\":[\"https:\/\/www.facebook.com\/pages\/Tiina-Raevaara-Tarinoita-tieteest\/280663078640821?fref=ts\",\"https:\/\/x.com\/https:\/\/twitter.com\/raevaara\"]}]}<\/script>\n<!-- \/ Yoast SEO plugin. -->","yoast_head_json":{"title":"Raakut ovat j\u00e4\u00e4vuoren huippu - Tarinoita tieteest\u00e4","description":"Osaa Suomussalmen raakkutuhon saama julkisuus alkaa jo tympi\u00e4, mutta todellisuudessa pit\u00e4isi menn\u00e4 vain syvemm\u00e4lle ja yksityiskohtaisemmin siihen, mit\u00e4 suomalaisissa metsiss\u00e4 tapahtuu.","robots":{"index":"index","follow":"follow","max-snippet":"max-snippet:-1","max-image-preview":"max-image-preview:large","max-video-preview":"max-video-preview:-1"},"canonical":"https:\/\/suomenkuvalehti.fi\/tarinoitatieteesta\/raakut-ovat-jaavuoren-huippu\/","og_locale":"fi_FI","og_type":"article","og_title":"Raakut ovat j\u00e4\u00e4vuoren huippu - Tarinoita tieteest\u00e4","og_description":"Osaa Suomussalmen raakkutuhon saama julkisuus alkaa jo tympi\u00e4, mutta todellisuudessa pit\u00e4isi menn\u00e4 vain syvemm\u00e4lle ja yksityiskohtaisemmin siihen, mit\u00e4 suomalaisissa metsiss\u00e4 tapahtuu.","og_url":"https:\/\/suomenkuvalehti.fi\/tarinoitatieteesta\/raakut-ovat-jaavuoren-huippu\/","og_site_name":"Tarinoita tieteest\u00e4","article_author":"https:\/\/www.facebook.com\/pages\/Tiina-Raevaara-Tarinoita-tieteest\/280663078640821?fref=ts","article_published_time":"2024-08-26T07:51:46+00:00","article_modified_time":"2024-08-26T07:51:47+00:00","og_image":[{"width":2560,"height":1707,"url":"https:\/\/suomenkuvalehti.fi\/tarinoitatieteesta\/wp-content\/uploads\/sites\/13\/2022\/04\/tiina_raevaara-scaled.jpg","type":"image\/jpeg"}],"author":"Tiina Raevaara","twitter_card":"summary_large_image","twitter_creator":"@https:\/\/twitter.com\/raevaara","twitter_misc":{"Written by":"Tiina Raevaara","Est. reading time":"3 minuuttia"},"schema":{"@context":"https:\/\/schema.org","@graph":[{"@type":"WebPage","@id":"https:\/\/suomenkuvalehti.fi\/tarinoitatieteesta\/raakut-ovat-jaavuoren-huippu\/","url":"https:\/\/suomenkuvalehti.fi\/tarinoitatieteesta\/raakut-ovat-jaavuoren-huippu\/","name":"Raakut ovat j\u00e4\u00e4vuoren huippu - Tarinoita tieteest\u00e4","isPartOf":{"@id":"https:\/\/suomenkuvalehti.fi\/tarinoitatieteesta\/#website"},"datePublished":"2024-08-26T07:51:46+00:00","dateModified":"2024-08-26T07:51:47+00:00","author":{"@id":"https:\/\/suomenkuvalehti.fi\/tarinoitatieteesta\/#\/schema\/person\/bb9c6caa48b3f9394f20b9d28415bca6"},"description":"Osaa Suomussalmen raakkutuhon saama julkisuus alkaa jo tympi\u00e4, mutta todellisuudessa pit\u00e4isi menn\u00e4 vain syvemm\u00e4lle ja yksityiskohtaisemmin siihen, mit\u00e4 suomalaisissa metsiss\u00e4 tapahtuu.","breadcrumb":{"@id":"https:\/\/suomenkuvalehti.fi\/tarinoitatieteesta\/raakut-ovat-jaavuoren-huippu\/#breadcrumb"},"inLanguage":"fi","potentialAction":[{"@type":"ReadAction","target":["https:\/\/suomenkuvalehti.fi\/tarinoitatieteesta\/raakut-ovat-jaavuoren-huippu\/"]}]},{"@type":"BreadcrumbList","@id":"https:\/\/suomenkuvalehti.fi\/tarinoitatieteesta\/raakut-ovat-jaavuoren-huippu\/#breadcrumb","itemListElement":[{"@type":"ListItem","position":1,"name":"Home","item":"https:\/\/suomenkuvalehti.fi\/tarinoitatieteesta\/"},{"@type":"ListItem","position":2,"name":"Raakut ovat j\u00e4\u00e4vuoren huippu"}]},{"@type":"WebSite","@id":"https:\/\/suomenkuvalehti.fi\/tarinoitatieteesta\/#website","url":"https:\/\/suomenkuvalehti.fi\/tarinoitatieteesta\/","name":"Tarinoita tieteest\u00e4","description":"Biologi Tiina Raevaara tutkailee tieteen maailmaa kaunokirjailijan aivoin.","potentialAction":[{"@type":"SearchAction","target":{"@type":"EntryPoint","urlTemplate":"https:\/\/suomenkuvalehti.fi\/haku\/?q={search_term_string}"},"query-input":{"@type":"PropertyValueSpecification","valueRequired":true,"valueName":"search_term_string"}}],"inLanguage":"fi"},{"@type":"Person","@id":"https:\/\/suomenkuvalehti.fi\/tarinoitatieteesta\/#\/schema\/person\/bb9c6caa48b3f9394f20b9d28415bca6","name":"Tiina Raevaara","image":{"@type":"ImageObject","inLanguage":"fi","@id":"https:\/\/suomenkuvalehti.fi\/tarinoitatieteesta\/#\/schema\/person\/image\/","url":"https:\/\/suomenkuvalehti.fi\/tarinoitatieteesta\/wp-content\/uploads\/sites\/13\/2022\/04\/tiina_raevaara-150x150.jpg","contentUrl":"https:\/\/suomenkuvalehti.fi\/tarinoitatieteesta\/wp-content\/uploads\/sites\/13\/2022\/04\/tiina_raevaara-150x150.jpg","caption":"Tiina Raevaara"},"description":"Kirjoittaja Tiina Raevaara on filosofian tohtori ja kirjailija.","sameAs":["https:\/\/www.facebook.com\/pages\/Tiina-Raevaara-Tarinoita-tieteest\/280663078640821?fref=ts","https:\/\/x.com\/https:\/\/twitter.com\/raevaara"]}]}},"_links":{"self":[{"href":"https:\/\/suomenkuvalehti.fi\/tarinoitatieteesta\/wp-json\/wp\/v2\/posts\/2248","targetHints":{"allow":["GET"]}}],"collection":[{"href":"https:\/\/suomenkuvalehti.fi\/tarinoitatieteesta\/wp-json\/wp\/v2\/posts"}],"about":[{"href":"https:\/\/suomenkuvalehti.fi\/tarinoitatieteesta\/wp-json\/wp\/v2\/types\/post"}],"author":[{"embeddable":true,"href":"https:\/\/suomenkuvalehti.fi\/tarinoitatieteesta\/wp-json\/wp\/v2\/users\/146"}],"replies":[{"embeddable":true,"href":"https:\/\/suomenkuvalehti.fi\/tarinoitatieteesta\/wp-json\/wp\/v2\/comments?post=2248"}],"version-history":[{"count":3,"href":"https:\/\/suomenkuvalehti.fi\/tarinoitatieteesta\/wp-json\/wp\/v2\/posts\/2248\/revisions"}],"predecessor-version":[{"id":2251,"href":"https:\/\/suomenkuvalehti.fi\/tarinoitatieteesta\/wp-json\/wp\/v2\/posts\/2248\/revisions\/2251"}],"wp:attachment":[{"href":"https:\/\/suomenkuvalehti.fi\/tarinoitatieteesta\/wp-json\/wp\/v2\/media?parent=2248"}],"wp:term":[{"taxonomy":"category","embeddable":true,"href":"https:\/\/suomenkuvalehti.fi\/tarinoitatieteesta\/wp-json\/wp\/v2\/categories?post=2248"},{"taxonomy":"post_tag","embeddable":true,"href":"https:\/\/suomenkuvalehti.fi\/tarinoitatieteesta\/wp-json\/wp\/v2\/tags?post=2248"}],"curies":[{"name":"wp","href":"https:\/\/api.w.org\/{rel}","templated":true}]}}