{"id":223,"date":"2012-02-10T13:39:10","date_gmt":"2012-02-10T11:39:10","guid":{"rendered":"https:\/\/suomenkuvalehti.fi\/tarinoitatieteesta\/2012\/02\/10\/antarktiksella-tapahtuu\/"},"modified":"2012-02-10T13:39:10","modified_gmt":"2012-02-10T11:39:10","slug":"antarktiksella-tapahtuu","status":"publish","type":"post","link":"https:\/\/suomenkuvalehti.fi\/tarinoitatieteesta\/antarktiksella-tapahtuu\/","title":{"rendered":"Antarktiksella tapahtuu"},"content":{"rendered":"\n<p>Etel\u00e4manteren j\u00e4\u00e4kuoren alla piilotteleva <a title=\"Wikipedia\" href=\"http:\/\/en.wikipedia.org\/wiki\/Lake_Vostok\" target=\"_blank\">Vostok-j\u00e4rvi<\/a> on kiehtonut mieli\u00e4 aina l\u00f6ytymisest\u00e4\u00e4n l\u00e4htien. J\u00e4rven p\u00e4\u00e4ll\u00e4 on j\u00e4\u00e4t\u00e4 noin 3-4 kilometrin verran, ja se on ollut eristyksiss\u00e4 ymp\u00e4rist\u00f6st\u00e4\u00e4n miljoonia vuosia.<\/p>\n\n\n\n<p><a title=\"New Scientist\" href=\"http:\/\/www.newscientist.com\/article\/dn21438-we-have-breached-lake-vostok-confirms-russian-team.html\" target=\"_blank\">Nyt ven\u00e4l\u00e4istutkijat ovat saaneet poransa j\u00e4rvelle saakka<\/a>. Viisi p\u00e4iv\u00e4\u00e4 sitten, 5. helmikuuta, pora saavutti vedenpinnan ja j\u00e4rven vett\u00e4 nousi porausreik\u00e4\u00e4n monen kymmenen metrin korkeuteen. Kyse siis ollut pelk\u00e4st\u00e4 j\u00e4\u00e4n paikallisesta vesitaskusta. Vesin\u00e4ytteiden analysointiin menee kuukausia, joten tuloksia ei ole ihan heti odotettavissa.<\/p>\n\n\n\n<p>Etel\u00e4manteren talvi on rankka, ja Vostok-tutkimusasemalla on pakkasta l\u00e4hes 90 astetta. Tutkijoiden kiire saada ty\u00f6ns\u00e4 loppuun ehti jo saada <a title=\"Iltalehti\" href=\"http:\/\/www.iltalehti.fi\/ulkomaat\/2012020315160317_ul.shtml\" target=\"_blank\">kaikenlaisia huhuja<\/a> liikkeelle.<\/p>\n\n\n\n<p>Suuri huoli j\u00e4rven tutkimisessa on ollut mahdollinen kontaminaatio. Ihmisten mukanaan kantamat bakteerit ja muut mikrobit levi\u00e4v\u00e4t helposti esimerkiksi tutkimuslaitteiston kautta. Vostokin saavuttaminen on vaatinut suurta tarkkuutta ja metodien pohtimista.<\/p>\n\n\n\n<p>Vostokissa kiinnostaa erityisesti sen mahdollisesti sis\u00e4lt\u00e4m\u00e4 el\u00e4m\u00e4, ja siksi kontaminaatiouhkaankin suhtaudutaan vakavasti. Eristyksiss\u00e4 pysynyt el\u00e4m\u00e4 on aina kiinnostavaa, mutta Vostokin tapauksessa toki sijainti maapallon kylmimm\u00e4ll\u00e4 alueella kiinnostaa. Vostok-j\u00e4rve\u00e4 on ajateltu analogiaksi esimerkiksi Jupiterin Europa-kuulle, jonka j\u00e4\u00e4kuoren alla toivotaan my\u00f6s olevan sulaa vett\u00e4.<\/p>\n\n\n\n<p>El\u00e4m\u00e4n l\u00e4sn\u00e4olo j\u00e4rvess\u00e4 tuntuu kuitenkin ep\u00e4todenn\u00e4k\u00f6iselt\u00e4. J\u00e4rvi j\u00e4\u00e4 t\u00e4ysin ilman auringonvaloa, sen paine on 350 ilmakeh\u00e4n verran ja vesi on eritt\u00e4in happipitoista. Liika happi on el\u00e4m\u00e4lle myrkky\u00e4.<\/p>\n\n\n\n<p>On sin\u00e4ns\u00e4 ihan sopivaa, ett\u00e4 Vostokin veteen p\u00e4\u00e4siv\u00e4t ensimm\u00e4isen\u00e4 k\u00e4siksi juuri ven\u00e4l\u00e4iset. Saman maan tiedemiehet esittiv\u00e4t ensimm\u00e4isen\u00e4 ajatuksen Antarktiksen alla piilevist\u00e4 j\u00e4rvist\u00e4 1900-luvun alussa sek\u00e4 havaitsivat Vostokin olemassaolon 1960-luvun paikkeilla. Vostok on pinta-alaltaan yksi maailman suurimmista j\u00e4rvist\u00e4. Nykytiedon mukaan Antarktiksen alla piilee noin 140 muutakin j\u00e4rve\u00e4.<\/p>\n\n\n\n<p>Kunhan vesianalyysit valmistuvat, ven\u00e4l\u00e4isill\u00e4 <a title=\"Nature\" href=\"http:\/\/www.nature.com\/news\/2011\/110117\/full\/469275a.html\" target=\"_blank\">on suunnitelmissa<\/a> l\u00e4hett\u00e4\u00e4 j\u00e4rveen robotti sedimenttej\u00e4 tutkimaan. <\/p>\n\n\n\n<p>Itse toki toivoisin, ett\u00e4 Vostok-j\u00e4rvest\u00e4 l\u00f6ytyisi <a title=\"Washington Post\" href=\"http:\/\/www.washingtonpost.com\/blogs\/blogpost\/post\/lake-vostok-was-once-a-german-nazi-base-russian-news-agency-says\/2012\/02\/07\/gIQAKo9RwQ_blog.html\" target=\"_blank\">natsien unohtunut tukikohta<\/a>, <a title=\"Wikipedia\" href=\"http:\/\/en.wikipedia.org\/wiki\/The_Thing_%281982_film%29\" target=\"_blank\">se juttu<\/a> tai <a title=\"Wikipedia\" href=\"http:\/\/en.wikipedia.org\/wiki\/Alien_vs._Predator_%28film%29\" target=\"_blank\">predatorien rakentama pyramidi, jossa ne piilottelevat alieneja<\/a>.<\/p>\n\n\n","protected":false},"excerpt":{"rendered":"<p>Etel\u00e4manteren j\u00e4\u00e4kuoren alla piilotteleva Vostok-j\u00e4rvi on kiehtonut mieli\u00e4 aina l\u00f6ytymisest\u00e4\u00e4n l\u00e4htien. J\u00e4rven p\u00e4\u00e4ll\u00e4 on j\u00e4\u00e4t\u00e4 noin 3-4 kilometrin verran, ja se on ollut eristyksiss\u00e4 ymp\u00e4rist\u00f6st\u00e4\u00e4n miljoonia vuosia. Nyt ven\u00e4l\u00e4istutkijat ovat saaneet poransa j\u00e4rvelle saakka. Viisi<br \/>\np\u00e4iv\u00e4\u00e4 sitten, 5. helmi&hellip;<\/p>\n","protected":false},"author":146,"featured_media":0,"comment_status":"open","ping_status":"open","sticky":false,"template":"","format":"standard","meta":{"_acf_changed":false,"asauth_required_access_level":0,"asauth_cansharepaid":"","om_header_attributes":[],"footnotes":"","om_featured_image_focal_point":[],"om_primary_tag":0,"om_contributors":[],"om_co_authors":[],"beyondwords_generate_audio":"","beyondwords_project_id":"","beyondwords_content_id":"","beyondwords_preview_token":"","beyondwords_player_content":"","beyondwords_player_style":"","beyondwords_language_code":"","beyondwords_language_id":"","beyondwords_title_voice_id":"","beyondwords_body_voice_id":"","beyondwords_summary_voice_id":"","beyondwords_error_message":"","beyondwords_disabled":"","beyondwords_delete_content":"","beyondwords_podcast_id":"","beyondwords_hash":"","publish_post_to_speechkit":"","speechkit_hash":"","speechkit_generate_audio":"","speechkit_project_id":"","speechkit_podcast_id":"","speechkit_error_message":"","speechkit_disabled":"","speechkit_access_key":"","speechkit_error":"","speechkit_info":"","speechkit_response":"","speechkit_retries":"","speechkit_status":"","speechkit_updated_at":"","_speechkit_link":"","_speechkit_text":""},"categories":[1],"tags":[1037,1036,304,1038],"class_list":["post-223","post","type-post","status-publish","format-standard","hentry","category-tarinoita-tieteesta","tag-antarktis","tag-etelamanner","tag-europa-kuu","tag-vostok-jarvi"],"om_views":null,"acf":{"tuuma_off":false,"tuuma_kysymys":"","tuuma_vastaus":""},"asauth":{"required_access_level":1,"share_token":"","is_paid":false},"yoast_head":"<!-- This site is optimized with the Yoast SEO plugin v26.4 - https:\/\/yoast.com\/wordpress\/plugins\/seo\/ -->\n<title>Antarktiksella tapahtuu - Tarinoita tieteest\u00e4<\/title>\n<meta name=\"robots\" content=\"index, follow, max-snippet:-1, max-image-preview:large, max-video-preview:-1\" \/>\n<link rel=\"canonical\" href=\"https:\/\/suomenkuvalehti.fi\/tarinoitatieteesta\/antarktiksella-tapahtuu\/\" \/>\n<meta property=\"og:locale\" content=\"fi_FI\" \/>\n<meta property=\"og:type\" content=\"article\" \/>\n<meta property=\"og:title\" content=\"Antarktiksella tapahtuu - Tarinoita tieteest\u00e4\" \/>\n<meta property=\"og:description\" content=\"Etel\u00e4manteren j\u00e4\u00e4kuoren alla piilotteleva Vostok-j\u00e4rvi on kiehtonut mieli\u00e4 aina l\u00f6ytymisest\u00e4\u00e4n l\u00e4htien. J\u00e4rven p\u00e4\u00e4ll\u00e4 on j\u00e4\u00e4t\u00e4 noin 3-4 kilometrin verran, ja se on ollut eristyksiss\u00e4 ymp\u00e4rist\u00f6st\u00e4\u00e4n miljoonia vuosia. Nyt ven\u00e4l\u00e4istutkijat ovat saaneet poransa j\u00e4rvelle saakka. Viisi p\u00e4iv\u00e4\u00e4 sitten, 5. helmi&hellip;\" \/>\n<meta property=\"og:url\" content=\"https:\/\/suomenkuvalehti.fi\/tarinoitatieteesta\/antarktiksella-tapahtuu\/\" \/>\n<meta property=\"og:site_name\" content=\"Tarinoita tieteest\u00e4\" \/>\n<meta property=\"article:author\" content=\"https:\/\/www.facebook.com\/pages\/Tiina-Raevaara-Tarinoita-tieteest\/280663078640821?fref=ts\" \/>\n<meta property=\"article:published_time\" content=\"2012-02-10T11:39:10+00:00\" \/>\n<meta property=\"og:image\" content=\"https:\/\/suomenkuvalehti.fi\/tarinoitatieteesta\/wp-content\/uploads\/sites\/13\/2022\/04\/tiina_raevaara-scaled.jpg\" \/>\n\t<meta property=\"og:image:width\" content=\"2560\" \/>\n\t<meta property=\"og:image:height\" content=\"1707\" \/>\n\t<meta property=\"og:image:type\" content=\"image\/jpeg\" \/>\n<meta name=\"author\" content=\"Tiina Raevaara\" \/>\n<meta name=\"twitter:card\" content=\"summary_large_image\" \/>\n<meta name=\"twitter:creator\" content=\"@https:\/\/twitter.com\/raevaara\" \/>\n<meta name=\"twitter:label1\" content=\"Written by\" \/>\n\t<meta name=\"twitter:data1\" content=\"Tiina Raevaara\" \/>\n\t<meta name=\"twitter:label2\" content=\"Est. reading time\" \/>\n\t<meta name=\"twitter:data2\" content=\"2 minuuttia\" \/>\n<script type=\"application\/ld+json\" class=\"yoast-schema-graph\">{\"@context\":\"https:\/\/schema.org\",\"@graph\":[{\"@type\":\"WebPage\",\"@id\":\"https:\/\/suomenkuvalehti.fi\/tarinoitatieteesta\/antarktiksella-tapahtuu\/\",\"url\":\"https:\/\/suomenkuvalehti.fi\/tarinoitatieteesta\/antarktiksella-tapahtuu\/\",\"name\":\"Antarktiksella tapahtuu - Tarinoita tieteest\u00e4\",\"isPartOf\":{\"@id\":\"https:\/\/suomenkuvalehti.fi\/tarinoitatieteesta\/#website\"},\"datePublished\":\"2012-02-10T11:39:10+00:00\",\"author\":{\"@id\":\"https:\/\/suomenkuvalehti.fi\/tarinoitatieteesta\/#\/schema\/person\/bb9c6caa48b3f9394f20b9d28415bca6\"},\"breadcrumb\":{\"@id\":\"https:\/\/suomenkuvalehti.fi\/tarinoitatieteesta\/antarktiksella-tapahtuu\/#breadcrumb\"},\"inLanguage\":\"fi\",\"potentialAction\":[{\"@type\":\"ReadAction\",\"target\":[\"https:\/\/suomenkuvalehti.fi\/tarinoitatieteesta\/antarktiksella-tapahtuu\/\"]}]},{\"@type\":\"BreadcrumbList\",\"@id\":\"https:\/\/suomenkuvalehti.fi\/tarinoitatieteesta\/antarktiksella-tapahtuu\/#breadcrumb\",\"itemListElement\":[{\"@type\":\"ListItem\",\"position\":1,\"name\":\"Home\",\"item\":\"https:\/\/suomenkuvalehti.fi\/tarinoitatieteesta\/\"},{\"@type\":\"ListItem\",\"position\":2,\"name\":\"Antarktiksella tapahtuu\"}]},{\"@type\":\"WebSite\",\"@id\":\"https:\/\/suomenkuvalehti.fi\/tarinoitatieteesta\/#website\",\"url\":\"https:\/\/suomenkuvalehti.fi\/tarinoitatieteesta\/\",\"name\":\"Tarinoita tieteest\u00e4\",\"description\":\"Biologi Tiina Raevaara tutkailee tieteen maailmaa kaunokirjailijan aivoin.\",\"potentialAction\":[{\"@type\":\"SearchAction\",\"target\":{\"@type\":\"EntryPoint\",\"urlTemplate\":\"https:\/\/suomenkuvalehti.fi\/haku\/?q={search_term_string}\"},\"query-input\":{\"@type\":\"PropertyValueSpecification\",\"valueRequired\":true,\"valueName\":\"search_term_string\"}}],\"inLanguage\":\"fi\"},{\"@type\":\"Person\",\"@id\":\"https:\/\/suomenkuvalehti.fi\/tarinoitatieteesta\/#\/schema\/person\/bb9c6caa48b3f9394f20b9d28415bca6\",\"name\":\"Tiina Raevaara\",\"image\":{\"@type\":\"ImageObject\",\"inLanguage\":\"fi\",\"@id\":\"https:\/\/suomenkuvalehti.fi\/tarinoitatieteesta\/#\/schema\/person\/image\/\",\"url\":\"https:\/\/suomenkuvalehti.fi\/tarinoitatieteesta\/wp-content\/uploads\/sites\/13\/2022\/04\/tiina_raevaara-150x150.jpg\",\"contentUrl\":\"https:\/\/suomenkuvalehti.fi\/tarinoitatieteesta\/wp-content\/uploads\/sites\/13\/2022\/04\/tiina_raevaara-150x150.jpg\",\"caption\":\"Tiina Raevaara\"},\"description\":\"Kirjoittaja Tiina Raevaara on filosofian tohtori ja kirjailija.\",\"sameAs\":[\"https:\/\/www.facebook.com\/pages\/Tiina-Raevaara-Tarinoita-tieteest\/280663078640821?fref=ts\",\"https:\/\/x.com\/https:\/\/twitter.com\/raevaara\"]}]}<\/script>\n<!-- \/ Yoast SEO plugin. -->","yoast_head_json":{"title":"Antarktiksella tapahtuu - Tarinoita tieteest\u00e4","robots":{"index":"index","follow":"follow","max-snippet":"max-snippet:-1","max-image-preview":"max-image-preview:large","max-video-preview":"max-video-preview:-1"},"canonical":"https:\/\/suomenkuvalehti.fi\/tarinoitatieteesta\/antarktiksella-tapahtuu\/","og_locale":"fi_FI","og_type":"article","og_title":"Antarktiksella tapahtuu - Tarinoita tieteest\u00e4","og_description":"Etel\u00e4manteren j\u00e4\u00e4kuoren alla piilotteleva Vostok-j\u00e4rvi on kiehtonut mieli\u00e4 aina l\u00f6ytymisest\u00e4\u00e4n l\u00e4htien. J\u00e4rven p\u00e4\u00e4ll\u00e4 on j\u00e4\u00e4t\u00e4 noin 3-4 kilometrin verran, ja se on ollut eristyksiss\u00e4 ymp\u00e4rist\u00f6st\u00e4\u00e4n miljoonia vuosia. Nyt ven\u00e4l\u00e4istutkijat ovat saaneet poransa j\u00e4rvelle saakka. Viisi p\u00e4iv\u00e4\u00e4 sitten, 5. helmi&hellip;","og_url":"https:\/\/suomenkuvalehti.fi\/tarinoitatieteesta\/antarktiksella-tapahtuu\/","og_site_name":"Tarinoita tieteest\u00e4","article_author":"https:\/\/www.facebook.com\/pages\/Tiina-Raevaara-Tarinoita-tieteest\/280663078640821?fref=ts","article_published_time":"2012-02-10T11:39:10+00:00","og_image":[{"width":2560,"height":1707,"url":"https:\/\/suomenkuvalehti.fi\/tarinoitatieteesta\/wp-content\/uploads\/sites\/13\/2022\/04\/tiina_raevaara-scaled.jpg","type":"image\/jpeg"}],"author":"Tiina Raevaara","twitter_card":"summary_large_image","twitter_creator":"@https:\/\/twitter.com\/raevaara","twitter_misc":{"Written by":"Tiina Raevaara","Est. reading time":"2 minuuttia"},"schema":{"@context":"https:\/\/schema.org","@graph":[{"@type":"WebPage","@id":"https:\/\/suomenkuvalehti.fi\/tarinoitatieteesta\/antarktiksella-tapahtuu\/","url":"https:\/\/suomenkuvalehti.fi\/tarinoitatieteesta\/antarktiksella-tapahtuu\/","name":"Antarktiksella tapahtuu - Tarinoita tieteest\u00e4","isPartOf":{"@id":"https:\/\/suomenkuvalehti.fi\/tarinoitatieteesta\/#website"},"datePublished":"2012-02-10T11:39:10+00:00","author":{"@id":"https:\/\/suomenkuvalehti.fi\/tarinoitatieteesta\/#\/schema\/person\/bb9c6caa48b3f9394f20b9d28415bca6"},"breadcrumb":{"@id":"https:\/\/suomenkuvalehti.fi\/tarinoitatieteesta\/antarktiksella-tapahtuu\/#breadcrumb"},"inLanguage":"fi","potentialAction":[{"@type":"ReadAction","target":["https:\/\/suomenkuvalehti.fi\/tarinoitatieteesta\/antarktiksella-tapahtuu\/"]}]},{"@type":"BreadcrumbList","@id":"https:\/\/suomenkuvalehti.fi\/tarinoitatieteesta\/antarktiksella-tapahtuu\/#breadcrumb","itemListElement":[{"@type":"ListItem","position":1,"name":"Home","item":"https:\/\/suomenkuvalehti.fi\/tarinoitatieteesta\/"},{"@type":"ListItem","position":2,"name":"Antarktiksella tapahtuu"}]},{"@type":"WebSite","@id":"https:\/\/suomenkuvalehti.fi\/tarinoitatieteesta\/#website","url":"https:\/\/suomenkuvalehti.fi\/tarinoitatieteesta\/","name":"Tarinoita tieteest\u00e4","description":"Biologi Tiina Raevaara tutkailee tieteen maailmaa kaunokirjailijan aivoin.","potentialAction":[{"@type":"SearchAction","target":{"@type":"EntryPoint","urlTemplate":"https:\/\/suomenkuvalehti.fi\/haku\/?q={search_term_string}"},"query-input":{"@type":"PropertyValueSpecification","valueRequired":true,"valueName":"search_term_string"}}],"inLanguage":"fi"},{"@type":"Person","@id":"https:\/\/suomenkuvalehti.fi\/tarinoitatieteesta\/#\/schema\/person\/bb9c6caa48b3f9394f20b9d28415bca6","name":"Tiina Raevaara","image":{"@type":"ImageObject","inLanguage":"fi","@id":"https:\/\/suomenkuvalehti.fi\/tarinoitatieteesta\/#\/schema\/person\/image\/","url":"https:\/\/suomenkuvalehti.fi\/tarinoitatieteesta\/wp-content\/uploads\/sites\/13\/2022\/04\/tiina_raevaara-150x150.jpg","contentUrl":"https:\/\/suomenkuvalehti.fi\/tarinoitatieteesta\/wp-content\/uploads\/sites\/13\/2022\/04\/tiina_raevaara-150x150.jpg","caption":"Tiina Raevaara"},"description":"Kirjoittaja Tiina Raevaara on filosofian tohtori ja kirjailija.","sameAs":["https:\/\/www.facebook.com\/pages\/Tiina-Raevaara-Tarinoita-tieteest\/280663078640821?fref=ts","https:\/\/x.com\/https:\/\/twitter.com\/raevaara"]}]}},"_links":{"self":[{"href":"https:\/\/suomenkuvalehti.fi\/tarinoitatieteesta\/wp-json\/wp\/v2\/posts\/223","targetHints":{"allow":["GET"]}}],"collection":[{"href":"https:\/\/suomenkuvalehti.fi\/tarinoitatieteesta\/wp-json\/wp\/v2\/posts"}],"about":[{"href":"https:\/\/suomenkuvalehti.fi\/tarinoitatieteesta\/wp-json\/wp\/v2\/types\/post"}],"author":[{"embeddable":true,"href":"https:\/\/suomenkuvalehti.fi\/tarinoitatieteesta\/wp-json\/wp\/v2\/users\/146"}],"replies":[{"embeddable":true,"href":"https:\/\/suomenkuvalehti.fi\/tarinoitatieteesta\/wp-json\/wp\/v2\/comments?post=223"}],"version-history":[{"count":0,"href":"https:\/\/suomenkuvalehti.fi\/tarinoitatieteesta\/wp-json\/wp\/v2\/posts\/223\/revisions"}],"wp:attachment":[{"href":"https:\/\/suomenkuvalehti.fi\/tarinoitatieteesta\/wp-json\/wp\/v2\/media?parent=223"}],"wp:term":[{"taxonomy":"category","embeddable":true,"href":"https:\/\/suomenkuvalehti.fi\/tarinoitatieteesta\/wp-json\/wp\/v2\/categories?post=223"},{"taxonomy":"post_tag","embeddable":true,"href":"https:\/\/suomenkuvalehti.fi\/tarinoitatieteesta\/wp-json\/wp\/v2\/tags?post=223"}],"curies":[{"name":"wp","href":"https:\/\/api.w.org\/{rel}","templated":true}]}}