{"id":22,"date":"2013-10-13T08:44:01","date_gmt":"2013-10-13T05:44:01","guid":{"rendered":"https:\/\/suomenkuvalehti.fi\/tarinoitatieteesta\/2013\/10\/13\/mita-tietokirjallisuus-edes-on\/"},"modified":"2013-11-29T15:27:11","modified_gmt":"2013-11-29T13:27:11","slug":"mita-tietokirjallisuus-edes-on","status":"publish","type":"post","link":"https:\/\/suomenkuvalehti.fi\/tarinoitatieteesta\/mita-tietokirjallisuus-edes-on\/","title":{"rendered":"Mit\u00e4 tietokirjallisuus edes on?"},"content":{"rendered":"\n<p>Suomi on ensi vuonna Frankfurtin kirjamessujen teemamaa. Kotimaiset kirjallisuuspiirit ovat olleet asiasta tohkeissaan jo pitk\u00e4\u00e4n. Kyseiset kirjamessut ovat alan merkitt\u00e4v\u00e4 tapahtuma.<\/p>\n\n\n\n<p>Messuilla kirjojen julkaisuoikeuksia myyd\u00e4\u00e4n ja ylip\u00e4\u00e4t\u00e4\u00e4n kirjoille saadaan n\u00e4kyvyytt\u00e4. Teemamaalla on Frankfurtissa oma halli ja tietysti taattu n\u00e4kyvyys.<\/p>\n\n\n\n<p>Suomen l\u00e4sn\u00e4oloa ensi vuoden messuilla ohjaa FILI eli Suomen kirjallisuuden tietokeskus.<\/p>\n\n\n\n<p>Suomen tietokirjailijat ry:n puheenjohtaja <strong>Markku L\u00f6yt\u00f6nen<\/strong> valitti <a title=\"HS\" href=\"http:\/\/www.hs.fi\/kulttuuri\/a1381455419133?jako=693df430a8eed5a66ac97d4fd962b497&amp;ref=fb-share\" target=\"_blank\">Helsingin Sanomissa<\/a> tieto- ja oppikirjallisuuden unohtumista Frankfurtin tulevilta messuilta.<\/p>\n\n\n\n<p>Oppikirjallisuudelle on L\u00f6yt\u00f6sen mukaan varattu huono paikka messuilla eik\u00e4 FILI tunnu haluavan tietokirjailjoiden puuttuvan mill\u00e4\u00e4n tavalla messuj\u00e4rjestelyihin. L\u00f6yt\u00f6sen mielest\u00e4 tietokirjallisuus j\u00e4\u00e4 liikaa kaunokirjallisuuden jalkoihin Frankfurt-projektissa.<\/p>\n\n\n\n<p>Tietokirjallisuus on Suomessa monella tapaa lapsipuolen asemassa. Frankfurtin kirjamessujen suunnittelu on vain yksi esimerkki asiasta.<\/p>\n\n\n\n<p>Toinen esimerkki on valtion kirjastoapurahojen jako kev\u00e4isin. Kirjastoapurahoja jaetaan kirjailija- ja k\u00e4\u00e4nt\u00e4j\u00e4kunnalle er\u00e4\u00e4nlaisena kollektiivisena korvauksena siit\u00e4, ett\u00e4 mahdollisuus lainata kirjoja kirjastoista pienent\u00e4\u00e4 teosten myynti\u00e4. Tietokirjailijat saavat potista vain murto-osan. Olen kirjoittanut ongelmasta <a title=\"Tarinoita tieteest\u00e4\" href=\"https:\/\/suomenkuvalehti.fi\/tarinoitatieteesta\/2013\/06\/20\/tietokirjojen-runsaus-vs-julkisuuden-rajallisuus\/\" target=\"_blank\">aiemminkin<\/a>.<\/p>\n\n\n\n<p>Mist\u00e4 johtuu tietokirjallisuuden vaikea asema?<\/p>\n\n\n\n<p>Ensinn\u00e4kin tietokirjallisuudella on identiteettiongelma. Kaunokirjallisuus solahtaa sujuvasti taidelokeroonsa, mutta tietokirjalle lokeroita on tarjolla liikaa. Tietokirjallisuuteen on haluttu laskea mukaan oppi- ja tiedekirjallisuuden lis\u00e4ksi erilaiset oppaat, el\u00e4m\u00e4kerrat, el\u00e4m\u00e4nkatsomuksellinen kirjallisuus sek\u00e4 kaikki mahdollinen &#8221;s\u00e4l\u00e4&#8221; Guinnessin enn\u00e4tystenkirjoista karttakirjoihin.<\/p>\n\n\n\n<p>Tietokirjallisuus ei n\u00e4ytt\u00e4ydy j\u00e4rkev\u00e4n\u00e4 ja ymm\u00e4rrett\u00e4v\u00e4n\u00e4 kokonaisuutena, josta voisi puhua ja jota voisi puolustaa. Asialle on vaikea tehd\u00e4 mit\u00e4\u00e4n.<\/p>\n\n\n\n<p>Identiteettiongelmista johtuen tietokirjallisuudella ei ole samanlaista s\u00e4dekeh\u00e4\u00e4 p\u00e4\u00e4ll\u00e4\u00e4n kuin kaunokirjallisuudella. Taiteella on vankka ja tuettu asema, ja vaikka kaikenlaisia taiteen v\u00e4\u00e4rinymm\u00e4rt\u00e4ji\u00e4 keskusteluissa silloin t\u00e4ll\u00f6in esiintyykin, tosissaan sen asemaa ei kyseenalaisteta.<\/p>\n\n\n\n<p>Tietokirjallisuus ei ole taidetta. Mit\u00e4 se on? Moni kirjoittajille apurahoja my\u00f6nt\u00e4v\u00e4 taho k\u00e4ytt\u00e4\u00e4 termi\u00e4 &#8221;kansanvalistus&#8221;. Onko tietokirjallisuuden teht\u00e4v\u00e4 vain valistaa ja opettaa? Eik\u00f6 valistuspakko tee kirjallisuudenlajista vain v\u00e4lineen, joka voidaan tarvittaessa korvata jollain muulla?<\/p>\n\n\n\n<p>Itse haluaisin n\u00e4hd\u00e4 tietokirjallisuudella samanlaista kyseenalaistamatonta itseisarvoa kuin kaunokirjallisuudella.<\/p>\n\n\n\n<p>Ongelmana erityisesti Suomessa on my\u00f6s se, ett\u00e4 meilt\u00e4 on puuttunut tietokirjallisuudesta keskustelemisen kulttuuri. Helsingin yliopistoon ollaan perustamassa maan ensimm\u00e4ist\u00e4 tietokirjallisuuden ja -kirjoittamisen professuuria, mink\u00e4 toivon parantavan asiaa.<\/p>\n\n\n\n<p>Keskustelun puutetta on my\u00f6s lukemisen puute. Vaikka meill\u00e4 muuten luetaan paljon, &#8221;kirjallinen tietokirjallisuus&#8221; ei ole meill\u00e4 kovin elinvoimaista.<\/p>\n\n\n\n<p>Ilahduttavia poikkeuksia toki on: luen kyseiseen genreen vaikkapa <strong>Esko Valtaojan<\/strong> Tieto-Finlandia-palkitun <em>Kotona maailmankaikkeudessa<\/em> &#8211;<a title=\"Wikipedia\" href=\"http:\/\/fi.wikipedia.org\/wiki\/Kotona_maailmankaikkeudessa\" target=\"_blank\">kirjan<\/a> ja sen jatko-osat.<\/p>\n\n\n\n<p>Kirjallisessa tietokirjallisuudessa korostuu nimenomaan mahdollisuus uppoutua, viihty\u00e4 samalla tavalla kuin kaunokirjallisuuden \u00e4\u00e4rell\u00e4 viihdyt\u00e4\u00e4n. Tietoa tarjotaan mutta &#8221;kansanvalistuksellisuutta&#8221; ei korosteta. Esteettisyys ja el\u00e4myksellisuus ovat t\u00e4rkeit\u00e4.<\/p>\n\n\n\n<p>Samoin journalistinen tietokirjoittaminen osoittaa ilahduttavia elonmerkkej\u00e4. Viime vuonna <a title=\"Wikipedia\" href=\"http:\/\/fi.wikipedia.org\/wiki\/Sy%C3%B6t%C3%A4v%C3%A4ksi_kasvatetut_%E2%80%93_Miten_ruokasi_eli_el%C3%A4m%C3%A4ns%C3%A4\" target=\"_blank\">Tieto-Finlandian<\/a> sai toimittaja <strong>Elina Lappalaisen<\/strong> kirja <em>Sy\u00f6t\u00e4v\u00e4ksi kasvatetut<\/em>, joka oli nimenomaan tutkivaa journalismia.<\/p>\n\n\n\n<p>T\u00e4n\u00e4 syksyn\u00e4 on ehditty kohista jo ainakin <a title=\"Into\" href=\"http:\/\/www.intokustannus.fi\/kirja\/wahlroos_epavirallinen_elamakerta\/\" target=\"_blank\">Bj\u00f6rn Wahlroosin<\/a> ja <a title=\"Wsoy\" href=\"http:\/\/www.wsoy.fi\/kirjat\/-\/product\/no\/9789510394908\" target=\"_blank\">Paavo V\u00e4yrysen<\/a> auktorisoimattomista el\u00e4m\u00e4kerroista, joiden kirjoittajat ovat nimenomaan journalisteja.<\/p>\n\n\n\n<p>Mik\u00e4 l\u00e4\u00e4kkeeksi tietokirjallisuuden ongelmiin? Ainakin identiteetin vahvistus, omanarvontunnon kohotus ja sen pohtiminen, millaisia kirjoja nimenomaan haluamme tietokirjoiksi mielt\u00e4\u00e4. N\u00e4m\u00e4 j\u00e4\u00e4v\u00e4t ehk\u00e4p\u00e4 instituutioiden teht\u00e4v\u00e4ksi.<\/p>\n\n\n\n<p>Yksil\u00f6t voivat tehd\u00e4 lis\u00e4\u00e4 vahvasti kirjoitettuja, yll\u00e4tt\u00e4vi\u00e4 ja kunnianhimoisia tietokirjoja.<\/p>\n\n\n","protected":false},"excerpt":{"rendered":"<p>Suomi on ensi vuonna Frankfurtin kirjamessujen teemamaa. Kotimaiset kirjallisuuspiirit ovat olleet asiasta tohkeissaan jo pitk\u00e4\u00e4n. Kyseiset kirjamessut ovat alan merkitt\u00e4v\u00e4 tapahtuma. Messuilla kirjojen julkaisuoikeuksia myyd\u00e4\u00e4n ja ylip\u00e4\u00e4t\u00e4\u00e4n kirjoille saadaan n\u00e4kyvyytt\u00e4. Teemamaalla on<br \/>\nFrankfurtis&hellip;<\/p>\n","protected":false},"author":146,"featured_media":0,"comment_status":"open","ping_status":"open","sticky":false,"template":"","format":"standard","meta":{"_acf_changed":false,"asauth_required_access_level":0,"asauth_cansharepaid":"","om_header_attributes":[],"footnotes":"","om_featured_image_focal_point":[],"om_primary_tag":0,"om_contributors":[],"om_co_authors":[],"beyondwords_generate_audio":"","beyondwords_project_id":"","beyondwords_content_id":"","beyondwords_preview_token":"","beyondwords_player_content":"","beyondwords_player_style":"","beyondwords_language_code":"","beyondwords_language_id":"","beyondwords_title_voice_id":"","beyondwords_body_voice_id":"","beyondwords_summary_voice_id":"","beyondwords_error_message":"","beyondwords_disabled":"","beyondwords_delete_content":"","beyondwords_podcast_id":"","beyondwords_hash":"","publish_post_to_speechkit":"","speechkit_hash":"","speechkit_generate_audio":"","speechkit_project_id":"","speechkit_podcast_id":"","speechkit_error_message":"","speechkit_disabled":"","speechkit_access_key":"","speechkit_error":"","speechkit_info":"","speechkit_response":"","speechkit_retries":"","speechkit_status":"","speechkit_updated_at":"","_speechkit_link":"","_speechkit_text":""},"categories":[1],"tags":[],"class_list":["post-22","post","type-post","status-publish","format-standard","hentry","category-tarinoita-tieteesta"],"om_views":null,"acf":{"tuuma_off":false,"tuuma_kysymys":"","tuuma_vastaus":""},"asauth":{"required_access_level":1,"share_token":"","is_paid":false},"yoast_head":"<!-- This site is optimized with the Yoast SEO plugin v26.4 - https:\/\/yoast.com\/wordpress\/plugins\/seo\/ -->\n<title>Mit\u00e4 tietokirjallisuus edes on? - Tarinoita tieteest\u00e4<\/title>\n<meta name=\"robots\" content=\"index, follow, max-snippet:-1, max-image-preview:large, max-video-preview:-1\" \/>\n<link rel=\"canonical\" href=\"https:\/\/suomenkuvalehti.fi\/tarinoitatieteesta\/mita-tietokirjallisuus-edes-on\/\" \/>\n<meta property=\"og:locale\" content=\"fi_FI\" \/>\n<meta property=\"og:type\" content=\"article\" \/>\n<meta property=\"og:title\" content=\"Mit\u00e4 tietokirjallisuus edes on? - Tarinoita tieteest\u00e4\" \/>\n<meta property=\"og:description\" content=\"Suomi on ensi vuonna Frankfurtin kirjamessujen teemamaa. Kotimaiset kirjallisuuspiirit ovat olleet asiasta tohkeissaan jo pitk\u00e4\u00e4n. Kyseiset kirjamessut ovat alan merkitt\u00e4v\u00e4 tapahtuma. Messuilla kirjojen julkaisuoikeuksia myyd\u00e4\u00e4n ja ylip\u00e4\u00e4t\u00e4\u00e4n kirjoille saadaan n\u00e4kyvyytt\u00e4. Teemamaalla on Frankfurtis&hellip;\" \/>\n<meta property=\"og:url\" content=\"https:\/\/suomenkuvalehti.fi\/tarinoitatieteesta\/mita-tietokirjallisuus-edes-on\/\" \/>\n<meta property=\"og:site_name\" content=\"Tarinoita tieteest\u00e4\" \/>\n<meta property=\"article:author\" content=\"https:\/\/www.facebook.com\/pages\/Tiina-Raevaara-Tarinoita-tieteest\/280663078640821?fref=ts\" \/>\n<meta property=\"article:published_time\" content=\"2013-10-13T05:44:01+00:00\" \/>\n<meta property=\"article:modified_time\" content=\"2013-11-29T13:27:11+00:00\" \/>\n<meta property=\"og:image\" content=\"https:\/\/suomenkuvalehti.fi\/tarinoitatieteesta\/wp-content\/uploads\/sites\/13\/2022\/04\/tiina_raevaara-scaled.jpg\" \/>\n\t<meta property=\"og:image:width\" content=\"2560\" \/>\n\t<meta property=\"og:image:height\" content=\"1707\" \/>\n\t<meta property=\"og:image:type\" content=\"image\/jpeg\" \/>\n<meta name=\"author\" content=\"Tiina Raevaara\" \/>\n<meta name=\"twitter:card\" content=\"summary_large_image\" \/>\n<meta name=\"twitter:creator\" content=\"@https:\/\/twitter.com\/raevaara\" \/>\n<meta name=\"twitter:label1\" content=\"Written by\" \/>\n\t<meta name=\"twitter:data1\" content=\"Tiina Raevaara\" \/>\n\t<meta name=\"twitter:label2\" content=\"Est. reading time\" \/>\n\t<meta name=\"twitter:data2\" content=\"3 minuuttia\" \/>\n<script type=\"application\/ld+json\" class=\"yoast-schema-graph\">{\"@context\":\"https:\/\/schema.org\",\"@graph\":[{\"@type\":\"WebPage\",\"@id\":\"https:\/\/suomenkuvalehti.fi\/tarinoitatieteesta\/mita-tietokirjallisuus-edes-on\/\",\"url\":\"https:\/\/suomenkuvalehti.fi\/tarinoitatieteesta\/mita-tietokirjallisuus-edes-on\/\",\"name\":\"Mit\u00e4 tietokirjallisuus edes on? - Tarinoita tieteest\u00e4\",\"isPartOf\":{\"@id\":\"https:\/\/suomenkuvalehti.fi\/tarinoitatieteesta\/#website\"},\"datePublished\":\"2013-10-13T05:44:01+00:00\",\"dateModified\":\"2013-11-29T13:27:11+00:00\",\"author\":{\"@id\":\"https:\/\/suomenkuvalehti.fi\/tarinoitatieteesta\/#\/schema\/person\/bb9c6caa48b3f9394f20b9d28415bca6\"},\"breadcrumb\":{\"@id\":\"https:\/\/suomenkuvalehti.fi\/tarinoitatieteesta\/mita-tietokirjallisuus-edes-on\/#breadcrumb\"},\"inLanguage\":\"fi\",\"potentialAction\":[{\"@type\":\"ReadAction\",\"target\":[\"https:\/\/suomenkuvalehti.fi\/tarinoitatieteesta\/mita-tietokirjallisuus-edes-on\/\"]}]},{\"@type\":\"BreadcrumbList\",\"@id\":\"https:\/\/suomenkuvalehti.fi\/tarinoitatieteesta\/mita-tietokirjallisuus-edes-on\/#breadcrumb\",\"itemListElement\":[{\"@type\":\"ListItem\",\"position\":1,\"name\":\"Home\",\"item\":\"https:\/\/suomenkuvalehti.fi\/tarinoitatieteesta\/\"},{\"@type\":\"ListItem\",\"position\":2,\"name\":\"Mit\u00e4 tietokirjallisuus edes on?\"}]},{\"@type\":\"WebSite\",\"@id\":\"https:\/\/suomenkuvalehti.fi\/tarinoitatieteesta\/#website\",\"url\":\"https:\/\/suomenkuvalehti.fi\/tarinoitatieteesta\/\",\"name\":\"Tarinoita tieteest\u00e4\",\"description\":\"Biologi Tiina Raevaara tutkailee tieteen maailmaa kaunokirjailijan aivoin.\",\"potentialAction\":[{\"@type\":\"SearchAction\",\"target\":{\"@type\":\"EntryPoint\",\"urlTemplate\":\"https:\/\/suomenkuvalehti.fi\/haku\/?q={search_term_string}\"},\"query-input\":{\"@type\":\"PropertyValueSpecification\",\"valueRequired\":true,\"valueName\":\"search_term_string\"}}],\"inLanguage\":\"fi\"},{\"@type\":\"Person\",\"@id\":\"https:\/\/suomenkuvalehti.fi\/tarinoitatieteesta\/#\/schema\/person\/bb9c6caa48b3f9394f20b9d28415bca6\",\"name\":\"Tiina Raevaara\",\"image\":{\"@type\":\"ImageObject\",\"inLanguage\":\"fi\",\"@id\":\"https:\/\/suomenkuvalehti.fi\/tarinoitatieteesta\/#\/schema\/person\/image\/\",\"url\":\"https:\/\/suomenkuvalehti.fi\/tarinoitatieteesta\/wp-content\/uploads\/sites\/13\/2022\/04\/tiina_raevaara-150x150.jpg\",\"contentUrl\":\"https:\/\/suomenkuvalehti.fi\/tarinoitatieteesta\/wp-content\/uploads\/sites\/13\/2022\/04\/tiina_raevaara-150x150.jpg\",\"caption\":\"Tiina Raevaara\"},\"description\":\"Kirjoittaja Tiina Raevaara on filosofian tohtori ja kirjailija.\",\"sameAs\":[\"https:\/\/www.facebook.com\/pages\/Tiina-Raevaara-Tarinoita-tieteest\/280663078640821?fref=ts\",\"https:\/\/x.com\/https:\/\/twitter.com\/raevaara\"]}]}<\/script>\n<!-- \/ Yoast SEO plugin. -->","yoast_head_json":{"title":"Mit\u00e4 tietokirjallisuus edes on? - Tarinoita tieteest\u00e4","robots":{"index":"index","follow":"follow","max-snippet":"max-snippet:-1","max-image-preview":"max-image-preview:large","max-video-preview":"max-video-preview:-1"},"canonical":"https:\/\/suomenkuvalehti.fi\/tarinoitatieteesta\/mita-tietokirjallisuus-edes-on\/","og_locale":"fi_FI","og_type":"article","og_title":"Mit\u00e4 tietokirjallisuus edes on? - Tarinoita tieteest\u00e4","og_description":"Suomi on ensi vuonna Frankfurtin kirjamessujen teemamaa. Kotimaiset kirjallisuuspiirit ovat olleet asiasta tohkeissaan jo pitk\u00e4\u00e4n. Kyseiset kirjamessut ovat alan merkitt\u00e4v\u00e4 tapahtuma. Messuilla kirjojen julkaisuoikeuksia myyd\u00e4\u00e4n ja ylip\u00e4\u00e4t\u00e4\u00e4n kirjoille saadaan n\u00e4kyvyytt\u00e4. Teemamaalla on Frankfurtis&hellip;","og_url":"https:\/\/suomenkuvalehti.fi\/tarinoitatieteesta\/mita-tietokirjallisuus-edes-on\/","og_site_name":"Tarinoita tieteest\u00e4","article_author":"https:\/\/www.facebook.com\/pages\/Tiina-Raevaara-Tarinoita-tieteest\/280663078640821?fref=ts","article_published_time":"2013-10-13T05:44:01+00:00","article_modified_time":"2013-11-29T13:27:11+00:00","og_image":[{"width":2560,"height":1707,"url":"https:\/\/suomenkuvalehti.fi\/tarinoitatieteesta\/wp-content\/uploads\/sites\/13\/2022\/04\/tiina_raevaara-scaled.jpg","type":"image\/jpeg"}],"author":"Tiina Raevaara","twitter_card":"summary_large_image","twitter_creator":"@https:\/\/twitter.com\/raevaara","twitter_misc":{"Written by":"Tiina Raevaara","Est. reading time":"3 minuuttia"},"schema":{"@context":"https:\/\/schema.org","@graph":[{"@type":"WebPage","@id":"https:\/\/suomenkuvalehti.fi\/tarinoitatieteesta\/mita-tietokirjallisuus-edes-on\/","url":"https:\/\/suomenkuvalehti.fi\/tarinoitatieteesta\/mita-tietokirjallisuus-edes-on\/","name":"Mit\u00e4 tietokirjallisuus edes on? - Tarinoita tieteest\u00e4","isPartOf":{"@id":"https:\/\/suomenkuvalehti.fi\/tarinoitatieteesta\/#website"},"datePublished":"2013-10-13T05:44:01+00:00","dateModified":"2013-11-29T13:27:11+00:00","author":{"@id":"https:\/\/suomenkuvalehti.fi\/tarinoitatieteesta\/#\/schema\/person\/bb9c6caa48b3f9394f20b9d28415bca6"},"breadcrumb":{"@id":"https:\/\/suomenkuvalehti.fi\/tarinoitatieteesta\/mita-tietokirjallisuus-edes-on\/#breadcrumb"},"inLanguage":"fi","potentialAction":[{"@type":"ReadAction","target":["https:\/\/suomenkuvalehti.fi\/tarinoitatieteesta\/mita-tietokirjallisuus-edes-on\/"]}]},{"@type":"BreadcrumbList","@id":"https:\/\/suomenkuvalehti.fi\/tarinoitatieteesta\/mita-tietokirjallisuus-edes-on\/#breadcrumb","itemListElement":[{"@type":"ListItem","position":1,"name":"Home","item":"https:\/\/suomenkuvalehti.fi\/tarinoitatieteesta\/"},{"@type":"ListItem","position":2,"name":"Mit\u00e4 tietokirjallisuus edes on?"}]},{"@type":"WebSite","@id":"https:\/\/suomenkuvalehti.fi\/tarinoitatieteesta\/#website","url":"https:\/\/suomenkuvalehti.fi\/tarinoitatieteesta\/","name":"Tarinoita tieteest\u00e4","description":"Biologi Tiina Raevaara tutkailee tieteen maailmaa kaunokirjailijan aivoin.","potentialAction":[{"@type":"SearchAction","target":{"@type":"EntryPoint","urlTemplate":"https:\/\/suomenkuvalehti.fi\/haku\/?q={search_term_string}"},"query-input":{"@type":"PropertyValueSpecification","valueRequired":true,"valueName":"search_term_string"}}],"inLanguage":"fi"},{"@type":"Person","@id":"https:\/\/suomenkuvalehti.fi\/tarinoitatieteesta\/#\/schema\/person\/bb9c6caa48b3f9394f20b9d28415bca6","name":"Tiina Raevaara","image":{"@type":"ImageObject","inLanguage":"fi","@id":"https:\/\/suomenkuvalehti.fi\/tarinoitatieteesta\/#\/schema\/person\/image\/","url":"https:\/\/suomenkuvalehti.fi\/tarinoitatieteesta\/wp-content\/uploads\/sites\/13\/2022\/04\/tiina_raevaara-150x150.jpg","contentUrl":"https:\/\/suomenkuvalehti.fi\/tarinoitatieteesta\/wp-content\/uploads\/sites\/13\/2022\/04\/tiina_raevaara-150x150.jpg","caption":"Tiina Raevaara"},"description":"Kirjoittaja Tiina Raevaara on filosofian tohtori ja kirjailija.","sameAs":["https:\/\/www.facebook.com\/pages\/Tiina-Raevaara-Tarinoita-tieteest\/280663078640821?fref=ts","https:\/\/x.com\/https:\/\/twitter.com\/raevaara"]}]}},"_links":{"self":[{"href":"https:\/\/suomenkuvalehti.fi\/tarinoitatieteesta\/wp-json\/wp\/v2\/posts\/22","targetHints":{"allow":["GET"]}}],"collection":[{"href":"https:\/\/suomenkuvalehti.fi\/tarinoitatieteesta\/wp-json\/wp\/v2\/posts"}],"about":[{"href":"https:\/\/suomenkuvalehti.fi\/tarinoitatieteesta\/wp-json\/wp\/v2\/types\/post"}],"author":[{"embeddable":true,"href":"https:\/\/suomenkuvalehti.fi\/tarinoitatieteesta\/wp-json\/wp\/v2\/users\/146"}],"replies":[{"embeddable":true,"href":"https:\/\/suomenkuvalehti.fi\/tarinoitatieteesta\/wp-json\/wp\/v2\/comments?post=22"}],"version-history":[{"count":1,"href":"https:\/\/suomenkuvalehti.fi\/tarinoitatieteesta\/wp-json\/wp\/v2\/posts\/22\/revisions"}],"predecessor-version":[{"id":282,"href":"https:\/\/suomenkuvalehti.fi\/tarinoitatieteesta\/wp-json\/wp\/v2\/posts\/22\/revisions\/282"}],"wp:attachment":[{"href":"https:\/\/suomenkuvalehti.fi\/tarinoitatieteesta\/wp-json\/wp\/v2\/media?parent=22"}],"wp:term":[{"taxonomy":"category","embeddable":true,"href":"https:\/\/suomenkuvalehti.fi\/tarinoitatieteesta\/wp-json\/wp\/v2\/categories?post=22"},{"taxonomy":"post_tag","embeddable":true,"href":"https:\/\/suomenkuvalehti.fi\/tarinoitatieteesta\/wp-json\/wp\/v2\/tags?post=22"}],"curies":[{"name":"wp","href":"https:\/\/api.w.org\/{rel}","templated":true}]}}