{"id":2092,"date":"2023-03-26T10:04:16","date_gmt":"2023-03-26T07:04:16","guid":{"rendered":"https:\/\/suomenkuvalehti.fi\/tarinoitatieteesta\/?p=2092"},"modified":"2023-03-29T15:50:30","modified_gmt":"2023-03-29T12:50:30","slug":"tietokirjojen-taloudellinen-alamaki-uhkaa-koko-kirjallisuudenlajia","status":"publish","type":"post","link":"https:\/\/suomenkuvalehti.fi\/tarinoitatieteesta\/tietokirjojen-taloudellinen-alamaki-uhkaa-koko-kirjallisuudenlajia\/","title":{"rendered":"Tietokirjojen taloudellinen alam\u00e4ki uhkaa koko kirjallisuudenlajia"},"content":{"rendered":"\n<p>Tietokirjallisuudella menee huonosti.&nbsp;<\/p>\n\n\n\n<p><a href=\"https:\/\/www.terracognita.fi\/\" target=\"_blank\" rel=\"noreferrer noopener\">Terra Cognita<\/a> -kustantamon kustantaja<strong> Juha Pietil\u00e4inen<\/strong> otti minuun yhteytt\u00e4 ja n\u00e4ytti laskelmansa siit\u00e4, kuinka yleinen tietokirjallisuus p\u00e4rj\u00e4\u00e4 muuttuvassa maailmassa.&nbsp;<\/p>\n\n\n\n<p>Eih\u00e4n se p\u00e4rj\u00e4\u00e4.<\/p>\n\n\n\n<p>Pietil\u00e4inen oli laskenut, miten yleisen tietokirjallisuuden myynnin arvo on muuttunut vuosien&nbsp; 2004 ja 2022 v\u00e4lill\u00e4. Myyntiluvut ovat per\u00e4isin <a href=\"https:\/\/kustantajat.fi\/tilastot\" target=\"_blank\" rel=\"noreferrer noopener\">Suomen Kustannusyhdistyksen<\/a> tilastoista. Viime vuoden lopullisia tilastoja ei ole viel\u00e4 julkaistu, mutta Suomen Kustannusyhdistyksen <a href=\"https:\/\/kustantajat.fi\/painetun-kirjan-myynti-laski-vuonna-2022-digitaalinen-myynti-kasvaa-edelleen\" target=\"_blank\" rel=\"noreferrer noopener\">tiedotteen<\/a> mukaan painetun tietokirjallisuuden myynti laski 18 prosenttia. Pietil\u00e4isen laskelmassa on otettu huomioon inflaatio.<\/p>\n\n\n\n<p>Yleinen tietokirjallisuus tarkoittaa suurelle yleis\u00f6lle suunnattua yleistajuista tietokirjallisuutta. Kategoriaan kuuluvat esimerkiksi historiateokset, el\u00e4m\u00e4kerrat, luontokirjat, yhteiskunnalliset pamfletit ja yleistajuiset luonnontieteest\u00e4 kertovat kirjat. Mukana ei siis ole esimerkiksi oppimateriaaleja, tutkimuskirjallisuutta tai sanakirjoja.<\/p>\n\n\n\n<p>Tulos oli aika lailla j\u00e4rkytt\u00e4v\u00e4. Suomalaista tietokirjallisuutta uhkaa katoaminen. Pietil\u00e4isen koostaman tilaston mukaan painetun yleisen tietokirjallisuuden myynnin arvosta on kadonnut 18 vuodessa kolme nelj\u00e4sosaa.&nbsp;<\/p>\n\n\n\n<p>Digitaalisen kirjallisuuden myynti ei ole korjannut t\u00e4t\u00e4 romahdusta. \u00c4\u00e4nikirjoista intoillaan, mutta rahaa ne tuovat tietokirjoista kovin v\u00e4h\u00e4n. Digitaalisten kirjojen myynti ei riit\u00e4 korvaamaan alalta kadonnutta arvoa.<\/p>\n\n\n\n<p><\/p>\n\n\n<figure class=\"wp-block-image size-full alignnone\">\n  <div class=\"wp-block-image__inner-container\">\n    <a href=\"https:\/\/suomenkuvalehti.fi\/tarinoitatieteesta\/wp-content\/uploads\/sites\/13\/2023\/03\/image-1.png\"><img loading=\"lazy\" decoding=\"async\" src=\"https:\/\/suomenkuvalehti.fi\/tarinoitatieteesta\/wp-content\/uploads\/sites\/13\/2023\/03\/image-1.png\" alt=\"\" class=\"wp-image-2094\" width=\"867\" height=\"895\" style=\"--aspect-ratio: 0.97\" srcset=\"https:\/\/suomenkuvalehti.fi\/tarinoitatieteesta\/wp-content\/uploads\/sites\/13\/2023\/03\/image-1.png 867w, https:\/\/suomenkuvalehti.fi\/tarinoitatieteesta\/wp-content\/uploads\/sites\/13\/2023\/03\/image-1-291x300.png 291w, https:\/\/suomenkuvalehti.fi\/tarinoitatieteesta\/wp-content\/uploads\/sites\/13\/2023\/03\/image-1-768x793.png 768w\" sizes=\"auto, (max-width: 867px) 100vw, 867px\" \/><\/a>  <\/div>\n<\/figure>\n\n\n\n<p><\/p>\n\n\n\n<p><\/p>\n\n\n\n<p>Mit\u00e4 t\u00e4m\u00e4 tekee tietokirjallisuudelle? On selv\u00e4\u00e4, ett\u00e4 alan elinvoimaisuuden v\u00e4heneminen tarkoittaa ankaraa karsintaa. Rakkaus tietoon, kirjoittamiseen tai kansanvalistukseen ei riit\u00e4 pit\u00e4m\u00e4\u00e4n alaa pystyss\u00e4. Suomessa on ollut rikas kustantamokentt\u00e4 ja paljon my\u00f6s nimenomaan tietokirjallisuuteen keskittyneit\u00e4 kustantamoja. Niit\u00e4 tulee h\u00e4vi\u00e4m\u00e4\u00e4n.&nbsp;<\/p>\n\n\n\n<p>Pystyss\u00e4 pysyv\u00e4t kustantamot joutuvat entist\u00e4 tarkemmin miettim\u00e4\u00e4n, mit\u00e4 on kannattava kustantaa. Jos ajatuksena on, ett\u00e4 painettujen kirjojen jyrkk\u00e4 alam\u00e4ki korvataan \u00e4\u00e4nikirjojen yl\u00e4m\u00e4ell\u00e4, tietokirjojen valikoima muuttuu entist\u00e4 nopeammin. Jo nyt on selv\u00e4sti n\u00e4ht\u00e4viss\u00e4, ett\u00e4 \u00e4\u00e4nikirjojen kuuntelijat <a href=\"https:\/\/www.hs.fi\/kulttuuri\/art-2000009359581.html\" target=\"_blank\" rel=\"noreferrer noopener\">suosivat eri kirjoja <\/a>kuin painettujen kirjojen ostajat.&nbsp;<\/p>\n\n\n\n<p>\u00c4\u00e4nikirjoina p\u00e4rj\u00e4\u00e4v\u00e4t henkil\u00f6- ja juonivetoiset kirjat, joita on helppo seurata. Aiheet, jotka vaatisivat kuvia tai vaikkapa taulukoita, on vaikea sovittaa \u00e4\u00e4nikirjoiksi. Toisaalta pienet kustantamot eiv\u00e4t pysty solmimaan \u00e4\u00e4nikirjapalveluiden kanssa kovinkaan kannattavia levityssopimuksia, joten niiden valikoimasta \u00e4\u00e4nikirjat j\u00e4\u00e4v\u00e4t monesti tuottamatta kokonaan.<\/p>\n\n\n\n<p>Tietokirjallisuuden taloudellinen alam\u00e4ki rokottaa kustantamoiden lis\u00e4ksi tietenkin kirjailijoita. Tekij\u00e4npalkkiot kutistuvat, ja kirjan kirjoittaminen on entist\u00e4 kannattamattomampaa. Jo nyt kirjailija saa yhdest\u00e4 kuunnellusta \u00e4\u00e4nikirjasta vain noin kuudesosan siit\u00e4, mit\u00e4 myydyst\u00e4 painetusta kirjasta.<\/p>\n\n\n\n<p>Tietokirjailijan el\u00e4m\u00e4 ei muutenkaan ole kovin hehke\u00e4\u00e4. Suomen tietokirjailijat ry:n mukaan tietokirjailijan <a href=\"https:\/\/tjnk.fi\/fi\/ajankohtaista\/tulokulmia-tietokirjallisuuteen-mista-tietokirjailijan-tienestit-koostuvat\" target=\"_blank\" rel=\"noreferrer noopener\">vuotuiset mediaanitulot kirjailijanty\u00f6st\u00e4<\/a> ovat &#8221;py\u00f6re\u00e4t&#8221; 1 111 euroa. My\u00f6s tietokirjailijoiden <a href=\"https:\/\/tjnk.fi\/fi\/ajankohtaista\/tulokulmia-tietokirjallisuuteen-mista-tietokirjailijan-tienestit-koostuvat https:\/\/suomenkuvalehti.fi\/tarinoitatieteesta\/kirjastoapurahoja-ollaan-uudistamassa-ja-nyt-seuraa-henkilokohtainen-vuodatus\/?shared=1911-3d76188d-999\" target=\"_blank\" rel=\"noreferrer noopener\">apurahamahdollisuudet ovat huomattavasti v\u00e4h\u00e4isempi\u00e4<\/a> kuin kaunokirjailijoiden.&nbsp;<\/p>\n\n\n\n<p>Kustantamisen muuttuminen kannattamattomaksi pakottaa kustantamot miettim\u00e4\u00e4n my\u00f6s uudenlaisia rahoitusmalleja. Jo nyt kent\u00e4lt\u00e4 kuuluu tarinoita siit\u00e4, ett\u00e4 kirjailijoiden on haluttu osallistuvan kirjojen tuotantokustannuksiin. Erityisen suuria paineita t\u00e4lle on tiedekirjallisuuden puolella, jossa yleis\u00f6 on pient\u00e4.&nbsp;<\/p>\n\n\n\n<p>Mit\u00e4 kaikkea menet\u00e4mme, kun kotimaisilla kielill\u00e4 kirjoitettu (tai niille k\u00e4\u00e4nnetty) tietokirjallisuus alkaa kaventua?<\/p>\n\n\n\n<p><\/p>\n\n\n\n<p>&#8212;<br><em>Korjaus 29.3. klo 15.43: Toisin kuin yll\u00e4 kirjoitan, t\u00e4ss\u00e4 k\u00e4siteltyyn &#8221;yleisen tietokirjallisuuden&#8221; kategoriaan kuuluvat my\u00f6s mm. sanakirjat ja tutkimuskirjallisuus. Oppimateriaalit eiv\u00e4t kuulu. <br><br>Juha Pietil\u00e4inen avaa laskutapaansa Twitteriss\u00e4, jossa muutenkin keskustellaan aiheesta. T\u00e4st\u00e4 ketjusta l\u00f6ytyy: <a href=\"https:\/\/twitter.com\/pietilainenjuha\/status\/1640243237423136769\">https:\/\/twitter.com\/pietilainenjuha\/status\/1640243237423136769<\/a><\/em><\/p>\n","protected":false},"excerpt":{"rendered":"<p>Tietokirjallisuudella menee huonosti.&nbsp; Terra Cognita -kustantamon kustantaja Juha Pietil\u00e4inen otti minuun yhteytt\u00e4 ja n\u00e4ytti laskelmansa siit\u00e4, kuinka yleinen tietokirjallisuus p\u00e4rj\u00e4\u00e4 muuttuvassa maailmassa.&nbsp; Eih\u00e4n se p\u00e4rj\u00e4\u00e4. Pietil\u00e4inen oli<br \/>\nlaskenut, m&hellip;<\/p>\n","protected":false},"author":146,"featured_media":0,"comment_status":"open","ping_status":"open","sticky":false,"template":"","format":"standard","meta":{"_acf_changed":false,"asauth_required_access_level":3,"asauth_cansharepaid":"true","om_header_attributes":[],"footnotes":"","om_featured_image_focal_point":[],"om_primary_tag":26,"om_contributors":[],"om_co_authors":[],"beyondwords_generate_audio":"","beyondwords_project_id":"","beyondwords_content_id":"","beyondwords_preview_token":"","beyondwords_player_content":"","beyondwords_player_style":"","beyondwords_language_code":"","beyondwords_language_id":"","beyondwords_title_voice_id":"","beyondwords_body_voice_id":"","beyondwords_summary_voice_id":"","beyondwords_error_message":"","beyondwords_disabled":"","beyondwords_delete_content":"","beyondwords_podcast_id":"","beyondwords_hash":"","publish_post_to_speechkit":"","speechkit_hash":"","speechkit_generate_audio":"","speechkit_project_id":"","speechkit_podcast_id":"","speechkit_error_message":"","speechkit_disabled":"","speechkit_access_key":"","speechkit_error":"","speechkit_info":"","speechkit_response":"","speechkit_retries":"","speechkit_status":"","speechkit_updated_at":"","_speechkit_link":"","_speechkit_text":""},"categories":[1],"tags":[1802,190,1681,1979,1614,24,26,345,1338],"class_list":["post-2092","post","type-post","status-publish","format-standard","hentry","category-tarinoita-tieteesta","tag-aanikirjat","tag-apurahat","tag-kirjallisuuden-myynti","tag-kirjallisuuden-tuki","tag-taiteilijan-tyo","tag-tieteen-yleistajuistaminen","tag-tietokirjallisuus","tag-tietokirjat","tag-tietokirjoittaminen"],"om_views":null,"acf":{"tuuma_off":false,"tuuma_kysymys":"","tuuma_vastaus":""},"asauth":{"required_access_level":1,"share_token":"","is_paid":false},"yoast_head":"<!-- This site is optimized with the Yoast SEO plugin v26.4 - https:\/\/yoast.com\/wordpress\/plugins\/seo\/ -->\n<title>Tietokirjojen taloudellinen alam\u00e4ki uhkaa koko kirjallisuudenlajia - Tarinoita tieteest\u00e4<\/title>\n<meta name=\"description\" content=\"Tietokirjakustantaja ynn\u00e4si yhteen tietokirjojen myynnin muutoksen. Painettujen kirjojen alam\u00e4ki uhkaa koko kirjallisuudenlajia.\" \/>\n<meta name=\"robots\" content=\"index, follow, max-snippet:-1, max-image-preview:large, max-video-preview:-1\" \/>\n<link rel=\"canonical\" href=\"https:\/\/suomenkuvalehti.fi\/tarinoitatieteesta\/tietokirjojen-taloudellinen-alamaki-uhkaa-koko-kirjallisuudenlajia\/\" \/>\n<meta property=\"og:locale\" content=\"fi_FI\" \/>\n<meta property=\"og:type\" content=\"article\" \/>\n<meta property=\"og:title\" content=\"Tietokirjojen taloudellinen alam\u00e4ki uhkaa koko kirjallisuudenlajia - Tarinoita tieteest\u00e4\" \/>\n<meta property=\"og:description\" content=\"Tietokirjakustantaja ynn\u00e4si yhteen tietokirjojen myynnin muutoksen. Painettujen kirjojen alam\u00e4ki uhkaa koko kirjallisuudenlajia.\" \/>\n<meta property=\"og:url\" content=\"https:\/\/suomenkuvalehti.fi\/tarinoitatieteesta\/tietokirjojen-taloudellinen-alamaki-uhkaa-koko-kirjallisuudenlajia\/\" \/>\n<meta property=\"og:site_name\" content=\"Tarinoita tieteest\u00e4\" \/>\n<meta property=\"article:author\" content=\"https:\/\/www.facebook.com\/pages\/Tiina-Raevaara-Tarinoita-tieteest\/280663078640821?fref=ts\" \/>\n<meta property=\"article:published_time\" content=\"2023-03-26T07:04:16+00:00\" \/>\n<meta property=\"article:modified_time\" content=\"2023-03-29T12:50:30+00:00\" \/>\n<meta property=\"og:image\" content=\"https:\/\/suomenkuvalehti.fi\/tarinoitatieteesta\/wp-content\/uploads\/sites\/13\/2023\/03\/image-1.png\" \/>\n<meta name=\"author\" content=\"Tiina Raevaara\" \/>\n<meta name=\"twitter:card\" content=\"summary_large_image\" \/>\n<meta name=\"twitter:creator\" content=\"@https:\/\/twitter.com\/raevaara\" \/>\n<meta name=\"twitter:label1\" content=\"Written by\" \/>\n\t<meta name=\"twitter:data1\" content=\"Tiina Raevaara\" \/>\n\t<meta name=\"twitter:label2\" content=\"Est. reading time\" \/>\n\t<meta name=\"twitter:data2\" content=\"3 minuuttia\" \/>\n<script type=\"application\/ld+json\" class=\"yoast-schema-graph\">{\"@context\":\"https:\/\/schema.org\",\"@graph\":[{\"@type\":\"WebPage\",\"@id\":\"https:\/\/suomenkuvalehti.fi\/tarinoitatieteesta\/tietokirjojen-taloudellinen-alamaki-uhkaa-koko-kirjallisuudenlajia\/\",\"url\":\"https:\/\/suomenkuvalehti.fi\/tarinoitatieteesta\/tietokirjojen-taloudellinen-alamaki-uhkaa-koko-kirjallisuudenlajia\/\",\"name\":\"Tietokirjojen taloudellinen alam\u00e4ki uhkaa koko kirjallisuudenlajia - Tarinoita tieteest\u00e4\",\"isPartOf\":{\"@id\":\"https:\/\/suomenkuvalehti.fi\/tarinoitatieteesta\/#website\"},\"primaryImageOfPage\":{\"@id\":\"https:\/\/suomenkuvalehti.fi\/tarinoitatieteesta\/tietokirjojen-taloudellinen-alamaki-uhkaa-koko-kirjallisuudenlajia\/#primaryimage\"},\"image\":{\"@id\":\"https:\/\/suomenkuvalehti.fi\/tarinoitatieteesta\/tietokirjojen-taloudellinen-alamaki-uhkaa-koko-kirjallisuudenlajia\/#primaryimage\"},\"thumbnailUrl\":\"https:\/\/suomenkuvalehti.fi\/tarinoitatieteesta\/wp-content\/uploads\/sites\/13\/2023\/03\/image-1.png\",\"datePublished\":\"2023-03-26T07:04:16+00:00\",\"dateModified\":\"2023-03-29T12:50:30+00:00\",\"author\":{\"@id\":\"https:\/\/suomenkuvalehti.fi\/tarinoitatieteesta\/#\/schema\/person\/bb9c6caa48b3f9394f20b9d28415bca6\"},\"description\":\"Tietokirjakustantaja ynn\u00e4si yhteen tietokirjojen myynnin muutoksen. Painettujen kirjojen alam\u00e4ki uhkaa koko kirjallisuudenlajia.\",\"breadcrumb\":{\"@id\":\"https:\/\/suomenkuvalehti.fi\/tarinoitatieteesta\/tietokirjojen-taloudellinen-alamaki-uhkaa-koko-kirjallisuudenlajia\/#breadcrumb\"},\"inLanguage\":\"fi\",\"potentialAction\":[{\"@type\":\"ReadAction\",\"target\":[\"https:\/\/suomenkuvalehti.fi\/tarinoitatieteesta\/tietokirjojen-taloudellinen-alamaki-uhkaa-koko-kirjallisuudenlajia\/\"]}]},{\"@type\":\"ImageObject\",\"inLanguage\":\"fi\",\"@id\":\"https:\/\/suomenkuvalehti.fi\/tarinoitatieteesta\/tietokirjojen-taloudellinen-alamaki-uhkaa-koko-kirjallisuudenlajia\/#primaryimage\",\"url\":\"https:\/\/suomenkuvalehti.fi\/tarinoitatieteesta\/wp-content\/uploads\/sites\/13\/2023\/03\/image-1.png\",\"contentUrl\":\"https:\/\/suomenkuvalehti.fi\/tarinoitatieteesta\/wp-content\/uploads\/sites\/13\/2023\/03\/image-1.png\"},{\"@type\":\"BreadcrumbList\",\"@id\":\"https:\/\/suomenkuvalehti.fi\/tarinoitatieteesta\/tietokirjojen-taloudellinen-alamaki-uhkaa-koko-kirjallisuudenlajia\/#breadcrumb\",\"itemListElement\":[{\"@type\":\"ListItem\",\"position\":1,\"name\":\"Home\",\"item\":\"https:\/\/suomenkuvalehti.fi\/tarinoitatieteesta\/\"},{\"@type\":\"ListItem\",\"position\":2,\"name\":\"Tietokirjojen taloudellinen alam\u00e4ki uhkaa koko kirjallisuudenlajia\"}]},{\"@type\":\"WebSite\",\"@id\":\"https:\/\/suomenkuvalehti.fi\/tarinoitatieteesta\/#website\",\"url\":\"https:\/\/suomenkuvalehti.fi\/tarinoitatieteesta\/\",\"name\":\"Tarinoita tieteest\u00e4\",\"description\":\"Biologi Tiina Raevaara tutkailee tieteen maailmaa kaunokirjailijan aivoin.\",\"potentialAction\":[{\"@type\":\"SearchAction\",\"target\":{\"@type\":\"EntryPoint\",\"urlTemplate\":\"https:\/\/suomenkuvalehti.fi\/haku\/?q={search_term_string}\"},\"query-input\":{\"@type\":\"PropertyValueSpecification\",\"valueRequired\":true,\"valueName\":\"search_term_string\"}}],\"inLanguage\":\"fi\"},{\"@type\":\"Person\",\"@id\":\"https:\/\/suomenkuvalehti.fi\/tarinoitatieteesta\/#\/schema\/person\/bb9c6caa48b3f9394f20b9d28415bca6\",\"name\":\"Tiina Raevaara\",\"image\":{\"@type\":\"ImageObject\",\"inLanguage\":\"fi\",\"@id\":\"https:\/\/suomenkuvalehti.fi\/tarinoitatieteesta\/#\/schema\/person\/image\/\",\"url\":\"https:\/\/suomenkuvalehti.fi\/tarinoitatieteesta\/wp-content\/uploads\/sites\/13\/2022\/04\/tiina_raevaara-150x150.jpg\",\"contentUrl\":\"https:\/\/suomenkuvalehti.fi\/tarinoitatieteesta\/wp-content\/uploads\/sites\/13\/2022\/04\/tiina_raevaara-150x150.jpg\",\"caption\":\"Tiina Raevaara\"},\"description\":\"Kirjoittaja Tiina Raevaara on filosofian tohtori ja kirjailija.\",\"sameAs\":[\"https:\/\/www.facebook.com\/pages\/Tiina-Raevaara-Tarinoita-tieteest\/280663078640821?fref=ts\",\"https:\/\/x.com\/https:\/\/twitter.com\/raevaara\"]}]}<\/script>\n<!-- \/ Yoast SEO plugin. -->","yoast_head_json":{"title":"Tietokirjojen taloudellinen alam\u00e4ki uhkaa koko kirjallisuudenlajia - Tarinoita tieteest\u00e4","description":"Tietokirjakustantaja ynn\u00e4si yhteen tietokirjojen myynnin muutoksen. Painettujen kirjojen alam\u00e4ki uhkaa koko kirjallisuudenlajia.","robots":{"index":"index","follow":"follow","max-snippet":"max-snippet:-1","max-image-preview":"max-image-preview:large","max-video-preview":"max-video-preview:-1"},"canonical":"https:\/\/suomenkuvalehti.fi\/tarinoitatieteesta\/tietokirjojen-taloudellinen-alamaki-uhkaa-koko-kirjallisuudenlajia\/","og_locale":"fi_FI","og_type":"article","og_title":"Tietokirjojen taloudellinen alam\u00e4ki uhkaa koko kirjallisuudenlajia - Tarinoita tieteest\u00e4","og_description":"Tietokirjakustantaja ynn\u00e4si yhteen tietokirjojen myynnin muutoksen. Painettujen kirjojen alam\u00e4ki uhkaa koko kirjallisuudenlajia.","og_url":"https:\/\/suomenkuvalehti.fi\/tarinoitatieteesta\/tietokirjojen-taloudellinen-alamaki-uhkaa-koko-kirjallisuudenlajia\/","og_site_name":"Tarinoita tieteest\u00e4","article_author":"https:\/\/www.facebook.com\/pages\/Tiina-Raevaara-Tarinoita-tieteest\/280663078640821?fref=ts","article_published_time":"2023-03-26T07:04:16+00:00","article_modified_time":"2023-03-29T12:50:30+00:00","og_image":[{"url":"https:\/\/suomenkuvalehti.fi\/tarinoitatieteesta\/wp-content\/uploads\/sites\/13\/2023\/03\/image-1.png","type":"","width":"","height":""}],"author":"Tiina Raevaara","twitter_card":"summary_large_image","twitter_creator":"@https:\/\/twitter.com\/raevaara","twitter_misc":{"Written by":"Tiina Raevaara","Est. reading time":"3 minuuttia"},"schema":{"@context":"https:\/\/schema.org","@graph":[{"@type":"WebPage","@id":"https:\/\/suomenkuvalehti.fi\/tarinoitatieteesta\/tietokirjojen-taloudellinen-alamaki-uhkaa-koko-kirjallisuudenlajia\/","url":"https:\/\/suomenkuvalehti.fi\/tarinoitatieteesta\/tietokirjojen-taloudellinen-alamaki-uhkaa-koko-kirjallisuudenlajia\/","name":"Tietokirjojen taloudellinen alam\u00e4ki uhkaa koko kirjallisuudenlajia - Tarinoita tieteest\u00e4","isPartOf":{"@id":"https:\/\/suomenkuvalehti.fi\/tarinoitatieteesta\/#website"},"primaryImageOfPage":{"@id":"https:\/\/suomenkuvalehti.fi\/tarinoitatieteesta\/tietokirjojen-taloudellinen-alamaki-uhkaa-koko-kirjallisuudenlajia\/#primaryimage"},"image":{"@id":"https:\/\/suomenkuvalehti.fi\/tarinoitatieteesta\/tietokirjojen-taloudellinen-alamaki-uhkaa-koko-kirjallisuudenlajia\/#primaryimage"},"thumbnailUrl":"https:\/\/suomenkuvalehti.fi\/tarinoitatieteesta\/wp-content\/uploads\/sites\/13\/2023\/03\/image-1.png","datePublished":"2023-03-26T07:04:16+00:00","dateModified":"2023-03-29T12:50:30+00:00","author":{"@id":"https:\/\/suomenkuvalehti.fi\/tarinoitatieteesta\/#\/schema\/person\/bb9c6caa48b3f9394f20b9d28415bca6"},"description":"Tietokirjakustantaja ynn\u00e4si yhteen tietokirjojen myynnin muutoksen. Painettujen kirjojen alam\u00e4ki uhkaa koko kirjallisuudenlajia.","breadcrumb":{"@id":"https:\/\/suomenkuvalehti.fi\/tarinoitatieteesta\/tietokirjojen-taloudellinen-alamaki-uhkaa-koko-kirjallisuudenlajia\/#breadcrumb"},"inLanguage":"fi","potentialAction":[{"@type":"ReadAction","target":["https:\/\/suomenkuvalehti.fi\/tarinoitatieteesta\/tietokirjojen-taloudellinen-alamaki-uhkaa-koko-kirjallisuudenlajia\/"]}]},{"@type":"ImageObject","inLanguage":"fi","@id":"https:\/\/suomenkuvalehti.fi\/tarinoitatieteesta\/tietokirjojen-taloudellinen-alamaki-uhkaa-koko-kirjallisuudenlajia\/#primaryimage","url":"https:\/\/suomenkuvalehti.fi\/tarinoitatieteesta\/wp-content\/uploads\/sites\/13\/2023\/03\/image-1.png","contentUrl":"https:\/\/suomenkuvalehti.fi\/tarinoitatieteesta\/wp-content\/uploads\/sites\/13\/2023\/03\/image-1.png"},{"@type":"BreadcrumbList","@id":"https:\/\/suomenkuvalehti.fi\/tarinoitatieteesta\/tietokirjojen-taloudellinen-alamaki-uhkaa-koko-kirjallisuudenlajia\/#breadcrumb","itemListElement":[{"@type":"ListItem","position":1,"name":"Home","item":"https:\/\/suomenkuvalehti.fi\/tarinoitatieteesta\/"},{"@type":"ListItem","position":2,"name":"Tietokirjojen taloudellinen alam\u00e4ki uhkaa koko kirjallisuudenlajia"}]},{"@type":"WebSite","@id":"https:\/\/suomenkuvalehti.fi\/tarinoitatieteesta\/#website","url":"https:\/\/suomenkuvalehti.fi\/tarinoitatieteesta\/","name":"Tarinoita tieteest\u00e4","description":"Biologi Tiina Raevaara tutkailee tieteen maailmaa kaunokirjailijan aivoin.","potentialAction":[{"@type":"SearchAction","target":{"@type":"EntryPoint","urlTemplate":"https:\/\/suomenkuvalehti.fi\/haku\/?q={search_term_string}"},"query-input":{"@type":"PropertyValueSpecification","valueRequired":true,"valueName":"search_term_string"}}],"inLanguage":"fi"},{"@type":"Person","@id":"https:\/\/suomenkuvalehti.fi\/tarinoitatieteesta\/#\/schema\/person\/bb9c6caa48b3f9394f20b9d28415bca6","name":"Tiina Raevaara","image":{"@type":"ImageObject","inLanguage":"fi","@id":"https:\/\/suomenkuvalehti.fi\/tarinoitatieteesta\/#\/schema\/person\/image\/","url":"https:\/\/suomenkuvalehti.fi\/tarinoitatieteesta\/wp-content\/uploads\/sites\/13\/2022\/04\/tiina_raevaara-150x150.jpg","contentUrl":"https:\/\/suomenkuvalehti.fi\/tarinoitatieteesta\/wp-content\/uploads\/sites\/13\/2022\/04\/tiina_raevaara-150x150.jpg","caption":"Tiina Raevaara"},"description":"Kirjoittaja Tiina Raevaara on filosofian tohtori ja kirjailija.","sameAs":["https:\/\/www.facebook.com\/pages\/Tiina-Raevaara-Tarinoita-tieteest\/280663078640821?fref=ts","https:\/\/x.com\/https:\/\/twitter.com\/raevaara"]}]}},"_links":{"self":[{"href":"https:\/\/suomenkuvalehti.fi\/tarinoitatieteesta\/wp-json\/wp\/v2\/posts\/2092","targetHints":{"allow":["GET"]}}],"collection":[{"href":"https:\/\/suomenkuvalehti.fi\/tarinoitatieteesta\/wp-json\/wp\/v2\/posts"}],"about":[{"href":"https:\/\/suomenkuvalehti.fi\/tarinoitatieteesta\/wp-json\/wp\/v2\/types\/post"}],"author":[{"embeddable":true,"href":"https:\/\/suomenkuvalehti.fi\/tarinoitatieteesta\/wp-json\/wp\/v2\/users\/146"}],"replies":[{"embeddable":true,"href":"https:\/\/suomenkuvalehti.fi\/tarinoitatieteesta\/wp-json\/wp\/v2\/comments?post=2092"}],"version-history":[{"count":2,"href":"https:\/\/suomenkuvalehti.fi\/tarinoitatieteesta\/wp-json\/wp\/v2\/posts\/2092\/revisions"}],"predecessor-version":[{"id":2097,"href":"https:\/\/suomenkuvalehti.fi\/tarinoitatieteesta\/wp-json\/wp\/v2\/posts\/2092\/revisions\/2097"}],"wp:attachment":[{"href":"https:\/\/suomenkuvalehti.fi\/tarinoitatieteesta\/wp-json\/wp\/v2\/media?parent=2092"}],"wp:term":[{"taxonomy":"category","embeddable":true,"href":"https:\/\/suomenkuvalehti.fi\/tarinoitatieteesta\/wp-json\/wp\/v2\/categories?post=2092"},{"taxonomy":"post_tag","embeddable":true,"href":"https:\/\/suomenkuvalehti.fi\/tarinoitatieteesta\/wp-json\/wp\/v2\/tags?post=2092"}],"curies":[{"name":"wp","href":"https:\/\/api.w.org\/{rel}","templated":true}]}}