{"id":1887,"date":"2020-12-04T10:09:50","date_gmt":"2020-12-04T08:09:50","guid":{"rendered":"https:\/\/suomenkuvalehti.fi\/tarinoitatieteesta\/?p=1887"},"modified":"2020-12-05T10:03:20","modified_gmt":"2020-12-05T08:03:20","slug":"ennustus-uudeksi-vuodeksi-rokotekeskustelu-rajahtaa-kasiin","status":"publish","type":"post","link":"https:\/\/suomenkuvalehti.fi\/tarinoitatieteesta\/ennustus-uudeksi-vuodeksi-rokotekeskustelu-rajahtaa-kasiin\/","title":{"rendered":"Ennustus uudeksi vuodeksi: rokotekeskustelu r\u00e4j\u00e4ht\u00e4\u00e4 k\u00e4siin"},"content":{"rendered":"\n<p><span style=\"font-weight: 400;\">Viimeinkin! Rokotteita on odotettu koronapandemian alusta saakka, ja nyt ne alkavat olla totta. Jo kolme rokotetta on saatu siihen pisteeseen, ett\u00e4 ne on todettu tutkimuksissa tarpeeksi tehokkaiksi ja turvallisiksi. Ensimm\u00e4isen\u00e4 kansalaisiaan taitaa ehti\u00e4 rokottamaan Iso-Britannia. Ven\u00e4j\u00e4ll\u00e4 on oma rokotteensa, mutten ole p\u00e4\u00e4ssyt oikein k\u00e4sitykseen, ovatko nyt k\u00e4ynniss\u00e4 varsinaiset rokotukset vai vasta testaukset.&nbsp;<\/span><\/p>\n\n\n\n<p><span style=\"font-weight: 400;\">Rokotteet ovat jo aikoja sitten osoittautuneet yhdeksi tieteen suurimmista keksinn\u00f6ist\u00e4. Nyt niill\u00e4 on taas tilaisuus osoittaa voimansa. Koronarokotteisiin ladataankin paljon toivoa. Se on ymm\u00e4rrett\u00e4v\u00e4\u00e4: pandemia on vienyt k\u00e4yt\u00e4nn\u00f6ss\u00e4 kaikilta jotain. V\u00e4hint\u00e4\u00e4nkin harrastuksen tai kaveripiirin tapaamiset, mutta pahimmillaan l\u00e4heisen, terveyden, sosiaaliset kontaktit tai elinkeinon.<\/span><\/p>\n\n\n\n<p><span style=\"font-weight: 400;\">Olen itse yritt\u00e4nyt pysy\u00e4 realistisena rokotteiden suhteen: Edelleen pit\u00e4\u00e4 olla k\u00e4rsiv\u00e4llinen. Vaikka rokotteet on todettu tehokkaiksi, niiden <a href=\"https:\/\/suomenkuvalehti.fi\/jutut\/ulkomaat\/koronarokotteen-kehittaminen-on-vasta-ensimmainen-askel-jo-nyt-on-alkanut-armoton-kilpailu-siita-kuka-saa-sen-ensimmaisena\/?shared=1133515-adc75cbe-999\" target=\"_blank\" rel=\"noopener\">hankinta eri maihin<\/a>, jakelu ja ohjaaminen eri v\u00e4est\u00f6ryhmille on v\u00e4kisinkin hidasta. T\u00e4ss\u00e4 kest\u00e4\u00e4 viel\u00e4, ja yll\u00e4tyksi\u00e4 voi tulla.&nbsp;<\/span><\/p>\n\n\n\n<p><span style=\"font-weight: 400;\">Samaan aikaan rokotustoiveiden kanssa esiin alkavat nousta rokotteisiin liittyv\u00e4t pelot. Niille on jo valmiiksi olemassa kaikupohjaa. Rokotevastaisuus ja rokotusep\u00e4r\u00f6inti ovat ilmi\u00f6it\u00e4, joilla on yht\u00e4 pitk\u00e4 historia kuin rokotteilla.<\/span><\/p>\n\n\n\n<p><span style=\"font-weight: 400;\">Viime p\u00e4ivin\u00e4 sosiaalisessa mediassa on esimerkiksi levitetty vauhdilla HPV-rokotteesta huolestuneen l\u00e4\u00e4k\u00e4rin puheenvuoroa. Vaikka kyseess\u00e4 on yksitt\u00e4isen henkil\u00f6n k\u00e4sitys rokotteen haittavaikutuksista ja puheenvuoro liittyy tapahtumaan, jossa promotaan erityisesti l\u00e4\u00e4ketieteen ulkopuolisia ja tutkimattomia hoitomuotoja, moni n\u00e4ytt\u00e4\u00e4 luottavan videon sis\u00e4lt\u00f6\u00f6n suorastaan h\u00e4mment\u00e4v\u00e4n paljon.&nbsp;<\/span><\/p>\n\n\n\n<p><span style=\"font-weight: 400;\">Tarinan voima on suuri: kun kerrotaan k\u00e4rsivist\u00e4 lapsista tunteisiin vetoavasti ja vakuuttavilla kasvoilla, ihmiset uskovat. Videolla esiintyv\u00e4n miehen motiiveja ja v\u00e4itteiden todellisuuspohjaa ei kyseenalaisteta, koska puheenvuoro vaikuttaa niin uskottavalta.&nbsp;<\/span><\/p>\n\n\n\n<p><span style=\"font-weight: 400;\">Kerron teille salaisuuden: l\u00e4\u00e4k\u00e4rikin on altis erilaisille ajatusvinoumille ja tulkintaharhoille. Siksi meill\u00e4 on olemassa tieteellinen menetelm\u00e4 vertaisarviointiprosesseineen.&nbsp;<\/span><\/p>\n\n\n\n<p><span style=\"font-weight: 400;\">Juhani Knuuti on <a href=\"http:\/\/Ennustus uudeksi vuodeksi: rokotekeskustelu r\u00e4j\u00e4ht\u00e4\u00e4 k\u00e4siin\" target=\"_blank\" rel=\"noopener\">blogissaan purkanut<\/a> videolla esiin nousseita sek\u00e4 yleisesti HPV-rokotteesta liikkuvia v\u00e4itteit\u00e4. My\u00f6s <a href=\"https:\/\/thl.fi\/fi\/web\/infektiotaudit-ja-rokotukset\/rokotteet-a-o\/hpv-eli-papilloomavirusrokote\" target=\"_blank\" rel=\"noopener\">THL:n sivuilta<\/a> l\u00f6ytyy kooste asiasta. HPV-rokotteesta on ehditty tehd\u00e4 jo paljon suuria koontiartikkeleita, joten tietoa kyll\u00e4 on.&nbsp;<\/span><\/p>\n\n\n\n<p><span style=\"font-weight: 400;\">My\u00f6s Pandemrix-sikainfluenssarokotetta koskeva keskustelu n\u00e4ytt\u00e4\u00e4 vilkastuneen, ja rokotteesta aikoinaan liikkuneet v\u00e4\u00e4rink\u00e4sitykset ja huhut ovat alkaneet taas levit\u00e4. Aion kirjoittaa l\u00e4hiaikoina aiheesta lis\u00e4\u00e4, kunhan ehdin p\u00e4ivitt\u00e4\u00e4 tietoni rokotteen ja narkolepsian yhteyteen pureutuvasta tutkimustiedosta.&nbsp;<\/span><\/p>\n\n\n\n<p><span style=\"font-weight: 400;\">Koronarokotukset alkavat siis ymp\u00e4rist\u00f6ss\u00e4, jossa niit\u00e4 kohtaan on jo valmiiksi olemassa pelkoa, ep\u00e4varmuutta ja &#8211; tuntuu hassulta kirjoittaa n\u00e4in &#8211; jopa suoranaista vihaa. Ei tarvita kummoistakaan ennustajaa kertomaan, ett\u00e4 vuodenvaihteen j\u00e4lkeen rokotekeskustelu k\u00e4y todella kuumana.<\/span><\/p>\n\n\n\n<p><span style=\"font-weight: 400;\">Kun rokotukset p\u00e4\u00e4sev\u00e4t k\u00e4yntiin, sosiaalisen median keskusteluissa alkaa nousta esiin v\u00e4itteit\u00e4 rokotteen sairastuttamista lapsista, kuolemantapauksista sek\u00e4 virallisten tahojen vaikenemisesta. Koskettavat kuvat ja vanhempien Facebook-p\u00e4ivitykset levi\u00e4v\u00e4t kansainv\u00e4lisesti.&nbsp;<\/span><\/p>\n\n\n\n<p><span style=\"font-weight: 400;\">Osa medioista unohtaa laadukkaan journalismin periaatteet ja nostaa otsikoihin sairastumisia, joiden yhteys rokotteeseen ei ole muuta kuin ajallinen. Erilaiset vihajulkaisut ja valemediat tarttuvat hanakasti aiheeseen, koska rokotev\u00e4itteill\u00e4 voidaan lietsoa vihaa p\u00e4\u00e4tt\u00e4ji\u00e4, tieteentekij\u00f6it\u00e4 ja kaikenlaista &#8221;eliitti\u00e4&#8221; kohtaan. Opportunistiset hyvinvointivalmentajat kehottavat kielt\u00e4ytym\u00e4\u00e4n rokotteista.<\/span><\/p>\n\n\n\n<p><span style=\"font-weight: 400;\">Joulun j\u00e4lkeen tullaan siis tarvitsemaan kosolti hyv\u00e4\u00e4 medianlukutaitoa ja kriittisyytt\u00e4. Tiedeviestij\u00f6ilt\u00e4 vaaditaan ammattitaitoa ja kyky\u00e4 ennakointiin. Journalismi p\u00e4\u00e4see testaamaan kest\u00e4vyytt\u00e4\u00e4n ja etiikkaansa.<\/span><\/p>\n\n\n\n<p><span style=\"font-weight: 400;\">Rokottamisessa on kyse talkoista. Jokainen osallistuja on t\u00e4rke\u00e4. Rokottamisessa ei ole kyse omasta terveydest\u00e4, vaikka me nykyhetken itsen\u00e4iset ajattelijat olemme tottuneet yksil\u00f6llisiin ratkaisuihin ja p\u00e4\u00e4t\u00f6ksentekoon. On sananmukaisesti kyse kansanterveydest\u00e4.<\/span><\/p>\n\n\n\n<p>On ehdottoman ymm\u00e4rrett\u00e4v\u00e4\u00e4, ett\u00e4 koronarokotteeseen liittyy ep\u00e4varmuutta. Pandemia iski p\u00e4\u00e4lle nopeasti, ja tilanne on ollut kaikille stressaava. Pelkoa ja ahdistusta on riitt\u00e4nyt el\u00e4m\u00e4ss\u00e4 muutenkin. Koronarokotteet kehitettiin nopeasti, ja kun kehitysty\u00f6t\u00e4 seuraa vain uutisten kautta, edistyminen on voinut vaikuttaa ep\u00e4uskottavankin pikaiselta. Siksi tiedon levitt\u00e4minen rokotteista, niiden kehitysty\u00f6st\u00e4 ja tutkimuksista on t\u00e4rke\u00e4\u00e4.<\/p>\n\n\n\n<p><span style=\"font-weight: 400;\">Kaikesta rokotteiden ymp\u00e4rill\u00e4 py\u00f6rineest\u00e4 keskustelusta huolimatta Suomessa on luotettu rokotteisiin ja rokotekattavuus on ollut hyv\u00e4\u00e4. T\u00e4m\u00e4 syksyn\u00e4 influenssarokotettakin on otettu kiitett\u00e4v\u00e4n ahkerasti.<\/span><\/p>\n\n\n\n<p><span style=\"font-weight: 400;\">Uskon, ett\u00e4 vuodenvaihteen j\u00e4lkeen edess\u00e4 oleviin talkoisiin osallistutaan aiempaakin innokkaammin ja sitoutuneemmin.<\/span><\/p>\n\n\n\n<p>&nbsp;<\/p>\n\n\n\n<p>&#8212;&#8211;\n<em>P\u00e4ivitys 5.12.: Korjattu termi &#8221;rokote-ep\u00e4r\u00f6inti&#8221; muotoon &#8221;rokotusep\u00e4r\u00f6inti&#8221;.<\/em><\/p>\n\n\n","protected":false},"excerpt":{"rendered":"<p>Viimeinkin! Rokotteita on odotettu koronapandemian alusta saakka, ja nyt ne alkavat olla totta. Jo kolme rokotetta on saatu siihen pisteeseen, ett\u00e4 ne on todettu tutkimuksissa tarpeeksi tehokkaiksi ja turvallisiksi. Ensimm\u00e4isen\u00e4 kansalaisiaan taitaa ehti\u00e4 rokottamaan<br \/>\nIso&hellip;<\/p>\n","protected":false},"author":146,"featured_media":0,"comment_status":"open","ping_status":"open","sticky":false,"template":"","format":"standard","meta":{"_acf_changed":false,"asauth_required_access_level":3,"asauth_cansharepaid":"true","om_header_attributes":[],"footnotes":"","om_featured_image_focal_point":[],"om_primary_tag":0,"om_contributors":[],"om_co_authors":[],"beyondwords_generate_audio":"","beyondwords_project_id":"","beyondwords_content_id":"","beyondwords_preview_token":"","beyondwords_player_content":"","beyondwords_player_style":"","beyondwords_language_code":"","beyondwords_language_id":"","beyondwords_title_voice_id":"","beyondwords_body_voice_id":"","beyondwords_summary_voice_id":"","beyondwords_error_message":"","beyondwords_disabled":"","beyondwords_delete_content":"","beyondwords_podcast_id":"","beyondwords_hash":"","publish_post_to_speechkit":"","speechkit_hash":"","speechkit_generate_audio":"","speechkit_project_id":"","speechkit_podcast_id":"","speechkit_error_message":"","speechkit_disabled":"","speechkit_access_key":"","speechkit_error":"","speechkit_info":"","speechkit_response":"","speechkit_retries":"","speechkit_status":"","speechkit_updated_at":"","_speechkit_link":"","_speechkit_text":""},"categories":[1],"tags":[96,136,1936,1933,1935,67,1412,1974,1658,1521,94,104,1518,81,6,403],"class_list":["post-1887","post","type-post","status-publish","format-standard","hentry","category-tarinoita-tieteesta","tag-hpv-rokote","tag-journalismi","tag-koronapandemia","tag-koronavirus","tag-koronaviruspandemia","tag-laaketiede","tag-pandemrix","tag-rokote-eparointi","tag-rokotekattavuus","tag-rokotekriittisyys","tag-rokotetutkimus","tag-rokotevastaisuus","tag-rokottaminen","tag-rokotteet","tag-tiedejournalismi","tag-tiedeviestinta"],"om_views":null,"acf":{"tuuma_off":false,"tuuma_kysymys":"","tuuma_vastaus":""},"asauth":{"required_access_level":1,"share_token":"","is_paid":false},"yoast_head":"<!-- This site is optimized with the Yoast SEO plugin v26.4 - https:\/\/yoast.com\/wordpress\/plugins\/seo\/ -->\n<title>Ennustus uudeksi vuodeksi: rokotekeskustelu r\u00e4j\u00e4ht\u00e4\u00e4 k\u00e4siin - Tarinoita tieteest\u00e4<\/title>\n<meta name=\"description\" content=\"Kun rokotteet koronavirusta vastaan ovat tulleet ajankohtaiseksi, alkaa olla my\u00f6s rokotekeskustelun kuumenemisen hetki. Odotettavissa on samanlaisia harhaanjohtavia v\u00e4itteit\u00e4, joita on liikkunut muidenkin rokotteiden yhteydess\u00e4.\" \/>\n<meta name=\"robots\" content=\"index, follow, max-snippet:-1, max-image-preview:large, max-video-preview:-1\" \/>\n<link rel=\"canonical\" href=\"https:\/\/suomenkuvalehti.fi\/tarinoitatieteesta\/ennustus-uudeksi-vuodeksi-rokotekeskustelu-rajahtaa-kasiin\/\" \/>\n<meta property=\"og:locale\" content=\"fi_FI\" \/>\n<meta property=\"og:type\" content=\"article\" \/>\n<meta property=\"og:title\" content=\"Ennustus uudeksi vuodeksi: rokotekeskustelu r\u00e4j\u00e4ht\u00e4\u00e4 k\u00e4siin - Tarinoita tieteest\u00e4\" \/>\n<meta property=\"og:description\" content=\"Kun rokotteet koronavirusta vastaan ovat tulleet ajankohtaiseksi, alkaa olla my\u00f6s rokotekeskustelun kuumenemisen hetki. Odotettavissa on samanlaisia harhaanjohtavia v\u00e4itteit\u00e4, joita on liikkunut muidenkin rokotteiden yhteydess\u00e4.\" \/>\n<meta property=\"og:url\" content=\"https:\/\/suomenkuvalehti.fi\/tarinoitatieteesta\/ennustus-uudeksi-vuodeksi-rokotekeskustelu-rajahtaa-kasiin\/\" \/>\n<meta property=\"og:site_name\" content=\"Tarinoita tieteest\u00e4\" \/>\n<meta property=\"article:author\" content=\"https:\/\/www.facebook.com\/pages\/Tiina-Raevaara-Tarinoita-tieteest\/280663078640821?fref=ts\" \/>\n<meta property=\"article:published_time\" content=\"2020-12-04T08:09:50+00:00\" \/>\n<meta property=\"article:modified_time\" content=\"2020-12-05T08:03:20+00:00\" \/>\n<meta property=\"og:image\" content=\"https:\/\/suomenkuvalehti.fi\/tarinoitatieteesta\/wp-content\/uploads\/sites\/13\/2022\/04\/tiina_raevaara-scaled.jpg\" \/>\n\t<meta property=\"og:image:width\" content=\"2560\" \/>\n\t<meta property=\"og:image:height\" content=\"1707\" \/>\n\t<meta property=\"og:image:type\" content=\"image\/jpeg\" \/>\n<meta name=\"author\" content=\"Tiina Raevaara\" \/>\n<meta name=\"twitter:card\" content=\"summary_large_image\" \/>\n<meta name=\"twitter:creator\" content=\"@https:\/\/twitter.com\/raevaara\" \/>\n<meta name=\"twitter:label1\" content=\"Written by\" \/>\n\t<meta name=\"twitter:data1\" content=\"Tiina Raevaara\" \/>\n\t<meta name=\"twitter:label2\" content=\"Est. reading time\" \/>\n\t<meta name=\"twitter:data2\" content=\"3 minuuttia\" \/>\n<script type=\"application\/ld+json\" class=\"yoast-schema-graph\">{\"@context\":\"https:\/\/schema.org\",\"@graph\":[{\"@type\":\"WebPage\",\"@id\":\"https:\/\/suomenkuvalehti.fi\/tarinoitatieteesta\/ennustus-uudeksi-vuodeksi-rokotekeskustelu-rajahtaa-kasiin\/\",\"url\":\"https:\/\/suomenkuvalehti.fi\/tarinoitatieteesta\/ennustus-uudeksi-vuodeksi-rokotekeskustelu-rajahtaa-kasiin\/\",\"name\":\"Ennustus uudeksi vuodeksi: rokotekeskustelu r\u00e4j\u00e4ht\u00e4\u00e4 k\u00e4siin - Tarinoita tieteest\u00e4\",\"isPartOf\":{\"@id\":\"https:\/\/suomenkuvalehti.fi\/tarinoitatieteesta\/#website\"},\"datePublished\":\"2020-12-04T08:09:50+00:00\",\"dateModified\":\"2020-12-05T08:03:20+00:00\",\"author\":{\"@id\":\"https:\/\/suomenkuvalehti.fi\/tarinoitatieteesta\/#\/schema\/person\/bb9c6caa48b3f9394f20b9d28415bca6\"},\"description\":\"Kun rokotteet koronavirusta vastaan ovat tulleet ajankohtaiseksi, alkaa olla my\u00f6s rokotekeskustelun kuumenemisen hetki. Odotettavissa on samanlaisia harhaanjohtavia v\u00e4itteit\u00e4, joita on liikkunut muidenkin rokotteiden yhteydess\u00e4.\",\"breadcrumb\":{\"@id\":\"https:\/\/suomenkuvalehti.fi\/tarinoitatieteesta\/ennustus-uudeksi-vuodeksi-rokotekeskustelu-rajahtaa-kasiin\/#breadcrumb\"},\"inLanguage\":\"fi\",\"potentialAction\":[{\"@type\":\"ReadAction\",\"target\":[\"https:\/\/suomenkuvalehti.fi\/tarinoitatieteesta\/ennustus-uudeksi-vuodeksi-rokotekeskustelu-rajahtaa-kasiin\/\"]}]},{\"@type\":\"BreadcrumbList\",\"@id\":\"https:\/\/suomenkuvalehti.fi\/tarinoitatieteesta\/ennustus-uudeksi-vuodeksi-rokotekeskustelu-rajahtaa-kasiin\/#breadcrumb\",\"itemListElement\":[{\"@type\":\"ListItem\",\"position\":1,\"name\":\"Home\",\"item\":\"https:\/\/suomenkuvalehti.fi\/tarinoitatieteesta\/\"},{\"@type\":\"ListItem\",\"position\":2,\"name\":\"Ennustus uudeksi vuodeksi: rokotekeskustelu r\u00e4j\u00e4ht\u00e4\u00e4 k\u00e4siin\"}]},{\"@type\":\"WebSite\",\"@id\":\"https:\/\/suomenkuvalehti.fi\/tarinoitatieteesta\/#website\",\"url\":\"https:\/\/suomenkuvalehti.fi\/tarinoitatieteesta\/\",\"name\":\"Tarinoita tieteest\u00e4\",\"description\":\"Biologi Tiina Raevaara tutkailee tieteen maailmaa kaunokirjailijan aivoin.\",\"potentialAction\":[{\"@type\":\"SearchAction\",\"target\":{\"@type\":\"EntryPoint\",\"urlTemplate\":\"https:\/\/suomenkuvalehti.fi\/haku\/?q={search_term_string}\"},\"query-input\":{\"@type\":\"PropertyValueSpecification\",\"valueRequired\":true,\"valueName\":\"search_term_string\"}}],\"inLanguage\":\"fi\"},{\"@type\":\"Person\",\"@id\":\"https:\/\/suomenkuvalehti.fi\/tarinoitatieteesta\/#\/schema\/person\/bb9c6caa48b3f9394f20b9d28415bca6\",\"name\":\"Tiina Raevaara\",\"image\":{\"@type\":\"ImageObject\",\"inLanguage\":\"fi\",\"@id\":\"https:\/\/suomenkuvalehti.fi\/tarinoitatieteesta\/#\/schema\/person\/image\/\",\"url\":\"https:\/\/suomenkuvalehti.fi\/tarinoitatieteesta\/wp-content\/uploads\/sites\/13\/2022\/04\/tiina_raevaara-150x150.jpg\",\"contentUrl\":\"https:\/\/suomenkuvalehti.fi\/tarinoitatieteesta\/wp-content\/uploads\/sites\/13\/2022\/04\/tiina_raevaara-150x150.jpg\",\"caption\":\"Tiina Raevaara\"},\"description\":\"Kirjoittaja Tiina Raevaara on filosofian tohtori ja kirjailija.\",\"sameAs\":[\"https:\/\/www.facebook.com\/pages\/Tiina-Raevaara-Tarinoita-tieteest\/280663078640821?fref=ts\",\"https:\/\/x.com\/https:\/\/twitter.com\/raevaara\"]}]}<\/script>\n<!-- \/ Yoast SEO plugin. -->","yoast_head_json":{"title":"Ennustus uudeksi vuodeksi: rokotekeskustelu r\u00e4j\u00e4ht\u00e4\u00e4 k\u00e4siin - Tarinoita tieteest\u00e4","description":"Kun rokotteet koronavirusta vastaan ovat tulleet ajankohtaiseksi, alkaa olla my\u00f6s rokotekeskustelun kuumenemisen hetki. Odotettavissa on samanlaisia harhaanjohtavia v\u00e4itteit\u00e4, joita on liikkunut muidenkin rokotteiden yhteydess\u00e4.","robots":{"index":"index","follow":"follow","max-snippet":"max-snippet:-1","max-image-preview":"max-image-preview:large","max-video-preview":"max-video-preview:-1"},"canonical":"https:\/\/suomenkuvalehti.fi\/tarinoitatieteesta\/ennustus-uudeksi-vuodeksi-rokotekeskustelu-rajahtaa-kasiin\/","og_locale":"fi_FI","og_type":"article","og_title":"Ennustus uudeksi vuodeksi: rokotekeskustelu r\u00e4j\u00e4ht\u00e4\u00e4 k\u00e4siin - Tarinoita tieteest\u00e4","og_description":"Kun rokotteet koronavirusta vastaan ovat tulleet ajankohtaiseksi, alkaa olla my\u00f6s rokotekeskustelun kuumenemisen hetki. Odotettavissa on samanlaisia harhaanjohtavia v\u00e4itteit\u00e4, joita on liikkunut muidenkin rokotteiden yhteydess\u00e4.","og_url":"https:\/\/suomenkuvalehti.fi\/tarinoitatieteesta\/ennustus-uudeksi-vuodeksi-rokotekeskustelu-rajahtaa-kasiin\/","og_site_name":"Tarinoita tieteest\u00e4","article_author":"https:\/\/www.facebook.com\/pages\/Tiina-Raevaara-Tarinoita-tieteest\/280663078640821?fref=ts","article_published_time":"2020-12-04T08:09:50+00:00","article_modified_time":"2020-12-05T08:03:20+00:00","og_image":[{"width":2560,"height":1707,"url":"https:\/\/suomenkuvalehti.fi\/tarinoitatieteesta\/wp-content\/uploads\/sites\/13\/2022\/04\/tiina_raevaara-scaled.jpg","type":"image\/jpeg"}],"author":"Tiina Raevaara","twitter_card":"summary_large_image","twitter_creator":"@https:\/\/twitter.com\/raevaara","twitter_misc":{"Written by":"Tiina Raevaara","Est. reading time":"3 minuuttia"},"schema":{"@context":"https:\/\/schema.org","@graph":[{"@type":"WebPage","@id":"https:\/\/suomenkuvalehti.fi\/tarinoitatieteesta\/ennustus-uudeksi-vuodeksi-rokotekeskustelu-rajahtaa-kasiin\/","url":"https:\/\/suomenkuvalehti.fi\/tarinoitatieteesta\/ennustus-uudeksi-vuodeksi-rokotekeskustelu-rajahtaa-kasiin\/","name":"Ennustus uudeksi vuodeksi: rokotekeskustelu r\u00e4j\u00e4ht\u00e4\u00e4 k\u00e4siin - Tarinoita tieteest\u00e4","isPartOf":{"@id":"https:\/\/suomenkuvalehti.fi\/tarinoitatieteesta\/#website"},"datePublished":"2020-12-04T08:09:50+00:00","dateModified":"2020-12-05T08:03:20+00:00","author":{"@id":"https:\/\/suomenkuvalehti.fi\/tarinoitatieteesta\/#\/schema\/person\/bb9c6caa48b3f9394f20b9d28415bca6"},"description":"Kun rokotteet koronavirusta vastaan ovat tulleet ajankohtaiseksi, alkaa olla my\u00f6s rokotekeskustelun kuumenemisen hetki. Odotettavissa on samanlaisia harhaanjohtavia v\u00e4itteit\u00e4, joita on liikkunut muidenkin rokotteiden yhteydess\u00e4.","breadcrumb":{"@id":"https:\/\/suomenkuvalehti.fi\/tarinoitatieteesta\/ennustus-uudeksi-vuodeksi-rokotekeskustelu-rajahtaa-kasiin\/#breadcrumb"},"inLanguage":"fi","potentialAction":[{"@type":"ReadAction","target":["https:\/\/suomenkuvalehti.fi\/tarinoitatieteesta\/ennustus-uudeksi-vuodeksi-rokotekeskustelu-rajahtaa-kasiin\/"]}]},{"@type":"BreadcrumbList","@id":"https:\/\/suomenkuvalehti.fi\/tarinoitatieteesta\/ennustus-uudeksi-vuodeksi-rokotekeskustelu-rajahtaa-kasiin\/#breadcrumb","itemListElement":[{"@type":"ListItem","position":1,"name":"Home","item":"https:\/\/suomenkuvalehti.fi\/tarinoitatieteesta\/"},{"@type":"ListItem","position":2,"name":"Ennustus uudeksi vuodeksi: rokotekeskustelu r\u00e4j\u00e4ht\u00e4\u00e4 k\u00e4siin"}]},{"@type":"WebSite","@id":"https:\/\/suomenkuvalehti.fi\/tarinoitatieteesta\/#website","url":"https:\/\/suomenkuvalehti.fi\/tarinoitatieteesta\/","name":"Tarinoita tieteest\u00e4","description":"Biologi Tiina Raevaara tutkailee tieteen maailmaa kaunokirjailijan aivoin.","potentialAction":[{"@type":"SearchAction","target":{"@type":"EntryPoint","urlTemplate":"https:\/\/suomenkuvalehti.fi\/haku\/?q={search_term_string}"},"query-input":{"@type":"PropertyValueSpecification","valueRequired":true,"valueName":"search_term_string"}}],"inLanguage":"fi"},{"@type":"Person","@id":"https:\/\/suomenkuvalehti.fi\/tarinoitatieteesta\/#\/schema\/person\/bb9c6caa48b3f9394f20b9d28415bca6","name":"Tiina Raevaara","image":{"@type":"ImageObject","inLanguage":"fi","@id":"https:\/\/suomenkuvalehti.fi\/tarinoitatieteesta\/#\/schema\/person\/image\/","url":"https:\/\/suomenkuvalehti.fi\/tarinoitatieteesta\/wp-content\/uploads\/sites\/13\/2022\/04\/tiina_raevaara-150x150.jpg","contentUrl":"https:\/\/suomenkuvalehti.fi\/tarinoitatieteesta\/wp-content\/uploads\/sites\/13\/2022\/04\/tiina_raevaara-150x150.jpg","caption":"Tiina Raevaara"},"description":"Kirjoittaja Tiina Raevaara on filosofian tohtori ja kirjailija.","sameAs":["https:\/\/www.facebook.com\/pages\/Tiina-Raevaara-Tarinoita-tieteest\/280663078640821?fref=ts","https:\/\/x.com\/https:\/\/twitter.com\/raevaara"]}]}},"_links":{"self":[{"href":"https:\/\/suomenkuvalehti.fi\/tarinoitatieteesta\/wp-json\/wp\/v2\/posts\/1887","targetHints":{"allow":["GET"]}}],"collection":[{"href":"https:\/\/suomenkuvalehti.fi\/tarinoitatieteesta\/wp-json\/wp\/v2\/posts"}],"about":[{"href":"https:\/\/suomenkuvalehti.fi\/tarinoitatieteesta\/wp-json\/wp\/v2\/types\/post"}],"author":[{"embeddable":true,"href":"https:\/\/suomenkuvalehti.fi\/tarinoitatieteesta\/wp-json\/wp\/v2\/users\/146"}],"replies":[{"embeddable":true,"href":"https:\/\/suomenkuvalehti.fi\/tarinoitatieteesta\/wp-json\/wp\/v2\/comments?post=1887"}],"version-history":[{"count":4,"href":"https:\/\/suomenkuvalehti.fi\/tarinoitatieteesta\/wp-json\/wp\/v2\/posts\/1887\/revisions"}],"predecessor-version":[{"id":1892,"href":"https:\/\/suomenkuvalehti.fi\/tarinoitatieteesta\/wp-json\/wp\/v2\/posts\/1887\/revisions\/1892"}],"wp:attachment":[{"href":"https:\/\/suomenkuvalehti.fi\/tarinoitatieteesta\/wp-json\/wp\/v2\/media?parent=1887"}],"wp:term":[{"taxonomy":"category","embeddable":true,"href":"https:\/\/suomenkuvalehti.fi\/tarinoitatieteesta\/wp-json\/wp\/v2\/categories?post=1887"},{"taxonomy":"post_tag","embeddable":true,"href":"https:\/\/suomenkuvalehti.fi\/tarinoitatieteesta\/wp-json\/wp\/v2\/tags?post=1887"}],"curies":[{"name":"wp","href":"https:\/\/api.w.org\/{rel}","templated":true}]}}