{"id":1808,"date":"2020-05-03T09:41:45","date_gmt":"2020-05-03T06:41:45","guid":{"rendered":"https:\/\/suomenkuvalehti.fi\/tarinoitatieteesta\/?p=1808"},"modified":"2020-05-03T09:48:44","modified_gmt":"2020-05-03T06:48:44","slug":"hyva-elamakerta-on-myos-totta","status":"publish","type":"post","link":"https:\/\/suomenkuvalehti.fi\/tarinoitatieteesta\/hyva-elamakerta-on-myos-totta\/","title":{"rendered":"Hyv\u00e4 el\u00e4m\u00e4kerta on my\u00f6s totta"},"content":{"rendered":"\n<p><span style=\"font-weight: 400;\">Voiko el\u00e4m\u00e4kertoihin luottaa? Vai pit\u00e4isik\u00f6 niihin suhtautua kirjallisuudenlajina, joka on parhaimmillaan vet\u00e4v\u00e4\u00e4 ja kiinnostavaa, mutta perusluonteeltaan ep\u00e4luotettavaa?<\/span><\/p>\n\n\n\n<p><span style=\"font-weight: 400;\">Vappuna julkaistiin STT:n laaja uutinen siit\u00e4, kuinka urheilumaailmassa toiminut <strong>Marko Yrj\u00f6vuori<\/strong> olisi liioitellut rooliaan urheilumaailman supert\u00e4htien taipaleella sek\u00e4 antanut v\u00e4\u00e4ri\u00e4 tietoja ty\u00f6teht\u00e4vist\u00e4\u00e4n ja ty\u00f6nimikkeist\u00e4\u00e4n. Oheisessa linkiss\u00e4 <a href=\"https:\/\/yle.fi\/urheilu\/3-11332478\" target=\"_blank\" rel=\"noopener\">STT:n uutinen Ylen julkaisemana<\/a>.&nbsp;<\/span><\/p>\n\n\n\n<p><span style=\"font-weight: 400;\">Keskustelu on liittynyt my\u00f6s Yrj\u00f6vuoren urasta kertoviin kirjoihin <em>Yrj\u00f6vuori The Finn \u2013 urheilut\u00e4htien luottomies<\/em> (Nemo 2017) ja <em>Mestareiden rakentaja<\/em> (Nemo 2019), jotka on Yrj\u00f6vuoren haastatteluiden pohjalta kirjoittanut toimittaja <strong>Petteri Ala-Kivim\u00e4ki.&nbsp;<\/strong><\/span><\/p>\n\n\n\n<p><span style=\"font-weight: 400;\">Ala-Kivim\u00e4ki kertoo STT:n haastattelussa, ett\u00e4 h\u00e4n on luottanut Yrj\u00f6vuoreen eik\u00e4 ole tarkistanut t\u00e4m\u00e4n kertomia asioita muualta: &#8221;T\u00e4m\u00e4 on Markon tarina. En ep\u00e4ile mit\u00e4\u00e4n. Kyse on luottamuksesta.&#8221; Ala-Kivim\u00e4elle &#8221;ei tullut mieleenk\u00e4\u00e4n&#8221;, ett\u00e4 v\u00e4itteiden paikkansapit\u00e4vyydest\u00e4 olisi pit\u00e4nyt kysy\u00e4 esimerkiksi koripallot\u00e4hti <strong>James Hardenilta<\/strong>, jota Yrj\u00f6vuori v\u00e4itt\u00e4\u00e4 valmentaneensa.&nbsp;<\/span><\/p>\n\n\n\n<p><span style=\"font-weight: 400;\">Seuratessani aiheesta k\u00e4yt\u00e4v\u00e4\u00e4 keskustelua Twitteriss\u00e4 huomasin harmikseni, ett\u00e4 moni pit\u00e4\u00e4 el\u00e4m\u00e4kertakirjallisuutta l\u00e4ht\u00f6kohtaisesti ep\u00e4luotettavana.&nbsp;<\/span><\/p>\n\n\n\n<p><span style=\"font-weight: 400;\">Ymm\u00e4rt\u00e4isin ennakkoasenteen paremmin, jos puhe olisi puhtaasti omael\u00e4m\u00e4kerrallisista teoksista, mutta nyt on kyse kirjoista, joissa tekstin on rakentanut ulkopuolinen kirjoittaja.&nbsp;<\/span><\/p>\n\n\n\n<p><span style=\"font-weight: 400;\">Tietokirjallisuuden kannalta on huolestuttavaa, jos luottamusta el\u00e4m\u00e4kertoihin ei l\u00e4ht\u00f6kohtaisesti ole. Samoin jokainen kirja, joka t\u00e4t\u00e4 luottamusta edelleen nakertaa, on karhunpalvelus kirjallisuudenlajille. Toivoisin, ett\u00e4 Yrj\u00f6vuoresta kertovat kirjat olisivat yleis\u00f6n mieless\u00e4 poikkeuksia, eiv\u00e4t s\u00e4\u00e4nt\u00f6j\u00e4.&nbsp;<\/span><\/p>\n\n\n\n<p><span style=\"font-weight: 400;\">En ole itse el\u00e4m\u00e4kertoja tehnyt, mutta tuttavapiiriss\u00e4ni olen n\u00e4hnyt, kuinka paljon vaivaa el\u00e4m\u00e4kertojen faktojen tarkistamiseen on k\u00e4ytetty ja kuinka t\u00e4rke\u00e4n\u00e4 vaihetta on pidetty. Ty\u00f6l\u00e4st\u00e4 se on ollut: vuosikymmenien takaisten tapahtumien muisteleminen tuottaa jokaisella muistajalla erilaisen mielikuvan, ja jopa vanhojen uutistapahtumien tarkistaminen voi olla yll\u00e4tt\u00e4v\u00e4n monimutkaista. Kirjan p\u00e4\u00e4henkil\u00f6 saattaa my\u00f6s kokea ep\u00e4mukavaksi, ett\u00e4 kirjoittaja &#8221;ep\u00e4ilee&#8221; h\u00e4nt\u00e4 ja tarkistaa asioita muualta.<\/span><\/p>\n\n\n\n<p><span style=\"font-weight: 400;\">Jokainen pelk\u00e4ll\u00e4 luottamuksella tehty el\u00e4m\u00e4kerta nakertaa ammattitaitoisten ja etiikasta huolehtivien kirjoittajien ty\u00f6n arvostusta. Pahimmillaan tilanne johtaa siihen, ett\u00e4 el\u00e4m\u00e4kertakirjoittaja ei jaksa en\u00e4\u00e4 n\u00e4hd\u00e4 vaivaa faktantarkistuksessa, koska yleis\u00f6n luottamus kirjallisuudenlajiin on joka tapauksessa nollilla. Siksi minua vaivaavat ne keskustelun s\u00e4vyt, joissa el\u00e4m\u00e4kerrat n\u00e4hd\u00e4\u00e4n l\u00e4ht\u00f6kohtaisesti ep\u00e4luotettavina. Edes kirjan kohteen mukana olo kirjan teossa ei minusta saisi olla l\u00e4ht\u00f6kohtaisesti luotettavuutta nakertava tekij\u00e4.&nbsp;<\/span><\/p>\n\n\n\n<p><span style=\"font-weight: 400;\">Toisinaan tietokirjallisuudelle toivotaan <a href=\"https:\/\/www.jsn.fi\/journalistin_ohjeet\/\" target=\"_blank\" rel=\"noopener\">journalistin ohjeiden<\/a> kaltaista eettist\u00e4 s\u00e4\u00e4nn\u00f6st\u00f6\u00e4. Tietokirjailijoiden liitto on julkaissut kirjailijoille suosituksiksi tarkoitetut melko ylimalkaiset<a href=\"https:\/\/www.suomentietokirjailijat.fi\/kirjailijalle\/eettiset-ohjeet.html\" target=\"_blank\" rel=\"noopener\"> ohjeet<\/a>, mutta koska tietokirjailijat tai kustantamot eiv\u00e4t ole sitoutuneet mihink\u00e4\u00e4n itses\u00e4\u00e4telyj\u00e4rjestelm\u00e4\u00e4n, ohjeiden rikkominen ei aiheuta mit\u00e4\u00e4n.&nbsp;<\/span><\/p>\n\n\n\n<p><span style=\"font-weight: 400;\">Toisaalta Marko Yrj\u00f6vuoren tapauksessa on v\u00e4\u00e4rist\u00e4v\u00e4\u00e4 pit\u00e4\u00e4 journalismia tietokirjallisuutta tarkempana tekstilajina, sill\u00e4 Yrj\u00f6vuoren v\u00e4itteit\u00e4 sellaisinaan toisintavia lehtijuttuja on julkaistu vaikka kuinka.&nbsp;<\/span><\/p>\n\n\n\n<p><span style=\"font-weight: 400;\">Itse en ainakaan t\u00e4ll\u00e4 hetkell\u00e4 toivo tietokirjallisuudelle sitovaa itses\u00e4\u00e4telyj\u00e4rjestelm\u00e4\u00e4, sill\u00e4 sellaiset antavat aina v\u00e4hemm\u00e4n liikkumavaraa kuin sananvapautta viime k\u00e4dess\u00e4 rajaava laki.&nbsp;<\/span><\/p>\n\n\n\n<p><span style=\"font-weight: 400;\">Sen sijaan toivoisin tietokirjallisuuden tekij\u00f6iden maailmaan eli kirjoittajien, tekij\u00e4j\u00e4rjest\u00f6jen ja kustantajien v\u00e4lille paljon enemm\u00e4n keskustelua etiikasta. Millaista kuvaa tietokirjallisuudesta valinnoillamme v\u00e4lit\u00e4mme? Rakennammeko lajille uskottavuutta vai kenties jotain muuta? Millaisessa vastuussa olemme kirjojen sis\u00e4ll\u00f6st\u00e4? Millaista mailmaa ja yhteiskuntaa olemme osaltamme tekem\u00e4ss\u00e4?<\/span><span style=\"font-weight: 400;\">\n<\/span><\/p>\n\n\n\n<p><span style=\"font-weight: 400;\">Kenen vastuulla sitten on el\u00e4m\u00e4kerran oikeellisuus? Tietenkin kirjoittajan. Lain edess\u00e4 vastuussa on my\u00f6s julkaisija, mutta kustantamon on k\u00e4yt\u00e4nn\u00f6ss\u00e4 hyvin vaikea tarkistaa kirjoittajan oikeaksi kertomia v\u00e4itteit\u00e4. Kustannussuhde jos mik\u00e4 on luottamussuhde. Kustantamo saattaa luetuttaa k\u00e4sikirjoituksen asiantuntijalla, mutta esimerkiksi ihmisen henkil\u00f6historian tarkastaminen on kustantamon puolelta hankalaa. Sellaiset olisi parasta tarkistaa jo siin\u00e4 vaiheessa, kun teksti\u00e4 tehd\u00e4\u00e4n ensimm\u00e4ist\u00e4 kertaa.&nbsp;<\/span><\/p>\n\n\n\n<p><span style=\"font-weight: 400;\">El\u00e4m\u00e4kertoja kirjoitetaan hyvin erilaisista l\u00e4ht\u00f6kohdista. Jotkut tekij\u00e4t ovat journalisteja, ja journalismin etiikan voisi odottaa l\u00f6ytyv\u00e4n selk\u00e4ytimest\u00e4. Jotkut ovat taustaltaan vaikkapa kaunokirjailijoita, ja haastateltavan sanomisten tarkistaminen ei ole asia, joka kuuluisi kokemusmaailmaan. Tai kirjoittaja voi olla aloittelija, joka ei nyt viel\u00e4 hanskaa kaikkea, mit\u00e4 kirjantekoon liittyy.&nbsp;<\/span><\/p>\n\n\n\n<p><span style=\"font-weight: 400;\">El\u00e4m\u00e4kerran tekoon l\u00f6ytyy koulutusta ja opastusta, mutta kaikki kirjoittajat eiv\u00e4t sellaista halua tai edes huomaa mahdollisuutta sellaiseen. Min\u00e4 ja <strong>Urpu Strellman<\/strong> kirjoitamme tietokirjallisuuden etiikasta viime vuonna ilmestyneess\u00e4 <a href=\"https:\/\/kirjatkertovat.blogspot.com\/2019\/09\/tiina-raevaara-urpu-strellman.html\" target=\"_blank\" rel=\"noopener\">Tietokirjailijan kirjassa<\/a>.<\/span><\/p>\n\n\n\n<p><span style=\"font-weight: 400;\">Itse toivoisin, ett\u00e4 kustantamoiden rooli el\u00e4m\u00e4kertojen ja muun tietokirjallisuuden kohdalla kasvaisi. Kustantamot ovat kuitenkin tahoja, jotka tuovat tekij\u00f6it\u00e4 yhteen, ja esimerkiksi kustannustoimittajilla on valtavasti tietoa ja osaamista. Kokemusteni mukaan kustantamot eiv\u00e4t aina osaa hy\u00f6dynt\u00e4\u00e4 tekij\u00f6it\u00e4\u00e4n yhteis\u00f6n\u00e4. Erilaiset keskusteluillat ja koulutustapahtumat olisivat areenoita, joilla my\u00f6s el\u00e4m\u00e4kertojen tekemisen etiikasta voisi keskustella ja hyvi\u00e4 ty\u00f6tapoja levitt\u00e4\u00e4 eteenp\u00e4in.<\/span><\/p>\n\n\n\n<p><span style=\"font-weight: 400;\">El\u00e4m\u00e4kertakirjallisuus on vanha kirjallisuudenlaji, joka on tuottanut paljon tietoa maailmaan. On syyt\u00e4 huolehtia sen luotettavuudesta ja arvostuksesta.&nbsp;<\/span><\/p>\n\n\n","protected":false},"excerpt":{"rendered":"<p>Voiko el\u00e4m\u00e4kertoihin luottaa? Vai pit\u00e4isik\u00f6 niihin suhtautua kirjallisuudenlajina, joka on parhaimmillaan vet\u00e4v\u00e4\u00e4 ja kiinnostavaa, mutta perusluonteeltaan ep\u00e4luotettavaa? Vappuna julkaistiin STT:n laaja uutinen siit\u00e4, kuinka urheilumaailmassa toiminut Marko Yrj\u00f6vuori olisi liioitellut<br \/>\nrooliaan &hellip;<\/p>\n","protected":false},"author":146,"featured_media":0,"comment_status":"open","ping_status":"open","sticky":false,"template":"","format":"standard","meta":{"_acf_changed":false,"asauth_required_access_level":3,"asauth_cansharepaid":"true","om_header_attributes":[],"footnotes":"","om_featured_image_focal_point":[],"om_primary_tag":0,"om_contributors":[],"om_co_authors":[],"beyondwords_generate_audio":"","beyondwords_project_id":"","beyondwords_content_id":"","beyondwords_preview_token":"","beyondwords_player_content":"","beyondwords_player_style":"","beyondwords_language_code":"","beyondwords_language_id":"","beyondwords_title_voice_id":"","beyondwords_body_voice_id":"","beyondwords_summary_voice_id":"","beyondwords_error_message":"","beyondwords_disabled":"","beyondwords_delete_content":"","beyondwords_podcast_id":"","beyondwords_hash":"","publish_post_to_speechkit":"","speechkit_hash":"","speechkit_generate_audio":"","speechkit_project_id":"","speechkit_podcast_id":"","speechkit_error_message":"","speechkit_disabled":"","speechkit_access_key":"","speechkit_error":"","speechkit_info":"","speechkit_response":"","speechkit_retries":"","speechkit_status":"","speechkit_updated_at":"","_speechkit_link":"","_speechkit_text":""},"categories":[1],"tags":[1945,1946,126,1948,1320,1947,25,1944,26,345],"class_list":["post-1808","post","type-post","status-publish","format-standard","hentry","category-tarinoita-tieteesta","tag-elamakerrat","tag-elamakertakirjallisuus","tag-etiikka","tag-faktantarkistus","tag-journalismin-etiikka","tag-omaelamakerrat","tag-tietokirjailijat","tag-tietokirjallisuuden-etiikka","tag-tietokirjallisuus","tag-tietokirjat"],"om_views":null,"acf":{"tuuma_off":false,"tuuma_kysymys":"","tuuma_vastaus":""},"asauth":{"required_access_level":1,"share_token":"","is_paid":false},"yoast_head":"<!-- This site is optimized with the Yoast SEO plugin v26.4 - https:\/\/yoast.com\/wordpress\/plugins\/seo\/ -->\n<title>Hyv\u00e4 el\u00e4m\u00e4kerta on my\u00f6s totta - Tarinoita tieteest\u00e4<\/title>\n<meta name=\"description\" content=\"Marko Yrj\u00f6nvuoren v\u00e4itteet urastaan supert\u00e4htien kanssa upposivat tietokirjoihin sellaisinaan. Miten el\u00e4m\u00e4kertakirjallisuuden uskottavuus saataisiin s\u00e4ilytetty\u00e4?\" \/>\n<meta name=\"robots\" content=\"index, follow, max-snippet:-1, max-image-preview:large, max-video-preview:-1\" \/>\n<link rel=\"canonical\" href=\"https:\/\/suomenkuvalehti.fi\/tarinoitatieteesta\/hyva-elamakerta-on-myos-totta\/\" \/>\n<meta property=\"og:locale\" content=\"fi_FI\" \/>\n<meta property=\"og:type\" content=\"article\" \/>\n<meta property=\"og:title\" content=\"Hyv\u00e4 el\u00e4m\u00e4kerta on my\u00f6s totta - Tarinoita tieteest\u00e4\" \/>\n<meta property=\"og:description\" content=\"Marko Yrj\u00f6nvuoren v\u00e4itteet urastaan supert\u00e4htien kanssa upposivat tietokirjoihin sellaisinaan. Miten el\u00e4m\u00e4kertakirjallisuuden uskottavuus saataisiin s\u00e4ilytetty\u00e4?\" \/>\n<meta property=\"og:url\" content=\"https:\/\/suomenkuvalehti.fi\/tarinoitatieteesta\/hyva-elamakerta-on-myos-totta\/\" \/>\n<meta property=\"og:site_name\" content=\"Tarinoita tieteest\u00e4\" \/>\n<meta property=\"article:author\" content=\"https:\/\/www.facebook.com\/pages\/Tiina-Raevaara-Tarinoita-tieteest\/280663078640821?fref=ts\" \/>\n<meta property=\"article:published_time\" content=\"2020-05-03T06:41:45+00:00\" \/>\n<meta property=\"article:modified_time\" content=\"2020-05-03T06:48:44+00:00\" \/>\n<meta property=\"og:image\" content=\"https:\/\/suomenkuvalehti.fi\/tarinoitatieteesta\/wp-content\/uploads\/sites\/13\/2022\/04\/tiina_raevaara-scaled.jpg\" \/>\n\t<meta property=\"og:image:width\" content=\"2560\" \/>\n\t<meta property=\"og:image:height\" content=\"1707\" \/>\n\t<meta property=\"og:image:type\" content=\"image\/jpeg\" \/>\n<meta name=\"author\" content=\"Tiina Raevaara\" \/>\n<meta name=\"twitter:card\" content=\"summary_large_image\" \/>\n<meta name=\"twitter:creator\" content=\"@https:\/\/twitter.com\/raevaara\" \/>\n<meta name=\"twitter:label1\" content=\"Written by\" \/>\n\t<meta name=\"twitter:data1\" content=\"Tiina Raevaara\" \/>\n\t<meta name=\"twitter:label2\" content=\"Est. reading time\" \/>\n\t<meta name=\"twitter:data2\" content=\"4 minuuttia\" \/>\n<script type=\"application\/ld+json\" class=\"yoast-schema-graph\">{\"@context\":\"https:\/\/schema.org\",\"@graph\":[{\"@type\":\"WebPage\",\"@id\":\"https:\/\/suomenkuvalehti.fi\/tarinoitatieteesta\/hyva-elamakerta-on-myos-totta\/\",\"url\":\"https:\/\/suomenkuvalehti.fi\/tarinoitatieteesta\/hyva-elamakerta-on-myos-totta\/\",\"name\":\"Hyv\u00e4 el\u00e4m\u00e4kerta on my\u00f6s totta - Tarinoita tieteest\u00e4\",\"isPartOf\":{\"@id\":\"https:\/\/suomenkuvalehti.fi\/tarinoitatieteesta\/#website\"},\"datePublished\":\"2020-05-03T06:41:45+00:00\",\"dateModified\":\"2020-05-03T06:48:44+00:00\",\"author\":{\"@id\":\"https:\/\/suomenkuvalehti.fi\/tarinoitatieteesta\/#\/schema\/person\/bb9c6caa48b3f9394f20b9d28415bca6\"},\"description\":\"Marko Yrj\u00f6nvuoren v\u00e4itteet urastaan supert\u00e4htien kanssa upposivat tietokirjoihin sellaisinaan. Miten el\u00e4m\u00e4kertakirjallisuuden uskottavuus saataisiin s\u00e4ilytetty\u00e4?\",\"breadcrumb\":{\"@id\":\"https:\/\/suomenkuvalehti.fi\/tarinoitatieteesta\/hyva-elamakerta-on-myos-totta\/#breadcrumb\"},\"inLanguage\":\"fi\",\"potentialAction\":[{\"@type\":\"ReadAction\",\"target\":[\"https:\/\/suomenkuvalehti.fi\/tarinoitatieteesta\/hyva-elamakerta-on-myos-totta\/\"]}]},{\"@type\":\"BreadcrumbList\",\"@id\":\"https:\/\/suomenkuvalehti.fi\/tarinoitatieteesta\/hyva-elamakerta-on-myos-totta\/#breadcrumb\",\"itemListElement\":[{\"@type\":\"ListItem\",\"position\":1,\"name\":\"Home\",\"item\":\"https:\/\/suomenkuvalehti.fi\/tarinoitatieteesta\/\"},{\"@type\":\"ListItem\",\"position\":2,\"name\":\"Hyv\u00e4 el\u00e4m\u00e4kerta on my\u00f6s totta\"}]},{\"@type\":\"WebSite\",\"@id\":\"https:\/\/suomenkuvalehti.fi\/tarinoitatieteesta\/#website\",\"url\":\"https:\/\/suomenkuvalehti.fi\/tarinoitatieteesta\/\",\"name\":\"Tarinoita tieteest\u00e4\",\"description\":\"Biologi Tiina Raevaara tutkailee tieteen maailmaa kaunokirjailijan aivoin.\",\"potentialAction\":[{\"@type\":\"SearchAction\",\"target\":{\"@type\":\"EntryPoint\",\"urlTemplate\":\"https:\/\/suomenkuvalehti.fi\/haku\/?q={search_term_string}\"},\"query-input\":{\"@type\":\"PropertyValueSpecification\",\"valueRequired\":true,\"valueName\":\"search_term_string\"}}],\"inLanguage\":\"fi\"},{\"@type\":\"Person\",\"@id\":\"https:\/\/suomenkuvalehti.fi\/tarinoitatieteesta\/#\/schema\/person\/bb9c6caa48b3f9394f20b9d28415bca6\",\"name\":\"Tiina Raevaara\",\"image\":{\"@type\":\"ImageObject\",\"inLanguage\":\"fi\",\"@id\":\"https:\/\/suomenkuvalehti.fi\/tarinoitatieteesta\/#\/schema\/person\/image\/\",\"url\":\"https:\/\/suomenkuvalehti.fi\/tarinoitatieteesta\/wp-content\/uploads\/sites\/13\/2022\/04\/tiina_raevaara-150x150.jpg\",\"contentUrl\":\"https:\/\/suomenkuvalehti.fi\/tarinoitatieteesta\/wp-content\/uploads\/sites\/13\/2022\/04\/tiina_raevaara-150x150.jpg\",\"caption\":\"Tiina Raevaara\"},\"description\":\"Kirjoittaja Tiina Raevaara on filosofian tohtori ja kirjailija.\",\"sameAs\":[\"https:\/\/www.facebook.com\/pages\/Tiina-Raevaara-Tarinoita-tieteest\/280663078640821?fref=ts\",\"https:\/\/x.com\/https:\/\/twitter.com\/raevaara\"]}]}<\/script>\n<!-- \/ Yoast SEO plugin. -->","yoast_head_json":{"title":"Hyv\u00e4 el\u00e4m\u00e4kerta on my\u00f6s totta - Tarinoita tieteest\u00e4","description":"Marko Yrj\u00f6nvuoren v\u00e4itteet urastaan supert\u00e4htien kanssa upposivat tietokirjoihin sellaisinaan. Miten el\u00e4m\u00e4kertakirjallisuuden uskottavuus saataisiin s\u00e4ilytetty\u00e4?","robots":{"index":"index","follow":"follow","max-snippet":"max-snippet:-1","max-image-preview":"max-image-preview:large","max-video-preview":"max-video-preview:-1"},"canonical":"https:\/\/suomenkuvalehti.fi\/tarinoitatieteesta\/hyva-elamakerta-on-myos-totta\/","og_locale":"fi_FI","og_type":"article","og_title":"Hyv\u00e4 el\u00e4m\u00e4kerta on my\u00f6s totta - Tarinoita tieteest\u00e4","og_description":"Marko Yrj\u00f6nvuoren v\u00e4itteet urastaan supert\u00e4htien kanssa upposivat tietokirjoihin sellaisinaan. Miten el\u00e4m\u00e4kertakirjallisuuden uskottavuus saataisiin s\u00e4ilytetty\u00e4?","og_url":"https:\/\/suomenkuvalehti.fi\/tarinoitatieteesta\/hyva-elamakerta-on-myos-totta\/","og_site_name":"Tarinoita tieteest\u00e4","article_author":"https:\/\/www.facebook.com\/pages\/Tiina-Raevaara-Tarinoita-tieteest\/280663078640821?fref=ts","article_published_time":"2020-05-03T06:41:45+00:00","article_modified_time":"2020-05-03T06:48:44+00:00","og_image":[{"width":2560,"height":1707,"url":"https:\/\/suomenkuvalehti.fi\/tarinoitatieteesta\/wp-content\/uploads\/sites\/13\/2022\/04\/tiina_raevaara-scaled.jpg","type":"image\/jpeg"}],"author":"Tiina Raevaara","twitter_card":"summary_large_image","twitter_creator":"@https:\/\/twitter.com\/raevaara","twitter_misc":{"Written by":"Tiina Raevaara","Est. reading time":"4 minuuttia"},"schema":{"@context":"https:\/\/schema.org","@graph":[{"@type":"WebPage","@id":"https:\/\/suomenkuvalehti.fi\/tarinoitatieteesta\/hyva-elamakerta-on-myos-totta\/","url":"https:\/\/suomenkuvalehti.fi\/tarinoitatieteesta\/hyva-elamakerta-on-myos-totta\/","name":"Hyv\u00e4 el\u00e4m\u00e4kerta on my\u00f6s totta - Tarinoita tieteest\u00e4","isPartOf":{"@id":"https:\/\/suomenkuvalehti.fi\/tarinoitatieteesta\/#website"},"datePublished":"2020-05-03T06:41:45+00:00","dateModified":"2020-05-03T06:48:44+00:00","author":{"@id":"https:\/\/suomenkuvalehti.fi\/tarinoitatieteesta\/#\/schema\/person\/bb9c6caa48b3f9394f20b9d28415bca6"},"description":"Marko Yrj\u00f6nvuoren v\u00e4itteet urastaan supert\u00e4htien kanssa upposivat tietokirjoihin sellaisinaan. Miten el\u00e4m\u00e4kertakirjallisuuden uskottavuus saataisiin s\u00e4ilytetty\u00e4?","breadcrumb":{"@id":"https:\/\/suomenkuvalehti.fi\/tarinoitatieteesta\/hyva-elamakerta-on-myos-totta\/#breadcrumb"},"inLanguage":"fi","potentialAction":[{"@type":"ReadAction","target":["https:\/\/suomenkuvalehti.fi\/tarinoitatieteesta\/hyva-elamakerta-on-myos-totta\/"]}]},{"@type":"BreadcrumbList","@id":"https:\/\/suomenkuvalehti.fi\/tarinoitatieteesta\/hyva-elamakerta-on-myos-totta\/#breadcrumb","itemListElement":[{"@type":"ListItem","position":1,"name":"Home","item":"https:\/\/suomenkuvalehti.fi\/tarinoitatieteesta\/"},{"@type":"ListItem","position":2,"name":"Hyv\u00e4 el\u00e4m\u00e4kerta on my\u00f6s totta"}]},{"@type":"WebSite","@id":"https:\/\/suomenkuvalehti.fi\/tarinoitatieteesta\/#website","url":"https:\/\/suomenkuvalehti.fi\/tarinoitatieteesta\/","name":"Tarinoita tieteest\u00e4","description":"Biologi Tiina Raevaara tutkailee tieteen maailmaa kaunokirjailijan aivoin.","potentialAction":[{"@type":"SearchAction","target":{"@type":"EntryPoint","urlTemplate":"https:\/\/suomenkuvalehti.fi\/haku\/?q={search_term_string}"},"query-input":{"@type":"PropertyValueSpecification","valueRequired":true,"valueName":"search_term_string"}}],"inLanguage":"fi"},{"@type":"Person","@id":"https:\/\/suomenkuvalehti.fi\/tarinoitatieteesta\/#\/schema\/person\/bb9c6caa48b3f9394f20b9d28415bca6","name":"Tiina Raevaara","image":{"@type":"ImageObject","inLanguage":"fi","@id":"https:\/\/suomenkuvalehti.fi\/tarinoitatieteesta\/#\/schema\/person\/image\/","url":"https:\/\/suomenkuvalehti.fi\/tarinoitatieteesta\/wp-content\/uploads\/sites\/13\/2022\/04\/tiina_raevaara-150x150.jpg","contentUrl":"https:\/\/suomenkuvalehti.fi\/tarinoitatieteesta\/wp-content\/uploads\/sites\/13\/2022\/04\/tiina_raevaara-150x150.jpg","caption":"Tiina Raevaara"},"description":"Kirjoittaja Tiina Raevaara on filosofian tohtori ja kirjailija.","sameAs":["https:\/\/www.facebook.com\/pages\/Tiina-Raevaara-Tarinoita-tieteest\/280663078640821?fref=ts","https:\/\/x.com\/https:\/\/twitter.com\/raevaara"]}]}},"_links":{"self":[{"href":"https:\/\/suomenkuvalehti.fi\/tarinoitatieteesta\/wp-json\/wp\/v2\/posts\/1808","targetHints":{"allow":["GET"]}}],"collection":[{"href":"https:\/\/suomenkuvalehti.fi\/tarinoitatieteesta\/wp-json\/wp\/v2\/posts"}],"about":[{"href":"https:\/\/suomenkuvalehti.fi\/tarinoitatieteesta\/wp-json\/wp\/v2\/types\/post"}],"author":[{"embeddable":true,"href":"https:\/\/suomenkuvalehti.fi\/tarinoitatieteesta\/wp-json\/wp\/v2\/users\/146"}],"replies":[{"embeddable":true,"href":"https:\/\/suomenkuvalehti.fi\/tarinoitatieteesta\/wp-json\/wp\/v2\/comments?post=1808"}],"version-history":[{"count":5,"href":"https:\/\/suomenkuvalehti.fi\/tarinoitatieteesta\/wp-json\/wp\/v2\/posts\/1808\/revisions"}],"predecessor-version":[{"id":1813,"href":"https:\/\/suomenkuvalehti.fi\/tarinoitatieteesta\/wp-json\/wp\/v2\/posts\/1808\/revisions\/1813"}],"wp:attachment":[{"href":"https:\/\/suomenkuvalehti.fi\/tarinoitatieteesta\/wp-json\/wp\/v2\/media?parent=1808"}],"wp:term":[{"taxonomy":"category","embeddable":true,"href":"https:\/\/suomenkuvalehti.fi\/tarinoitatieteesta\/wp-json\/wp\/v2\/categories?post=1808"},{"taxonomy":"post_tag","embeddable":true,"href":"https:\/\/suomenkuvalehti.fi\/tarinoitatieteesta\/wp-json\/wp\/v2\/tags?post=1808"}],"curies":[{"name":"wp","href":"https:\/\/api.w.org\/{rel}","templated":true}]}}