{"id":1792,"date":"2020-04-16T11:02:45","date_gmt":"2020-04-16T08:02:45","guid":{"rendered":"https:\/\/suomenkuvalehti.fi\/tarinoitatieteesta\/?p=1792"},"modified":"2020-04-16T11:02:45","modified_gmt":"2020-04-16T08:02:45","slug":"pandemia-syo-kirjailijoilta-elannon","status":"publish","type":"post","link":"https:\/\/suomenkuvalehti.fi\/tarinoitatieteesta\/pandemia-syo-kirjailijoilta-elannon\/","title":{"rendered":"Pandemia sy\u00f6 kirjailijoilta elannon"},"content":{"rendered":"\n<p><span style=\"font-weight: 400;\">Koronapoikkeustila on sulkenut monen muun ohessa my\u00f6s kirjastot. Sulkeminen on sin\u00e4ns\u00e4 luontevaa jatkoa koulujen, uimahallien ja nuorisotilojen sulkemiselle ja yleis\u00f6tapahtumien perumiselle.&nbsp;<\/span><\/p>\n\n\n\n<p><span style=\"font-weight: 400;\">Moni ehk\u00e4 ajattelee, ett\u00e4 kirjastojen sululla ei ole erityisen suuria vaikutuksia: siell\u00e4h\u00e4n ne kirjat odottavat viel\u00e4 muutaman kuukaudenkin p\u00e4\u00e4st\u00e4. Ei ole elint\u00e4rke\u00e4\u00e4 kellek\u00e4\u00e4n p\u00e4\u00e4st\u00e4 lukemaan lainakirjoja juuri nyt.&nbsp;<\/span><\/p>\n\n\n\n<p><span style=\"font-weight: 400;\">Helsingin kirjastopalvelujen johtaja <strong>Katri V\u00e4nttinen<\/strong>&nbsp;<\/span><span style=\"font-weight: 400;\">toivoi kuitenkin eilen julkaistussa <a href=\"https:\/\/www.hs.fi\/paivanlehti\/16042020\/art-2000006474986.html\" target=\"_blank\" rel=\"noopener\">Helsingin Sanomien<\/a> artikkelissa, ett\u00e4 kirjastoille sallittaisiin toiminta ulkotiloissa, eli ihmiset voisivat noutaa kirjavarauksiaan samoin kuin ravintoloista myyd\u00e4\u00e4n ulos noutoruokaa. Itsekin pit\u00e4isin t\u00e4t\u00e4 j\u00e4rkev\u00e4n\u00e4. Moni tarvitsee kirjoja my\u00f6s ty\u00f6ntekoon ja opiskeluun.<\/span><\/p>\n\n\n\n<p><span style=\"font-weight: 400;\">Lis\u00e4ksi V\u00e4nttinen nostaa esille sen, ett\u00e4 osalle ihmisist\u00e4 kirjastojen tietokoneet ja printterit ovat olennaisen t\u00e4rkeit\u00e4. Nyt koronaepidemia luo entist\u00e4 suurempaa juopaa t\u00e4llaisten ihmisten ja yhteiskunnan v\u00e4liin. V\u00e4nttisen toiveena on, ett\u00e4 laitteita voitaisiin hyvien j\u00e4rjestelyjen tukemana ottaa k\u00e4ytt\u00f6\u00f6n.&nbsp;<\/span><\/p>\n\n\n\n<p><span style=\"font-weight: 400;\">Meille kirjailijoille pandemian tuottama poikkeustila tuottaa suuria taloudellisia menetyksi\u00e4, kuten niin monelle muullekin ammattiryhm\u00e4lle. Kun kirjat eiv\u00e4t liiku kirjastoista, kirjailijalle ei kerry lainauskorvaustakaan.*<\/span><\/p>\n\n\n\n<p><span style=\"font-weight: 400;\">Koska my\u00f6s kirjakaupat k\u00e4rsiv\u00e4t asiakaspulasta, kirjailijoiden saamat myyntitulotkin tulevat putoamaan. <a href=\"https:\/\/kirjakauppaliitto.fi\/korona-kurittaa-kirjakauppoja\/\" target=\"_blank\" rel=\"noopener\">Kirjakauppaliitto<\/a> tiedotti toissap\u00e4iv\u00e4n\u00e4, ett\u00e4 &#8221;kivijalkaliikkeiss\u00e4 myynti laski maaliskuun kahden viimeisen viikon aikana yli 40 prosenttia viime vuoden vastaavaan ajankohtaan verrattuna&#8221; ja &#8221;pahimmillaan yksitt\u00e4isiss\u00e4 myym\u00e4l\u00f6iss\u00e4 myynti on laskenut jopa 90 prosenttia&#8221;. Lis\u00e4\u00e4ntynyt verkkomyynti ei ole korvannut laskua.&nbsp;<\/span><\/p>\n\n\n\n<p><span style=\"font-weight: 400;\">Vastoin monen k\u00e4sityksi\u00e4 kivijalkakirjakaupat ovat edelleen olleet t\u00e4rkein kirjojen j\u00e4lleenmyyntikanava Suomessa. Marketeissa on tarjolla vain pieni valikoima, nettikauppoja eiv\u00e4t k\u00e4yt\u00e4 ollenkaan kaikki, ja k\u00e4sitt\u00e4\u00e4kseni \u00e4\u00e4ni- ja e-kirjallisuuden yleis\u00f6 poikkeaa painettujen kirjojen keskim\u00e4\u00e4r\u00e4isest\u00e4 lukijakunnasta.&nbsp;<\/span><\/p>\n\n\n\n<p><span style=\"font-weight: 400;\">Kirjojen &#8221;suoratoistopalvelut&#8221; kuten Storytel ja BookBeat ovat kasvattaneet suosiotaan, ja erityisesti \u00e4\u00e4nikirjojen menestys on nyt ilahduttavaa. Kirjailijalle suoratoistopalvelut eiv\u00e4t kuitenkaan ole kultakaivos. Kollegani <a href=\"https:\/\/jpkoskinen.wordpress.com\/2020\/02\/08\/aanikirja-tulee-tili-menee\/\" target=\"_blank\" rel=\"noopener\">JP Koskinen<\/a> on laskenut, ett\u00e4 yht\u00e4 myym\u00e4tt\u00e4 j\u00e4\u00e4nytt\u00e4 painettua kirjaa kohti tarvitaan kuusi kuuntelijaa paikkaamaan syntynyt tappio. Kaikkia kirjoja ei liioin ole saatavina \u00e4\u00e4nikirjaversioina. Niiden tuottaminen on kallista.&nbsp;<\/span><\/p>\n\n\n\n<p><span style=\"font-weight: 400;\">My\u00f6s yleis\u00f6tapahtumien perumisella on vaikutuksensa kirjailijaan. Monen kirjailijan elanto tulee ennen kaikkea esimerkiksi opetuksesta. Nyt on peruttu opistojen koulutuksia ja kes\u00e4kursseja, kirjallisuustapahtumia, koulukeikkoja, kirjastokeikkoja, lukupiirej\u00e4 ynn\u00e4 muita. Parin sadan euron esiintymispalkkiot ovat olleet monen kirjailijan toimeentulolle olennaisen t\u00e4rkeit\u00e4.&nbsp;<\/span><\/p>\n\n\n\n<p><span style=\"font-weight: 400;\">N\u00e4kyvyyden v\u00e4hentyminen vaikuttaa tietenkin my\u00f6s myyntiin ja lainausm\u00e4\u00e4riin &#8211; jotka siis muutenkin olivat uhattuna.&nbsp;<\/span><\/p>\n\n\n\n<p><span style=\"font-weight: 400;\">Erityisen hankalaa t\u00e4m\u00e4 aika on nyt kev\u00e4\u00e4ll\u00e4 ilmestyneiden tai ilmestyvien kirjojen kohdalla. Kirjan elinkaari on harmillisen lyhyt, ja jos kirja ei ehdi saada n\u00e4kyvyytt\u00e4 ja tavoittaa lukijoita muutaman ensimm\u00e4isen elinkuukautensa aikana, se yleens\u00e4 j\u00e4\u00e4 kokonaan paitsioon. Syksyll\u00e4 uutuushyllyill\u00e4 ja lehtien palstoilla ovat jo aivan uudet kirjat.&nbsp;<\/span><\/p>\n\n\n\n<p><span style=\"font-weight: 400;\">Tilanne on vaikea minulle omakohtaisestikin. Trillerini <a href=\"https:\/\/suomenkuvalehti.fi\/jutut\/kulttuuri\/kirjat\/tapio-koivukarin-ote-kovenee-kirja-kirjalta-katso-skn-dekkaritarpit\/?shared=1120740-7b5c8bdf-999\" target=\"_blank\" rel=\"noopener\">Kaksoiskierre<\/a> ilmestyi tammikuussa, ja nyt se seisoo suljettujen kirjastojen ja asiakaskadosta k\u00e4rsivien kirjakauppojen hyllyill\u00e4. Sovitut esiintymiskeikat kev\u00e4\u00e4lt\u00e4 on peruttu.<\/span><span style=\"font-weight: 400;\">\n<\/span><\/p>\n\n\n\n<p><span style=\"font-weight: 400;\">Yrit\u00e4n keskitty\u00e4 seuraavan kirjan kirjoittamiseen, mutta tietenkin tilanne harmittaa. T\u00f6it\u00e4 kirjan eteen on tehty yli kaksi vuotta, eik\u00e4 ty\u00f6st\u00e4 saada nyt sit\u00e4 hy\u00f6ty\u00e4 irti kuin normaalitilanteessa saataisiin. Taloudellinen menetys ei tietenk\u00e4\u00e4n koske vain minua: siit\u00e4 k\u00e4rsiv\u00e4t my\u00f6s kustantamo, tukkumyyj\u00e4t, j\u00e4lleenmyyj\u00e4t jne. Kirjailijan ty\u00f6 on alkutuontantoa, jolla py\u00f6ritet\u00e4\u00e4n kokonaista bisnest\u00e4.&nbsp;<\/span><\/p>\n\n\n\n<p><span style=\"font-weight: 400;\">Oma tilanteeni on kuitenkin hyv\u00e4 verrattuna monen kollegaan. Minulla on apurahoitusta ja sovittuja vakiot\u00f6it\u00e4, joten keikkojen peruuntuminen ei ole katastrofi. Kirja ilmestyi juuri ennen koronaeristyst\u00e4, joten se ehti kuitenkin monen lukijan k\u00e4siin. Kauhulla mietin, millainen tilanne on niiden kirjojen kohdalla, jotka ilmestyv\u00e4t nyt sulkujen ollessa p\u00e4\u00e4ll\u00e4.&nbsp;<\/span><\/p>\n\n\n\n<p><span style=\"font-weight: 400;\">Kokonaisuutena koronan tuottama poikkeustila on kuitenkin kirjallisuusmaailmalle todella vaikea. Kirjamyynti on ollut takkuista ja erityisesti kirjakaupat vaikeuksissa jo muutenkin.&nbsp;<\/span><\/p>\n\n\n\n<p><span style=\"font-weight: 400;\">Toiveet kohdistuvat lukevaan yleis\u00f6\u00f6n: Ostakaa kirjoja, tilatkaa niit\u00e4 kotiin, kuunnelkaa \u00e4\u00e4nikirjoja! Muistakaa my\u00f6s kev\u00e4\u00e4n kirjat, kun kirjastot joskus aukeavat! Suositelkaa kirjoja muille, kertokaa hyvist\u00e4 lukukokemuksistanne vaikkapa Facebookissa! Ilahduttakaa eristyksess\u00e4 el\u00e4vi\u00e4 l\u00e4heisi\u00e4nne kirjoilla! Ja huomatkaa: kirjoja voi lukea isois\u00e4lle tai lapsenlapsille my\u00f6s puhelimitse tai verkon yli!<\/span><\/p>\n\n\n\n<p><span style=\"font-weight: 400;\">Suuressa mittakaavassa t\u00e4st\u00e4 kyll\u00e4 selvit\u00e4\u00e4n, mutta olisi ik\u00e4v\u00e4\u00e4, jos pandemia pyyhkisi menness\u00e4\u00e4n kirjakaupat, pienkustantamot tai kirjailijoiden taloudellisen mahdollisuuden tehd\u00e4 ty\u00f6t\u00e4\u00e4n.<\/span><\/p>\n\n\n\n<p><span style=\"font-weight: 400;\">Toisaalta pandemian aikan ei varmaan kellek\u00e4\u00e4n ole j\u00e4\u00e4nyt ep\u00e4selv\u00e4ksi, ett\u00e4 taidetta ja tietoa tarvitaan. Siksi tarvitsemme my\u00f6s kirjailijoita, kirjastoja ja kirjakauppoja.<\/span><\/p>\n\n\n\n<p>&#8211;<\/p>\n\n\n\n<p><em>*T\u00e4h\u00e4n viel\u00e4 tarkennusta: Lainauskorvaukset jyvitet\u00e4\u00e4n vuosittain kirjailijoille k\u00f6ntt\u00e4summasta, joka maksetaan tekij\u00f6ille Sanaston kautta. Jos vuotuinen lainausm\u00e4\u00e4r\u00e4 poikkeustilan vuoksi laskee, lainakohtainen summa vastaavasti nousee. T\u00e4t\u00e4 on <a href=\"https:\/\/www.sanasto.fi\/kirjastojen-sulku-ei-vaikuta-lainauskorvaukseen\/\" target=\"_blank\" rel=\"noopener\">Sanasto korostanut<\/a>. Sulun vaikutukset ovat kuitenkin erilaiset eri kirjoille: nyt kev\u00e4\u00e4ll\u00e4 ilmestyneit\u00e4 kirjoja lainattaisiin normaalisti paljon, nyt tietenkin vain v\u00e4h\u00e4n. Syksyn uutuuskirjoja p\u00e4\u00e4see ehk\u00e4 lainaamaan taas normaalisti. Monet valitsevat lainattavat kirjat paikan p\u00e4\u00e4ll\u00e4, ja voisin kuvitella, ett\u00e4 siksi nyt j\u00e4\u00e4 lainaamatta erityisen paljon lasten- ja nuortenkirjoja tai vaikkapa vuosia sitten ilmestyneit\u00e4 dekkareita.<\/em><\/p>\n\n\n","protected":false},"excerpt":{"rendered":"<p>Koronapoikkeustila on sulkenut monen muun ohessa my\u00f6s kirjastot. Sulkeminen on sin\u00e4ns\u00e4 luontevaa jatkoa koulujen, uimahallien ja nuorisotilojen sulkemiselle ja yleis\u00f6tapahtumien perumiselle.&nbsp; Moni ehk\u00e4 ajattelee, ett\u00e4 kirjastojen sululla ei ole erityisen suuria vaikutuksia:<br \/>\nsiell&hellip;<\/p>\n","protected":false},"author":146,"featured_media":0,"comment_status":"open","ping_status":"open","sticky":false,"template":"","format":"standard","meta":{"_acf_changed":false,"asauth_required_access_level":3,"asauth_cansharepaid":"true","om_header_attributes":[],"footnotes":"","om_featured_image_focal_point":[],"om_primary_tag":0,"om_contributors":[],"om_co_authors":[],"beyondwords_generate_audio":"","beyondwords_project_id":"","beyondwords_content_id":"","beyondwords_preview_token":"","beyondwords_player_content":"","beyondwords_player_style":"","beyondwords_language_code":"","beyondwords_language_id":"","beyondwords_title_voice_id":"","beyondwords_body_voice_id":"","beyondwords_summary_voice_id":"","beyondwords_error_message":"","beyondwords_disabled":"","beyondwords_delete_content":"","beyondwords_podcast_id":"","beyondwords_hash":"","publish_post_to_speechkit":"","speechkit_hash":"","speechkit_generate_audio":"","speechkit_project_id":"","speechkit_podcast_id":"","speechkit_error_message":"","speechkit_disabled":"","speechkit_access_key":"","speechkit_error":"","speechkit_info":"","speechkit_response":"","speechkit_retries":"","speechkit_status":"","speechkit_updated_at":"","_speechkit_link":"","_speechkit_text":""},"categories":[1],"tags":[1802,190,1803,1842,700,1721,346,1837,1720,1942,1936,1933,1935,1841,1934,1804],"class_list":["post-1792","post","type-post","status-publish","format-standard","hentry","category-tarinoita-tieteesta","tag-aanikirjat","tag-apurahat","tag-e-kirjat","tag-kirjailijan-tyo","tag-kirjailijat","tag-kirjakaupat","tag-kirjallisuus","tag-kirjamarkkinat","tag-kirjamyynti","tag-kirjastot","tag-koronapandemia","tag-koronavirus","tag-koronaviruspandemia","tag-lainauskorvaus","tag-pandemia","tag-sahkokirjat"],"om_views":null,"acf":{"tuuma_off":false,"tuuma_kysymys":"","tuuma_vastaus":""},"asauth":{"required_access_level":1,"share_token":"","is_paid":false},"yoast_head":"<!-- This site is optimized with the Yoast SEO plugin v26.4 - https:\/\/yoast.com\/wordpress\/plugins\/seo\/ -->\n<title>Pandemia sy\u00f6 kirjailijoilta elannon - Tarinoita tieteest\u00e4<\/title>\n<meta name=\"description\" content=\"Pandemialla on yll\u00e4tt\u00e4vi\u00e4kin vaikutuksia eri ammatteihin. Kirjailijoilta l\u00e4htee nyt elanto alta, kun kirjoja ei myyd\u00e4 eik\u00e4 lainata ja yleis\u00f6tapahtumat peruttiin.\" \/>\n<meta name=\"robots\" content=\"index, follow, max-snippet:-1, max-image-preview:large, max-video-preview:-1\" \/>\n<link rel=\"canonical\" href=\"https:\/\/suomenkuvalehti.fi\/tarinoitatieteesta\/pandemia-syo-kirjailijoilta-elannon\/\" \/>\n<meta property=\"og:locale\" content=\"fi_FI\" \/>\n<meta property=\"og:type\" content=\"article\" \/>\n<meta property=\"og:title\" content=\"Pandemia sy\u00f6 kirjailijoilta elannon - Tarinoita tieteest\u00e4\" \/>\n<meta property=\"og:description\" content=\"Pandemialla on yll\u00e4tt\u00e4vi\u00e4kin vaikutuksia eri ammatteihin. Kirjailijoilta l\u00e4htee nyt elanto alta, kun kirjoja ei myyd\u00e4 eik\u00e4 lainata ja yleis\u00f6tapahtumat peruttiin.\" \/>\n<meta property=\"og:url\" content=\"https:\/\/suomenkuvalehti.fi\/tarinoitatieteesta\/pandemia-syo-kirjailijoilta-elannon\/\" \/>\n<meta property=\"og:site_name\" content=\"Tarinoita tieteest\u00e4\" \/>\n<meta property=\"article:author\" content=\"https:\/\/www.facebook.com\/pages\/Tiina-Raevaara-Tarinoita-tieteest\/280663078640821?fref=ts\" \/>\n<meta property=\"article:published_time\" content=\"2020-04-16T08:02:45+00:00\" \/>\n<meta property=\"og:image\" content=\"https:\/\/suomenkuvalehti.fi\/tarinoitatieteesta\/wp-content\/uploads\/sites\/13\/2022\/04\/tiina_raevaara-scaled.jpg\" \/>\n\t<meta property=\"og:image:width\" content=\"2560\" \/>\n\t<meta property=\"og:image:height\" content=\"1707\" \/>\n\t<meta property=\"og:image:type\" content=\"image\/jpeg\" \/>\n<meta name=\"author\" content=\"Tiina Raevaara\" \/>\n<meta name=\"twitter:card\" content=\"summary_large_image\" \/>\n<meta name=\"twitter:creator\" content=\"@https:\/\/twitter.com\/raevaara\" \/>\n<meta name=\"twitter:label1\" content=\"Written by\" \/>\n\t<meta name=\"twitter:data1\" content=\"Tiina Raevaara\" \/>\n\t<meta name=\"twitter:label2\" content=\"Est. reading time\" \/>\n\t<meta name=\"twitter:data2\" content=\"4 minuuttia\" \/>\n<script type=\"application\/ld+json\" class=\"yoast-schema-graph\">{\"@context\":\"https:\/\/schema.org\",\"@graph\":[{\"@type\":\"WebPage\",\"@id\":\"https:\/\/suomenkuvalehti.fi\/tarinoitatieteesta\/pandemia-syo-kirjailijoilta-elannon\/\",\"url\":\"https:\/\/suomenkuvalehti.fi\/tarinoitatieteesta\/pandemia-syo-kirjailijoilta-elannon\/\",\"name\":\"Pandemia sy\u00f6 kirjailijoilta elannon - Tarinoita tieteest\u00e4\",\"isPartOf\":{\"@id\":\"https:\/\/suomenkuvalehti.fi\/tarinoitatieteesta\/#website\"},\"datePublished\":\"2020-04-16T08:02:45+00:00\",\"author\":{\"@id\":\"https:\/\/suomenkuvalehti.fi\/tarinoitatieteesta\/#\/schema\/person\/bb9c6caa48b3f9394f20b9d28415bca6\"},\"description\":\"Pandemialla on yll\u00e4tt\u00e4vi\u00e4kin vaikutuksia eri ammatteihin. Kirjailijoilta l\u00e4htee nyt elanto alta, kun kirjoja ei myyd\u00e4 eik\u00e4 lainata ja yleis\u00f6tapahtumat peruttiin.\",\"breadcrumb\":{\"@id\":\"https:\/\/suomenkuvalehti.fi\/tarinoitatieteesta\/pandemia-syo-kirjailijoilta-elannon\/#breadcrumb\"},\"inLanguage\":\"fi\",\"potentialAction\":[{\"@type\":\"ReadAction\",\"target\":[\"https:\/\/suomenkuvalehti.fi\/tarinoitatieteesta\/pandemia-syo-kirjailijoilta-elannon\/\"]}]},{\"@type\":\"BreadcrumbList\",\"@id\":\"https:\/\/suomenkuvalehti.fi\/tarinoitatieteesta\/pandemia-syo-kirjailijoilta-elannon\/#breadcrumb\",\"itemListElement\":[{\"@type\":\"ListItem\",\"position\":1,\"name\":\"Home\",\"item\":\"https:\/\/suomenkuvalehti.fi\/tarinoitatieteesta\/\"},{\"@type\":\"ListItem\",\"position\":2,\"name\":\"Pandemia sy\u00f6 kirjailijoilta elannon\"}]},{\"@type\":\"WebSite\",\"@id\":\"https:\/\/suomenkuvalehti.fi\/tarinoitatieteesta\/#website\",\"url\":\"https:\/\/suomenkuvalehti.fi\/tarinoitatieteesta\/\",\"name\":\"Tarinoita tieteest\u00e4\",\"description\":\"Biologi Tiina Raevaara tutkailee tieteen maailmaa kaunokirjailijan aivoin.\",\"potentialAction\":[{\"@type\":\"SearchAction\",\"target\":{\"@type\":\"EntryPoint\",\"urlTemplate\":\"https:\/\/suomenkuvalehti.fi\/haku\/?q={search_term_string}\"},\"query-input\":{\"@type\":\"PropertyValueSpecification\",\"valueRequired\":true,\"valueName\":\"search_term_string\"}}],\"inLanguage\":\"fi\"},{\"@type\":\"Person\",\"@id\":\"https:\/\/suomenkuvalehti.fi\/tarinoitatieteesta\/#\/schema\/person\/bb9c6caa48b3f9394f20b9d28415bca6\",\"name\":\"Tiina Raevaara\",\"image\":{\"@type\":\"ImageObject\",\"inLanguage\":\"fi\",\"@id\":\"https:\/\/suomenkuvalehti.fi\/tarinoitatieteesta\/#\/schema\/person\/image\/\",\"url\":\"https:\/\/suomenkuvalehti.fi\/tarinoitatieteesta\/wp-content\/uploads\/sites\/13\/2022\/04\/tiina_raevaara-150x150.jpg\",\"contentUrl\":\"https:\/\/suomenkuvalehti.fi\/tarinoitatieteesta\/wp-content\/uploads\/sites\/13\/2022\/04\/tiina_raevaara-150x150.jpg\",\"caption\":\"Tiina Raevaara\"},\"description\":\"Kirjoittaja Tiina Raevaara on filosofian tohtori ja kirjailija.\",\"sameAs\":[\"https:\/\/www.facebook.com\/pages\/Tiina-Raevaara-Tarinoita-tieteest\/280663078640821?fref=ts\",\"https:\/\/x.com\/https:\/\/twitter.com\/raevaara\"]}]}<\/script>\n<!-- \/ Yoast SEO plugin. -->","yoast_head_json":{"title":"Pandemia sy\u00f6 kirjailijoilta elannon - Tarinoita tieteest\u00e4","description":"Pandemialla on yll\u00e4tt\u00e4vi\u00e4kin vaikutuksia eri ammatteihin. Kirjailijoilta l\u00e4htee nyt elanto alta, kun kirjoja ei myyd\u00e4 eik\u00e4 lainata ja yleis\u00f6tapahtumat peruttiin.","robots":{"index":"index","follow":"follow","max-snippet":"max-snippet:-1","max-image-preview":"max-image-preview:large","max-video-preview":"max-video-preview:-1"},"canonical":"https:\/\/suomenkuvalehti.fi\/tarinoitatieteesta\/pandemia-syo-kirjailijoilta-elannon\/","og_locale":"fi_FI","og_type":"article","og_title":"Pandemia sy\u00f6 kirjailijoilta elannon - Tarinoita tieteest\u00e4","og_description":"Pandemialla on yll\u00e4tt\u00e4vi\u00e4kin vaikutuksia eri ammatteihin. Kirjailijoilta l\u00e4htee nyt elanto alta, kun kirjoja ei myyd\u00e4 eik\u00e4 lainata ja yleis\u00f6tapahtumat peruttiin.","og_url":"https:\/\/suomenkuvalehti.fi\/tarinoitatieteesta\/pandemia-syo-kirjailijoilta-elannon\/","og_site_name":"Tarinoita tieteest\u00e4","article_author":"https:\/\/www.facebook.com\/pages\/Tiina-Raevaara-Tarinoita-tieteest\/280663078640821?fref=ts","article_published_time":"2020-04-16T08:02:45+00:00","og_image":[{"width":2560,"height":1707,"url":"https:\/\/suomenkuvalehti.fi\/tarinoitatieteesta\/wp-content\/uploads\/sites\/13\/2022\/04\/tiina_raevaara-scaled.jpg","type":"image\/jpeg"}],"author":"Tiina Raevaara","twitter_card":"summary_large_image","twitter_creator":"@https:\/\/twitter.com\/raevaara","twitter_misc":{"Written by":"Tiina Raevaara","Est. reading time":"4 minuuttia"},"schema":{"@context":"https:\/\/schema.org","@graph":[{"@type":"WebPage","@id":"https:\/\/suomenkuvalehti.fi\/tarinoitatieteesta\/pandemia-syo-kirjailijoilta-elannon\/","url":"https:\/\/suomenkuvalehti.fi\/tarinoitatieteesta\/pandemia-syo-kirjailijoilta-elannon\/","name":"Pandemia sy\u00f6 kirjailijoilta elannon - Tarinoita tieteest\u00e4","isPartOf":{"@id":"https:\/\/suomenkuvalehti.fi\/tarinoitatieteesta\/#website"},"datePublished":"2020-04-16T08:02:45+00:00","author":{"@id":"https:\/\/suomenkuvalehti.fi\/tarinoitatieteesta\/#\/schema\/person\/bb9c6caa48b3f9394f20b9d28415bca6"},"description":"Pandemialla on yll\u00e4tt\u00e4vi\u00e4kin vaikutuksia eri ammatteihin. Kirjailijoilta l\u00e4htee nyt elanto alta, kun kirjoja ei myyd\u00e4 eik\u00e4 lainata ja yleis\u00f6tapahtumat peruttiin.","breadcrumb":{"@id":"https:\/\/suomenkuvalehti.fi\/tarinoitatieteesta\/pandemia-syo-kirjailijoilta-elannon\/#breadcrumb"},"inLanguage":"fi","potentialAction":[{"@type":"ReadAction","target":["https:\/\/suomenkuvalehti.fi\/tarinoitatieteesta\/pandemia-syo-kirjailijoilta-elannon\/"]}]},{"@type":"BreadcrumbList","@id":"https:\/\/suomenkuvalehti.fi\/tarinoitatieteesta\/pandemia-syo-kirjailijoilta-elannon\/#breadcrumb","itemListElement":[{"@type":"ListItem","position":1,"name":"Home","item":"https:\/\/suomenkuvalehti.fi\/tarinoitatieteesta\/"},{"@type":"ListItem","position":2,"name":"Pandemia sy\u00f6 kirjailijoilta elannon"}]},{"@type":"WebSite","@id":"https:\/\/suomenkuvalehti.fi\/tarinoitatieteesta\/#website","url":"https:\/\/suomenkuvalehti.fi\/tarinoitatieteesta\/","name":"Tarinoita tieteest\u00e4","description":"Biologi Tiina Raevaara tutkailee tieteen maailmaa kaunokirjailijan aivoin.","potentialAction":[{"@type":"SearchAction","target":{"@type":"EntryPoint","urlTemplate":"https:\/\/suomenkuvalehti.fi\/haku\/?q={search_term_string}"},"query-input":{"@type":"PropertyValueSpecification","valueRequired":true,"valueName":"search_term_string"}}],"inLanguage":"fi"},{"@type":"Person","@id":"https:\/\/suomenkuvalehti.fi\/tarinoitatieteesta\/#\/schema\/person\/bb9c6caa48b3f9394f20b9d28415bca6","name":"Tiina Raevaara","image":{"@type":"ImageObject","inLanguage":"fi","@id":"https:\/\/suomenkuvalehti.fi\/tarinoitatieteesta\/#\/schema\/person\/image\/","url":"https:\/\/suomenkuvalehti.fi\/tarinoitatieteesta\/wp-content\/uploads\/sites\/13\/2022\/04\/tiina_raevaara-150x150.jpg","contentUrl":"https:\/\/suomenkuvalehti.fi\/tarinoitatieteesta\/wp-content\/uploads\/sites\/13\/2022\/04\/tiina_raevaara-150x150.jpg","caption":"Tiina Raevaara"},"description":"Kirjoittaja Tiina Raevaara on filosofian tohtori ja kirjailija.","sameAs":["https:\/\/www.facebook.com\/pages\/Tiina-Raevaara-Tarinoita-tieteest\/280663078640821?fref=ts","https:\/\/x.com\/https:\/\/twitter.com\/raevaara"]}]}},"_links":{"self":[{"href":"https:\/\/suomenkuvalehti.fi\/tarinoitatieteesta\/wp-json\/wp\/v2\/posts\/1792","targetHints":{"allow":["GET"]}}],"collection":[{"href":"https:\/\/suomenkuvalehti.fi\/tarinoitatieteesta\/wp-json\/wp\/v2\/posts"}],"about":[{"href":"https:\/\/suomenkuvalehti.fi\/tarinoitatieteesta\/wp-json\/wp\/v2\/types\/post"}],"author":[{"embeddable":true,"href":"https:\/\/suomenkuvalehti.fi\/tarinoitatieteesta\/wp-json\/wp\/v2\/users\/146"}],"replies":[{"embeddable":true,"href":"https:\/\/suomenkuvalehti.fi\/tarinoitatieteesta\/wp-json\/wp\/v2\/comments?post=1792"}],"version-history":[{"count":4,"href":"https:\/\/suomenkuvalehti.fi\/tarinoitatieteesta\/wp-json\/wp\/v2\/posts\/1792\/revisions"}],"predecessor-version":[{"id":1796,"href":"https:\/\/suomenkuvalehti.fi\/tarinoitatieteesta\/wp-json\/wp\/v2\/posts\/1792\/revisions\/1796"}],"wp:attachment":[{"href":"https:\/\/suomenkuvalehti.fi\/tarinoitatieteesta\/wp-json\/wp\/v2\/media?parent=1792"}],"wp:term":[{"taxonomy":"category","embeddable":true,"href":"https:\/\/suomenkuvalehti.fi\/tarinoitatieteesta\/wp-json\/wp\/v2\/categories?post=1792"},{"taxonomy":"post_tag","embeddable":true,"href":"https:\/\/suomenkuvalehti.fi\/tarinoitatieteesta\/wp-json\/wp\/v2\/tags?post=1792"}],"curies":[{"name":"wp","href":"https:\/\/api.w.org\/{rel}","templated":true}]}}