{"id":1780,"date":"2020-02-26T17:39:25","date_gmt":"2020-02-26T15:39:25","guid":{"rendered":"https:\/\/suomenkuvalehti.fi\/tarinoitatieteesta\/?p=1780"},"modified":"2020-02-27T10:07:29","modified_gmt":"2020-02-27T08:07:29","slug":"tutkijalla-on-vaistamatta-myos-tunteita","status":"publish","type":"post","link":"https:\/\/suomenkuvalehti.fi\/tarinoitatieteesta\/tutkijalla-on-vaistamatta-myos-tunteita\/","title":{"rendered":"Tutkijalla on v\u00e4ist\u00e4m\u00e4tt\u00e4 my\u00f6s tunteita"},"content":{"rendered":"\n<p><span style=\"font-weight: 400;\">Ymp\u00e4rist\u00f6nmuutoksen professori <strong>Atte Korhola<\/strong> kirjoitti <a href=\"https:\/\/www.hs.fi\/mielipide\/art-2000006413631.html\" target=\"_blank\" rel=\"noopener\">Helsingin Sanomien mielipidepalstalle<\/a> kirjoituksen suomalaisen mets\u00e4luonnon huonosta tolasta. Vanhoja metsi\u00e4 on j\u00e4ljell\u00e4 vain hitunen, eik\u00e4 mets\u00e4\u00e4 osata Suomessa tarkastella kuin taloudellisesta vinkkelist\u00e4. Tekstist\u00e4 paistoivat tunteet: Korhola esimerkiksi k\u00e4ytti ilmaisua &#8221;haavoille viilletyt suot&#8221;.&nbsp;<\/span><\/p>\n\n\n\n<p><span style=\"font-weight: 400;\">N\u00e4in h\u00e4n lopetti kirjoituksensa: <em>&#8221;P\u00e4\u00e4tt\u00e4j\u00e4t ja mets\u00e4nomistajat, \u00e4lk\u00e4\u00e4 kuunnelko vain tiedemiehi\u00e4! Kuunnelkaa taiteilijoita, runoilijoita ja Aleksis Kive\u00e4. Uskokaa silmi\u00e4nne. Ennen muuta kuunnelkaa syd\u00e4nt\u00e4nne.&#8221;<\/em><\/span><\/p>\n\n\n\n<p><span style=\"font-weight: 400;\">Tunnepitoisuus teki Korholan kirjoituksesta inhimillisen ja eri tavalla koskettavan kuin tunteettomaksi muokattu teksti olisi tehnyt. Huomaan ajattelevani, ett\u00e4 jokin todella on h\u00e4t\u00e4n\u00e4, jos Korholan kaltainen meritoitunut ja kokenut tutkijakin kokee surua luonnon puolesta.&nbsp;<\/span><\/p>\n\n\n\n<p><span style=\"font-weight: 400;\">Mielipidekirjoitusta lukiessa oli helppo arvata, ett\u00e4 Korholan tyyli her\u00e4tt\u00e4isi my\u00f6s \u00e4rsytyst\u00e4. Yksi \u00e4rsyyntyneist\u00e4 olikin t\u00e4n\u00e4\u00e4n saanut <a href=\"https:\/\/www.hs.fi\/mielipide\/art-2000006418934.html\" target=\"_blank\" rel=\"noopener\">Helsingin Sanomiin<\/a> oman mielipidetekstins\u00e4. Se alkaa kuittailulla &#8211; <em>&#8221;Atte Korhola k\u00e4vi kovin tunteelliseksi arvostellessaan nykyist\u00e4 menoa metsiss\u00e4mme&#8221;<\/em> &#8211; ja jatkuu hyvin yksisilm\u00e4isin\u00e4 ajatuksina siit\u00e4, ett\u00e4 luonto kuolisi pystyyn, jos ihminen ei hoida sit\u00e4.&nbsp;<\/span><\/p>\n\n\n\n<p><span style=\"font-weight: 400;\">Onkohan erityisen suomalainen tapa pit\u00e4\u00e4 tunteiden osoittamista heikkoutena? &#8221;Menik\u00f6 tunteisiin?&#8221; on retorinen kysymys, jolla halutaan n\u00e4p\u00e4ytt\u00e4\u00e4 kanssakeskustelijaa.&nbsp;<\/span><span style=\"font-weight: 400;\">Erityisesti heikkouksina pidet\u00e4\u00e4n kielteisi\u00e4 tunteita: suuttumista, loukkaantumista ja surua. Kukaan ei halua kuulua sosiaalisen median mielens\u00e4pahoittajiin tai osoittautua mimosaksi. <\/span><\/p>\n\n\n\n<p><span style=\"font-weight: 400;\">Innostusta tai iloa ei luokitella samalla tavalla heikkouden merkeiksi.&nbsp;<\/span><\/p>\n\n\n\n<p><span style=\"font-weight: 400;\">Atte Korholan tapaiselta keskustelijalta, tieteen edustajalta, ei odoteta tunteikkuutta. Arkisessa keskustelussa tunteen ja j\u00e4rjen oletetaan olevan toisilleen vastakkaisia tapoja suhtautua asioihin, ja tunteen katsotaan suorastaan ajavan j\u00e4rjen tiehens\u00e4.&nbsp;<\/span><\/p>\n\n\n\n<p><span style=\"font-weight: 400;\">Monesti olisi ehk\u00e4 hedelm\u00e4llisemp\u00e4\u00e4 ajatella j\u00e4rke\u00e4 ja tunnetta rinnakkaisina. Ihminen voi suhtautua asioihin yht\u00e4 aikaa intuitiivisesti ja analyyttisesti.&nbsp;<\/span><\/p>\n\n\n\n<p><span style=\"font-weight: 400;\">Mill\u00e4 tavoin tieteentekij\u00e4 sitten saa ilmaista tunteitaan? Kovin paljon tutkijan tunteille, varsinkaan kielteisille, ei l\u00f6ydy tilaa, kuten HS:n mielipidepalstan keskustelusta n\u00e4kyy.<\/span><\/p>\n\n\n\n<p><span style=\"font-weight: 400;\">Joistain tutkimusty\u00f6n aiheuttamista tunteista osataan kyll\u00e4 puhua. Esimerkiksi rahoituksen saaminen tai rahoituksetta j\u00e4\u00e4minen, artikkelin hyv\u00e4ksyminen huipputason tiedejournaaliin tai totaalinen hylk\u00e4ys, viran saaminen tai jatkuva j\u00e4\u00e4minen virant\u00e4ytt\u00f6jen ulkopuolelle her\u00e4tt\u00e4v\u00e4t tunteita, jotka on ulkopuolisenkin helppo ymm\u00e4rt\u00e4\u00e4. Niist\u00e4 voi lukea lis\u00e4\u00e4 emeritusprofessori <strong>Kimmo Kontulan<\/strong> tuoreesta <a href=\"https:\/\/blogs.helsinki.fi\/med-viikonjuttu\/2020\/02\/10\/tutkijoiden-murheet-ja-tutkimuskulttuuri-polttopisteessa\/?fbclid=IwAR0pcb4yKkTzQKZa-asnJg4zXc4W6lIm2mVDm5lYDVPgQErCFxqpEFPpQBY\" target=\"_blank\" rel=\"noopener\">blogikirjoituksesta<\/a>. Siin\u00e4 h\u00e4n esittelee brittil\u00e4isen Wellcome Trustin selvityst\u00e4, jossa tutkittiin tieteentekij\u00f6iden kohtaamia haasteita tutkimusymp\u00e4rist\u00f6ss\u00e4. Ongelmiksi mainittiin esimerkiksi kova kilpailu, kiusaaminen ja h\u00e4irint\u00e4.&nbsp;<\/span><\/p>\n\n\n\n<p><span style=\"font-weight: 400;\">Mutta millaisia ovat tunteet, joita tutkijassa her\u00e4tt\u00e4\u00e4 vaikkapa h\u00e4nen aineistonsa tai tuloksensa? Niist\u00e4 ei juuri puhuta. Erityisesti luonnontieteiden alalla tutkija ja tutkimusaineisto ovat t\u00e4ysin erillisi\u00e4 tahoja, ja paitsi ettei tutkija saa sotkea aineistoa ja sen analyysia tunteillaan, tutkijan tunteita ei pidet\u00e4 mill\u00e4\u00e4n tavalla relevantteina.&nbsp;<\/span><\/p>\n\n\n\n<p><span style=\"font-weight: 400;\">Tutkimus kuitenkin her\u00e4tt\u00e4\u00e4 tunteita tekij\u00e4ss\u00e4\u00e4n. Tietenkin, sill\u00e4 tutkija on ihminen, tunteva el\u00e4in.&nbsp;<\/span><\/p>\n\n\n\n<p><span style=\"font-weight: 400;\">Erityisen paljon olen viime aikoina miettinyt ekologien ja muiden ymp\u00e4rist\u00f6ntutkijoiden tunteita. Kun kerran minua itse\u00e4nikin ahdistaa elonkirjon h\u00e4vi\u00e4minen, kuinka paljon se surettaa ihmisi\u00e4, jotka ty\u00f6kseen havainnoivat luontoa?&nbsp;<\/span><\/p>\n\n\n\n<p><span style=\"font-weight: 400;\">Ilmastonmuutos ja sukupuuttoaalto voivat tutkijoiden kohdalla tarkoittaa sit\u00e4kin, ett\u00e4 heid\u00e4n tutkimuskohteensa h\u00e4vi\u00e4\u00e4.<\/span><\/p>\n\n\n\n<p><span style=\"font-weight: 400;\">Kysyin kerran Twitteriss\u00e4 ekologeissa her\u00e4\u00e4vist\u00e4 tunteista, koska olin kirjoittamassa aiheesta <em>Turun Sanomiin<\/em>. Arveluni osoittautuivat todeksi: he todella kokivat turhautumista ja surua. Er\u00e4s lintututkija vastasi n\u00e4in: <em>&#8221;Turhautuminen on liev\u00e4 ilmaisu. Tuntuu, ett\u00e4 biologien teht\u00e4v\u00e4 on ollut jo pitk\u00e4\u00e4n sukupuuttoaallon dokumentointi ilman, ett\u00e4 se juuri ket\u00e4\u00e4n kiinnostaa.&#8221;<\/em><\/span><\/p>\n\n\n\n<p><span style=\"font-weight: 400;\"><a href=\"https:\/\/www.theguardian.com\/science\/2020\/jan\/12\/how-scientists-are-coping-with-environmental-grief\" target=\"_blank\" rel=\"noopener\">Guardian-lehti<\/a> k\u00e4sitteli samaa aihetta nyt tammikuussa. Artikkelissa kysyttiin ymp\u00e4rist\u00f6tutkijoilta heid\u00e4n kokemastaan &#8221;ekologisesta surusta&#8221; (Suomessa tutkija <a href=\"https:\/\/www.helsinki.fi\/fi\/uutiset\/opetus-ja-opiskelu-yliopistossa\/ekoteologi-ymparistoahdistuksen-keskella-on-toivoa\" target=\"_blank\" rel=\"noopener\">Panu Pihkala<\/a> on kirjoittanut ymp\u00e4rist\u00f6ahdistuksesta, ja termi sopii varmasti t\u00e4h\u00e4nkin) sek\u00e4 keinoista el\u00e4\u00e4 sen kanssa. Moni korosti vertaistuen merkityst\u00e4 ja ylip\u00e4\u00e4t\u00e4\u00e4n surusta puhumista. Toiminnallisena pysyminen koettiin t\u00e4rke\u00e4ksi: elonkirjon kadotessa on entist\u00e4 t\u00e4rke\u00e4mp\u00e4\u00e4 ker\u00e4t\u00e4 tietoa. Lamaantumisella ei saavuteta mit\u00e4\u00e4n.<\/span><\/p>\n\n\n\n<p><span style=\"font-weight: 400;\">Moni oli aloittanut jonkin uuden viestinn\u00e4llisen projektin. Yksi oli alkanut valokuvata uhanalaisen biotoopin lajistoa ja kertoa valokuvien avulla, mit\u00e4 lajien h\u00e4vi\u00e4minen k\u00e4yt\u00e4nn\u00f6ss\u00e4 on. Toinen oli alkanut levitt\u00e4\u00e4 tietoa ymp\u00e4rist\u00f6ahdistuksesta.&nbsp;<\/span><\/p>\n\n\n\n<p><span style=\"font-weight: 400;\">Tieteen yleistajuistaminen tarjoaakin tutkijalle v\u00e4yl\u00e4n tunteista puhumiseen. Tutkimusraporttiin tunne ei mahdu, mutta yleistajuiseen tietokirjaan, twiittiin tai mielipidekirjoitukseen se sopii.&nbsp;<\/span><\/p>\n\n\n\n<p><span style=\"font-weight: 400;\">Luontoa ty\u00f6kseen tutkivat biologit ja muut ymp\u00e4rist\u00f6ntutkijat todistavat eturintamassa luonnon monimuotoisuuden katoamista, ja he my\u00f6s n\u00e4kev\u00e4t ilmi\u00f6n sellaisella tarkkuudella, johon me muut emme yll\u00e4.<\/span><\/p>\n\n\n\n<p><span style=\"font-weight: 400;\">Olisi aika ylenkatseellista vaatia, ettei asia saisi her\u00e4tt\u00e4\u00e4 heiss\u00e4 tunteita.&nbsp;<\/span><\/p>\n\n\n","protected":false},"excerpt":{"rendered":"<p>Ymp\u00e4rist\u00f6nmuutoksen professori Atte Korhola kirjoitti Helsingin Sanomien mielipidepalstalle kirjoituksen suomalaisen mets\u00e4luonnon huonosta tolasta. Vanhoja metsi\u00e4 on j\u00e4ljell\u00e4 vain hitunen, eik\u00e4 mets\u00e4\u00e4 osata Suomessa tarkastella kuin taloudellisesta vinkkelist\u00e4. Tekstist\u00e4<br \/>\npaistoivat&hellip;<\/p>\n","protected":false},"author":146,"featured_media":0,"comment_status":"open","ping_status":"open","sticky":false,"template":"","format":"standard","meta":{"_acf_changed":false,"asauth_required_access_level":3,"asauth_cansharepaid":"true","om_header_attributes":[],"footnotes":"","om_featured_image_focal_point":[],"om_primary_tag":0,"om_contributors":[],"om_co_authors":[],"beyondwords_generate_audio":"","beyondwords_project_id":"","beyondwords_content_id":"","beyondwords_preview_token":"","beyondwords_player_content":"","beyondwords_player_style":"","beyondwords_language_code":"","beyondwords_language_id":"","beyondwords_title_voice_id":"","beyondwords_body_voice_id":"","beyondwords_summary_voice_id":"","beyondwords_error_message":"","beyondwords_disabled":"","beyondwords_delete_content":"","beyondwords_podcast_id":"","beyondwords_hash":"","publish_post_to_speechkit":"","speechkit_hash":"","speechkit_generate_audio":"","speechkit_project_id":"","speechkit_podcast_id":"","speechkit_error_message":"","speechkit_disabled":"","speechkit_access_key":"","speechkit_error":"","speechkit_info":"","speechkit_response":"","speechkit_retries":"","speechkit_status":"","speechkit_updated_at":"","_speechkit_link":"","_speechkit_text":""},"categories":[1],"tags":[1931,57,1295,359,1868,43,1391,1274,403,24,814,4,41,1930],"class_list":["post-1780","post","type-post","status-publish","format-standard","hentry","category-tarinoita-tieteesta","tag-atte-korhola","tag-biologia","tag-biologit","tag-ekologia","tag-elonkirjo","tag-ilmastonmuutos","tag-luonnon-monimuotoisuus","tag-sukupuuttoaalto","tag-tiedeviestinta","tag-tieteen-yleistajuistaminen","tag-tunteet","tag-tutkijat","tag-tutkimus","tag-ymparistontutkimus"],"om_views":null,"acf":{"tuuma_off":false,"tuuma_kysymys":"","tuuma_vastaus":""},"asauth":{"required_access_level":1,"share_token":"","is_paid":false},"yoast_head":"<!-- This site is optimized with the Yoast SEO plugin v26.4 - https:\/\/yoast.com\/wordpress\/plugins\/seo\/ -->\n<title>Tutkijalla on v\u00e4ist\u00e4m\u00e4tt\u00e4 my\u00f6s tunteita - Tarinoita tieteest\u00e4<\/title>\n<meta name=\"description\" content=\"Miten ymp\u00e4rist\u00f6ntutkijan sopii puhua surusta, jota luonnon tuhoutuminen aiheuttaa?\" \/>\n<meta name=\"robots\" content=\"index, follow, max-snippet:-1, max-image-preview:large, max-video-preview:-1\" \/>\n<link rel=\"canonical\" href=\"https:\/\/suomenkuvalehti.fi\/tarinoitatieteesta\/tutkijalla-on-vaistamatta-myos-tunteita\/\" \/>\n<meta property=\"og:locale\" content=\"fi_FI\" \/>\n<meta property=\"og:type\" content=\"article\" \/>\n<meta property=\"og:title\" content=\"Tutkijalla on v\u00e4ist\u00e4m\u00e4tt\u00e4 my\u00f6s tunteita - Tarinoita tieteest\u00e4\" \/>\n<meta property=\"og:description\" content=\"Miten ymp\u00e4rist\u00f6ntutkijan sopii puhua surusta, jota luonnon tuhoutuminen aiheuttaa?\" \/>\n<meta property=\"og:url\" content=\"https:\/\/suomenkuvalehti.fi\/tarinoitatieteesta\/tutkijalla-on-vaistamatta-myos-tunteita\/\" \/>\n<meta property=\"og:site_name\" content=\"Tarinoita tieteest\u00e4\" \/>\n<meta property=\"article:author\" content=\"https:\/\/www.facebook.com\/pages\/Tiina-Raevaara-Tarinoita-tieteest\/280663078640821?fref=ts\" \/>\n<meta property=\"article:published_time\" content=\"2020-02-26T15:39:25+00:00\" \/>\n<meta property=\"article:modified_time\" content=\"2020-02-27T08:07:29+00:00\" \/>\n<meta property=\"og:image\" content=\"https:\/\/suomenkuvalehti.fi\/tarinoitatieteesta\/wp-content\/uploads\/sites\/13\/2018\/05\/tiina_raevaara_blogi_pieni.jpg\" \/>\n\t<meta property=\"og:image:width\" content=\"600\" \/>\n\t<meta property=\"og:image:height\" content=\"600\" \/>\n\t<meta property=\"og:image:type\" content=\"image\/jpeg\" \/>\n<meta name=\"author\" content=\"Tiina Raevaara\" \/>\n<meta name=\"twitter:card\" content=\"summary_large_image\" \/>\n<meta name=\"twitter:creator\" content=\"@https:\/\/twitter.com\/raevaara\" \/>\n<meta name=\"twitter:label1\" content=\"Written by\" \/>\n\t<meta name=\"twitter:data1\" content=\"Tiina Raevaara\" \/>\n\t<meta name=\"twitter:label2\" content=\"Est. reading time\" \/>\n\t<meta name=\"twitter:data2\" content=\"4 minuuttia\" \/>\n<script type=\"application\/ld+json\" class=\"yoast-schema-graph\">{\"@context\":\"https:\/\/schema.org\",\"@graph\":[{\"@type\":\"WebPage\",\"@id\":\"https:\/\/suomenkuvalehti.fi\/tarinoitatieteesta\/tutkijalla-on-vaistamatta-myos-tunteita\/\",\"url\":\"https:\/\/suomenkuvalehti.fi\/tarinoitatieteesta\/tutkijalla-on-vaistamatta-myos-tunteita\/\",\"name\":\"Tutkijalla on v\u00e4ist\u00e4m\u00e4tt\u00e4 my\u00f6s tunteita - Tarinoita tieteest\u00e4\",\"isPartOf\":{\"@id\":\"https:\/\/suomenkuvalehti.fi\/tarinoitatieteesta\/#website\"},\"datePublished\":\"2020-02-26T15:39:25+00:00\",\"dateModified\":\"2020-02-27T08:07:29+00:00\",\"author\":{\"@id\":\"https:\/\/suomenkuvalehti.fi\/tarinoitatieteesta\/#\/schema\/person\/bb9c6caa48b3f9394f20b9d28415bca6\"},\"description\":\"Miten ymp\u00e4rist\u00f6ntutkijan sopii puhua surusta, jota luonnon tuhoutuminen aiheuttaa?\",\"breadcrumb\":{\"@id\":\"https:\/\/suomenkuvalehti.fi\/tarinoitatieteesta\/tutkijalla-on-vaistamatta-myos-tunteita\/#breadcrumb\"},\"inLanguage\":\"fi\",\"potentialAction\":[{\"@type\":\"ReadAction\",\"target\":[\"https:\/\/suomenkuvalehti.fi\/tarinoitatieteesta\/tutkijalla-on-vaistamatta-myos-tunteita\/\"]}]},{\"@type\":\"BreadcrumbList\",\"@id\":\"https:\/\/suomenkuvalehti.fi\/tarinoitatieteesta\/tutkijalla-on-vaistamatta-myos-tunteita\/#breadcrumb\",\"itemListElement\":[{\"@type\":\"ListItem\",\"position\":1,\"name\":\"Home\",\"item\":\"https:\/\/suomenkuvalehti.fi\/tarinoitatieteesta\/\"},{\"@type\":\"ListItem\",\"position\":2,\"name\":\"Tutkijalla on v\u00e4ist\u00e4m\u00e4tt\u00e4 my\u00f6s tunteita\"}]},{\"@type\":\"WebSite\",\"@id\":\"https:\/\/suomenkuvalehti.fi\/tarinoitatieteesta\/#website\",\"url\":\"https:\/\/suomenkuvalehti.fi\/tarinoitatieteesta\/\",\"name\":\"Tarinoita tieteest\u00e4\",\"description\":\"Biologi Tiina Raevaara tutkailee tieteen maailmaa kaunokirjailijan aivoin.\",\"potentialAction\":[{\"@type\":\"SearchAction\",\"target\":{\"@type\":\"EntryPoint\",\"urlTemplate\":\"https:\/\/suomenkuvalehti.fi\/haku\/?q={search_term_string}\"},\"query-input\":{\"@type\":\"PropertyValueSpecification\",\"valueRequired\":true,\"valueName\":\"search_term_string\"}}],\"inLanguage\":\"fi\"},{\"@type\":\"Person\",\"@id\":\"https:\/\/suomenkuvalehti.fi\/tarinoitatieteesta\/#\/schema\/person\/bb9c6caa48b3f9394f20b9d28415bca6\",\"name\":\"Tiina Raevaara\",\"image\":{\"@type\":\"ImageObject\",\"inLanguage\":\"fi\",\"@id\":\"https:\/\/suomenkuvalehti.fi\/tarinoitatieteesta\/#\/schema\/person\/image\/\",\"url\":\"https:\/\/suomenkuvalehti.fi\/tarinoitatieteesta\/wp-content\/uploads\/sites\/13\/2022\/04\/tiina_raevaara-150x150.jpg\",\"contentUrl\":\"https:\/\/suomenkuvalehti.fi\/tarinoitatieteesta\/wp-content\/uploads\/sites\/13\/2022\/04\/tiina_raevaara-150x150.jpg\",\"caption\":\"Tiina Raevaara\"},\"description\":\"Kirjoittaja Tiina Raevaara on filosofian tohtori ja kirjailija.\",\"sameAs\":[\"https:\/\/www.facebook.com\/pages\/Tiina-Raevaara-Tarinoita-tieteest\/280663078640821?fref=ts\",\"https:\/\/x.com\/https:\/\/twitter.com\/raevaara\"]}]}<\/script>\n<!-- \/ Yoast SEO plugin. -->","yoast_head_json":{"title":"Tutkijalla on v\u00e4ist\u00e4m\u00e4tt\u00e4 my\u00f6s tunteita - Tarinoita tieteest\u00e4","description":"Miten ymp\u00e4rist\u00f6ntutkijan sopii puhua surusta, jota luonnon tuhoutuminen aiheuttaa?","robots":{"index":"index","follow":"follow","max-snippet":"max-snippet:-1","max-image-preview":"max-image-preview:large","max-video-preview":"max-video-preview:-1"},"canonical":"https:\/\/suomenkuvalehti.fi\/tarinoitatieteesta\/tutkijalla-on-vaistamatta-myos-tunteita\/","og_locale":"fi_FI","og_type":"article","og_title":"Tutkijalla on v\u00e4ist\u00e4m\u00e4tt\u00e4 my\u00f6s tunteita - Tarinoita tieteest\u00e4","og_description":"Miten ymp\u00e4rist\u00f6ntutkijan sopii puhua surusta, jota luonnon tuhoutuminen aiheuttaa?","og_url":"https:\/\/suomenkuvalehti.fi\/tarinoitatieteesta\/tutkijalla-on-vaistamatta-myos-tunteita\/","og_site_name":"Tarinoita tieteest\u00e4","article_author":"https:\/\/www.facebook.com\/pages\/Tiina-Raevaara-Tarinoita-tieteest\/280663078640821?fref=ts","article_published_time":"2020-02-26T15:39:25+00:00","article_modified_time":"2020-02-27T08:07:29+00:00","og_image":[{"width":600,"height":600,"url":"https:\/\/suomenkuvalehti.fi\/tarinoitatieteesta\/wp-content\/uploads\/sites\/13\/2018\/05\/tiina_raevaara_blogi_pieni.jpg","type":"image\/jpeg"}],"author":"Tiina Raevaara","twitter_card":"summary_large_image","twitter_creator":"@https:\/\/twitter.com\/raevaara","twitter_misc":{"Written by":"Tiina Raevaara","Est. reading time":"4 minuuttia"},"schema":{"@context":"https:\/\/schema.org","@graph":[{"@type":"WebPage","@id":"https:\/\/suomenkuvalehti.fi\/tarinoitatieteesta\/tutkijalla-on-vaistamatta-myos-tunteita\/","url":"https:\/\/suomenkuvalehti.fi\/tarinoitatieteesta\/tutkijalla-on-vaistamatta-myos-tunteita\/","name":"Tutkijalla on v\u00e4ist\u00e4m\u00e4tt\u00e4 my\u00f6s tunteita - Tarinoita tieteest\u00e4","isPartOf":{"@id":"https:\/\/suomenkuvalehti.fi\/tarinoitatieteesta\/#website"},"datePublished":"2020-02-26T15:39:25+00:00","dateModified":"2020-02-27T08:07:29+00:00","author":{"@id":"https:\/\/suomenkuvalehti.fi\/tarinoitatieteesta\/#\/schema\/person\/bb9c6caa48b3f9394f20b9d28415bca6"},"description":"Miten ymp\u00e4rist\u00f6ntutkijan sopii puhua surusta, jota luonnon tuhoutuminen aiheuttaa?","breadcrumb":{"@id":"https:\/\/suomenkuvalehti.fi\/tarinoitatieteesta\/tutkijalla-on-vaistamatta-myos-tunteita\/#breadcrumb"},"inLanguage":"fi","potentialAction":[{"@type":"ReadAction","target":["https:\/\/suomenkuvalehti.fi\/tarinoitatieteesta\/tutkijalla-on-vaistamatta-myos-tunteita\/"]}]},{"@type":"BreadcrumbList","@id":"https:\/\/suomenkuvalehti.fi\/tarinoitatieteesta\/tutkijalla-on-vaistamatta-myos-tunteita\/#breadcrumb","itemListElement":[{"@type":"ListItem","position":1,"name":"Home","item":"https:\/\/suomenkuvalehti.fi\/tarinoitatieteesta\/"},{"@type":"ListItem","position":2,"name":"Tutkijalla on v\u00e4ist\u00e4m\u00e4tt\u00e4 my\u00f6s tunteita"}]},{"@type":"WebSite","@id":"https:\/\/suomenkuvalehti.fi\/tarinoitatieteesta\/#website","url":"https:\/\/suomenkuvalehti.fi\/tarinoitatieteesta\/","name":"Tarinoita tieteest\u00e4","description":"Biologi Tiina Raevaara tutkailee tieteen maailmaa kaunokirjailijan aivoin.","potentialAction":[{"@type":"SearchAction","target":{"@type":"EntryPoint","urlTemplate":"https:\/\/suomenkuvalehti.fi\/haku\/?q={search_term_string}"},"query-input":{"@type":"PropertyValueSpecification","valueRequired":true,"valueName":"search_term_string"}}],"inLanguage":"fi"},{"@type":"Person","@id":"https:\/\/suomenkuvalehti.fi\/tarinoitatieteesta\/#\/schema\/person\/bb9c6caa48b3f9394f20b9d28415bca6","name":"Tiina Raevaara","image":{"@type":"ImageObject","inLanguage":"fi","@id":"https:\/\/suomenkuvalehti.fi\/tarinoitatieteesta\/#\/schema\/person\/image\/","url":"https:\/\/suomenkuvalehti.fi\/tarinoitatieteesta\/wp-content\/uploads\/sites\/13\/2022\/04\/tiina_raevaara-150x150.jpg","contentUrl":"https:\/\/suomenkuvalehti.fi\/tarinoitatieteesta\/wp-content\/uploads\/sites\/13\/2022\/04\/tiina_raevaara-150x150.jpg","caption":"Tiina Raevaara"},"description":"Kirjoittaja Tiina Raevaara on filosofian tohtori ja kirjailija.","sameAs":["https:\/\/www.facebook.com\/pages\/Tiina-Raevaara-Tarinoita-tieteest\/280663078640821?fref=ts","https:\/\/x.com\/https:\/\/twitter.com\/raevaara"]}]}},"_links":{"self":[{"href":"https:\/\/suomenkuvalehti.fi\/tarinoitatieteesta\/wp-json\/wp\/v2\/posts\/1780","targetHints":{"allow":["GET"]}}],"collection":[{"href":"https:\/\/suomenkuvalehti.fi\/tarinoitatieteesta\/wp-json\/wp\/v2\/posts"}],"about":[{"href":"https:\/\/suomenkuvalehti.fi\/tarinoitatieteesta\/wp-json\/wp\/v2\/types\/post"}],"author":[{"embeddable":true,"href":"https:\/\/suomenkuvalehti.fi\/tarinoitatieteesta\/wp-json\/wp\/v2\/users\/146"}],"replies":[{"embeddable":true,"href":"https:\/\/suomenkuvalehti.fi\/tarinoitatieteesta\/wp-json\/wp\/v2\/comments?post=1780"}],"version-history":[{"count":5,"href":"https:\/\/suomenkuvalehti.fi\/tarinoitatieteesta\/wp-json\/wp\/v2\/posts\/1780\/revisions"}],"predecessor-version":[{"id":1785,"href":"https:\/\/suomenkuvalehti.fi\/tarinoitatieteesta\/wp-json\/wp\/v2\/posts\/1780\/revisions\/1785"}],"wp:attachment":[{"href":"https:\/\/suomenkuvalehti.fi\/tarinoitatieteesta\/wp-json\/wp\/v2\/media?parent=1780"}],"wp:term":[{"taxonomy":"category","embeddable":true,"href":"https:\/\/suomenkuvalehti.fi\/tarinoitatieteesta\/wp-json\/wp\/v2\/categories?post=1780"},{"taxonomy":"post_tag","embeddable":true,"href":"https:\/\/suomenkuvalehti.fi\/tarinoitatieteesta\/wp-json\/wp\/v2\/tags?post=1780"}],"curies":[{"name":"wp","href":"https:\/\/api.w.org\/{rel}","templated":true}]}}