{"id":172,"date":"2012-07-15T14:46:03","date_gmt":"2012-07-15T11:46:03","guid":{"rendered":"https:\/\/suomenkuvalehti.fi\/tarinoitatieteesta\/2012\/07\/15\/eraan-vaitoskirjatyon-tarina-ii-osa\/"},"modified":"2012-07-15T14:46:03","modified_gmt":"2012-07-15T11:46:03","slug":"eraan-vaitoskirjatyon-tarina-ii-osa","status":"publish","type":"post","link":"https:\/\/suomenkuvalehti.fi\/tarinoitatieteesta\/eraan-vaitoskirjatyon-tarina-ii-osa\/","title":{"rendered":"Er\u00e4\u00e4n v\u00e4it\u00f6skirjaty\u00f6n tarina, II osa"},"content":{"rendered":"\n\n<p>Alkuvuonna kerroin blogissani Oulun yliopistossa&nbsp;<a title=\"Tarinoita tieteest\u00e4\" href=\"https:\/\/suomenkuvalehti.fi\/blogit\/tarinoita-tieteesta\/eras-juuri-valmistunut-vaitoskirjatyo%20%20\" target=\"_blank\">valmistumassa olleesta v\u00e4it\u00f6skirjasta<\/a>.<\/p>\n\n\n\n<p>Maaliskuun alussa yliopiston teknillisess\u00e4 tiedekunnassa tarkastettiin siis tekniikan lisensiaatti <strong>Paavo Huttusen<\/strong> v\u00e4it\u00f6skirja. Mittaustekniikan alan ty\u00f6 oli tehty s\u00e4hk\u00f6tekniikan osastolla, ja nimelt\u00e4\u00e4n se oli<em> Spontaneous movements of hands in gradients of weak VHF electromagnetic fields<\/em> eli &#8221;Spontaanit k\u00e4sienliikkeet VHF-alueen heikon s\u00e4hk\u00f6magneettisen s\u00e4teilyn kentt\u00e4gradienteissa&#8221;.<\/p>\n\n\n\n<p>Tutkimuksen toteutuksesta ja tuloksista k\u00e4ytiin reipasta keskustelua sek\u00e4 blogissani ett\u00e4 muualla.<\/p>\n\n\n\n<p>Huttusen kirjoittaman tiivistelm\u00e4n mukaan v\u00e4it\u00f6sty\u00f6ss\u00e4 &#8221;<em>selvitettiin ihmisen herkkyytt\u00e4 radiotaajuiselle s\u00e4teilylle. Ihmisen toimimista radioaaltojen antennina tarkasteltiin teoreettisesti ja kentt\u00e4kokein. Heikkojen VHF-alueen radioaaltojen voimakkuutta ja tahattomia k\u00e4sien liikkeit\u00e4 rekister\u00f6itiin valituilla koepoluilla. Koehenkil\u00f6in\u00e4 on ollut yliopiston opiskelijoita ja muita vapaaehtoisten ryhmi\u00e4. Kiinnostavin ryhm\u00e4 oli kokeneet kaivonkatsojat, joiden k\u00e4sienliikereaktioihin radioaaltojen vaikutuksista l\u00f6ytyy viitteit\u00e4 kirjallisuudesta<\/em>&#8221;.<\/p>\n\n\n\n<p>V\u00e4it\u00f6st\u00e4 on kritisoitu paitsi heikosta ja ep\u00e4selv\u00e4st\u00e4 tieteellisest\u00e4 pohjasta, my\u00f6s merkitt\u00e4vist\u00e4 metodologisista ongelmista, jotka liittyiv\u00e4t muun muassa koehenkil\u00f6iden m\u00e4\u00e4r\u00e4\u00e4n ja kokeiden sokkouttamiseen.<\/p>\n\n\n\n<p>V\u00e4it\u00f6s her\u00e4tti niin paljon mielenkiintoa, ett\u00e4 v\u00e4it\u00f6stilaisuudessa oli mukana useampikin &#8221;ylim\u00e4\u00e4r\u00e4inen vastav\u00e4itt\u00e4j\u00e4&#8221;, jopa pari professoria. Vaikka v\u00e4it\u00f6stilaisuudessa yleis\u00f6lle on varattu mahdollisuus esitt\u00e4\u00e4 kysymyksi\u00e4, on varsin vakiintunut tapa, ettei sellaisia esitet\u00e4.<\/p>\n\n\n\n<p>Paavo Huttusen v\u00e4it\u00f6stilaisuudessa kysymyksist\u00e4 ei meinannut tulla loppua. Ilmeisesti kustos my\u00f6s pyrki erityisesti  hillitsem\u00e4\u00e4n keskustelua. Tuoreessa <em>Skeptikko<\/em>-lehdess\u00e4 on <strong>Kari A. Tikkasen<\/strong> raportti <a title=\"Skeptikko\" href=\"http:\/\/www.skepsis.fi\/lehti\/2012\/Skeptikko-2012-2_Taikavarvulla_tohtoriksi.pdf\" target=\"_blank\">ilmeisen v\u00e4rikk\u00e4\u00e4ksi k\u00e4yneest\u00e4 tapahtumasta<\/a>. H\u00e4nen mukaansa tutkimusta oli kritisoitu muun muassa &#8221;ep\u00e4tieteelliseksi ja magiaa sis\u00e4lt\u00e4v\u00e4ksi&#8221;. Kuivakkaissa ja \u00e4\u00e4rimmilleen rutinoituneissa v\u00e4it\u00f6stilaisuuksissa ei moista kielt\u00e4 yleens\u00e4 k\u00e4ytet\u00e4.<\/p>\n\n\n\n<p>Mik\u00e4 on v\u00e4it\u00f6skirja tilanne nyt? Onko kritiikill\u00e4 ja huomiolla ollut vaikutusta akateemiseen prosessiin?<\/p>\n\n\n\n<p>Oulun yliopiston&nbsp;<a title=\"Oulun yliopisto\" href=\"http:\/\/www.oulu.fi\/tutkijakoulu\/kokousaikataulut\" target=\"_blank\">tutkijakoulun tekniikan ja luonnontieteiden tohtorikoulutustoimikunta<\/a> k\u00e4sitteli asiaa muun muassa ylim\u00e4\u00e4r\u00e4isess\u00e4 kokouksessaan 3. toukokuuta.<\/p>\n\n\n\n<p>Ainakin &#8221;ylim\u00e4\u00e4r\u00e4iset vastav\u00e4itt\u00e4j\u00e4t&#8221; yliopisto on huomioinut ja ottanut vakavasti. V\u00e4it\u00f6stutkimuksen hyv\u00e4ksymisprosessiin vaikuttaa kuuluneen kaikenlaista hieman tavallisesta poikkeavaa:<\/p>\n\n\n\n<p>&#8221;<em>Toiseksi esitarkastusprosessissa ja siihen liittyv\u00e4ss\u00e4 painatusluvan my\u00f6nn\u00f6ss\u00e4 on ollut kysymyksi\u00e4 her\u00e4tt\u00e4vi\u00e4 seikkoja. S\u00e4hk\u00f6tekniikan osasto on my\u00f6nt\u00e4nyt painatusluvan TkL Paavo Huttusen v\u00e4it\u00f6skirjaksi tarkoitetulle k\u00e4sikirjoitukselle 9.12.2011. Luvan my\u00f6nt\u00e4misen perusteena on ollut prof. Timo J\u00e4\u00e4skel\u00e4isen 9.12.2011 p\u00e4iv\u00e4\u00e4m\u00e4 ja prof. Valentin G. Dmitrievin 25.10.2005 p\u00e4iv\u00e4\u00e4m\u00e4 esitarkastuslausunto. Tuo j\u00e4lkimm\u00e4inen lausunto on huomattavan vanha ja perustuu k\u00e4sikirjoitusversioon, joka on sittemmin saanut kielteisen painatuslupap\u00e4\u00e4t\u00f6ksen s\u00e4hk\u00f6- ja tietotekniikan osastossa. Lis\u00e4ksi kaikki lopulta painetun v\u00e4it\u00f6skirjan osajulkaisut on l\u00e4hetetty julkaistavaksi vuonna 2009 tai sen j\u00e4lkeen. N\u00e4in ollen lopullisen k\u00e4sikirjoituksen ja sen tieteellisen sis\u00e4ll\u00f6n on esitarkastanut ainoastaan prof. J\u00e4\u00e4skel\u00e4inen. T\u00e4h\u00e4n on saatu selvitys s\u00e4hk\u00f6tekniikan osastolta. Sen mukaan ty\u00f6n olennainen sis\u00e4lt\u00f6 ja koetulokset olivat jo tuossa alkuper\u00e4isess\u00e4 k\u00e4sikirjoituksessa. Siit\u00e4 huolimatta esitarkastusprosessin laadukkuudesta her\u00e4\u00e4 v\u00e4ist\u00e4m\u00e4tt\u00e4 kysymyksi\u00e4 liittyen suuriin muutoksiin, joita on tehty vuoden 2005 ensimm\u00e4isen k\u00e4sikirjoitusversion j\u00e4lkeen. Kuten ylim\u00e4\u00e4r\u00e4isten vastav\u00e4itt\u00e4jien runsas esiintyminen ja heid\u00e4n lausuntonsa osoittavat, v\u00e4it\u00f6skirjatutkimukseen ja tulosten pohjalta tehtyihin p\u00e4\u00e4telmiin liittyy avoimia kysymyksi\u00e4 tulosten tieteellisest\u00e4 pit\u00e4vyydest\u00e4<\/em>.&#8221;<\/p>\n\n\n\n<p><a title=\"Oulun yliopisto\" href=\"http:\/\/www.oulu.fi\/sites\/default\/files\/content\/UOG_SNelo_P%C3%B6yt%C3%A4kirja_C_ylimaar_03052012.pdf\" target=\"_blank\">Toimikunta p\u00e4\u00e4tyi pyyt\u00e4m\u00e4\u00e4n<\/a> v\u00e4it\u00f6sty\u00f6st\u00e4 lis\u00e4lausunnot kahdelta ylim\u00e4\u00e4r\u00e4iselt\u00e4 asiantuntijalta. V\u00e4ittelij\u00e4lle on varattu mahdollisuus esitt\u00e4\u00e4 k\u00e4sityksens\u00e4 asiantuntijoiden mahdollisesta j\u00e4\u00e4viydest\u00e4 sek\u00e4 vastine lausuntoihin. Toimikunta k\u00e4sittelee v\u00e4it\u00f6sasiaa eteenp\u00e4in, kun lausunnot on saatu.<\/p>\n\n\n\n<p>On kummallista, ett\u00e4 Oulun yliopisto on p\u00e4\u00e4st\u00e4nyt kyseisen v\u00e4it\u00f6skirjan niin pitk\u00e4lle prosessissa. Paitsi ty\u00f6n tieteelliseen sis\u00e4lt\u00f6\u00f6n my\u00f6s sen taustaan tuntuu liittyv\u00e4n poikkeuksellisen paljon ep\u00e4selvyyksi\u00e4. Nyt asiassa otettiin varsin tarpeellinen aikalis\u00e4.<\/p>\n\n\n\n<p>Olen saanut palautetta, ett\u00e4 nostamalla Paavo Huttusen v\u00e4it\u00f6skirjan esiin olen osallistunut jonkinlaiseen henkil\u00f6\u00f6n k\u00e4yv\u00e4\u00e4n hy\u00f6kk\u00e4ykseen h\u00e4nt\u00e4 kohtaan.<\/p>\n\n\n\n<p>V\u00e4it\u00f6sprosessin tarkoituksena on kuitenkin nimenomaan asettaa tutkimus julkisesti tarkasteltavaksi ja altistaa se kritiikille. Tiede ei toimi ilman avoimuutta.<\/p>\n\n\n","protected":false},"excerpt":{"rendered":"<p>Alkuvuonna kerroin blogissani Oulun yliopistossa&nbsp;valmistumassa olleesta v\u00e4it\u00f6skirjasta. Maaliskuun alussa yliopiston teknillisess\u00e4 tiedekunnassa tarkastettiin siis tekniikan lisensiaatti Paavo Huttusen v\u00e4it\u00f6skirja. Mittaustekniikan alan ty\u00f6 oli tehty s\u00e4hk\u00f6tekniikan osastolla, ja<br \/>\nnimelt\u00e4&hellip;<\/p>\n","protected":false},"author":146,"featured_media":0,"comment_status":"open","ping_status":"open","sticky":false,"template":"","format":"standard","meta":{"_acf_changed":false,"asauth_required_access_level":0,"asauth_cansharepaid":"","om_header_attributes":[],"footnotes":"","om_featured_image_focal_point":[],"om_primary_tag":0,"om_contributors":[],"om_co_authors":[],"beyondwords_generate_audio":"","beyondwords_project_id":"","beyondwords_content_id":"","beyondwords_preview_token":"","beyondwords_player_content":"","beyondwords_player_style":"","beyondwords_language_code":"","beyondwords_language_id":"","beyondwords_title_voice_id":"","beyondwords_body_voice_id":"","beyondwords_summary_voice_id":"","beyondwords_error_message":"","beyondwords_disabled":"","beyondwords_delete_content":"","beyondwords_podcast_id":"","beyondwords_hash":"","publish_post_to_speechkit":"","speechkit_hash":"","speechkit_generate_audio":"","speechkit_project_id":"","speechkit_podcast_id":"","speechkit_error_message":"","speechkit_disabled":"","speechkit_access_key":"","speechkit_error":"","speechkit_info":"","speechkit_response":"","speechkit_retries":"","speechkit_status":"","speechkit_updated_at":"","_speechkit_link":"","_speechkit_text":""},"categories":[1],"tags":[726,458,508,740,397,739,741,33,90],"class_list":["post-172","post","type-post","status-publish","format-standard","hentry","category-tarinoita-tieteesta","tag-fysiikka","tag-fysiologia","tag-kaivonkatsominen","tag-mittaustekniikka","tag-oulun-yliopisto","tag-radioaallot","tag-sahkotekniikka","tag-vaitoskirjat","tag-yliopistot"],"om_views":null,"acf":{"tuuma_off":false,"tuuma_kysymys":"","tuuma_vastaus":""},"asauth":{"required_access_level":1,"share_token":"","is_paid":false},"yoast_head":"<!-- This site is optimized with the Yoast SEO plugin v26.4 - https:\/\/yoast.com\/wordpress\/plugins\/seo\/ -->\n<title>Er\u00e4\u00e4n v\u00e4it\u00f6skirjaty\u00f6n tarina, II osa - Tarinoita tieteest\u00e4<\/title>\n<meta name=\"robots\" content=\"index, follow, max-snippet:-1, max-image-preview:large, max-video-preview:-1\" \/>\n<link rel=\"canonical\" href=\"https:\/\/suomenkuvalehti.fi\/tarinoitatieteesta\/eraan-vaitoskirjatyon-tarina-ii-osa\/\" \/>\n<meta property=\"og:locale\" content=\"fi_FI\" \/>\n<meta property=\"og:type\" content=\"article\" \/>\n<meta property=\"og:title\" content=\"Er\u00e4\u00e4n v\u00e4it\u00f6skirjaty\u00f6n tarina, II osa - Tarinoita tieteest\u00e4\" \/>\n<meta property=\"og:description\" content=\"Alkuvuonna kerroin blogissani Oulun yliopistossa&nbsp;valmistumassa olleesta v\u00e4it\u00f6skirjasta. Maaliskuun alussa yliopiston teknillisess\u00e4 tiedekunnassa tarkastettiin siis tekniikan lisensiaatti Paavo Huttusen v\u00e4it\u00f6skirja. Mittaustekniikan alan ty\u00f6 oli tehty s\u00e4hk\u00f6tekniikan osastolla, ja nimelt\u00e4&hellip;\" \/>\n<meta property=\"og:url\" content=\"https:\/\/suomenkuvalehti.fi\/tarinoitatieteesta\/eraan-vaitoskirjatyon-tarina-ii-osa\/\" \/>\n<meta property=\"og:site_name\" content=\"Tarinoita tieteest\u00e4\" \/>\n<meta property=\"article:author\" content=\"https:\/\/www.facebook.com\/pages\/Tiina-Raevaara-Tarinoita-tieteest\/280663078640821?fref=ts\" \/>\n<meta property=\"article:published_time\" content=\"2012-07-15T11:46:03+00:00\" \/>\n<meta property=\"og:image\" content=\"https:\/\/suomenkuvalehti.fi\/tarinoitatieteesta\/wp-content\/uploads\/sites\/13\/2022\/04\/tiina_raevaara-scaled.jpg\" \/>\n\t<meta property=\"og:image:width\" content=\"2560\" \/>\n\t<meta property=\"og:image:height\" content=\"1707\" \/>\n\t<meta property=\"og:image:type\" content=\"image\/jpeg\" \/>\n<meta name=\"author\" content=\"Tiina Raevaara\" \/>\n<meta name=\"twitter:card\" content=\"summary_large_image\" \/>\n<meta name=\"twitter:creator\" content=\"@https:\/\/twitter.com\/raevaara\" \/>\n<meta name=\"twitter:label1\" content=\"Written by\" \/>\n\t<meta name=\"twitter:data1\" content=\"Tiina Raevaara\" \/>\n\t<meta name=\"twitter:label2\" content=\"Est. reading time\" \/>\n\t<meta name=\"twitter:data2\" content=\"3 minuuttia\" \/>\n<script type=\"application\/ld+json\" class=\"yoast-schema-graph\">{\"@context\":\"https:\/\/schema.org\",\"@graph\":[{\"@type\":\"WebPage\",\"@id\":\"https:\/\/suomenkuvalehti.fi\/tarinoitatieteesta\/eraan-vaitoskirjatyon-tarina-ii-osa\/\",\"url\":\"https:\/\/suomenkuvalehti.fi\/tarinoitatieteesta\/eraan-vaitoskirjatyon-tarina-ii-osa\/\",\"name\":\"Er\u00e4\u00e4n v\u00e4it\u00f6skirjaty\u00f6n tarina, II osa - Tarinoita tieteest\u00e4\",\"isPartOf\":{\"@id\":\"https:\/\/suomenkuvalehti.fi\/tarinoitatieteesta\/#website\"},\"datePublished\":\"2012-07-15T11:46:03+00:00\",\"author\":{\"@id\":\"https:\/\/suomenkuvalehti.fi\/tarinoitatieteesta\/#\/schema\/person\/bb9c6caa48b3f9394f20b9d28415bca6\"},\"breadcrumb\":{\"@id\":\"https:\/\/suomenkuvalehti.fi\/tarinoitatieteesta\/eraan-vaitoskirjatyon-tarina-ii-osa\/#breadcrumb\"},\"inLanguage\":\"fi\",\"potentialAction\":[{\"@type\":\"ReadAction\",\"target\":[\"https:\/\/suomenkuvalehti.fi\/tarinoitatieteesta\/eraan-vaitoskirjatyon-tarina-ii-osa\/\"]}]},{\"@type\":\"BreadcrumbList\",\"@id\":\"https:\/\/suomenkuvalehti.fi\/tarinoitatieteesta\/eraan-vaitoskirjatyon-tarina-ii-osa\/#breadcrumb\",\"itemListElement\":[{\"@type\":\"ListItem\",\"position\":1,\"name\":\"Home\",\"item\":\"https:\/\/suomenkuvalehti.fi\/tarinoitatieteesta\/\"},{\"@type\":\"ListItem\",\"position\":2,\"name\":\"Er\u00e4\u00e4n v\u00e4it\u00f6skirjaty\u00f6n tarina, II osa\"}]},{\"@type\":\"WebSite\",\"@id\":\"https:\/\/suomenkuvalehti.fi\/tarinoitatieteesta\/#website\",\"url\":\"https:\/\/suomenkuvalehti.fi\/tarinoitatieteesta\/\",\"name\":\"Tarinoita tieteest\u00e4\",\"description\":\"Biologi Tiina Raevaara tutkailee tieteen maailmaa kaunokirjailijan aivoin.\",\"potentialAction\":[{\"@type\":\"SearchAction\",\"target\":{\"@type\":\"EntryPoint\",\"urlTemplate\":\"https:\/\/suomenkuvalehti.fi\/haku\/?q={search_term_string}\"},\"query-input\":{\"@type\":\"PropertyValueSpecification\",\"valueRequired\":true,\"valueName\":\"search_term_string\"}}],\"inLanguage\":\"fi\"},{\"@type\":\"Person\",\"@id\":\"https:\/\/suomenkuvalehti.fi\/tarinoitatieteesta\/#\/schema\/person\/bb9c6caa48b3f9394f20b9d28415bca6\",\"name\":\"Tiina Raevaara\",\"image\":{\"@type\":\"ImageObject\",\"inLanguage\":\"fi\",\"@id\":\"https:\/\/suomenkuvalehti.fi\/tarinoitatieteesta\/#\/schema\/person\/image\/\",\"url\":\"https:\/\/suomenkuvalehti.fi\/tarinoitatieteesta\/wp-content\/uploads\/sites\/13\/2022\/04\/tiina_raevaara-150x150.jpg\",\"contentUrl\":\"https:\/\/suomenkuvalehti.fi\/tarinoitatieteesta\/wp-content\/uploads\/sites\/13\/2022\/04\/tiina_raevaara-150x150.jpg\",\"caption\":\"Tiina Raevaara\"},\"description\":\"Kirjoittaja Tiina Raevaara on filosofian tohtori ja kirjailija.\",\"sameAs\":[\"https:\/\/www.facebook.com\/pages\/Tiina-Raevaara-Tarinoita-tieteest\/280663078640821?fref=ts\",\"https:\/\/x.com\/https:\/\/twitter.com\/raevaara\"]}]}<\/script>\n<!-- \/ Yoast SEO plugin. -->","yoast_head_json":{"title":"Er\u00e4\u00e4n v\u00e4it\u00f6skirjaty\u00f6n tarina, II osa - Tarinoita tieteest\u00e4","robots":{"index":"index","follow":"follow","max-snippet":"max-snippet:-1","max-image-preview":"max-image-preview:large","max-video-preview":"max-video-preview:-1"},"canonical":"https:\/\/suomenkuvalehti.fi\/tarinoitatieteesta\/eraan-vaitoskirjatyon-tarina-ii-osa\/","og_locale":"fi_FI","og_type":"article","og_title":"Er\u00e4\u00e4n v\u00e4it\u00f6skirjaty\u00f6n tarina, II osa - Tarinoita tieteest\u00e4","og_description":"Alkuvuonna kerroin blogissani Oulun yliopistossa&nbsp;valmistumassa olleesta v\u00e4it\u00f6skirjasta. Maaliskuun alussa yliopiston teknillisess\u00e4 tiedekunnassa tarkastettiin siis tekniikan lisensiaatti Paavo Huttusen v\u00e4it\u00f6skirja. Mittaustekniikan alan ty\u00f6 oli tehty s\u00e4hk\u00f6tekniikan osastolla, ja nimelt\u00e4&hellip;","og_url":"https:\/\/suomenkuvalehti.fi\/tarinoitatieteesta\/eraan-vaitoskirjatyon-tarina-ii-osa\/","og_site_name":"Tarinoita tieteest\u00e4","article_author":"https:\/\/www.facebook.com\/pages\/Tiina-Raevaara-Tarinoita-tieteest\/280663078640821?fref=ts","article_published_time":"2012-07-15T11:46:03+00:00","og_image":[{"width":2560,"height":1707,"url":"https:\/\/suomenkuvalehti.fi\/tarinoitatieteesta\/wp-content\/uploads\/sites\/13\/2022\/04\/tiina_raevaara-scaled.jpg","type":"image\/jpeg"}],"author":"Tiina Raevaara","twitter_card":"summary_large_image","twitter_creator":"@https:\/\/twitter.com\/raevaara","twitter_misc":{"Written by":"Tiina Raevaara","Est. reading time":"3 minuuttia"},"schema":{"@context":"https:\/\/schema.org","@graph":[{"@type":"WebPage","@id":"https:\/\/suomenkuvalehti.fi\/tarinoitatieteesta\/eraan-vaitoskirjatyon-tarina-ii-osa\/","url":"https:\/\/suomenkuvalehti.fi\/tarinoitatieteesta\/eraan-vaitoskirjatyon-tarina-ii-osa\/","name":"Er\u00e4\u00e4n v\u00e4it\u00f6skirjaty\u00f6n tarina, II osa - Tarinoita tieteest\u00e4","isPartOf":{"@id":"https:\/\/suomenkuvalehti.fi\/tarinoitatieteesta\/#website"},"datePublished":"2012-07-15T11:46:03+00:00","author":{"@id":"https:\/\/suomenkuvalehti.fi\/tarinoitatieteesta\/#\/schema\/person\/bb9c6caa48b3f9394f20b9d28415bca6"},"breadcrumb":{"@id":"https:\/\/suomenkuvalehti.fi\/tarinoitatieteesta\/eraan-vaitoskirjatyon-tarina-ii-osa\/#breadcrumb"},"inLanguage":"fi","potentialAction":[{"@type":"ReadAction","target":["https:\/\/suomenkuvalehti.fi\/tarinoitatieteesta\/eraan-vaitoskirjatyon-tarina-ii-osa\/"]}]},{"@type":"BreadcrumbList","@id":"https:\/\/suomenkuvalehti.fi\/tarinoitatieteesta\/eraan-vaitoskirjatyon-tarina-ii-osa\/#breadcrumb","itemListElement":[{"@type":"ListItem","position":1,"name":"Home","item":"https:\/\/suomenkuvalehti.fi\/tarinoitatieteesta\/"},{"@type":"ListItem","position":2,"name":"Er\u00e4\u00e4n v\u00e4it\u00f6skirjaty\u00f6n tarina, II osa"}]},{"@type":"WebSite","@id":"https:\/\/suomenkuvalehti.fi\/tarinoitatieteesta\/#website","url":"https:\/\/suomenkuvalehti.fi\/tarinoitatieteesta\/","name":"Tarinoita tieteest\u00e4","description":"Biologi Tiina Raevaara tutkailee tieteen maailmaa kaunokirjailijan aivoin.","potentialAction":[{"@type":"SearchAction","target":{"@type":"EntryPoint","urlTemplate":"https:\/\/suomenkuvalehti.fi\/haku\/?q={search_term_string}"},"query-input":{"@type":"PropertyValueSpecification","valueRequired":true,"valueName":"search_term_string"}}],"inLanguage":"fi"},{"@type":"Person","@id":"https:\/\/suomenkuvalehti.fi\/tarinoitatieteesta\/#\/schema\/person\/bb9c6caa48b3f9394f20b9d28415bca6","name":"Tiina Raevaara","image":{"@type":"ImageObject","inLanguage":"fi","@id":"https:\/\/suomenkuvalehti.fi\/tarinoitatieteesta\/#\/schema\/person\/image\/","url":"https:\/\/suomenkuvalehti.fi\/tarinoitatieteesta\/wp-content\/uploads\/sites\/13\/2022\/04\/tiina_raevaara-150x150.jpg","contentUrl":"https:\/\/suomenkuvalehti.fi\/tarinoitatieteesta\/wp-content\/uploads\/sites\/13\/2022\/04\/tiina_raevaara-150x150.jpg","caption":"Tiina Raevaara"},"description":"Kirjoittaja Tiina Raevaara on filosofian tohtori ja kirjailija.","sameAs":["https:\/\/www.facebook.com\/pages\/Tiina-Raevaara-Tarinoita-tieteest\/280663078640821?fref=ts","https:\/\/x.com\/https:\/\/twitter.com\/raevaara"]}]}},"_links":{"self":[{"href":"https:\/\/suomenkuvalehti.fi\/tarinoitatieteesta\/wp-json\/wp\/v2\/posts\/172","targetHints":{"allow":["GET"]}}],"collection":[{"href":"https:\/\/suomenkuvalehti.fi\/tarinoitatieteesta\/wp-json\/wp\/v2\/posts"}],"about":[{"href":"https:\/\/suomenkuvalehti.fi\/tarinoitatieteesta\/wp-json\/wp\/v2\/types\/post"}],"author":[{"embeddable":true,"href":"https:\/\/suomenkuvalehti.fi\/tarinoitatieteesta\/wp-json\/wp\/v2\/users\/146"}],"replies":[{"embeddable":true,"href":"https:\/\/suomenkuvalehti.fi\/tarinoitatieteesta\/wp-json\/wp\/v2\/comments?post=172"}],"version-history":[{"count":0,"href":"https:\/\/suomenkuvalehti.fi\/tarinoitatieteesta\/wp-json\/wp\/v2\/posts\/172\/revisions"}],"wp:attachment":[{"href":"https:\/\/suomenkuvalehti.fi\/tarinoitatieteesta\/wp-json\/wp\/v2\/media?parent=172"}],"wp:term":[{"taxonomy":"category","embeddable":true,"href":"https:\/\/suomenkuvalehti.fi\/tarinoitatieteesta\/wp-json\/wp\/v2\/categories?post=172"},{"taxonomy":"post_tag","embeddable":true,"href":"https:\/\/suomenkuvalehti.fi\/tarinoitatieteesta\/wp-json\/wp\/v2\/tags?post=172"}],"curies":[{"name":"wp","href":"https:\/\/api.w.org\/{rel}","templated":true}]}}