{"id":171,"date":"2012-07-19T12:59:09","date_gmt":"2012-07-19T09:59:09","guid":{"rendered":"https:\/\/suomenkuvalehti.fi\/tarinoitatieteesta\/2012\/07\/19\/tiedetta-ja-tieteiskuvitelmaa-tampereella\/"},"modified":"2012-07-19T12:59:09","modified_gmt":"2012-07-19T09:59:09","slug":"tiedetta-ja-tieteiskuvitelmaa-tampereella","status":"publish","type":"post","link":"https:\/\/suomenkuvalehti.fi\/tarinoitatieteesta\/tiedetta-ja-tieteiskuvitelmaa-tampereella\/","title":{"rendered":"Tiedett\u00e4 ja tieteiskuvitelmaa Tampereella"},"content":{"rendered":"\n<p>T\u00e4n\u00e4\u00e4n tyydyn antamaan menovinkin viikonlopuksi.<\/p>\n\n\n\n<p>Huomenna alkaa <a title=\"Finncon\" href=\"http:\/\/2012.finncon.org\/\" target=\"_blank\">Finncon<\/a>, tieteis- ja fantasiakulttuurin ymp\u00e4rille rakentunut yleis\u00f6tapahtuma. Finncon j\u00e4rjestet\u00e4\u00e4n kerran vuodessa joko Helsingiss\u00e4, Tampereella, Turussa tai Jyv\u00e4skyl\u00e4ss\u00e4 &#8211; t\u00e4ll\u00e4 kertaa tapahtumapaikkana on Tampereen yliopistokampus. Sis\u00e4\u00e4n p\u00e4\u00e4see ilmaiseksi. K\u00e4vij\u00f6it\u00e4 on odotettavissa noin nelj\u00e4tuhatta.<\/p>\n\n\n\n<p><a title=\"Finncon\" href=\"http:\/\/2012.finncon.org\/fi\/program\/%20%20\" target=\"_blank\">Ohjelmassa<\/a> on paneelikeskusteluja esimerkiksi kirjoista ja elokuvista, esitelmi\u00e4, erilaisia ty\u00f6pajoja (muun muassa alastonmaalausta), myyntip\u00f6yti\u00e4 ja naamiaiset. Finnconin t\u00e4m\u00e4nvuotiset kunniavieraat ovat kirjailijat <strong>Lois McMaster Bujold<\/strong> ja <strong>Liz Williams<\/strong> sek\u00e4 suomalainen scifi-kulttuurin tutkija <strong>Irma Hirsj\u00e4rvi<\/strong>.<\/p>\n\n\n\n<p>Ja kuinka t\u00e4m\u00e4 menovinkki liityy blogini aiheeseen eli tieteeseen? Hyvinkin paljon ja tiiviisti. Rakkaus science fiction -kulttuuriin johtaa monen kohdalla my\u00f6s kiinnostukseen tiedett\u00e4 kohtaan. N\u00e4in k\u00e4vi minullekin: <strong>E.R. Burroughsin <\/strong><strong>kuulu <\/strong><em>Mars<\/em>-sarja sek\u00e4 vaikkapa <strong>Isaac Asimovin<\/strong> ja <strong>Arthur C. Clarken kirjat<\/strong> kasvattivat mielenkiintoani el\u00e4m\u00e4n mahdollisuuksia ja maailmankaikkeuden olemusta kohtaan. P\u00e4\u00e4aineeni biologian lis\u00e4ksi luin yliopistolla hieman t\u00e4htitiedett\u00e4 ja kognitiotiedett\u00e4, ja syy on puhtaasti scifin. Oikeastaanhan sek\u00e4 scifi ett\u00e4 luonnontieteet vastaavat pitk\u00e4lti samaan kysymykseen: Ent\u00e4 jos&#8230;?<\/p>\n\n\n\n<p>Vaikka scifi tarttuu usein isoihin teemoihin, kuten ihmisyyden olemukseen tai olemassaolon tarkoitukseen, ei huumorikaan ole sille vierasta. Hyv\u00e4 science fiction -kirjallisuus on ennen kaikkea hyv\u00e4\u00e4 kirjallisuutta.<\/p>\n\n\n\n<p>&#8221;<em>Olipa kerran suuri keksij\u00e4 ja koneenrakentaja, joka kaiken aikaa keksi outoja laitteita ja rakensi mit\u00e4 h\u00e4mm\u00e4stytt\u00e4v\u00e4mpi\u00e4 vehkeit\u00e4. H\u00e4n kyh\u00e4si itselleen mikrobotin, joka vinkui hienosti, ja antoi sille nimeksi \u2018Hippula&#8217;. Peloton syd\u00e4n oli h\u00e4nen vaakunasymbolinsa, ja jokaisessa h\u00e4nen k\u00e4siens\u00e4 kautta kulkeneessa atomissa oli tuo merkki, niin ett\u00e4 paljon my\u00f6hemmin tiedemiehet h\u00e4mm\u00e4styiv\u00e4t l\u00f6yt\u00e4ess\u00e4\u00e4n atomispektreist\u00e4 vilkkuvia yst\u00e4v\u00e4np\u00e4iv\u00e4tervehdyksi\u00e4. H\u00e4n rakensi lukuisia hy\u00f6dyllisi\u00e4 koneita, suuria ja pieni\u00e4. kunnes sai ajatuksen yhdist\u00e4\u00e4 elollinen elottomaan saavuttaakseen siten mahdottomalta kuulostavan p\u00e4\u00e4m\u00e4\u00e4r\u00e4n. H\u00e4n p\u00e4\u00e4tti rakentaa elollisia olentoja vedest\u00e4 &#8211; mutta hyi, ei sill\u00e4 vastenmielisell\u00e4 tavalla joka varmasti ensin juolahti mieleenne!<\/em>&#8221; (<strong>Stanislaw Lem<\/strong>: <em>Konekansan satuja ja tarinoita<\/em>. Suom. <strong>Seppo Sipil\u00e4<\/strong>)<\/p>\n\n\n\n<p>Vaikka scifi tai fantasia sin\u00e4ns\u00e4 eiv\u00e4t kiehtoisikaan, tiedesuuntautuneille l\u00f6ytyy Finnconista paljon ohjelmaa. Esimerkiksi lauantaina klo 12 <strong>Risto Isom\u00e4ki<\/strong> luennoi aiheesta &#8221;<em>Supertulivuorenpurkaukset, megatsunamit, suuret j\u00e4\u00e4vuoripulssit sek\u00e4 metaanin ja rikkivedyn purkautuminen valtamerten pohjalta ovat aiheuttaneet eli\u00f6lajien joukkokuolemia ja ainakin kerran ajaneet my\u00f6s oman lajimme hyvin l\u00e4helle sukupuuttoa. Onko meid\u00e4n tulevaisuudessa mahdollista est\u00e4\u00e4 t\u00e4llaisten katastrofien toistuminen teknologiamme avulla? Vai lis\u00e4\u00e4k\u00f6 toimintamme niiden riski\u00e4<\/em>?&#8221;<\/p>\n\n\n\n<p>Kello 14 <strong>Sofia Sj\u00f6<\/strong> kertoo aiheesta &#8221;<em>How do religions imagine the end of the world? How common and essential are apocalyptic scenarios in the world religions and modern spiritualities? What is the relationship between religious apocalyptic thought and science fiction? And what about those Mayans? These and some other eschatological themes and questions will be pondered during the Apocalyptic Religions session<\/em>.&#8221;<\/p>\n\n\n\n<p>Kello 16 on ohjelmassa paneelikeskustelu: &#8221;<em>Viime vuosina on kertynyt runsaasti uutta tietoa punaisesta planeetasta. Joidenkin tutkijoiden mielest\u00e4 olemme jo l\u00f6yt\u00e4neet selkeit\u00e4 todisteita siit\u00e4, ett\u00e4 Marsissa on ollut ja on edelleen jonkinlaista el\u00e4m\u00e4\u00e4. Mit\u00e4 ja millaista? Ja mit\u00e4 se merkitsee?<\/em>&#8221; Keskustelijoina ovat kirjailija <strong>Risto Isom\u00e4ki<\/strong>, planetologi <strong>Jarmo Korteniemi<\/strong> (Oulun yliopisto), tiedetoimittaja <strong>Sakari Nummila <\/strong>(T\u00e4hdet ja Avaruus-lehti), t\u00e4htihavainnoija <strong>Tapio Lahtinen<\/strong> (Tampereen Ursa) ja tiedetoimittaja <strong>Mikko Suominen<\/strong> (T\u00e4hdet ja Avaruus-lehti).<\/p>\n\n\n\n<p>Tiedeaiheita riitt\u00e4\u00e4 sunnuntaiksikin. Kello 12 <strong>Mikko Suominen<\/strong> luennoi aiheesta &#8221;<em>asteroidit\u00f6rm\u00e4ykset, superaurinkomyrskyt ja l\u00e4hisupernovat ovat esimerkkej\u00e4 t\u00e4htitieteen kauhuskenaarioista, jotka pystyisiv\u00e4t suistamaan nyky-yhteiskunnan raiteiltaan. Tule kuuntelemaan ja kyselem\u00e4\u00e4n, millaisia muita uhkia on esitetty, mit\u00e4 vaikutuksia niill\u00e4 olisi maapallolle sek\u00e4 miten todenn\u00e4k\u00f6isiksi ne arvioidaan<\/em>.&#8221;<\/p>\n\n\n\n<p>Avaruusaihetta on tarjolla my\u00f6s kello 14:&nbsp;<strong>Pekka Rautajoki<\/strong> (Tampereen Ursa) kertoo, &#8221;<em>kuinka eksoplaneettoja oikein etsit\u00e4\u00e4n, ja millaisia aurinkokuntia t\u00e4h\u00e4n menness\u00e4 on l\u00f6ydetty. Esityksess\u00e4 pohditaan my\u00f6s, voisiko sopiva eksoplaneetta olla ihmiskunnalle uusi alku, vai ovatko t\u00e4htienv\u00e4listen avaruuslentojen haasteet liian suuria<\/em>.&#8221;<\/p>\n\n\n\n<p>Finnconin viimeinen tiedepl\u00e4j\u00e4ys on n\u00e4hd\u00e4kseni vuorossa kello 16: &#8221;<em>Tiiivis katsaus avaruusaiheisiin verkosta vapaasti ladattaviin ilmaisohjelmiin kaikille kiinnostuneille. Tietokoneen avulla p\u00e4\u00e4see kuka tahansa matkailemaan aurinkokunnassa, ennustamaan taivaan satelliittien ylikulkuja, leikkim\u00e4\u00e4n avaruuslent\u00e4j\u00e4\u00e4 ja ihailemaan virtuaalista t\u00e4htitaivasta mist\u00e4 vain ja milloin vain. Esitys on suunniteltu etenkin opettamisen n\u00e4k\u00f6kulmasta.<\/em>&#8221;<\/p>\n\n\n\n<p>Tervetuloa Tampereelle!<\/p>\n\n\n\n<p>(Itse esiinnyn lauantaina ensin klo 12 alkavassa paneelikeskustelussa &#8221;Cthulhu-kirjoittamisen haasteet, sali A2a, ja sitten klo 14 Suomikumma-aiheissa kirjallisuuspaneelissa, sali A2b.)<\/p>\n\n\n","protected":false},"excerpt":{"rendered":"<p>T\u00e4n\u00e4\u00e4n tyydyn antamaan menovinkin viikonlopuksi. Huomenna alkaa Finncon, tieteis- ja fantasiakulttuurin ymp\u00e4rille rakentunut yleis\u00f6tapahtuma. Finncon j\u00e4rjestet\u00e4\u00e4n kerran vuodessa joko Helsingiss\u00e4, Tampereella, Turussa tai Jyv\u00e4skyl\u00e4ss\u00e4 &#8211; t\u00e4ll\u00e4 kertaa tapahtumapaikkana<br \/>\non Tampereen &hellip;<\/p>\n","protected":false},"author":146,"featured_media":0,"comment_status":"open","ping_status":"open","sticky":false,"template":"","format":"standard","meta":{"_acf_changed":false,"asauth_required_access_level":0,"asauth_cansharepaid":"","om_header_attributes":[],"footnotes":"","om_featured_image_focal_point":[],"om_primary_tag":0,"om_contributors":[],"om_co_authors":[],"beyondwords_generate_audio":"","beyondwords_project_id":"","beyondwords_content_id":"","beyondwords_preview_token":"","beyondwords_player_content":"","beyondwords_player_style":"","beyondwords_language_code":"","beyondwords_language_id":"","beyondwords_title_voice_id":"","beyondwords_body_voice_id":"","beyondwords_summary_voice_id":"","beyondwords_error_message":"","beyondwords_disabled":"","beyondwords_delete_content":"","beyondwords_podcast_id":"","beyondwords_hash":"","publish_post_to_speechkit":"","speechkit_hash":"","speechkit_generate_audio":"","speechkit_project_id":"","speechkit_podcast_id":"","speechkit_error_message":"","speechkit_disabled":"","speechkit_access_key":"","speechkit_error":"","speechkit_info":"","speechkit_response":"","speechkit_retries":"","speechkit_status":"","speechkit_updated_at":"","_speechkit_link":"","_speechkit_text":""},"categories":[1],"tags":[855,853,346,854,362,440,5],"class_list":["post-171","post","type-post","status-publish","format-standard","hentry","category-tarinoita-tieteesta","tag-fantasiakirjallisuus","tag-finncon","tag-kirjallisuus","tag-kirjallisuustapahtumat","tag-science-fiction","tag-scifi","tag-tiede"],"om_views":null,"acf":{"tuuma_off":false,"tuuma_kysymys":"","tuuma_vastaus":""},"asauth":{"required_access_level":1,"share_token":"","is_paid":false},"yoast_head":"<!-- This site is optimized with the Yoast SEO plugin v26.4 - https:\/\/yoast.com\/wordpress\/plugins\/seo\/ -->\n<title>Tiedett\u00e4 ja tieteiskuvitelmaa Tampereella - Tarinoita tieteest\u00e4<\/title>\n<meta name=\"robots\" content=\"index, follow, max-snippet:-1, max-image-preview:large, max-video-preview:-1\" \/>\n<link rel=\"canonical\" href=\"https:\/\/suomenkuvalehti.fi\/tarinoitatieteesta\/tiedetta-ja-tieteiskuvitelmaa-tampereella\/\" \/>\n<meta property=\"og:locale\" content=\"fi_FI\" \/>\n<meta property=\"og:type\" content=\"article\" \/>\n<meta property=\"og:title\" content=\"Tiedett\u00e4 ja tieteiskuvitelmaa Tampereella - Tarinoita tieteest\u00e4\" \/>\n<meta property=\"og:description\" content=\"T\u00e4n\u00e4\u00e4n tyydyn antamaan menovinkin viikonlopuksi. Huomenna alkaa Finncon, tieteis- ja fantasiakulttuurin ymp\u00e4rille rakentunut yleis\u00f6tapahtuma. Finncon j\u00e4rjestet\u00e4\u00e4n kerran vuodessa joko Helsingiss\u00e4, Tampereella, Turussa tai Jyv\u00e4skyl\u00e4ss\u00e4 &#8211; t\u00e4ll\u00e4 kertaa tapahtumapaikkana on Tampereen &hellip;\" \/>\n<meta property=\"og:url\" content=\"https:\/\/suomenkuvalehti.fi\/tarinoitatieteesta\/tiedetta-ja-tieteiskuvitelmaa-tampereella\/\" \/>\n<meta property=\"og:site_name\" content=\"Tarinoita tieteest\u00e4\" \/>\n<meta property=\"article:author\" content=\"https:\/\/www.facebook.com\/pages\/Tiina-Raevaara-Tarinoita-tieteest\/280663078640821?fref=ts\" \/>\n<meta property=\"article:published_time\" content=\"2012-07-19T09:59:09+00:00\" \/>\n<meta property=\"og:image\" content=\"https:\/\/suomenkuvalehti.fi\/tarinoitatieteesta\/wp-content\/uploads\/sites\/13\/2022\/04\/tiina_raevaara-scaled.jpg\" \/>\n\t<meta property=\"og:image:width\" content=\"2560\" \/>\n\t<meta property=\"og:image:height\" content=\"1707\" \/>\n\t<meta property=\"og:image:type\" content=\"image\/jpeg\" \/>\n<meta name=\"author\" content=\"Tiina Raevaara\" \/>\n<meta name=\"twitter:card\" content=\"summary_large_image\" \/>\n<meta name=\"twitter:creator\" content=\"@https:\/\/twitter.com\/raevaara\" \/>\n<meta name=\"twitter:label1\" content=\"Written by\" \/>\n\t<meta name=\"twitter:data1\" content=\"Tiina Raevaara\" \/>\n\t<meta name=\"twitter:label2\" content=\"Est. reading time\" \/>\n\t<meta name=\"twitter:data2\" content=\"4 minuuttia\" \/>\n<script type=\"application\/ld+json\" class=\"yoast-schema-graph\">{\"@context\":\"https:\/\/schema.org\",\"@graph\":[{\"@type\":\"WebPage\",\"@id\":\"https:\/\/suomenkuvalehti.fi\/tarinoitatieteesta\/tiedetta-ja-tieteiskuvitelmaa-tampereella\/\",\"url\":\"https:\/\/suomenkuvalehti.fi\/tarinoitatieteesta\/tiedetta-ja-tieteiskuvitelmaa-tampereella\/\",\"name\":\"Tiedett\u00e4 ja tieteiskuvitelmaa Tampereella - Tarinoita tieteest\u00e4\",\"isPartOf\":{\"@id\":\"https:\/\/suomenkuvalehti.fi\/tarinoitatieteesta\/#website\"},\"datePublished\":\"2012-07-19T09:59:09+00:00\",\"author\":{\"@id\":\"https:\/\/suomenkuvalehti.fi\/tarinoitatieteesta\/#\/schema\/person\/bb9c6caa48b3f9394f20b9d28415bca6\"},\"breadcrumb\":{\"@id\":\"https:\/\/suomenkuvalehti.fi\/tarinoitatieteesta\/tiedetta-ja-tieteiskuvitelmaa-tampereella\/#breadcrumb\"},\"inLanguage\":\"fi\",\"potentialAction\":[{\"@type\":\"ReadAction\",\"target\":[\"https:\/\/suomenkuvalehti.fi\/tarinoitatieteesta\/tiedetta-ja-tieteiskuvitelmaa-tampereella\/\"]}]},{\"@type\":\"BreadcrumbList\",\"@id\":\"https:\/\/suomenkuvalehti.fi\/tarinoitatieteesta\/tiedetta-ja-tieteiskuvitelmaa-tampereella\/#breadcrumb\",\"itemListElement\":[{\"@type\":\"ListItem\",\"position\":1,\"name\":\"Home\",\"item\":\"https:\/\/suomenkuvalehti.fi\/tarinoitatieteesta\/\"},{\"@type\":\"ListItem\",\"position\":2,\"name\":\"Tiedett\u00e4 ja tieteiskuvitelmaa Tampereella\"}]},{\"@type\":\"WebSite\",\"@id\":\"https:\/\/suomenkuvalehti.fi\/tarinoitatieteesta\/#website\",\"url\":\"https:\/\/suomenkuvalehti.fi\/tarinoitatieteesta\/\",\"name\":\"Tarinoita tieteest\u00e4\",\"description\":\"Biologi Tiina Raevaara tutkailee tieteen maailmaa kaunokirjailijan aivoin.\",\"potentialAction\":[{\"@type\":\"SearchAction\",\"target\":{\"@type\":\"EntryPoint\",\"urlTemplate\":\"https:\/\/suomenkuvalehti.fi\/haku\/?q={search_term_string}\"},\"query-input\":{\"@type\":\"PropertyValueSpecification\",\"valueRequired\":true,\"valueName\":\"search_term_string\"}}],\"inLanguage\":\"fi\"},{\"@type\":\"Person\",\"@id\":\"https:\/\/suomenkuvalehti.fi\/tarinoitatieteesta\/#\/schema\/person\/bb9c6caa48b3f9394f20b9d28415bca6\",\"name\":\"Tiina Raevaara\",\"image\":{\"@type\":\"ImageObject\",\"inLanguage\":\"fi\",\"@id\":\"https:\/\/suomenkuvalehti.fi\/tarinoitatieteesta\/#\/schema\/person\/image\/\",\"url\":\"https:\/\/suomenkuvalehti.fi\/tarinoitatieteesta\/wp-content\/uploads\/sites\/13\/2022\/04\/tiina_raevaara-150x150.jpg\",\"contentUrl\":\"https:\/\/suomenkuvalehti.fi\/tarinoitatieteesta\/wp-content\/uploads\/sites\/13\/2022\/04\/tiina_raevaara-150x150.jpg\",\"caption\":\"Tiina Raevaara\"},\"description\":\"Kirjoittaja Tiina Raevaara on filosofian tohtori ja kirjailija.\",\"sameAs\":[\"https:\/\/www.facebook.com\/pages\/Tiina-Raevaara-Tarinoita-tieteest\/280663078640821?fref=ts\",\"https:\/\/x.com\/https:\/\/twitter.com\/raevaara\"]}]}<\/script>\n<!-- \/ Yoast SEO plugin. -->","yoast_head_json":{"title":"Tiedett\u00e4 ja tieteiskuvitelmaa Tampereella - Tarinoita tieteest\u00e4","robots":{"index":"index","follow":"follow","max-snippet":"max-snippet:-1","max-image-preview":"max-image-preview:large","max-video-preview":"max-video-preview:-1"},"canonical":"https:\/\/suomenkuvalehti.fi\/tarinoitatieteesta\/tiedetta-ja-tieteiskuvitelmaa-tampereella\/","og_locale":"fi_FI","og_type":"article","og_title":"Tiedett\u00e4 ja tieteiskuvitelmaa Tampereella - Tarinoita tieteest\u00e4","og_description":"T\u00e4n\u00e4\u00e4n tyydyn antamaan menovinkin viikonlopuksi. Huomenna alkaa Finncon, tieteis- ja fantasiakulttuurin ymp\u00e4rille rakentunut yleis\u00f6tapahtuma. Finncon j\u00e4rjestet\u00e4\u00e4n kerran vuodessa joko Helsingiss\u00e4, Tampereella, Turussa tai Jyv\u00e4skyl\u00e4ss\u00e4 &#8211; t\u00e4ll\u00e4 kertaa tapahtumapaikkana on Tampereen &hellip;","og_url":"https:\/\/suomenkuvalehti.fi\/tarinoitatieteesta\/tiedetta-ja-tieteiskuvitelmaa-tampereella\/","og_site_name":"Tarinoita tieteest\u00e4","article_author":"https:\/\/www.facebook.com\/pages\/Tiina-Raevaara-Tarinoita-tieteest\/280663078640821?fref=ts","article_published_time":"2012-07-19T09:59:09+00:00","og_image":[{"width":2560,"height":1707,"url":"https:\/\/suomenkuvalehti.fi\/tarinoitatieteesta\/wp-content\/uploads\/sites\/13\/2022\/04\/tiina_raevaara-scaled.jpg","type":"image\/jpeg"}],"author":"Tiina Raevaara","twitter_card":"summary_large_image","twitter_creator":"@https:\/\/twitter.com\/raevaara","twitter_misc":{"Written by":"Tiina Raevaara","Est. reading time":"4 minuuttia"},"schema":{"@context":"https:\/\/schema.org","@graph":[{"@type":"WebPage","@id":"https:\/\/suomenkuvalehti.fi\/tarinoitatieteesta\/tiedetta-ja-tieteiskuvitelmaa-tampereella\/","url":"https:\/\/suomenkuvalehti.fi\/tarinoitatieteesta\/tiedetta-ja-tieteiskuvitelmaa-tampereella\/","name":"Tiedett\u00e4 ja tieteiskuvitelmaa Tampereella - Tarinoita tieteest\u00e4","isPartOf":{"@id":"https:\/\/suomenkuvalehti.fi\/tarinoitatieteesta\/#website"},"datePublished":"2012-07-19T09:59:09+00:00","author":{"@id":"https:\/\/suomenkuvalehti.fi\/tarinoitatieteesta\/#\/schema\/person\/bb9c6caa48b3f9394f20b9d28415bca6"},"breadcrumb":{"@id":"https:\/\/suomenkuvalehti.fi\/tarinoitatieteesta\/tiedetta-ja-tieteiskuvitelmaa-tampereella\/#breadcrumb"},"inLanguage":"fi","potentialAction":[{"@type":"ReadAction","target":["https:\/\/suomenkuvalehti.fi\/tarinoitatieteesta\/tiedetta-ja-tieteiskuvitelmaa-tampereella\/"]}]},{"@type":"BreadcrumbList","@id":"https:\/\/suomenkuvalehti.fi\/tarinoitatieteesta\/tiedetta-ja-tieteiskuvitelmaa-tampereella\/#breadcrumb","itemListElement":[{"@type":"ListItem","position":1,"name":"Home","item":"https:\/\/suomenkuvalehti.fi\/tarinoitatieteesta\/"},{"@type":"ListItem","position":2,"name":"Tiedett\u00e4 ja tieteiskuvitelmaa Tampereella"}]},{"@type":"WebSite","@id":"https:\/\/suomenkuvalehti.fi\/tarinoitatieteesta\/#website","url":"https:\/\/suomenkuvalehti.fi\/tarinoitatieteesta\/","name":"Tarinoita tieteest\u00e4","description":"Biologi Tiina Raevaara tutkailee tieteen maailmaa kaunokirjailijan aivoin.","potentialAction":[{"@type":"SearchAction","target":{"@type":"EntryPoint","urlTemplate":"https:\/\/suomenkuvalehti.fi\/haku\/?q={search_term_string}"},"query-input":{"@type":"PropertyValueSpecification","valueRequired":true,"valueName":"search_term_string"}}],"inLanguage":"fi"},{"@type":"Person","@id":"https:\/\/suomenkuvalehti.fi\/tarinoitatieteesta\/#\/schema\/person\/bb9c6caa48b3f9394f20b9d28415bca6","name":"Tiina Raevaara","image":{"@type":"ImageObject","inLanguage":"fi","@id":"https:\/\/suomenkuvalehti.fi\/tarinoitatieteesta\/#\/schema\/person\/image\/","url":"https:\/\/suomenkuvalehti.fi\/tarinoitatieteesta\/wp-content\/uploads\/sites\/13\/2022\/04\/tiina_raevaara-150x150.jpg","contentUrl":"https:\/\/suomenkuvalehti.fi\/tarinoitatieteesta\/wp-content\/uploads\/sites\/13\/2022\/04\/tiina_raevaara-150x150.jpg","caption":"Tiina Raevaara"},"description":"Kirjoittaja Tiina Raevaara on filosofian tohtori ja kirjailija.","sameAs":["https:\/\/www.facebook.com\/pages\/Tiina-Raevaara-Tarinoita-tieteest\/280663078640821?fref=ts","https:\/\/x.com\/https:\/\/twitter.com\/raevaara"]}]}},"_links":{"self":[{"href":"https:\/\/suomenkuvalehti.fi\/tarinoitatieteesta\/wp-json\/wp\/v2\/posts\/171","targetHints":{"allow":["GET"]}}],"collection":[{"href":"https:\/\/suomenkuvalehti.fi\/tarinoitatieteesta\/wp-json\/wp\/v2\/posts"}],"about":[{"href":"https:\/\/suomenkuvalehti.fi\/tarinoitatieteesta\/wp-json\/wp\/v2\/types\/post"}],"author":[{"embeddable":true,"href":"https:\/\/suomenkuvalehti.fi\/tarinoitatieteesta\/wp-json\/wp\/v2\/users\/146"}],"replies":[{"embeddable":true,"href":"https:\/\/suomenkuvalehti.fi\/tarinoitatieteesta\/wp-json\/wp\/v2\/comments?post=171"}],"version-history":[{"count":0,"href":"https:\/\/suomenkuvalehti.fi\/tarinoitatieteesta\/wp-json\/wp\/v2\/posts\/171\/revisions"}],"wp:attachment":[{"href":"https:\/\/suomenkuvalehti.fi\/tarinoitatieteesta\/wp-json\/wp\/v2\/media?parent=171"}],"wp:term":[{"taxonomy":"category","embeddable":true,"href":"https:\/\/suomenkuvalehti.fi\/tarinoitatieteesta\/wp-json\/wp\/v2\/categories?post=171"},{"taxonomy":"post_tag","embeddable":true,"href":"https:\/\/suomenkuvalehti.fi\/tarinoitatieteesta\/wp-json\/wp\/v2\/tags?post=171"}],"curies":[{"name":"wp","href":"https:\/\/api.w.org\/{rel}","templated":true}]}}