{"id":1674,"date":"2019-03-23T09:35:33","date_gmt":"2019-03-23T07:35:33","guid":{"rendered":"https:\/\/suomenkuvalehti.fi\/tarinoitatieteesta\/?p=1674"},"modified":"2019-03-23T12:48:34","modified_gmt":"2019-03-23T10:48:34","slug":"journalistien-tiedevastainen-hopohopo-liike","status":"publish","type":"post","link":"https:\/\/suomenkuvalehti.fi\/tarinoitatieteesta\/journalistien-tiedevastainen-hopohopo-liike\/","title":{"rendered":"Journalistien tiedevastainen #h\u00f6p\u00f6h\u00f6p\u00f6-liike"},"content":{"rendered":"\n<p><span style=\"font-weight: 400;\">Joskus 2010-luvun alkupuolella kuulin harmittelua siit\u00e4, etteiv\u00e4t suomalaiset toimittajat olleet l\u00e4hteneet suurella joukolla sosiaaliseen mediaan. Somessa olisi ollut hyv\u00e4 puffata juttuja, luoda verkostoja, sitouttaa lukijoita ja tehd\u00e4 br\u00e4ndej\u00e4 niin medioista kuin journalisteistakin, mutta harmittelijoiden mielest\u00e4 toimittajat olivat turhan arkoja.<\/span><\/p>\n\n\n\n<p><span style=\"font-weight: 400;\">En\u00e4\u00e4 ei tarvitse harmitella &#8211; suomalaiset toimittajat ovat t\u00e4ytt\u00e4neet ainakin Twitterin. L\u00f6ytyy uusia, nuoria tekij\u00f6it\u00e4 ja p\u00e4\u00e4llikk\u00f6portaan kokenutta j\u00e4\u00e4r\u00e4\u00e4.<\/span><\/p>\n\n\n\n<p><span style=\"font-weight: 400;\">L\u00e4ht\u00f6kohtaisesti journalistien l\u00e4sn\u00e4olo somessa ei ole hyv\u00e4 eik\u00e4 huono asia. Tapoja hy\u00f6dynt\u00e4\u00e4 sosiaalista mediaa toimittajan ty\u00f6ss\u00e4 on lukuisia, ja toisaalta on hyv\u00e4, ett\u00e4 kaikenlaisissa viestint\u00e4kanavissa on ihmisi\u00e4 mahdollisimman erilaisista taustoista. <\/span><\/p>\n\n\n\n<p><span style=\"font-weight: 400;\">Viime aikoina olen silti l\u00f6yt\u00e4nyt itseni pohtimasta, ovatko journalistit somessa jo liiankin \u00e4\u00e4nekk\u00e4it\u00e4. <\/span><\/p>\n\n\n\n<p><span style=\"font-weight: 400;\">Saako n\u00e4in edes ajatella? Miten journalistien some\u00e4\u00e4nekkyys tekee keskustelulle? Mit\u00e4 se tekee journalismille? Onko journalisti vain tiedonv\u00e4litt\u00e4j\u00e4 vai alkaako h\u00e4n vaikuttaa jo tietoon itseens\u00e4? <\/span><\/p>\n\n\n\n<p><span style=\"font-weight: 400;\">Kaikki, jotka ovat viime aikoina seuranneet ilmastonmuutoksen tai lajikadon kaltaisiin isoihin ymp\u00e4rist\u00f6kysymyksiin liittyv\u00e4\u00e4 keskustelua Twitteriss\u00e4, ovat varmaankin huomanneet my\u00f6s journalistien osallistuvan keskusteluun. <\/span><\/p>\n\n\n\n<p><span style=\"font-weight: 400;\">On syyt\u00e4kin osallistua: aiheet ovat ihmiskunnan kohtalonkysymyksi\u00e4. On helpottavaa, ett\u00e4 esimerkiksi luonnon monimuotoisuuden nopea kaventuminen on viimeinkin tuntunut ylitt\u00e4v\u00e4n kunnolla uutiskynnyksen. <\/span><\/p>\n\n\n\n<p><span style=\"font-weight: 400;\">Er\u00e4\u00e4t journalistit ovat kuitenkin ottaneet teht\u00e4v\u00e4kseen v\u00e4itt\u00e4\u00e4 tutkimustuloksia virheellisiksi. He kommentoivat tieteentekij\u00f6iden lausumia ja johtop\u00e4\u00e4t\u00f6ksi\u00e4, tutkimusavauksia ja tiedeuutisia ja leimaavat ne #h\u00f6p\u00f6h\u00f6p\u00f6ksi (usein nimenomaan kyseisell\u00e4 hashtagilla). <\/span><\/p>\n\n\n\n<p><span style=\"font-weight: 400;\">H\u00f6p\u00f6h\u00f6p\u00f6ksi on nimitelty muun muassa maatalouden tuottamaa kuormaa It\u00e4merelle, lihansy\u00f6nnin ilmastovaikutuksia, hakkuiden vaikutusta lajikirjoon ja ylip\u00e4\u00e4t\u00e4\u00e4n joidenkin havaintoja eli\u00f6lajien v\u00e4henemisest\u00e4. Turhuutta on ollut muun muassa se, ett\u00e4 yliopistoissa tutkitaan kiukaiden hiukkasp\u00e4\u00e4st\u00f6j\u00e4, ylip\u00e4\u00e4t\u00e4\u00e4n koko p\u00e4\u00e4st\u00f6keskustelu ja erityisesti keskustelu ihmisten ruokavaliosta.<\/span><\/p>\n\n\n\n<p><span style=\"font-weight: 400;\">Kyse on samasta ilmi\u00f6st\u00e4, <a href=\"https:\/\/suomenkuvalehti.fi\/tarinoitatieteesta\/tutkija-meni-telkkariin-toimittaja-syytti-valehtelusta\/?shared=1569-0c9a30a2-999\" target=\"_blank\" rel=\"noopener\">josta kirjoitin kes\u00e4ll\u00e4<\/a>: kun Suomen ymp\u00e4rist\u00f6keskuksen erikoistutkija <strong>Seppo Knuuttila<\/strong> antoi MTV3:lle haastattelun It\u00e4meren sinilev\u00e4tilanteesta, kanavan oma toimittaja <strong>Vesa Kallionp\u00e4\u00e4<\/strong> syytti Knuuttilaa Twitteriss\u00e4 valehtelusta. <\/span><\/p>\n\n\n\n<p><span style=\"font-weight: 400;\">H\u00f6p\u00f6h\u00f6p\u00f6lehtimiehi\u00e4 riitt\u00e4\u00e4 varsinkin Twitteriss\u00e4. Oma &#8221;terve j\u00e4rki&#8221; tuntuu niin kaikkivoivalta, ett\u00e4 sill\u00e4 kiellet\u00e4\u00e4n niin It\u00e4meren tilanne kuin ilmastonmuutoskin. Toimittaja alkaa ajatella itse\u00e4\u00e4n tiedonv\u00e4litt\u00e4j\u00e4n sijaan asiantuntijana. <\/span><\/p>\n\n\n\n<p><span style=\"font-weight: 400;\">Viime vuosina on puhuttu paljon poliittisten p\u00e4\u00e4tt\u00e4jien nihke\u00e4st\u00e4 suhtautumisesta tieteentekoon. Tutkijoita ovat piikitelleet esimerkiksi&nbsp;<strong>Juha Sipil\u00e4<\/strong>&nbsp;ja&nbsp;<strong>Donald Trump<\/strong>. Tieteelt\u00e4 on leikattu toimintaedellytyksi\u00e4, ja tutkijoiden uskottavuutta on haluttu poliitikkojen taholta rapauttaa. <\/span><\/p>\n\n\n\n<p><span style=\"font-weight: 400;\">Nyt sama tiedekielteisyys alkaa olla my\u00f6s journalismin ongelma. <\/span><\/p>\n\n\n\n<p><span style=\"font-weight: 400;\">En\u00e4\u00e4 ei ole niin, ett\u00e4 journalismissa syyllistyt\u00e4\u00e4n tasapuolisuusharhaan, kun lehden sivuille nostetaan tasa-arvoisiksi keskustelijoiksi tieteentekij\u00e4 ja &#8221;kokenut&#8221; maallikko. <\/span><\/p>\n\n\n\n<p><span style=\"font-weight: 400;\">Nyt tutkimustuloksen leimaa h\u00f6p\u00f6h\u00f6p\u00f6ksi toimittaja itse. <\/span><\/p>\n\n\n","protected":false},"excerpt":{"rendered":"<p>Joskus 2010-luvun alkupuolella kuulin harmittelua siit\u00e4, etteiv\u00e4t suomalaiset toimittajat olleet l\u00e4hteneet suurella joukolla sosiaaliseen mediaan. Somessa olisi ollut hyv\u00e4 puffata juttuja, luoda verkostoja, sitouttaa lukijoita ja tehd\u00e4 br\u00e4ndej\u00e4 niin medioista kuin<br \/>\njourna&hellip;<\/p>\n","protected":false},"author":146,"featured_media":0,"comment_status":"open","ping_status":"open","sticky":false,"template":"","format":"standard","meta":{"_acf_changed":false,"asauth_required_access_level":3,"asauth_cansharepaid":"true","om_header_attributes":[],"footnotes":"","om_featured_image_focal_point":[],"om_primary_tag":0,"om_contributors":[],"om_co_authors":[],"beyondwords_generate_audio":"","beyondwords_project_id":"","beyondwords_content_id":"","beyondwords_preview_token":"","beyondwords_player_content":"","beyondwords_player_style":"","beyondwords_language_code":"","beyondwords_language_id":"","beyondwords_title_voice_id":"","beyondwords_body_voice_id":"","beyondwords_summary_voice_id":"","beyondwords_error_message":"","beyondwords_disabled":"","beyondwords_delete_content":"","beyondwords_podcast_id":"","beyondwords_hash":"","publish_post_to_speechkit":"","speechkit_hash":"","speechkit_generate_audio":"","speechkit_project_id":"","speechkit_podcast_id":"","speechkit_error_message":"","speechkit_disabled":"","speechkit_access_key":"","speechkit_error":"","speechkit_info":"","speechkit_response":"","speechkit_retries":"","speechkit_status":"","speechkit_updated_at":"","_speechkit_link":"","_speechkit_text":""},"categories":[1],"tags":[1303,43,252,1875,136,1320,1651,1873,1391,511,1874,39,6,573,1845,4,1637],"class_list":["post-1674","post","type-post","status-publish","format-standard","hentry","category-tarinoita-tieteesta","tag-biodiversiteetti","tag-ilmastonmuutos","tag-ilmastonmuutoskeskustelu","tag-ilmastotiede","tag-journalismi","tag-journalismin-etiikka","tag-journalistit","tag-lajikato","tag-luonnon-monimuotoisuus","tag-media","tag-seppo-knuuttila","tag-tiede-yhteiskunnassa","tag-tiedejournalismi","tag-toimittajat","tag-tutkijan-tyo","tag-tutkijat","tag-ymparistojournalismi"],"om_views":null,"acf":{"tuuma_off":false,"tuuma_kysymys":"","tuuma_vastaus":""},"asauth":{"required_access_level":1,"share_token":"","is_paid":false},"yoast_head":"<!-- This site is optimized with the Yoast SEO plugin v26.4 - https:\/\/yoast.com\/wordpress\/plugins\/seo\/ -->\n<title>Journalistien tiedevastainen #h\u00f6p\u00f6h\u00f6p\u00f6-liike - Tarinoita tieteest\u00e4<\/title>\n<meta name=\"description\" content=\"Poliitikkojen tiedevastaisuudesta on k\u00e4yty keskustelua. Nyt kannattaisi puhua toimittajien tiedevastaisuudesta.\" \/>\n<meta name=\"robots\" content=\"index, follow, max-snippet:-1, max-image-preview:large, max-video-preview:-1\" \/>\n<link rel=\"canonical\" href=\"https:\/\/suomenkuvalehti.fi\/tarinoitatieteesta\/journalistien-tiedevastainen-hopohopo-liike\/\" \/>\n<meta property=\"og:locale\" content=\"fi_FI\" \/>\n<meta property=\"og:type\" content=\"article\" \/>\n<meta property=\"og:title\" content=\"Journalistien tiedevastainen #h\u00f6p\u00f6h\u00f6p\u00f6-liike - Tarinoita tieteest\u00e4\" \/>\n<meta property=\"og:description\" content=\"Poliitikkojen tiedevastaisuudesta on k\u00e4yty keskustelua. Nyt kannattaisi puhua toimittajien tiedevastaisuudesta.\" \/>\n<meta property=\"og:url\" content=\"https:\/\/suomenkuvalehti.fi\/tarinoitatieteesta\/journalistien-tiedevastainen-hopohopo-liike\/\" \/>\n<meta property=\"og:site_name\" content=\"Tarinoita tieteest\u00e4\" \/>\n<meta property=\"article:author\" content=\"https:\/\/www.facebook.com\/pages\/Tiina-Raevaara-Tarinoita-tieteest\/280663078640821?fref=ts\" \/>\n<meta property=\"article:published_time\" content=\"2019-03-23T07:35:33+00:00\" \/>\n<meta property=\"article:modified_time\" content=\"2019-03-23T10:48:34+00:00\" \/>\n<meta property=\"og:image\" content=\"https:\/\/suomenkuvalehti.fi\/tarinoitatieteesta\/wp-content\/uploads\/sites\/13\/2022\/04\/tiina_raevaara-scaled.jpg\" \/>\n\t<meta property=\"og:image:width\" content=\"2560\" \/>\n\t<meta property=\"og:image:height\" content=\"1707\" \/>\n\t<meta property=\"og:image:type\" content=\"image\/jpeg\" \/>\n<meta name=\"author\" content=\"Tiina Raevaara\" \/>\n<meta name=\"twitter:card\" content=\"summary_large_image\" \/>\n<meta name=\"twitter:creator\" content=\"@https:\/\/twitter.com\/raevaara\" \/>\n<meta name=\"twitter:label1\" content=\"Written by\" \/>\n\t<meta name=\"twitter:data1\" content=\"Tiina Raevaara\" \/>\n\t<meta name=\"twitter:label2\" content=\"Est. reading time\" \/>\n\t<meta name=\"twitter:data2\" content=\"2 minuuttia\" \/>\n<script type=\"application\/ld+json\" class=\"yoast-schema-graph\">{\"@context\":\"https:\/\/schema.org\",\"@graph\":[{\"@type\":\"WebPage\",\"@id\":\"https:\/\/suomenkuvalehti.fi\/tarinoitatieteesta\/journalistien-tiedevastainen-hopohopo-liike\/\",\"url\":\"https:\/\/suomenkuvalehti.fi\/tarinoitatieteesta\/journalistien-tiedevastainen-hopohopo-liike\/\",\"name\":\"Journalistien tiedevastainen #h\u00f6p\u00f6h\u00f6p\u00f6-liike - Tarinoita tieteest\u00e4\",\"isPartOf\":{\"@id\":\"https:\/\/suomenkuvalehti.fi\/tarinoitatieteesta\/#website\"},\"datePublished\":\"2019-03-23T07:35:33+00:00\",\"dateModified\":\"2019-03-23T10:48:34+00:00\",\"author\":{\"@id\":\"https:\/\/suomenkuvalehti.fi\/tarinoitatieteesta\/#\/schema\/person\/bb9c6caa48b3f9394f20b9d28415bca6\"},\"description\":\"Poliitikkojen tiedevastaisuudesta on k\u00e4yty keskustelua. Nyt kannattaisi puhua toimittajien tiedevastaisuudesta.\",\"breadcrumb\":{\"@id\":\"https:\/\/suomenkuvalehti.fi\/tarinoitatieteesta\/journalistien-tiedevastainen-hopohopo-liike\/#breadcrumb\"},\"inLanguage\":\"fi\",\"potentialAction\":[{\"@type\":\"ReadAction\",\"target\":[\"https:\/\/suomenkuvalehti.fi\/tarinoitatieteesta\/journalistien-tiedevastainen-hopohopo-liike\/\"]}]},{\"@type\":\"BreadcrumbList\",\"@id\":\"https:\/\/suomenkuvalehti.fi\/tarinoitatieteesta\/journalistien-tiedevastainen-hopohopo-liike\/#breadcrumb\",\"itemListElement\":[{\"@type\":\"ListItem\",\"position\":1,\"name\":\"Home\",\"item\":\"https:\/\/suomenkuvalehti.fi\/tarinoitatieteesta\/\"},{\"@type\":\"ListItem\",\"position\":2,\"name\":\"Journalistien tiedevastainen #h\u00f6p\u00f6h\u00f6p\u00f6-liike\"}]},{\"@type\":\"WebSite\",\"@id\":\"https:\/\/suomenkuvalehti.fi\/tarinoitatieteesta\/#website\",\"url\":\"https:\/\/suomenkuvalehti.fi\/tarinoitatieteesta\/\",\"name\":\"Tarinoita tieteest\u00e4\",\"description\":\"Biologi Tiina Raevaara tutkailee tieteen maailmaa kaunokirjailijan aivoin.\",\"potentialAction\":[{\"@type\":\"SearchAction\",\"target\":{\"@type\":\"EntryPoint\",\"urlTemplate\":\"https:\/\/suomenkuvalehti.fi\/haku\/?q={search_term_string}\"},\"query-input\":{\"@type\":\"PropertyValueSpecification\",\"valueRequired\":true,\"valueName\":\"search_term_string\"}}],\"inLanguage\":\"fi\"},{\"@type\":\"Person\",\"@id\":\"https:\/\/suomenkuvalehti.fi\/tarinoitatieteesta\/#\/schema\/person\/bb9c6caa48b3f9394f20b9d28415bca6\",\"name\":\"Tiina Raevaara\",\"image\":{\"@type\":\"ImageObject\",\"inLanguage\":\"fi\",\"@id\":\"https:\/\/suomenkuvalehti.fi\/tarinoitatieteesta\/#\/schema\/person\/image\/\",\"url\":\"https:\/\/suomenkuvalehti.fi\/tarinoitatieteesta\/wp-content\/uploads\/sites\/13\/2022\/04\/tiina_raevaara-150x150.jpg\",\"contentUrl\":\"https:\/\/suomenkuvalehti.fi\/tarinoitatieteesta\/wp-content\/uploads\/sites\/13\/2022\/04\/tiina_raevaara-150x150.jpg\",\"caption\":\"Tiina Raevaara\"},\"description\":\"Kirjoittaja Tiina Raevaara on filosofian tohtori ja kirjailija.\",\"sameAs\":[\"https:\/\/www.facebook.com\/pages\/Tiina-Raevaara-Tarinoita-tieteest\/280663078640821?fref=ts\",\"https:\/\/x.com\/https:\/\/twitter.com\/raevaara\"]}]}<\/script>\n<!-- \/ Yoast SEO plugin. -->","yoast_head_json":{"title":"Journalistien tiedevastainen #h\u00f6p\u00f6h\u00f6p\u00f6-liike - Tarinoita tieteest\u00e4","description":"Poliitikkojen tiedevastaisuudesta on k\u00e4yty keskustelua. Nyt kannattaisi puhua toimittajien tiedevastaisuudesta.","robots":{"index":"index","follow":"follow","max-snippet":"max-snippet:-1","max-image-preview":"max-image-preview:large","max-video-preview":"max-video-preview:-1"},"canonical":"https:\/\/suomenkuvalehti.fi\/tarinoitatieteesta\/journalistien-tiedevastainen-hopohopo-liike\/","og_locale":"fi_FI","og_type":"article","og_title":"Journalistien tiedevastainen #h\u00f6p\u00f6h\u00f6p\u00f6-liike - Tarinoita tieteest\u00e4","og_description":"Poliitikkojen tiedevastaisuudesta on k\u00e4yty keskustelua. Nyt kannattaisi puhua toimittajien tiedevastaisuudesta.","og_url":"https:\/\/suomenkuvalehti.fi\/tarinoitatieteesta\/journalistien-tiedevastainen-hopohopo-liike\/","og_site_name":"Tarinoita tieteest\u00e4","article_author":"https:\/\/www.facebook.com\/pages\/Tiina-Raevaara-Tarinoita-tieteest\/280663078640821?fref=ts","article_published_time":"2019-03-23T07:35:33+00:00","article_modified_time":"2019-03-23T10:48:34+00:00","og_image":[{"width":2560,"height":1707,"url":"https:\/\/suomenkuvalehti.fi\/tarinoitatieteesta\/wp-content\/uploads\/sites\/13\/2022\/04\/tiina_raevaara-scaled.jpg","type":"image\/jpeg"}],"author":"Tiina Raevaara","twitter_card":"summary_large_image","twitter_creator":"@https:\/\/twitter.com\/raevaara","twitter_misc":{"Written by":"Tiina Raevaara","Est. reading time":"2 minuuttia"},"schema":{"@context":"https:\/\/schema.org","@graph":[{"@type":"WebPage","@id":"https:\/\/suomenkuvalehti.fi\/tarinoitatieteesta\/journalistien-tiedevastainen-hopohopo-liike\/","url":"https:\/\/suomenkuvalehti.fi\/tarinoitatieteesta\/journalistien-tiedevastainen-hopohopo-liike\/","name":"Journalistien tiedevastainen #h\u00f6p\u00f6h\u00f6p\u00f6-liike - Tarinoita tieteest\u00e4","isPartOf":{"@id":"https:\/\/suomenkuvalehti.fi\/tarinoitatieteesta\/#website"},"datePublished":"2019-03-23T07:35:33+00:00","dateModified":"2019-03-23T10:48:34+00:00","author":{"@id":"https:\/\/suomenkuvalehti.fi\/tarinoitatieteesta\/#\/schema\/person\/bb9c6caa48b3f9394f20b9d28415bca6"},"description":"Poliitikkojen tiedevastaisuudesta on k\u00e4yty keskustelua. Nyt kannattaisi puhua toimittajien tiedevastaisuudesta.","breadcrumb":{"@id":"https:\/\/suomenkuvalehti.fi\/tarinoitatieteesta\/journalistien-tiedevastainen-hopohopo-liike\/#breadcrumb"},"inLanguage":"fi","potentialAction":[{"@type":"ReadAction","target":["https:\/\/suomenkuvalehti.fi\/tarinoitatieteesta\/journalistien-tiedevastainen-hopohopo-liike\/"]}]},{"@type":"BreadcrumbList","@id":"https:\/\/suomenkuvalehti.fi\/tarinoitatieteesta\/journalistien-tiedevastainen-hopohopo-liike\/#breadcrumb","itemListElement":[{"@type":"ListItem","position":1,"name":"Home","item":"https:\/\/suomenkuvalehti.fi\/tarinoitatieteesta\/"},{"@type":"ListItem","position":2,"name":"Journalistien tiedevastainen #h\u00f6p\u00f6h\u00f6p\u00f6-liike"}]},{"@type":"WebSite","@id":"https:\/\/suomenkuvalehti.fi\/tarinoitatieteesta\/#website","url":"https:\/\/suomenkuvalehti.fi\/tarinoitatieteesta\/","name":"Tarinoita tieteest\u00e4","description":"Biologi Tiina Raevaara tutkailee tieteen maailmaa kaunokirjailijan aivoin.","potentialAction":[{"@type":"SearchAction","target":{"@type":"EntryPoint","urlTemplate":"https:\/\/suomenkuvalehti.fi\/haku\/?q={search_term_string}"},"query-input":{"@type":"PropertyValueSpecification","valueRequired":true,"valueName":"search_term_string"}}],"inLanguage":"fi"},{"@type":"Person","@id":"https:\/\/suomenkuvalehti.fi\/tarinoitatieteesta\/#\/schema\/person\/bb9c6caa48b3f9394f20b9d28415bca6","name":"Tiina Raevaara","image":{"@type":"ImageObject","inLanguage":"fi","@id":"https:\/\/suomenkuvalehti.fi\/tarinoitatieteesta\/#\/schema\/person\/image\/","url":"https:\/\/suomenkuvalehti.fi\/tarinoitatieteesta\/wp-content\/uploads\/sites\/13\/2022\/04\/tiina_raevaara-150x150.jpg","contentUrl":"https:\/\/suomenkuvalehti.fi\/tarinoitatieteesta\/wp-content\/uploads\/sites\/13\/2022\/04\/tiina_raevaara-150x150.jpg","caption":"Tiina Raevaara"},"description":"Kirjoittaja Tiina Raevaara on filosofian tohtori ja kirjailija.","sameAs":["https:\/\/www.facebook.com\/pages\/Tiina-Raevaara-Tarinoita-tieteest\/280663078640821?fref=ts","https:\/\/x.com\/https:\/\/twitter.com\/raevaara"]}]}},"_links":{"self":[{"href":"https:\/\/suomenkuvalehti.fi\/tarinoitatieteesta\/wp-json\/wp\/v2\/posts\/1674","targetHints":{"allow":["GET"]}}],"collection":[{"href":"https:\/\/suomenkuvalehti.fi\/tarinoitatieteesta\/wp-json\/wp\/v2\/posts"}],"about":[{"href":"https:\/\/suomenkuvalehti.fi\/tarinoitatieteesta\/wp-json\/wp\/v2\/types\/post"}],"author":[{"embeddable":true,"href":"https:\/\/suomenkuvalehti.fi\/tarinoitatieteesta\/wp-json\/wp\/v2\/users\/146"}],"replies":[{"embeddable":true,"href":"https:\/\/suomenkuvalehti.fi\/tarinoitatieteesta\/wp-json\/wp\/v2\/comments?post=1674"}],"version-history":[{"count":4,"href":"https:\/\/suomenkuvalehti.fi\/tarinoitatieteesta\/wp-json\/wp\/v2\/posts\/1674\/revisions"}],"predecessor-version":[{"id":1678,"href":"https:\/\/suomenkuvalehti.fi\/tarinoitatieteesta\/wp-json\/wp\/v2\/posts\/1674\/revisions\/1678"}],"wp:attachment":[{"href":"https:\/\/suomenkuvalehti.fi\/tarinoitatieteesta\/wp-json\/wp\/v2\/media?parent=1674"}],"wp:term":[{"taxonomy":"category","embeddable":true,"href":"https:\/\/suomenkuvalehti.fi\/tarinoitatieteesta\/wp-json\/wp\/v2\/categories?post=1674"},{"taxonomy":"post_tag","embeddable":true,"href":"https:\/\/suomenkuvalehti.fi\/tarinoitatieteesta\/wp-json\/wp\/v2\/tags?post=1674"}],"curies":[{"name":"wp","href":"https:\/\/api.w.org\/{rel}","templated":true}]}}