{"id":162,"date":"2012-08-13T16:34:34","date_gmt":"2012-08-13T13:34:34","guid":{"rendered":"https:\/\/suomenkuvalehti.fi\/tarinoitatieteesta\/2012\/08\/13\/nopeammin-korkeammalle-ja-voimakkaammin-paremmilla-jaloilla\/"},"modified":"2013-11-29T16:48:07","modified_gmt":"2013-11-29T14:48:07","slug":"nopeammin-korkeammalle-ja-voimakkaammin-paremmilla-jaloilla","status":"publish","type":"post","link":"https:\/\/suomenkuvalehti.fi\/tarinoitatieteesta\/nopeammin-korkeammalle-ja-voimakkaammin-paremmilla-jaloilla\/","title":{"rendered":"Nopeammin, korkeammalle ja voimakkaammin, paremmilla jaloilla"},"content":{"rendered":"\n<p>Olen seurannut mielenkiinnolla etel\u00e4afrikkalaisen pikajuoksijan <strong>Oscar<\/strong> &#8221;Blade Runner&#8221; <strong>Pistoriuksen<\/strong> uraa. Pistoriuksen molemmat jalat <a title=\"Wikipedia\" href=\"http:\/\/fi.wikipedia.org\/wiki\/Oscar_Pistorius\" target=\"_blank\">amputoitiin polven alapuolelta<\/a> vajaan vuoden i\u00e4ss\u00e4 synnynn\u00e4isen vamman vuoksi. Pistorius k\u00e4ytt\u00e4\u00e4 juostessaan hiilikuituisia proteeseja. H\u00e4nen tavoitteenaan on pitk\u00e4\u00e4n ollut olympialaisissa juokseminen, ei siis vain paralympialaisissa. T\u00e4n\u00e4 vuonna unelma toteutui.<\/p>\n\n\n\n<p>Pistoriuksen proteeseja on tutkittu vuosien varrella useaankin otteeseen. Kansainv\u00e4linen yleisurheiluliitto IAAF esti Pistoriuksen osallistumisen edellisiin olympialaisiin. Liiton mukaan proteeseista on selv\u00e4\u00e4 etua juostessa: ne mahdollistavat  normaalia pidemm\u00e4n askelen ja niiden ilmanvastus on pienempi kuin normaalin jalan. Kansainv\u00e4linen vetoomustuomioistuin purki IAAF:n p\u00e4\u00e4t\u00f6ksen, mutta Pistorius ei lopulta enn\u00e4tt\u00e4nyt alittaa vaadittavaa tulosrajaa.<\/p>\n\n\n\n<p>Lontoon olympialaisissa &#8221;Blade Runner&#8221; p\u00e4\u00e4si 400 metrin juoksussa v\u00e4lieriin saakka sek\u00e4 oli mukana maansa pitk\u00e4n viestin joukkueessa.<\/p>\n\n\n\n<p>On lopulta j\u00e4\u00e4nyt hieman ep\u00e4selv\u00e4ksi, kuinka paljon Pistorius hy\u00f6tyy proteeseistaan ja onko h\u00e4nell\u00e4 jonkinlaista etua niist\u00e4 verrattuna normaalijalkaiseen juoksijaan. Voi olla, ett\u00e4 hy\u00f6ty on mittavakin: vuonna 2009 tehdyn tutkimuksen mukaan hy\u00f6ty 400 metrin matkalla on jopa 10 sekuntia.<\/p>\n\n\n\n<p>IAAF on pyrkinyt rajoittamaan Pistoriuksen kilpailemista hieman kummallisilla keinoilla. Esimerkiksi viimeisimmiss\u00e4 yleisurheilun MM-kisoissa Pistorius <a title=\"Yle\" href=\"http:\/\/yle.fi\/urheilu\/jalka-amputoitu_pistorius_saa_nyt_juosta_vaikka_ankkuriosuuden\/6237580\" target=\"_blank\">ei saanut juosta viestist\u00e4 kuin avausosuuden<\/a>, koska liitto ilmoitti pelk\u00e4\u00e4v\u00e4ns\u00e4 proteesien aiheuttavan &#8221;vaaratilainteita vaihdoissa&#8221;. Kuulostaa hieman keinotekoiselta pelolta.<\/p>\n\n\n\n<p>Onko Oscar Pistoriuksen jaloilla vaikutusta yleisurheilun tulevaisuuteen? Ent\u00e4 jos proteeseilla todella juoksee nopeammin kuin tavallisilla jaloilla?<\/p>\n\n\n\n<p>Voisihan kuvitella, ett\u00e4 oudoin skenaario olisi t\u00e4llainen: Jo kymmenen vuoden kuluttua osa sprinttereist\u00e4 on leikkauttanut jalkansa pois ja juoksee proteeseilla. Ensimm\u00e4iset vapaaehtoiset amputaatiot naamioidaan ehk\u00e4 onnettomuuksiksi: jalat j\u00e4iv\u00e4t traktorin\/mankelin\/lihamyllyn\/Leninin patsaan alle\/sis\u00e4\u00e4n\/v\u00e4liin. Muutaman vuoden kuluttua jalkojen poistoa ei en\u00e4\u00e4 tarvitse naamioida, sitten tarpeeksi monella jo on sellaiset.<\/p>\n\n\n\n<p>T\u00e4llaiseen viittaa jopa <em>Helsingin Sanomien<\/em> p\u00e4\u00e4kirjoitus <a title=\"HS\" href=\"http:\/\/www.hs.fi\/paakirjoitukset\/Hiilikuituproteesit+rikkovat+rajoja\/a1343968014730\" target=\"_blank\">puolentoista viikon takaa<\/a>: &#8221;<em>Jos il\u00adman poh\u00adje\u00adlui\u00adta syn\u00adty\u00adneel\u00adle ja al\u00adle vuo\u00adden ik\u00e4i\u00adse\u00adn\u00e4 am\u00adpu\u00adtoi\u00addul\u00adle sal\u00adli\u00adtaan kim\u00admoi\u00adsat pro\u00adtee\u00adsit, mil\u00adlai\u00adsia kei\u00adno\u00adja ko\u00adkei\u00adle\u00advat seu\u00adraa\u00advak\u00adsi \u00e4\u00e4\u00adrim\u00adm\u00e4i\u00adsen voi\u00adton\u00adn\u00e4l\u00adk\u00e4i\u00adset kil\u00adpai\u00adli\u00adjat? Edes\u00ads\u00e4 voi ol\u00adla v\u00e4\u00adli\u00adne\u00addo\u00adping<\/em>.&#8221;<\/p>\n\n\n\n<p><a title=\"New Scientist\" href=\"http:\/\/www.newscientist.com\/article\/mg21528775.500-olympic-blade-runner-challenges-our-view-of-humanity.html\" target=\"_blank\">Samantyyppisi\u00e4 pohdintoja<\/a> esitt\u00e4\u00e4 <em>New Scientistiin<\/em> kirjoittanut tulevaisuudentutkija <strong>Anders Sandberg<\/strong>.<\/p>\n\n\n\n<p>Pistorius h\u00e4mment\u00e4\u00e4 rajoja &#8221;kelvon&#8221; ja &#8221;kelvottoman&#8221; tai &#8221;ehj\u00e4n&#8221; ja &#8221;vammautuneen&#8221; ihmiskehon v\u00e4lill\u00e4. Kilpaurheiluun parhaiten sopiva keho ei pian en\u00e4\u00e4 olekaan sellainen, johon olemme tottuneet. Ihmisen kehitt\u00e4miss\u00e4 kilpailuissa p\u00e4rj\u00e4\u00e4 ehk\u00e4 parhaiten ihmisen parantelemalla keholla.<\/p>\n\n\n<figure class=\"wp-block-image size-full alignnone\">\n  <div class=\"wp-block-image__inner-container\">\n    <a href='https:\/\/suomenkuvalehti.fi\/wp-content\/uploads\/sk\/mediagallery\/2012\/8\/12\/833653\/272s_v12023dw.jpg'><img decoding=\"async\" src=\"https:\/\/suomenkuvalehti.fi\/wp-content\/uploads\/sk\/mediagallery\/2012\/8\/12\/833653\/272s_v12023dw.jpg\" alt=\"Pistorius\"\/><\/a>  <\/div>\n<\/figure>\n\n\n","protected":false},"excerpt":{"rendered":"<p>Olen seurannut mielenkiinnolla etel\u00e4afrikkalaisen pikajuoksijan Oscar &#8221;Blade Runner&#8221; Pistoriuksen uraa. Pistoriuksen molemmat jalat amputoitiin polven alapuolelta vajaan vuoden i\u00e4ss\u00e4 synnynn\u00e4isen vamman vuoksi. Pistorius k\u00e4ytt\u00e4\u00e4 juostessaan<br \/>\nhiilik&hellip;<\/p>\n","protected":false},"author":146,"featured_media":0,"comment_status":"open","ping_status":"open","sticky":false,"template":"","format":"standard","meta":{"_acf_changed":false,"asauth_required_access_level":0,"asauth_cansharepaid":"","om_header_attributes":[],"footnotes":"","om_featured_image_focal_point":[],"om_primary_tag":0,"om_contributors":[],"om_co_authors":[],"beyondwords_generate_audio":"","beyondwords_project_id":"","beyondwords_content_id":"","beyondwords_preview_token":"","beyondwords_player_content":"","beyondwords_player_style":"","beyondwords_language_code":"","beyondwords_language_id":"","beyondwords_title_voice_id":"","beyondwords_body_voice_id":"","beyondwords_summary_voice_id":"","beyondwords_error_message":"","beyondwords_disabled":"","beyondwords_delete_content":"","beyondwords_podcast_id":"","beyondwords_hash":"","publish_post_to_speechkit":"","speechkit_hash":"","speechkit_generate_audio":"","speechkit_project_id":"","speechkit_podcast_id":"","speechkit_error_message":"","speechkit_disabled":"","speechkit_access_key":"","speechkit_error":"","speechkit_info":"","speechkit_response":"","speechkit_retries":"","speechkit_status":"","speechkit_updated_at":"","_speechkit_link":"","_speechkit_text":""},"categories":[1],"tags":[826,824,819,820,823,822,825,821],"class_list":["post-162","post","type-post","status-publish","format-standard","hentry","category-tarinoita-tieteesta","tag-amputaatio","tag-jalkaproteesit","tag-olympialaiset","tag-oscar-pistorius","tag-paralympialaiset","tag-pikajuoksu","tag-proteesit","tag-urheilu"],"om_views":null,"acf":{"tuuma_off":false,"tuuma_kysymys":"","tuuma_vastaus":""},"asauth":{"required_access_level":1,"share_token":"","is_paid":false},"yoast_head":"<!-- This site is optimized with the Yoast SEO plugin v26.4 - https:\/\/yoast.com\/wordpress\/plugins\/seo\/ -->\n<title>Nopeammin, korkeammalle ja voimakkaammin, paremmilla jaloilla - Tarinoita tieteest\u00e4<\/title>\n<meta name=\"robots\" content=\"index, follow, max-snippet:-1, max-image-preview:large, max-video-preview:-1\" \/>\n<link rel=\"canonical\" href=\"https:\/\/suomenkuvalehti.fi\/tarinoitatieteesta\/nopeammin-korkeammalle-ja-voimakkaammin-paremmilla-jaloilla\/\" \/>\n<meta property=\"og:locale\" content=\"fi_FI\" \/>\n<meta property=\"og:type\" content=\"article\" \/>\n<meta property=\"og:title\" content=\"Nopeammin, korkeammalle ja voimakkaammin, paremmilla jaloilla - Tarinoita tieteest\u00e4\" \/>\n<meta property=\"og:description\" content=\"Olen seurannut mielenkiinnolla etel\u00e4afrikkalaisen pikajuoksijan Oscar &#8221;Blade Runner&#8221; Pistoriuksen uraa. Pistoriuksen molemmat jalat amputoitiin polven alapuolelta vajaan vuoden i\u00e4ss\u00e4 synnynn\u00e4isen vamman vuoksi. Pistorius k\u00e4ytt\u00e4\u00e4 juostessaan hiilik&hellip;\" \/>\n<meta property=\"og:url\" content=\"https:\/\/suomenkuvalehti.fi\/tarinoitatieteesta\/nopeammin-korkeammalle-ja-voimakkaammin-paremmilla-jaloilla\/\" \/>\n<meta property=\"og:site_name\" content=\"Tarinoita tieteest\u00e4\" \/>\n<meta property=\"article:author\" content=\"https:\/\/www.facebook.com\/pages\/Tiina-Raevaara-Tarinoita-tieteest\/280663078640821?fref=ts\" \/>\n<meta property=\"article:published_time\" content=\"2012-08-13T13:34:34+00:00\" \/>\n<meta property=\"article:modified_time\" content=\"2013-11-29T14:48:07+00:00\" \/>\n<meta property=\"og:image\" content=\"https:\/\/suomenkuvalehti.fi\/wp-content\/uploads\/sk\/mediagallery\/2012\/8\/12\/833653\/272s_v12023dw.jpg\" \/>\n<meta name=\"author\" content=\"Tiina Raevaara\" \/>\n<meta name=\"twitter:card\" content=\"summary_large_image\" \/>\n<meta name=\"twitter:creator\" content=\"@https:\/\/twitter.com\/raevaara\" \/>\n<meta name=\"twitter:label1\" content=\"Written by\" \/>\n\t<meta name=\"twitter:data1\" content=\"Tiina Raevaara\" \/>\n\t<meta name=\"twitter:label2\" content=\"Est. reading time\" \/>\n\t<meta name=\"twitter:data2\" content=\"2 minuuttia\" \/>\n<script type=\"application\/ld+json\" class=\"yoast-schema-graph\">{\"@context\":\"https:\/\/schema.org\",\"@graph\":[{\"@type\":\"WebPage\",\"@id\":\"https:\/\/suomenkuvalehti.fi\/tarinoitatieteesta\/nopeammin-korkeammalle-ja-voimakkaammin-paremmilla-jaloilla\/\",\"url\":\"https:\/\/suomenkuvalehti.fi\/tarinoitatieteesta\/nopeammin-korkeammalle-ja-voimakkaammin-paremmilla-jaloilla\/\",\"name\":\"Nopeammin, korkeammalle ja voimakkaammin, paremmilla jaloilla - Tarinoita tieteest\u00e4\",\"isPartOf\":{\"@id\":\"https:\/\/suomenkuvalehti.fi\/tarinoitatieteesta\/#website\"},\"primaryImageOfPage\":{\"@id\":\"https:\/\/suomenkuvalehti.fi\/tarinoitatieteesta\/nopeammin-korkeammalle-ja-voimakkaammin-paremmilla-jaloilla\/#primaryimage\"},\"image\":{\"@id\":\"https:\/\/suomenkuvalehti.fi\/tarinoitatieteesta\/nopeammin-korkeammalle-ja-voimakkaammin-paremmilla-jaloilla\/#primaryimage\"},\"thumbnailUrl\":\"https:\/\/suomenkuvalehti.fi\/wp-content\/uploads\/sk\/mediagallery\/2012\/8\/12\/833653\/272s_v12023dw.jpg\",\"datePublished\":\"2012-08-13T13:34:34+00:00\",\"dateModified\":\"2013-11-29T14:48:07+00:00\",\"author\":{\"@id\":\"https:\/\/suomenkuvalehti.fi\/tarinoitatieteesta\/#\/schema\/person\/bb9c6caa48b3f9394f20b9d28415bca6\"},\"breadcrumb\":{\"@id\":\"https:\/\/suomenkuvalehti.fi\/tarinoitatieteesta\/nopeammin-korkeammalle-ja-voimakkaammin-paremmilla-jaloilla\/#breadcrumb\"},\"inLanguage\":\"fi\",\"potentialAction\":[{\"@type\":\"ReadAction\",\"target\":[\"https:\/\/suomenkuvalehti.fi\/tarinoitatieteesta\/nopeammin-korkeammalle-ja-voimakkaammin-paremmilla-jaloilla\/\"]}]},{\"@type\":\"ImageObject\",\"inLanguage\":\"fi\",\"@id\":\"https:\/\/suomenkuvalehti.fi\/tarinoitatieteesta\/nopeammin-korkeammalle-ja-voimakkaammin-paremmilla-jaloilla\/#primaryimage\",\"url\":\"https:\/\/suomenkuvalehti.fi\/wp-content\/uploads\/sk\/mediagallery\/2012\/8\/12\/833653\/272s_v12023dw.jpg\",\"contentUrl\":\"https:\/\/suomenkuvalehti.fi\/wp-content\/uploads\/sk\/mediagallery\/2012\/8\/12\/833653\/272s_v12023dw.jpg\"},{\"@type\":\"BreadcrumbList\",\"@id\":\"https:\/\/suomenkuvalehti.fi\/tarinoitatieteesta\/nopeammin-korkeammalle-ja-voimakkaammin-paremmilla-jaloilla\/#breadcrumb\",\"itemListElement\":[{\"@type\":\"ListItem\",\"position\":1,\"name\":\"Home\",\"item\":\"https:\/\/suomenkuvalehti.fi\/tarinoitatieteesta\/\"},{\"@type\":\"ListItem\",\"position\":2,\"name\":\"Nopeammin, korkeammalle ja voimakkaammin, paremmilla jaloilla\"}]},{\"@type\":\"WebSite\",\"@id\":\"https:\/\/suomenkuvalehti.fi\/tarinoitatieteesta\/#website\",\"url\":\"https:\/\/suomenkuvalehti.fi\/tarinoitatieteesta\/\",\"name\":\"Tarinoita tieteest\u00e4\",\"description\":\"Biologi Tiina Raevaara tutkailee tieteen maailmaa kaunokirjailijan aivoin.\",\"potentialAction\":[{\"@type\":\"SearchAction\",\"target\":{\"@type\":\"EntryPoint\",\"urlTemplate\":\"https:\/\/suomenkuvalehti.fi\/haku\/?q={search_term_string}\"},\"query-input\":{\"@type\":\"PropertyValueSpecification\",\"valueRequired\":true,\"valueName\":\"search_term_string\"}}],\"inLanguage\":\"fi\"},{\"@type\":\"Person\",\"@id\":\"https:\/\/suomenkuvalehti.fi\/tarinoitatieteesta\/#\/schema\/person\/bb9c6caa48b3f9394f20b9d28415bca6\",\"name\":\"Tiina Raevaara\",\"image\":{\"@type\":\"ImageObject\",\"inLanguage\":\"fi\",\"@id\":\"https:\/\/suomenkuvalehti.fi\/tarinoitatieteesta\/#\/schema\/person\/image\/\",\"url\":\"https:\/\/suomenkuvalehti.fi\/tarinoitatieteesta\/wp-content\/uploads\/sites\/13\/2022\/04\/tiina_raevaara-150x150.jpg\",\"contentUrl\":\"https:\/\/suomenkuvalehti.fi\/tarinoitatieteesta\/wp-content\/uploads\/sites\/13\/2022\/04\/tiina_raevaara-150x150.jpg\",\"caption\":\"Tiina Raevaara\"},\"description\":\"Kirjoittaja Tiina Raevaara on filosofian tohtori ja kirjailija.\",\"sameAs\":[\"https:\/\/www.facebook.com\/pages\/Tiina-Raevaara-Tarinoita-tieteest\/280663078640821?fref=ts\",\"https:\/\/x.com\/https:\/\/twitter.com\/raevaara\"]}]}<\/script>\n<!-- \/ Yoast SEO plugin. -->","yoast_head_json":{"title":"Nopeammin, korkeammalle ja voimakkaammin, paremmilla jaloilla - Tarinoita tieteest\u00e4","robots":{"index":"index","follow":"follow","max-snippet":"max-snippet:-1","max-image-preview":"max-image-preview:large","max-video-preview":"max-video-preview:-1"},"canonical":"https:\/\/suomenkuvalehti.fi\/tarinoitatieteesta\/nopeammin-korkeammalle-ja-voimakkaammin-paremmilla-jaloilla\/","og_locale":"fi_FI","og_type":"article","og_title":"Nopeammin, korkeammalle ja voimakkaammin, paremmilla jaloilla - Tarinoita tieteest\u00e4","og_description":"Olen seurannut mielenkiinnolla etel\u00e4afrikkalaisen pikajuoksijan Oscar &#8221;Blade Runner&#8221; Pistoriuksen uraa. Pistoriuksen molemmat jalat amputoitiin polven alapuolelta vajaan vuoden i\u00e4ss\u00e4 synnynn\u00e4isen vamman vuoksi. Pistorius k\u00e4ytt\u00e4\u00e4 juostessaan hiilik&hellip;","og_url":"https:\/\/suomenkuvalehti.fi\/tarinoitatieteesta\/nopeammin-korkeammalle-ja-voimakkaammin-paremmilla-jaloilla\/","og_site_name":"Tarinoita tieteest\u00e4","article_author":"https:\/\/www.facebook.com\/pages\/Tiina-Raevaara-Tarinoita-tieteest\/280663078640821?fref=ts","article_published_time":"2012-08-13T13:34:34+00:00","article_modified_time":"2013-11-29T14:48:07+00:00","og_image":[{"url":"https:\/\/suomenkuvalehti.fi\/wp-content\/uploads\/sk\/mediagallery\/2012\/8\/12\/833653\/272s_v12023dw.jpg","type":"","width":"","height":""}],"author":"Tiina Raevaara","twitter_card":"summary_large_image","twitter_creator":"@https:\/\/twitter.com\/raevaara","twitter_misc":{"Written by":"Tiina Raevaara","Est. reading time":"2 minuuttia"},"schema":{"@context":"https:\/\/schema.org","@graph":[{"@type":"WebPage","@id":"https:\/\/suomenkuvalehti.fi\/tarinoitatieteesta\/nopeammin-korkeammalle-ja-voimakkaammin-paremmilla-jaloilla\/","url":"https:\/\/suomenkuvalehti.fi\/tarinoitatieteesta\/nopeammin-korkeammalle-ja-voimakkaammin-paremmilla-jaloilla\/","name":"Nopeammin, korkeammalle ja voimakkaammin, paremmilla jaloilla - Tarinoita tieteest\u00e4","isPartOf":{"@id":"https:\/\/suomenkuvalehti.fi\/tarinoitatieteesta\/#website"},"primaryImageOfPage":{"@id":"https:\/\/suomenkuvalehti.fi\/tarinoitatieteesta\/nopeammin-korkeammalle-ja-voimakkaammin-paremmilla-jaloilla\/#primaryimage"},"image":{"@id":"https:\/\/suomenkuvalehti.fi\/tarinoitatieteesta\/nopeammin-korkeammalle-ja-voimakkaammin-paremmilla-jaloilla\/#primaryimage"},"thumbnailUrl":"https:\/\/suomenkuvalehti.fi\/wp-content\/uploads\/sk\/mediagallery\/2012\/8\/12\/833653\/272s_v12023dw.jpg","datePublished":"2012-08-13T13:34:34+00:00","dateModified":"2013-11-29T14:48:07+00:00","author":{"@id":"https:\/\/suomenkuvalehti.fi\/tarinoitatieteesta\/#\/schema\/person\/bb9c6caa48b3f9394f20b9d28415bca6"},"breadcrumb":{"@id":"https:\/\/suomenkuvalehti.fi\/tarinoitatieteesta\/nopeammin-korkeammalle-ja-voimakkaammin-paremmilla-jaloilla\/#breadcrumb"},"inLanguage":"fi","potentialAction":[{"@type":"ReadAction","target":["https:\/\/suomenkuvalehti.fi\/tarinoitatieteesta\/nopeammin-korkeammalle-ja-voimakkaammin-paremmilla-jaloilla\/"]}]},{"@type":"ImageObject","inLanguage":"fi","@id":"https:\/\/suomenkuvalehti.fi\/tarinoitatieteesta\/nopeammin-korkeammalle-ja-voimakkaammin-paremmilla-jaloilla\/#primaryimage","url":"https:\/\/suomenkuvalehti.fi\/wp-content\/uploads\/sk\/mediagallery\/2012\/8\/12\/833653\/272s_v12023dw.jpg","contentUrl":"https:\/\/suomenkuvalehti.fi\/wp-content\/uploads\/sk\/mediagallery\/2012\/8\/12\/833653\/272s_v12023dw.jpg"},{"@type":"BreadcrumbList","@id":"https:\/\/suomenkuvalehti.fi\/tarinoitatieteesta\/nopeammin-korkeammalle-ja-voimakkaammin-paremmilla-jaloilla\/#breadcrumb","itemListElement":[{"@type":"ListItem","position":1,"name":"Home","item":"https:\/\/suomenkuvalehti.fi\/tarinoitatieteesta\/"},{"@type":"ListItem","position":2,"name":"Nopeammin, korkeammalle ja voimakkaammin, paremmilla jaloilla"}]},{"@type":"WebSite","@id":"https:\/\/suomenkuvalehti.fi\/tarinoitatieteesta\/#website","url":"https:\/\/suomenkuvalehti.fi\/tarinoitatieteesta\/","name":"Tarinoita tieteest\u00e4","description":"Biologi Tiina Raevaara tutkailee tieteen maailmaa kaunokirjailijan aivoin.","potentialAction":[{"@type":"SearchAction","target":{"@type":"EntryPoint","urlTemplate":"https:\/\/suomenkuvalehti.fi\/haku\/?q={search_term_string}"},"query-input":{"@type":"PropertyValueSpecification","valueRequired":true,"valueName":"search_term_string"}}],"inLanguage":"fi"},{"@type":"Person","@id":"https:\/\/suomenkuvalehti.fi\/tarinoitatieteesta\/#\/schema\/person\/bb9c6caa48b3f9394f20b9d28415bca6","name":"Tiina Raevaara","image":{"@type":"ImageObject","inLanguage":"fi","@id":"https:\/\/suomenkuvalehti.fi\/tarinoitatieteesta\/#\/schema\/person\/image\/","url":"https:\/\/suomenkuvalehti.fi\/tarinoitatieteesta\/wp-content\/uploads\/sites\/13\/2022\/04\/tiina_raevaara-150x150.jpg","contentUrl":"https:\/\/suomenkuvalehti.fi\/tarinoitatieteesta\/wp-content\/uploads\/sites\/13\/2022\/04\/tiina_raevaara-150x150.jpg","caption":"Tiina Raevaara"},"description":"Kirjoittaja Tiina Raevaara on filosofian tohtori ja kirjailija.","sameAs":["https:\/\/www.facebook.com\/pages\/Tiina-Raevaara-Tarinoita-tieteest\/280663078640821?fref=ts","https:\/\/x.com\/https:\/\/twitter.com\/raevaara"]}]}},"_links":{"self":[{"href":"https:\/\/suomenkuvalehti.fi\/tarinoitatieteesta\/wp-json\/wp\/v2\/posts\/162","targetHints":{"allow":["GET"]}}],"collection":[{"href":"https:\/\/suomenkuvalehti.fi\/tarinoitatieteesta\/wp-json\/wp\/v2\/posts"}],"about":[{"href":"https:\/\/suomenkuvalehti.fi\/tarinoitatieteesta\/wp-json\/wp\/v2\/types\/post"}],"author":[{"embeddable":true,"href":"https:\/\/suomenkuvalehti.fi\/tarinoitatieteesta\/wp-json\/wp\/v2\/users\/146"}],"replies":[{"embeddable":true,"href":"https:\/\/suomenkuvalehti.fi\/tarinoitatieteesta\/wp-json\/wp\/v2\/comments?post=162"}],"version-history":[{"count":1,"href":"https:\/\/suomenkuvalehti.fi\/tarinoitatieteesta\/wp-json\/wp\/v2\/posts\/162\/revisions"}],"predecessor-version":[{"id":357,"href":"https:\/\/suomenkuvalehti.fi\/tarinoitatieteesta\/wp-json\/wp\/v2\/posts\/162\/revisions\/357"}],"wp:attachment":[{"href":"https:\/\/suomenkuvalehti.fi\/tarinoitatieteesta\/wp-json\/wp\/v2\/media?parent=162"}],"wp:term":[{"taxonomy":"category","embeddable":true,"href":"https:\/\/suomenkuvalehti.fi\/tarinoitatieteesta\/wp-json\/wp\/v2\/categories?post=162"},{"taxonomy":"post_tag","embeddable":true,"href":"https:\/\/suomenkuvalehti.fi\/tarinoitatieteesta\/wp-json\/wp\/v2\/tags?post=162"}],"curies":[{"name":"wp","href":"https:\/\/api.w.org\/{rel}","templated":true}]}}