{"id":143,"date":"2012-10-11T16:22:02","date_gmt":"2012-10-11T13:22:02","guid":{"rendered":"https:\/\/suomenkuvalehti.fi\/tarinoitatieteesta\/2012\/10\/11\/esinahka-ei-unohdu\/"},"modified":"2013-11-29T15:27:44","modified_gmt":"2013-11-29T13:27:44","slug":"esinahka-ei-unohdu","status":"publish","type":"post","link":"https:\/\/suomenkuvalehti.fi\/tarinoitatieteesta\/esinahka-ei-unohdu\/","title":{"rendered":"Esinahka ei unohdu"},"content":{"rendered":"\n<p>Mediapersoona <strong>Ruben Stiller<\/strong> huomioi minut tuoreessa <em>Image<\/em>-lehden kolumnissaan. <\/p>\n\n\n\n<p>Poikien ei-l\u00e4\u00e4ketieteellisi\u00e4 ymp\u00e4rileikkauksia paheksuvat kirjoitukseni ovat \u00e4rsytt\u00e4neet ymp\u00e4rileikatuksi tunnustautuvaa Stilleri\u00e4: &#8221;<em>Ennen t\u00e4llaista logiikkaa harrastivat l\u00e4hetyssaarnaajat ja rasistit. Nyt suvaitsevaiston j\u00e4senet ovat omaksuneet rasistien temput ja yritt\u00e4v\u00e4t sivist\u00e4\u00e4 villit juutalaiset ja muslimit. Muslimeihin kohdistuva rasismi ja antisemitismi ovat vain pitk\u00e4stytt\u00e4v\u00e4 sivujuonne, kun silpojat yritet\u00e4\u00e4n saada kuriin seksuaalisen tasavertaisuuden ja suvaitsevaisuuden nimiss\u00e4. Taustalla kuuluu karvaisten k\u00e4sien taputus. Jussi Halla-aho kiitt\u00e4\u00e4<\/em>.&#8221; (&#8221;T\u00e4llainen logiikka&#8221; viittaa <a title=\"Tarinoita tieteest\u00e4\" href=\"https:\/\/suomenkuvalehti.fi\/tarinoitatieteesta\/2012\/02\/25\/alkaa-silpoko-poikianne\/\" target=\"_blank\">t\u00e4ss\u00e4 kirjoituksessa<\/a> esitt\u00e4miini argumentteihin.) <\/p>\n\n\n\n<p>N\u00e4in helposti tulen liitetyksi niin l\u00e4hetysty\u00f6h\u00f6n, rasismiin, suvaitsevaistoon, antisemitismiin kuin Jussi Halla-ahon kannattajakuntaankin.<\/p>\n\n\n\n<p>Ruben Stillerin kolumnin voi lukea t\u00e4\u00e4lt\u00e4:&nbsp;<br><a title=\"Image\" href=\"http:\/\/www.image.fi\/kolumnit\/esinahkaa-ei-j-tet\">http:\/\/www.image.fi\/kolumnit\/esinahkaa-ei-j-tet<\/a><\/p>\n\n\n\n<p>Omia ei-l\u00e4\u00e4ketieteellist\u00e4 ymp\u00e4rileikkausta koskevia blogikirjoituksiani voi lukea n\u00e4ist\u00e4 linkeist\u00e4:<\/p>\n\n\n\n<p><a title=\"Tarinoita tieteest\u00e4\" href=\"https:\/\/suomenkuvalehti.fi\/tarinoitatieteesta\/2012\/02\/25\/alkaa-silpoko-poikianne\/\" target=\"_blank\">https:\/\/suomenkuvalehti.fi\/blogit\/tarinoita-tieteesta\/alkaa-silpoko-poikianne<\/a><\/p>\n\n\n\n<p><a title=\"Tarinoita tieteest\u00e4\" href=\"https:\/\/suomenkuvalehti.fi\/tarinoitatieteesta\/2012\/05\/18\/tyossani-noudatan-laakarin-etiikkaa\/\" target=\"_blank\">https:\/\/suomenkuvalehti.fi\/blogit\/tarinoita-tieteesta\/tyossani-noudatan-laakarin-etiikkaa<\/a><\/p>\n\n\n\n<p><a title=\"Tarinoita tieteest\u00e4\" href=\"https:\/\/suomenkuvalehti.fi\/tarinoitatieteesta\/2012\/04\/21\/miehet-ja-naiset-pahoja-kaikki-tyynni\/\" target=\"_blank\">https:\/\/suomenkuvalehti.fi\/blogit\/tarinoita-tieteesta\/miehet-ja-naiset-pahoja-kaikki-tyynni<\/a><\/p>\n\n\n","protected":false},"excerpt":{"rendered":"<p>Mediapersoona Ruben Stiller huomioi minut tuoreessa Image-lehden kolumnissaan. Poikien ei-l\u00e4\u00e4ketieteellisi\u00e4 ymp\u00e4rileikkauksia paheksuvat kirjoitukseni ovat \u00e4rsytt\u00e4neet ymp\u00e4rileikatuksi tunnustautuvaa Stilleri\u00e4: &#8221;Ennen t\u00e4llaista logiikkaa harrastivat l\u00e4hetyssaarnaajat ja rasistit. Nyt<br \/>\nsuvaitsev&hellip;<\/p>\n","protected":false},"author":146,"featured_media":0,"comment_status":"open","ping_status":"open","sticky":false,"template":"","format":"standard","meta":{"_acf_changed":false,"asauth_required_access_level":0,"asauth_cansharepaid":"","om_header_attributes":[],"footnotes":"","om_featured_image_focal_point":[],"om_primary_tag":0,"om_contributors":[],"om_co_authors":[],"beyondwords_generate_audio":"","beyondwords_project_id":"","beyondwords_content_id":"","beyondwords_preview_token":"","beyondwords_player_content":"","beyondwords_player_style":"","beyondwords_language_code":"","beyondwords_language_id":"","beyondwords_title_voice_id":"","beyondwords_body_voice_id":"","beyondwords_summary_voice_id":"","beyondwords_error_message":"","beyondwords_disabled":"","beyondwords_delete_content":"","beyondwords_podcast_id":"","beyondwords_hash":"","publish_post_to_speechkit":"","speechkit_hash":"","speechkit_generate_audio":"","speechkit_project_id":"","speechkit_podcast_id":"","speechkit_error_message":"","speechkit_disabled":"","speechkit_access_key":"","speechkit_error":"","speechkit_info":"","speechkit_response":"","speechkit_retries":"","speechkit_status":"","speechkit_updated_at":"","_speechkit_link":"","_speechkit_text":""},"categories":[1],"tags":[752,67,386,751,750],"class_list":["post-143","post","type-post","status-publish","format-standard","hentry","category-tarinoita-tieteesta","tag-antisemitismi","tag-laaketiede","tag-rasismi","tag-ruben-stiller","tag-ymparileikkaus"],"om_views":null,"acf":{"tuuma_off":false,"tuuma_kysymys":"","tuuma_vastaus":""},"asauth":{"required_access_level":1,"share_token":"","is_paid":false},"yoast_head":"<!-- This site is optimized with the Yoast SEO plugin v26.4 - https:\/\/yoast.com\/wordpress\/plugins\/seo\/ -->\n<title>Esinahka ei unohdu - Tarinoita tieteest\u00e4<\/title>\n<meta name=\"robots\" content=\"index, follow, max-snippet:-1, max-image-preview:large, max-video-preview:-1\" \/>\n<link rel=\"canonical\" href=\"https:\/\/suomenkuvalehti.fi\/tarinoitatieteesta\/esinahka-ei-unohdu\/\" \/>\n<meta property=\"og:locale\" content=\"fi_FI\" \/>\n<meta property=\"og:type\" content=\"article\" \/>\n<meta property=\"og:title\" content=\"Esinahka ei unohdu - Tarinoita tieteest\u00e4\" \/>\n<meta property=\"og:description\" content=\"Mediapersoona Ruben Stiller huomioi minut tuoreessa Image-lehden kolumnissaan. Poikien ei-l\u00e4\u00e4ketieteellisi\u00e4 ymp\u00e4rileikkauksia paheksuvat kirjoitukseni ovat \u00e4rsytt\u00e4neet ymp\u00e4rileikatuksi tunnustautuvaa Stilleri\u00e4: &#8221;Ennen t\u00e4llaista logiikkaa harrastivat l\u00e4hetyssaarnaajat ja rasistit. Nyt suvaitsev&hellip;\" \/>\n<meta property=\"og:url\" content=\"https:\/\/suomenkuvalehti.fi\/tarinoitatieteesta\/esinahka-ei-unohdu\/\" \/>\n<meta property=\"og:site_name\" content=\"Tarinoita tieteest\u00e4\" \/>\n<meta property=\"article:author\" content=\"https:\/\/www.facebook.com\/pages\/Tiina-Raevaara-Tarinoita-tieteest\/280663078640821?fref=ts\" \/>\n<meta property=\"article:published_time\" content=\"2012-10-11T13:22:02+00:00\" \/>\n<meta property=\"article:modified_time\" content=\"2013-11-29T13:27:44+00:00\" \/>\n<meta property=\"og:image\" content=\"https:\/\/suomenkuvalehti.fi\/tarinoitatieteesta\/wp-content\/uploads\/sites\/13\/2022\/04\/tiina_raevaara-scaled.jpg\" \/>\n\t<meta property=\"og:image:width\" content=\"2560\" \/>\n\t<meta property=\"og:image:height\" content=\"1707\" \/>\n\t<meta property=\"og:image:type\" content=\"image\/jpeg\" \/>\n<meta name=\"author\" content=\"Tiina Raevaara\" \/>\n<meta name=\"twitter:card\" content=\"summary_large_image\" \/>\n<meta name=\"twitter:creator\" content=\"@https:\/\/twitter.com\/raevaara\" \/>\n<meta name=\"twitter:label1\" content=\"Written by\" \/>\n\t<meta name=\"twitter:data1\" content=\"Tiina Raevaara\" \/>\n\t<meta name=\"twitter:label2\" content=\"Est. reading time\" \/>\n\t<meta name=\"twitter:data2\" content=\"1 minuutti\" \/>\n<script type=\"application\/ld+json\" class=\"yoast-schema-graph\">{\"@context\":\"https:\/\/schema.org\",\"@graph\":[{\"@type\":\"WebPage\",\"@id\":\"https:\/\/suomenkuvalehti.fi\/tarinoitatieteesta\/esinahka-ei-unohdu\/\",\"url\":\"https:\/\/suomenkuvalehti.fi\/tarinoitatieteesta\/esinahka-ei-unohdu\/\",\"name\":\"Esinahka ei unohdu - Tarinoita tieteest\u00e4\",\"isPartOf\":{\"@id\":\"https:\/\/suomenkuvalehti.fi\/tarinoitatieteesta\/#website\"},\"datePublished\":\"2012-10-11T13:22:02+00:00\",\"dateModified\":\"2013-11-29T13:27:44+00:00\",\"author\":{\"@id\":\"https:\/\/suomenkuvalehti.fi\/tarinoitatieteesta\/#\/schema\/person\/bb9c6caa48b3f9394f20b9d28415bca6\"},\"breadcrumb\":{\"@id\":\"https:\/\/suomenkuvalehti.fi\/tarinoitatieteesta\/esinahka-ei-unohdu\/#breadcrumb\"},\"inLanguage\":\"fi\",\"potentialAction\":[{\"@type\":\"ReadAction\",\"target\":[\"https:\/\/suomenkuvalehti.fi\/tarinoitatieteesta\/esinahka-ei-unohdu\/\"]}]},{\"@type\":\"BreadcrumbList\",\"@id\":\"https:\/\/suomenkuvalehti.fi\/tarinoitatieteesta\/esinahka-ei-unohdu\/#breadcrumb\",\"itemListElement\":[{\"@type\":\"ListItem\",\"position\":1,\"name\":\"Home\",\"item\":\"https:\/\/suomenkuvalehti.fi\/tarinoitatieteesta\/\"},{\"@type\":\"ListItem\",\"position\":2,\"name\":\"Esinahka ei unohdu\"}]},{\"@type\":\"WebSite\",\"@id\":\"https:\/\/suomenkuvalehti.fi\/tarinoitatieteesta\/#website\",\"url\":\"https:\/\/suomenkuvalehti.fi\/tarinoitatieteesta\/\",\"name\":\"Tarinoita tieteest\u00e4\",\"description\":\"Biologi Tiina Raevaara tutkailee tieteen maailmaa kaunokirjailijan aivoin.\",\"potentialAction\":[{\"@type\":\"SearchAction\",\"target\":{\"@type\":\"EntryPoint\",\"urlTemplate\":\"https:\/\/suomenkuvalehti.fi\/haku\/?q={search_term_string}\"},\"query-input\":{\"@type\":\"PropertyValueSpecification\",\"valueRequired\":true,\"valueName\":\"search_term_string\"}}],\"inLanguage\":\"fi\"},{\"@type\":\"Person\",\"@id\":\"https:\/\/suomenkuvalehti.fi\/tarinoitatieteesta\/#\/schema\/person\/bb9c6caa48b3f9394f20b9d28415bca6\",\"name\":\"Tiina Raevaara\",\"image\":{\"@type\":\"ImageObject\",\"inLanguage\":\"fi\",\"@id\":\"https:\/\/suomenkuvalehti.fi\/tarinoitatieteesta\/#\/schema\/person\/image\/\",\"url\":\"https:\/\/suomenkuvalehti.fi\/tarinoitatieteesta\/wp-content\/uploads\/sites\/13\/2022\/04\/tiina_raevaara-150x150.jpg\",\"contentUrl\":\"https:\/\/suomenkuvalehti.fi\/tarinoitatieteesta\/wp-content\/uploads\/sites\/13\/2022\/04\/tiina_raevaara-150x150.jpg\",\"caption\":\"Tiina Raevaara\"},\"description\":\"Kirjoittaja Tiina Raevaara on filosofian tohtori ja kirjailija.\",\"sameAs\":[\"https:\/\/www.facebook.com\/pages\/Tiina-Raevaara-Tarinoita-tieteest\/280663078640821?fref=ts\",\"https:\/\/x.com\/https:\/\/twitter.com\/raevaara\"]}]}<\/script>\n<!-- \/ Yoast SEO plugin. -->","yoast_head_json":{"title":"Esinahka ei unohdu - Tarinoita tieteest\u00e4","robots":{"index":"index","follow":"follow","max-snippet":"max-snippet:-1","max-image-preview":"max-image-preview:large","max-video-preview":"max-video-preview:-1"},"canonical":"https:\/\/suomenkuvalehti.fi\/tarinoitatieteesta\/esinahka-ei-unohdu\/","og_locale":"fi_FI","og_type":"article","og_title":"Esinahka ei unohdu - Tarinoita tieteest\u00e4","og_description":"Mediapersoona Ruben Stiller huomioi minut tuoreessa Image-lehden kolumnissaan. Poikien ei-l\u00e4\u00e4ketieteellisi\u00e4 ymp\u00e4rileikkauksia paheksuvat kirjoitukseni ovat \u00e4rsytt\u00e4neet ymp\u00e4rileikatuksi tunnustautuvaa Stilleri\u00e4: &#8221;Ennen t\u00e4llaista logiikkaa harrastivat l\u00e4hetyssaarnaajat ja rasistit. Nyt suvaitsev&hellip;","og_url":"https:\/\/suomenkuvalehti.fi\/tarinoitatieteesta\/esinahka-ei-unohdu\/","og_site_name":"Tarinoita tieteest\u00e4","article_author":"https:\/\/www.facebook.com\/pages\/Tiina-Raevaara-Tarinoita-tieteest\/280663078640821?fref=ts","article_published_time":"2012-10-11T13:22:02+00:00","article_modified_time":"2013-11-29T13:27:44+00:00","og_image":[{"width":2560,"height":1707,"url":"https:\/\/suomenkuvalehti.fi\/tarinoitatieteesta\/wp-content\/uploads\/sites\/13\/2022\/04\/tiina_raevaara-scaled.jpg","type":"image\/jpeg"}],"author":"Tiina Raevaara","twitter_card":"summary_large_image","twitter_creator":"@https:\/\/twitter.com\/raevaara","twitter_misc":{"Written by":"Tiina Raevaara","Est. reading time":"1 minuutti"},"schema":{"@context":"https:\/\/schema.org","@graph":[{"@type":"WebPage","@id":"https:\/\/suomenkuvalehti.fi\/tarinoitatieteesta\/esinahka-ei-unohdu\/","url":"https:\/\/suomenkuvalehti.fi\/tarinoitatieteesta\/esinahka-ei-unohdu\/","name":"Esinahka ei unohdu - Tarinoita tieteest\u00e4","isPartOf":{"@id":"https:\/\/suomenkuvalehti.fi\/tarinoitatieteesta\/#website"},"datePublished":"2012-10-11T13:22:02+00:00","dateModified":"2013-11-29T13:27:44+00:00","author":{"@id":"https:\/\/suomenkuvalehti.fi\/tarinoitatieteesta\/#\/schema\/person\/bb9c6caa48b3f9394f20b9d28415bca6"},"breadcrumb":{"@id":"https:\/\/suomenkuvalehti.fi\/tarinoitatieteesta\/esinahka-ei-unohdu\/#breadcrumb"},"inLanguage":"fi","potentialAction":[{"@type":"ReadAction","target":["https:\/\/suomenkuvalehti.fi\/tarinoitatieteesta\/esinahka-ei-unohdu\/"]}]},{"@type":"BreadcrumbList","@id":"https:\/\/suomenkuvalehti.fi\/tarinoitatieteesta\/esinahka-ei-unohdu\/#breadcrumb","itemListElement":[{"@type":"ListItem","position":1,"name":"Home","item":"https:\/\/suomenkuvalehti.fi\/tarinoitatieteesta\/"},{"@type":"ListItem","position":2,"name":"Esinahka ei unohdu"}]},{"@type":"WebSite","@id":"https:\/\/suomenkuvalehti.fi\/tarinoitatieteesta\/#website","url":"https:\/\/suomenkuvalehti.fi\/tarinoitatieteesta\/","name":"Tarinoita tieteest\u00e4","description":"Biologi Tiina Raevaara tutkailee tieteen maailmaa kaunokirjailijan aivoin.","potentialAction":[{"@type":"SearchAction","target":{"@type":"EntryPoint","urlTemplate":"https:\/\/suomenkuvalehti.fi\/haku\/?q={search_term_string}"},"query-input":{"@type":"PropertyValueSpecification","valueRequired":true,"valueName":"search_term_string"}}],"inLanguage":"fi"},{"@type":"Person","@id":"https:\/\/suomenkuvalehti.fi\/tarinoitatieteesta\/#\/schema\/person\/bb9c6caa48b3f9394f20b9d28415bca6","name":"Tiina Raevaara","image":{"@type":"ImageObject","inLanguage":"fi","@id":"https:\/\/suomenkuvalehti.fi\/tarinoitatieteesta\/#\/schema\/person\/image\/","url":"https:\/\/suomenkuvalehti.fi\/tarinoitatieteesta\/wp-content\/uploads\/sites\/13\/2022\/04\/tiina_raevaara-150x150.jpg","contentUrl":"https:\/\/suomenkuvalehti.fi\/tarinoitatieteesta\/wp-content\/uploads\/sites\/13\/2022\/04\/tiina_raevaara-150x150.jpg","caption":"Tiina Raevaara"},"description":"Kirjoittaja Tiina Raevaara on filosofian tohtori ja kirjailija.","sameAs":["https:\/\/www.facebook.com\/pages\/Tiina-Raevaara-Tarinoita-tieteest\/280663078640821?fref=ts","https:\/\/x.com\/https:\/\/twitter.com\/raevaara"]}]}},"_links":{"self":[{"href":"https:\/\/suomenkuvalehti.fi\/tarinoitatieteesta\/wp-json\/wp\/v2\/posts\/143","targetHints":{"allow":["GET"]}}],"collection":[{"href":"https:\/\/suomenkuvalehti.fi\/tarinoitatieteesta\/wp-json\/wp\/v2\/posts"}],"about":[{"href":"https:\/\/suomenkuvalehti.fi\/tarinoitatieteesta\/wp-json\/wp\/v2\/types\/post"}],"author":[{"embeddable":true,"href":"https:\/\/suomenkuvalehti.fi\/tarinoitatieteesta\/wp-json\/wp\/v2\/users\/146"}],"replies":[{"embeddable":true,"href":"https:\/\/suomenkuvalehti.fi\/tarinoitatieteesta\/wp-json\/wp\/v2\/comments?post=143"}],"version-history":[{"count":1,"href":"https:\/\/suomenkuvalehti.fi\/tarinoitatieteesta\/wp-json\/wp\/v2\/posts\/143\/revisions"}],"predecessor-version":[{"id":329,"href":"https:\/\/suomenkuvalehti.fi\/tarinoitatieteesta\/wp-json\/wp\/v2\/posts\/143\/revisions\/329"}],"wp:attachment":[{"href":"https:\/\/suomenkuvalehti.fi\/tarinoitatieteesta\/wp-json\/wp\/v2\/media?parent=143"}],"wp:term":[{"taxonomy":"category","embeddable":true,"href":"https:\/\/suomenkuvalehti.fi\/tarinoitatieteesta\/wp-json\/wp\/v2\/categories?post=143"},{"taxonomy":"post_tag","embeddable":true,"href":"https:\/\/suomenkuvalehti.fi\/tarinoitatieteesta\/wp-json\/wp\/v2\/tags?post=143"}],"curies":[{"name":"wp","href":"https:\/\/api.w.org\/{rel}","templated":true}]}}